









{"id":11114,"date":"2021-04-02T10:01:04","date_gmt":"2021-04-02T08:01:04","guid":{"rendered":"https:\/\/peoplesphere.be\/fr\/?p=11114"},"modified":"2021-04-02T10:01:04","modified_gmt":"2021-04-02T08:01:04","slug":"a-bruxelles-limpact-coronavirus-chomage-reste-limite-linstant-jeunes-restent-principales-victimes-de-crise","status":"publish","type":"post","link":"https:\/\/peoplesphere.be\/fr\/a-bruxelles-limpact-coronavirus-chomage-reste-limite-linstant-jeunes-restent-principales-victimes-de-crise\/","title":{"rendered":"\u00c0 Bruxelles, l\u2019impact du coronavirus sur le ch\u00f4mage reste limit\u00e9 pour l\u2019instant mais les jeunes restent les principales victimes de la crise."},"content":{"rendered":"<p>Fin mars, la R\u00e9gion bruxelloise compte 91.018 chercheurs d\u2019emploi. Cela repr\u00e9sente une augmentation de 2.510 personnes par rapport au mois de mars 2020 (+2,8%). Les jeunes sont toujours tr\u00e8s impact\u00e9s : on compte 9.330 jeunes demandeurs d&#8217;emploi \u00e0 Bruxelles, soit 880 de plus que l&rsquo;ann\u00e9e pr\u00e9c\u00e9dente (+10,4%).<!--more--><\/p>\n<p>Fin mars, Bruxelles compte 91.018 chercheurs d\u2019emploi pour un taux de ch\u00f4mage de 16,2%. Cela signifie une augmentation de 2.510 personnes (+2,8%) par rapport \u00e0 l\u2019ann\u00e9e pr\u00e9c\u00e9dente. En variation mensuelle, on constate une augmentation de 605 personnes (+0,7%). Le ch\u00f4mage des jeunes atteint quant \u00e0 lui un taux de 25,5%. Bruxelles compte 9.330 jeunes chercheurs d\u2019emploi en mars 2021, soit 880 de plus que l\u2019an dernier (+10,4%).<\/p>\n<p>Si les entr\u00e9es dans le ch\u00f4mage classique n\u2019ont pas beaucoup augment\u00e9, cela s\u2019explique par le fait que pour l\u2019instant l\u2019effet de la crise du Covid-19 s\u2019enregistre surtout au niveau du ch\u00f4mage temporaire et du droit passerelle. De tr\u00e8s nombreuses entreprises ont d\u00fb recourir au ch\u00f4mage temporaire pour faire face \u00e0 l\u2019arr\u00eat de leurs activit\u00e9s suite aux mesures de confinement qui ont \u00e9t\u00e9 prises d\u2019urgence afin de faire face \u00e0 l\u2019\u00e9pid\u00e9mie de Covid-19. Ainsi au maximum de la crise sanitaire soit en avril, on enregistre au niveau de la Belgique environ 1.135.000 travailleurs au ch\u00f4mage temporaire dont environ 92.000 bruxellois (environ 27% des salari\u00e9s bruxellois). Pour le droit passerelle, environ 388.000 ind\u00e9pendants ont b\u00e9n\u00e9fici\u00e9 du droit passerelle \u00e9galement en avril dont pr\u00e8s de 49.000 bruxellois (ce qui repr\u00e9sente 57% des ind\u00e9pendants bruxellois).<\/p>\n<p>D\u00e8s lors, l\u2019incidence sur les chiffres du ch\u00f4mage classique est actuellement plus limit\u00e9e, puisque le recours au ch\u00f4mage temporaire permet aux entreprises de ne pas devoir proc\u00e9der \u00e0 des licenciements massifs. Pour b\u00e9n\u00e9ficier du ch\u00f4mage temporaire, les travailleurs ne doivent pas obligatoirement s\u2019inscrire comme chercheurs d\u2019emploi aupr\u00e8s des services publics de l\u2019emploi.<\/p>\n<p><strong><em>Augmentation du taux de ch\u00f4mage<\/em><\/strong><\/p>\n<p>Fin mars 2021, le taux de ch\u00f4mage en R\u00e9gion bruxelloise s\u2019\u00e9tablit \u00e0 16,2% (16,1% pour les hommes et 16,3% pour les femmes). En mars 2020, le taux de ch\u00f4mage s\u2019\u00e9tablissait \u00e0 15,7%.<br \/>\nLe taux de ch\u00f4mage est mesur\u00e9 sur la base de la population active la plus r\u00e9cente, calcul\u00e9e \u00e0 partir des donn\u00e9es de la Banque nationale et de l\u2019Enqu\u00eate sur les Forces de Travail du SPF \u00c9conomie. Le croisement de ces donn\u00e9es nous indique que la population active a, en R\u00e9gion bruxelloise, augment\u00e9 en 2019 de 1,3% par rapport \u00e0 l\u2019ann\u00e9e pr\u00e9c\u00e9dente.<\/p>\n<p>Fin mars 2021, on d\u00e9nombre en R\u00e9gion de Bruxelles-Capitale 91.018 chercheurs d\u2019emploi inoccup\u00e9s (DEI), soit une augmentation de 2.510 personnes par rapport \u00e0 l\u2019ann\u00e9e pr\u00e9c\u00e9dente (+2,8%).<br \/>\nOn compte au cours du mois de mars 8.644 entr\u00e9es dans le ch\u00f4mage (6.792 r\u00e9inscriptions et 1.852 nouvelles inscriptions) contre 8.039 sorties, soit une augmentation sur une base mensuelle du nombre de DEI de 605 personnes (+0,7%).<\/p>\n<p>On d\u00e9nombre en R\u00e9gion bruxelloise 59.195 chercheurs d\u2019emploi demandeurs d\u2019allocations (DEDA), 5.844 jeunes en stage d\u2019insertion professionnelle et 25.979 autres chercheurs d\u2019emploi inscrits librement ou obligatoirement.<br \/>\nOn retrouve dans cette derni\u00e8re cat\u00e9gorie (\u00ab autres DEI \u00bb) des personnes qui n\u2019ont pas encore re\u00e7u d\u2019allocation de ch\u00f4mage (qui ont introduit une demande aupr\u00e8s de l\u2019Onem), des personnes ayant \u00e9t\u00e9 exclues des allocations de ch\u00f4mage et qui sont venues se r\u00e9inscrire aupr\u00e8s d\u2019Actiris, des personnes b\u00e9n\u00e9ficiant d\u2019un revenu d\u2019int\u00e9gration sociale ou encore des personnes qui n\u2019ont aucun revenu de remplacement. Il est \u00e0 noter qu\u2019une partie importante de ces CE d\u00e9pendent des CPAS ou n\u2019ont encore aucun revenu de remplacement.<\/p>\n<p>Actiris peut, \u00e0 partir de l\u2019exploitation d\u2019un flux d\u2019information provenant directement du SPP Int\u00e9gration sociale, identifier les CE ayant une ouverture de droit au revenu d\u2019int\u00e9gration sociale ou \u00e0 son \u00e9quivalent, actuellement ou dans un pass\u00e9 proche. Ainsi, parmi les 91.018 DEI inscrits en mars 2021, 10.105 CE sont usagers du CPAS (soit 11,1% du total des DEI). Ce pourcentage est plus \u00e9lev\u00e9 parmi les jeunes : sur les 9.330 jeunes DEI, 1.921 sont usagers du CPAS, soit 20,6%.<\/p>\n<p>On constate une augmentation de +2,8% sur une base annuelle du nombre de chercheurs d\u2019emploi indemnis\u00e9s (DEDA). On constate aussi une augmentation annuelle du nombre de jeunes en stage d\u2019insertion professionnelle (+656 unit\u00e9s, +12,6%). Le nombre des autres chercheurs d\u2019emploi a augment\u00e9 de 1,0% sur une base annuelle.<\/p>\n<p><em>Source : Actiris<\/em><\/p>\n","protected":false},"excerpt":{"rendered":"<p>Fin mars, la R\u00e9gion bruxelloise compte 91.018 chercheurs d\u2019emploi. Cela repr\u00e9sente une augmentation de 2.510 personnes par rapport au mois de mars 2020 (+2,8%). Les jeunes sont toujours tr\u00e8s impact\u00e9s : on compte 9.330 jeunes demandeurs d&#8217;emploi \u00e0 Bruxelles, soit [&hellip;]<\/p>\n","protected":false},"author":2,"featured_media":0,"comment_status":"closed","ping_status":"open","sticky":false,"template":"","format":"standard","meta":[],"categories":[65,10],"tags":[226,92,702],"yoast_head":"<!-- This site is optimized with the Yoast SEO plugin v21.0 - https:\/\/yoast.com\/wordpress\/plugins\/seo\/ -->\n<title>\u00c0 Bruxelles, l\u2019impact du coronavirus sur le ch\u00f4mage reste limit\u00e9 pour l\u2019instant mais les jeunes restent les principales victimes de la crise. - Peoplesphere<\/title>\n<meta name=\"robots\" content=\"index, follow, max-snippet:-1, max-image-preview:large, max-video-preview:-1\" \/>\n<link rel=\"canonical\" href=\"https:\/\/peoplesphere.be\/fr\/a-bruxelles-limpact-coronavirus-chomage-reste-limite-linstant-jeunes-restent-principales-victimes-de-crise\/\" \/>\n<meta property=\"og:locale\" content=\"fr_FR\" \/>\n<meta property=\"og:type\" content=\"article\" \/>\n<meta property=\"og:title\" content=\"\u00c0 Bruxelles, l\u2019impact du coronavirus sur le ch\u00f4mage reste limit\u00e9 pour l\u2019instant mais les jeunes restent les principales victimes de la crise. - Peoplesphere\" \/>\n<meta property=\"og:description\" content=\"Fin mars, la R\u00e9gion bruxelloise compte 91.018 chercheurs d\u2019emploi. Cela repr\u00e9sente une augmentation de 2.510 personnes par rapport au mois de mars 2020 (+2,8%). Les jeunes sont toujours tr\u00e8s impact\u00e9s : on compte 9.330 jeunes demandeurs d&#8217;emploi \u00e0 Bruxelles, soit [&hellip;]\" \/>\n<meta property=\"og:url\" content=\"https:\/\/peoplesphere.be\/fr\/a-bruxelles-limpact-coronavirus-chomage-reste-limite-linstant-jeunes-restent-principales-victimes-de-crise\/\" \/>\n<meta property=\"og:site_name\" content=\"Peoplesphere\" \/>\n<meta property=\"article:publisher\" content=\"https:\/\/www.facebook.com\/peoplesphere\" \/>\n<meta property=\"article:published_time\" content=\"2021-04-02T08:01:04+00:00\" \/>\n<meta property=\"og:image\" content=\"http:\/\/www.peoplesphere.be\/fr\/wp-content\/uploads\/2016\/07\/facebook-default-posting-1200x628px.jpg\" \/>\n<meta name=\"author\" content=\"Jean-Paul Erhard\" \/>\n<meta name=\"twitter:card\" content=\"summary_large_image\" \/>\n<meta name=\"twitter:creator\" content=\"@PeoplesphereMag\" \/>\n<meta name=\"twitter:site\" content=\"@PeoplesphereMag\" \/>\n<meta name=\"twitter:label1\" content=\"\u00c9crit par\" \/>\n\t<meta name=\"twitter:data1\" content=\"Jean-Paul Erhard\" \/>\n\t<meta name=\"twitter:label2\" content=\"Dur\u00e9e de lecture estim\u00e9e\" \/>\n\t<meta name=\"twitter:data2\" content=\"4 minutes\" \/>\n<script type=\"application\/ld+json\" class=\"yoast-schema-graph\">{\"@context\":\"https:\/\/schema.org\",\"@graph\":[{\"@type\":\"Article\",\"@id\":\"https:\/\/peoplesphere.be\/fr\/a-bruxelles-limpact-coronavirus-chomage-reste-limite-linstant-jeunes-restent-principales-victimes-de-crise\/#article\",\"isPartOf\":{\"@id\":\"https:\/\/peoplesphere.be\/fr\/a-bruxelles-limpact-coronavirus-chomage-reste-limite-linstant-jeunes-restent-principales-victimes-de-crise\/\"},\"author\":{\"name\":\"Jean-Paul Erhard\",\"@id\":\"https:\/\/peoplesphere.be\/fr\/#\/schema\/person\/7976225ff17988604334abb7b3536a7e\"},\"headline\":\"\u00c0 Bruxelles, l\u2019impact du coronavirus sur le ch\u00f4mage reste limit\u00e9 pour l\u2019instant mais les jeunes restent les principales victimes de la crise.\",\"datePublished\":\"2021-04-02T08:01:04+00:00\",\"dateModified\":\"2021-04-02T08:01:04+00:00\",\"mainEntityOfPage\":{\"@id\":\"https:\/\/peoplesphere.be\/fr\/a-bruxelles-limpact-coronavirus-chomage-reste-limite-linstant-jeunes-restent-principales-victimes-de-crise\/\"},\"wordCount\":766,\"publisher\":{\"@id\":\"https:\/\/peoplesphere.be\/fr\/#organization\"},\"keywords\":[\"actiris\",\"ch\u00f4mage\",\"march\u00e9 de l'emploi\"],\"articleSection\":[\"Actualit\u00e9s\",\"Digital\"],\"inLanguage\":\"fr-FR\"},{\"@type\":\"WebPage\",\"@id\":\"https:\/\/peoplesphere.be\/fr\/a-bruxelles-limpact-coronavirus-chomage-reste-limite-linstant-jeunes-restent-principales-victimes-de-crise\/\",\"url\":\"https:\/\/peoplesphere.be\/fr\/a-bruxelles-limpact-coronavirus-chomage-reste-limite-linstant-jeunes-restent-principales-victimes-de-crise\/\",\"name\":\"\u00c0 Bruxelles, l\u2019impact du coronavirus sur le ch\u00f4mage reste limit\u00e9 pour l\u2019instant mais les jeunes restent les principales victimes de la crise. - Peoplesphere\",\"isPartOf\":{\"@id\":\"https:\/\/peoplesphere.be\/fr\/#website\"},\"datePublished\":\"2021-04-02T08:01:04+00:00\",\"dateModified\":\"2021-04-02T08:01:04+00:00\",\"breadcrumb\":{\"@id\":\"https:\/\/peoplesphere.be\/fr\/a-bruxelles-limpact-coronavirus-chomage-reste-limite-linstant-jeunes-restent-principales-victimes-de-crise\/#breadcrumb\"},\"inLanguage\":\"fr-FR\",\"potentialAction\":[{\"@type\":\"ReadAction\",\"target\":[\"https:\/\/peoplesphere.be\/fr\/a-bruxelles-limpact-coronavirus-chomage-reste-limite-linstant-jeunes-restent-principales-victimes-de-crise\/\"]}]},{\"@type\":\"BreadcrumbList\",\"@id\":\"https:\/\/peoplesphere.be\/fr\/a-bruxelles-limpact-coronavirus-chomage-reste-limite-linstant-jeunes-restent-principales-victimes-de-crise\/#breadcrumb\",\"itemListElement\":[{\"@type\":\"ListItem\",\"position\":1,\"name\":\"Accueil\",\"item\":\"https:\/\/peoplesphere.be\/fr\/\"},{\"@type\":\"ListItem\",\"position\":2,\"name\":\"\u00c0 Bruxelles, l\u2019impact du coronavirus sur le ch\u00f4mage reste limit\u00e9 pour l\u2019instant mais les jeunes restent les principales victimes de la crise.\"}]},{\"@type\":\"WebSite\",\"@id\":\"https:\/\/peoplesphere.be\/fr\/#website\",\"url\":\"https:\/\/peoplesphere.be\/fr\/\",\"name\":\"Peoplesphere\",\"description\":\"The People Managers Magazine\",\"publisher\":{\"@id\":\"https:\/\/peoplesphere.be\/fr\/#organization\"},\"potentialAction\":[{\"@type\":\"SearchAction\",\"target\":{\"@type\":\"EntryPoint\",\"urlTemplate\":\"https:\/\/peoplesphere.be\/fr\/?s={search_term_string}\"},\"query-input\":\"required name=search_term_string\"}],\"inLanguage\":\"fr-FR\"},{\"@type\":\"Organization\",\"@id\":\"https:\/\/peoplesphere.be\/fr\/#organization\",\"name\":\"Peoplesphere Company srl\",\"url\":\"https:\/\/peoplesphere.be\/fr\/\",\"logo\":{\"@type\":\"ImageObject\",\"inLanguage\":\"fr-FR\",\"@id\":\"https:\/\/peoplesphere.be\/fr\/#\/schema\/logo\/image\/\",\"url\":\"https:\/\/peoplesphere.be\/fr\/wp-content\/uploads\/2023\/07\/peoplesphere-lgo-new-generik.jpg\",\"contentUrl\":\"https:\/\/peoplesphere.be\/fr\/wp-content\/uploads\/2023\/07\/peoplesphere-lgo-new-generik.jpg\",\"width\":1031,\"height\":1479,\"caption\":\"Peoplesphere Company srl\"},\"image\":{\"@id\":\"https:\/\/peoplesphere.be\/fr\/#\/schema\/logo\/image\/\"},\"sameAs\":[\"https:\/\/www.facebook.com\/peoplesphere\",\"https:\/\/twitter.com\/PeoplesphereMag\",\"https:\/\/www.linkedin.com\/company\/7587361?trk\",\"http:\/\/youtube.com\/peoplesphere\"]},{\"@type\":\"Person\",\"@id\":\"https:\/\/peoplesphere.be\/fr\/#\/schema\/person\/7976225ff17988604334abb7b3536a7e\",\"name\":\"Jean-Paul Erhard\",\"image\":{\"@type\":\"ImageObject\",\"inLanguage\":\"fr-FR\",\"@id\":\"https:\/\/peoplesphere.be\/fr\/#\/schema\/person\/image\/\",\"url\":\"https:\/\/secure.gravatar.com\/avatar\/f941e681460179738071629a51574930?s=96&d=mm&r=g\",\"contentUrl\":\"https:\/\/secure.gravatar.com\/avatar\/f941e681460179738071629a51574930?s=96&d=mm&r=g\",\"caption\":\"Jean-Paul Erhard\"},\"url\":\"https:\/\/peoplesphere.be\/fr\/author\/jpe\/\"}]}<\/script>\n<!-- \/ Yoast SEO plugin. -->","yoast_head_json":{"title":"\u00c0 Bruxelles, l\u2019impact du coronavirus sur le ch\u00f4mage reste limit\u00e9 pour l\u2019instant mais les jeunes restent les principales victimes de la crise. - Peoplesphere","robots":{"index":"index","follow":"follow","max-snippet":"max-snippet:-1","max-image-preview":"max-image-preview:large","max-video-preview":"max-video-preview:-1"},"canonical":"https:\/\/peoplesphere.be\/fr\/a-bruxelles-limpact-coronavirus-chomage-reste-limite-linstant-jeunes-restent-principales-victimes-de-crise\/","og_locale":"fr_FR","og_type":"article","og_title":"\u00c0 Bruxelles, l\u2019impact du coronavirus sur le ch\u00f4mage reste limit\u00e9 pour l\u2019instant mais les jeunes restent les principales victimes de la crise. - Peoplesphere","og_description":"Fin mars, la R\u00e9gion bruxelloise compte 91.018 chercheurs d\u2019emploi. Cela repr\u00e9sente une augmentation de 2.510 personnes par rapport au mois de mars 2020 (+2,8%). Les jeunes sont toujours tr\u00e8s impact\u00e9s : on compte 9.330 jeunes demandeurs d&#8217;emploi \u00e0 Bruxelles, soit [&hellip;]","og_url":"https:\/\/peoplesphere.be\/fr\/a-bruxelles-limpact-coronavirus-chomage-reste-limite-linstant-jeunes-restent-principales-victimes-de-crise\/","og_site_name":"Peoplesphere","article_publisher":"https:\/\/www.facebook.com\/peoplesphere","article_published_time":"2021-04-02T08:01:04+00:00","og_image":[{"url":"http:\/\/www.peoplesphere.be\/fr\/wp-content\/uploads\/2016\/07\/facebook-default-posting-1200x628px.jpg"}],"author":"Jean-Paul Erhard","twitter_card":"summary_large_image","twitter_creator":"@PeoplesphereMag","twitter_site":"@PeoplesphereMag","twitter_misc":{"\u00c9crit par":"Jean-Paul Erhard","Dur\u00e9e de lecture estim\u00e9e":"4 minutes"},"schema":{"@context":"https:\/\/schema.org","@graph":[{"@type":"Article","@id":"https:\/\/peoplesphere.be\/fr\/a-bruxelles-limpact-coronavirus-chomage-reste-limite-linstant-jeunes-restent-principales-victimes-de-crise\/#article","isPartOf":{"@id":"https:\/\/peoplesphere.be\/fr\/a-bruxelles-limpact-coronavirus-chomage-reste-limite-linstant-jeunes-restent-principales-victimes-de-crise\/"},"author":{"name":"Jean-Paul Erhard","@id":"https:\/\/peoplesphere.be\/fr\/#\/schema\/person\/7976225ff17988604334abb7b3536a7e"},"headline":"\u00c0 Bruxelles, l\u2019impact du coronavirus sur le ch\u00f4mage reste limit\u00e9 pour l\u2019instant mais les jeunes restent les principales victimes de la crise.","datePublished":"2021-04-02T08:01:04+00:00","dateModified":"2021-04-02T08:01:04+00:00","mainEntityOfPage":{"@id":"https:\/\/peoplesphere.be\/fr\/a-bruxelles-limpact-coronavirus-chomage-reste-limite-linstant-jeunes-restent-principales-victimes-de-crise\/"},"wordCount":766,"publisher":{"@id":"https:\/\/peoplesphere.be\/fr\/#organization"},"keywords":["actiris","ch\u00f4mage","march\u00e9 de l'emploi"],"articleSection":["Actualit\u00e9s","Digital"],"inLanguage":"fr-FR"},{"@type":"WebPage","@id":"https:\/\/peoplesphere.be\/fr\/a-bruxelles-limpact-coronavirus-chomage-reste-limite-linstant-jeunes-restent-principales-victimes-de-crise\/","url":"https:\/\/peoplesphere.be\/fr\/a-bruxelles-limpact-coronavirus-chomage-reste-limite-linstant-jeunes-restent-principales-victimes-de-crise\/","name":"\u00c0 Bruxelles, l\u2019impact du coronavirus sur le ch\u00f4mage reste limit\u00e9 pour l\u2019instant mais les jeunes restent les principales victimes de la crise. - Peoplesphere","isPartOf":{"@id":"https:\/\/peoplesphere.be\/fr\/#website"},"datePublished":"2021-04-02T08:01:04+00:00","dateModified":"2021-04-02T08:01:04+00:00","breadcrumb":{"@id":"https:\/\/peoplesphere.be\/fr\/a-bruxelles-limpact-coronavirus-chomage-reste-limite-linstant-jeunes-restent-principales-victimes-de-crise\/#breadcrumb"},"inLanguage":"fr-FR","potentialAction":[{"@type":"ReadAction","target":["https:\/\/peoplesphere.be\/fr\/a-bruxelles-limpact-coronavirus-chomage-reste-limite-linstant-jeunes-restent-principales-victimes-de-crise\/"]}]},{"@type":"BreadcrumbList","@id":"https:\/\/peoplesphere.be\/fr\/a-bruxelles-limpact-coronavirus-chomage-reste-limite-linstant-jeunes-restent-principales-victimes-de-crise\/#breadcrumb","itemListElement":[{"@type":"ListItem","position":1,"name":"Accueil","item":"https:\/\/peoplesphere.be\/fr\/"},{"@type":"ListItem","position":2,"name":"\u00c0 Bruxelles, l\u2019impact du coronavirus sur le ch\u00f4mage reste limit\u00e9 pour l\u2019instant mais les jeunes restent les principales victimes de la crise."}]},{"@type":"WebSite","@id":"https:\/\/peoplesphere.be\/fr\/#website","url":"https:\/\/peoplesphere.be\/fr\/","name":"Peoplesphere","description":"The People Managers Magazine","publisher":{"@id":"https:\/\/peoplesphere.be\/fr\/#organization"},"potentialAction":[{"@type":"SearchAction","target":{"@type":"EntryPoint","urlTemplate":"https:\/\/peoplesphere.be\/fr\/?s={search_term_string}"},"query-input":"required name=search_term_string"}],"inLanguage":"fr-FR"},{"@type":"Organization","@id":"https:\/\/peoplesphere.be\/fr\/#organization","name":"Peoplesphere Company srl","url":"https:\/\/peoplesphere.be\/fr\/","logo":{"@type":"ImageObject","inLanguage":"fr-FR","@id":"https:\/\/peoplesphere.be\/fr\/#\/schema\/logo\/image\/","url":"https:\/\/peoplesphere.be\/fr\/wp-content\/uploads\/2023\/07\/peoplesphere-lgo-new-generik.jpg","contentUrl":"https:\/\/peoplesphere.be\/fr\/wp-content\/uploads\/2023\/07\/peoplesphere-lgo-new-generik.jpg","width":1031,"height":1479,"caption":"Peoplesphere Company srl"},"image":{"@id":"https:\/\/peoplesphere.be\/fr\/#\/schema\/logo\/image\/"},"sameAs":["https:\/\/www.facebook.com\/peoplesphere","https:\/\/twitter.com\/PeoplesphereMag","https:\/\/www.linkedin.com\/company\/7587361?trk","http:\/\/youtube.com\/peoplesphere"]},{"@type":"Person","@id":"https:\/\/peoplesphere.be\/fr\/#\/schema\/person\/7976225ff17988604334abb7b3536a7e","name":"Jean-Paul Erhard","image":{"@type":"ImageObject","inLanguage":"fr-FR","@id":"https:\/\/peoplesphere.be\/fr\/#\/schema\/person\/image\/","url":"https:\/\/secure.gravatar.com\/avatar\/f941e681460179738071629a51574930?s=96&d=mm&r=g","contentUrl":"https:\/\/secure.gravatar.com\/avatar\/f941e681460179738071629a51574930?s=96&d=mm&r=g","caption":"Jean-Paul Erhard"},"url":"https:\/\/peoplesphere.be\/fr\/author\/jpe\/"}]}},"_links":{"self":[{"href":"https:\/\/peoplesphere.be\/fr\/wp-json\/wp\/v2\/posts\/11114"}],"collection":[{"href":"https:\/\/peoplesphere.be\/fr\/wp-json\/wp\/v2\/posts"}],"about":[{"href":"https:\/\/peoplesphere.be\/fr\/wp-json\/wp\/v2\/types\/post"}],"author":[{"embeddable":true,"href":"https:\/\/peoplesphere.be\/fr\/wp-json\/wp\/v2\/users\/2"}],"replies":[{"embeddable":true,"href":"https:\/\/peoplesphere.be\/fr\/wp-json\/wp\/v2\/comments?post=11114"}],"version-history":[{"count":1,"href":"https:\/\/peoplesphere.be\/fr\/wp-json\/wp\/v2\/posts\/11114\/revisions"}],"predecessor-version":[{"id":11115,"href":"https:\/\/peoplesphere.be\/fr\/wp-json\/wp\/v2\/posts\/11114\/revisions\/11115"}],"wp:attachment":[{"href":"https:\/\/peoplesphere.be\/fr\/wp-json\/wp\/v2\/media?parent=11114"}],"wp:term":[{"taxonomy":"category","embeddable":true,"href":"https:\/\/peoplesphere.be\/fr\/wp-json\/wp\/v2\/categories?post=11114"},{"taxonomy":"post_tag","embeddable":true,"href":"https:\/\/peoplesphere.be\/fr\/wp-json\/wp\/v2\/tags?post=11114"}],"curies":[{"name":"wp","href":"https:\/\/api.w.org\/{rel}","templated":true}]}}