









{"id":11116,"date":"2021-04-02T10:52:09","date_gmt":"2021-04-02T08:52:09","guid":{"rendered":"https:\/\/peoplesphere.be\/fr\/?p=11116"},"modified":"2021-04-02T10:58:03","modified_gmt":"2021-04-02T08:58:03","slug":"deja-de-premiers-signaux-encourageants-marche-de-lemploi-wallon","status":"publish","type":"post","link":"https:\/\/peoplesphere.be\/fr\/deja-de-premiers-signaux-encourageants-marche-de-lemploi-wallon\/","title":{"rendered":"D\u00e9j\u00e0 de premiers signaux encourageants sur le march\u00e9 de l&#8217;emploi wallon?"},"content":{"rendered":"<p>Un an apr\u00e8s avoir vu la demande de l\u2019emploi augmenter \u00e0 nouveau, la Wallonie enregistre une premi\u00e8re baisse de la demande de l\u2019emploi depuis le d\u00e9but de la crise du covid-19. Ce mois de mars 2021 s\u2019ach\u00e8ve sur une l\u00e9g\u00e8re diminution du nombre de demandeurs d\u2019emploi inoccup\u00e9s (-0,2%). Si on ne peut \u00e9videmment pas parler de tendance structurelle et homog\u00e8ne sur toute la Wallonie, le Forem publie actuellement plus de 53.800 opportunit\u00e9s d\u2019emploi sur son site Internet. En mars, le Forem a r\u00e9ceptionn\u00e9 et diffus\u00e9 38.129 (hors autres SPE) nouvelles offres d\u2019emploi.<!--more--><\/p>\n<p>Fin mars, la Wallonie compte 202.978 DEI. Ce chiffre englobe 130.953 demandeurs d\u2019emploi (DE) demandeurs d\u2019allocations (dont 1.486 en Communaut\u00e9 germanophone), 30.321 jeunes en stage d\u2019insertion professionnelle (dont 148 en Communaut\u00e9 germanophone), 30.199 demandeurs d\u2019emploi inscrits obligatoirement et 11.505 demandeurs d\u2019emploi inscrits librement.<\/p>\n<p>Le taux de la demande d\u2019emploi \u2013 situ\u00e9 \u00e0 12,7% &#8211; reste, lui, relativement stable: il \u00e9tait de 12,8% fin mars 2020 et de 12,6% fin mars 2019.<\/p>\n<p>Parmi ces 202.978 DEI wallons :<br \/>\n&#8211; les hommes restent majoritaires, avec un total de 54 % ;<br \/>\n&#8211; 18 % sont \u00e2g\u00e9s de moins de 25 ans, 26 % ont 50 ans et plus ;<br \/>\n&#8211; 45 % sont au plus dipl\u00f4m\u00e9s de l\u2019enseignement secondaire du 2\u00e8me degr\u00e9 ;<br \/>\n&#8211; 22 % sont inoccup\u00e9s depuis moins de six mois et 41 % depuis deux ans et plus.<\/p>\n<p><strong><em>Une diminution de 5.975 demandeurs d\u2019emploi de moins par rapport \u00e0 f\u00e9vrier 2021 (\u00e9cart mensuel)<\/em><\/strong><\/p>\n<p>La demande d\u2019emploi compte 5.975 personnes de moins que fin f\u00e9vrier dernier, ce qui \u00e9quivaut \u00e0 une diminution de 2,9 %. Notons que la tendance est habituellement \u00e0 la baisse en cette p\u00e9riode de l\u2019ann\u00e9e, mais que ce ne fut pas le cas en mars 2020, au tout d\u00e9but de la crise sanitaire.<\/p>\n<p>Entre fin mars 2020 (premier mois o\u00f9 la demande d\u2019emploi \u00e9tait affect\u00e9e par la crise) et cette fin mars 2021, le nombre de DEI enregistre un recul net de 363 personnes, soit une diminution de 0,2 %.<\/p>\n<p>C\u2019est la dur\u00e9e d\u2019inoccupation qui demeure la variable la plus contrast\u00e9e. Ainsi, le volume de personnes entr\u00e9es le plus r\u00e9cemment dans la demande d\u2019emploi s\u2019oriente largement \u00e0 la baisse : &#8211; 17,6 % par rapport \u00e0 mars 2020 pour les personnes inoccup\u00e9es depuis moins de six mois et &#8211; 11,5 % parmi celles inoccup\u00e9es depuis six mois \u00e0 moins d\u2019un an.<\/p>\n<p>A l\u2019inverse, le nombre de DE inoccup\u00e9s depuis un an \u00e0 moins de deux ans augmente (+ 25,1 %) et les demandeurs d\u2019emploi inoccup\u00e9s depuis deux ans \u00e0 moins de cinq ans connaissent \u00e9galement une augmentation (+ 10,4 %) entre mars 2020 et mars 2021. Il apparait donc que la dur\u00e9e d\u2019inoccupation de ces personnes tend \u00e0 s\u2019allonger progressivement depuis le d\u00e9but de la crise sanitaire.<\/p>\n<p>En mars 2021, le Forem a diffus\u00e9 38.129 offres d\u2019emploi (celles \u00e9manant d\u2019autres SPE non comprises), soit 16 % de plus qu\u2019en mars 2020, premier mois marqu\u00e9 par les effets de la crise lors duquel nombreux employeurs avaient suspendu temporairement leur recrutement.<\/p>\n<p>Les secteurs d\u2019activit\u00e9s qui accusent les plus fortes hausses \u00e0 un an sont les administrations publiques &#8211; notamment en raison d\u2019un nombre important de postes recherch\u00e9s par la D\u00e9fense &#8211; (+185%), la construction (+50%), le commerce de gros et de d\u00e9tail (+37%) et la sant\u00e9 et action sociale (+21%).<\/p>\n<p>D\u2019autres restent orient\u00e9s \u00e0 la baisse, c\u2019est le cas de la fabrication de mat\u00e9riel de transport (-43%), des activit\u00e9s financi\u00e8res (-32%), de l\u2019Horeca (-16%) ou encore de l\u2019immobilier, location et services aux entreprises (-5%).<\/p>\n<p>En outre durant le mois \u00e9coul\u00e9, 11.910 offres re\u00e7ues d\u2019un autre SPE ont fait l\u2019objet d\u2019une diffusion via le site du Forem.<\/p>\n<p><em>Source: Forem<\/em><\/p>\n","protected":false},"excerpt":{"rendered":"<p>Un an apr\u00e8s avoir vu la demande de l\u2019emploi augmenter \u00e0 nouveau, la Wallonie enregistre une premi\u00e8re baisse de la demande de l\u2019emploi depuis le d\u00e9but de la crise du covid-19. Ce mois de mars 2021 s\u2019ach\u00e8ve sur une l\u00e9g\u00e8re [&hellip;]<\/p>\n","protected":false},"author":2,"featured_media":0,"comment_status":"closed","ping_status":"open","sticky":false,"template":"","format":"standard","meta":[],"categories":[65,10],"tags":[92,331,702],"yoast_head":"<!-- This site is optimized with the Yoast SEO plugin v21.0 - https:\/\/yoast.com\/wordpress\/plugins\/seo\/ -->\n<title>D\u00e9j\u00e0 de premiers signaux encourageants sur le march\u00e9 de l&#039;emploi wallon? - Peoplesphere<\/title>\n<meta name=\"robots\" content=\"index, follow, max-snippet:-1, max-image-preview:large, max-video-preview:-1\" \/>\n<link rel=\"canonical\" href=\"https:\/\/peoplesphere.be\/fr\/deja-de-premiers-signaux-encourageants-marche-de-lemploi-wallon\/\" \/>\n<meta property=\"og:locale\" content=\"fr_FR\" \/>\n<meta property=\"og:type\" content=\"article\" \/>\n<meta property=\"og:title\" content=\"D\u00e9j\u00e0 de premiers signaux encourageants sur le march\u00e9 de l&#039;emploi wallon? - Peoplesphere\" \/>\n<meta property=\"og:description\" content=\"Un an apr\u00e8s avoir vu la demande de l\u2019emploi augmenter \u00e0 nouveau, la Wallonie enregistre une premi\u00e8re baisse de la demande de l\u2019emploi depuis le d\u00e9but de la crise du covid-19. Ce mois de mars 2021 s\u2019ach\u00e8ve sur une l\u00e9g\u00e8re [&hellip;]\" \/>\n<meta property=\"og:url\" content=\"https:\/\/peoplesphere.be\/fr\/deja-de-premiers-signaux-encourageants-marche-de-lemploi-wallon\/\" \/>\n<meta property=\"og:site_name\" content=\"Peoplesphere\" \/>\n<meta property=\"article:publisher\" content=\"https:\/\/www.facebook.com\/peoplesphere\" \/>\n<meta property=\"article:published_time\" content=\"2021-04-02T08:52:09+00:00\" \/>\n<meta property=\"article:modified_time\" content=\"2021-04-02T08:58:03+00:00\" \/>\n<meta property=\"og:image\" content=\"http:\/\/www.peoplesphere.be\/fr\/wp-content\/uploads\/2016\/07\/facebook-default-posting-1200x628px.jpg\" \/>\n<meta name=\"author\" content=\"Jean-Paul Erhard\" \/>\n<meta name=\"twitter:card\" content=\"summary_large_image\" \/>\n<meta name=\"twitter:creator\" content=\"@PeoplesphereMag\" \/>\n<meta name=\"twitter:site\" content=\"@PeoplesphereMag\" \/>\n<meta name=\"twitter:label1\" content=\"\u00c9crit par\" \/>\n\t<meta name=\"twitter:data1\" content=\"Jean-Paul Erhard\" \/>\n\t<meta name=\"twitter:label2\" content=\"Dur\u00e9e de lecture estim\u00e9e\" \/>\n\t<meta name=\"twitter:data2\" content=\"3 minutes\" \/>\n<script type=\"application\/ld+json\" class=\"yoast-schema-graph\">{\"@context\":\"https:\/\/schema.org\",\"@graph\":[{\"@type\":\"Article\",\"@id\":\"https:\/\/peoplesphere.be\/fr\/deja-de-premiers-signaux-encourageants-marche-de-lemploi-wallon\/#article\",\"isPartOf\":{\"@id\":\"https:\/\/peoplesphere.be\/fr\/deja-de-premiers-signaux-encourageants-marche-de-lemploi-wallon\/\"},\"author\":{\"name\":\"Jean-Paul Erhard\",\"@id\":\"https:\/\/peoplesphere.be\/fr\/#\/schema\/person\/7976225ff17988604334abb7b3536a7e\"},\"headline\":\"D\u00e9j\u00e0 de premiers signaux encourageants sur le march\u00e9 de l&#8217;emploi wallon?\",\"datePublished\":\"2021-04-02T08:52:09+00:00\",\"dateModified\":\"2021-04-02T08:58:03+00:00\",\"mainEntityOfPage\":{\"@id\":\"https:\/\/peoplesphere.be\/fr\/deja-de-premiers-signaux-encourageants-marche-de-lemploi-wallon\/\"},\"wordCount\":618,\"publisher\":{\"@id\":\"https:\/\/peoplesphere.be\/fr\/#organization\"},\"keywords\":[\"ch\u00f4mage\",\"forem\",\"march\u00e9 de l'emploi\"],\"articleSection\":[\"Actualit\u00e9s\",\"Digital\"],\"inLanguage\":\"fr-FR\"},{\"@type\":\"WebPage\",\"@id\":\"https:\/\/peoplesphere.be\/fr\/deja-de-premiers-signaux-encourageants-marche-de-lemploi-wallon\/\",\"url\":\"https:\/\/peoplesphere.be\/fr\/deja-de-premiers-signaux-encourageants-marche-de-lemploi-wallon\/\",\"name\":\"D\u00e9j\u00e0 de premiers signaux encourageants sur le march\u00e9 de l'emploi wallon? - Peoplesphere\",\"isPartOf\":{\"@id\":\"https:\/\/peoplesphere.be\/fr\/#website\"},\"datePublished\":\"2021-04-02T08:52:09+00:00\",\"dateModified\":\"2021-04-02T08:58:03+00:00\",\"breadcrumb\":{\"@id\":\"https:\/\/peoplesphere.be\/fr\/deja-de-premiers-signaux-encourageants-marche-de-lemploi-wallon\/#breadcrumb\"},\"inLanguage\":\"fr-FR\",\"potentialAction\":[{\"@type\":\"ReadAction\",\"target\":[\"https:\/\/peoplesphere.be\/fr\/deja-de-premiers-signaux-encourageants-marche-de-lemploi-wallon\/\"]}]},{\"@type\":\"BreadcrumbList\",\"@id\":\"https:\/\/peoplesphere.be\/fr\/deja-de-premiers-signaux-encourageants-marche-de-lemploi-wallon\/#breadcrumb\",\"itemListElement\":[{\"@type\":\"ListItem\",\"position\":1,\"name\":\"Accueil\",\"item\":\"https:\/\/peoplesphere.be\/fr\/\"},{\"@type\":\"ListItem\",\"position\":2,\"name\":\"D\u00e9j\u00e0 de premiers signaux encourageants sur le march\u00e9 de l&#8217;emploi wallon?\"}]},{\"@type\":\"WebSite\",\"@id\":\"https:\/\/peoplesphere.be\/fr\/#website\",\"url\":\"https:\/\/peoplesphere.be\/fr\/\",\"name\":\"Peoplesphere\",\"description\":\"The People Managers Magazine\",\"publisher\":{\"@id\":\"https:\/\/peoplesphere.be\/fr\/#organization\"},\"potentialAction\":[{\"@type\":\"SearchAction\",\"target\":{\"@type\":\"EntryPoint\",\"urlTemplate\":\"https:\/\/peoplesphere.be\/fr\/?s={search_term_string}\"},\"query-input\":\"required name=search_term_string\"}],\"inLanguage\":\"fr-FR\"},{\"@type\":\"Organization\",\"@id\":\"https:\/\/peoplesphere.be\/fr\/#organization\",\"name\":\"Peoplesphere Company srl\",\"url\":\"https:\/\/peoplesphere.be\/fr\/\",\"logo\":{\"@type\":\"ImageObject\",\"inLanguage\":\"fr-FR\",\"@id\":\"https:\/\/peoplesphere.be\/fr\/#\/schema\/logo\/image\/\",\"url\":\"https:\/\/peoplesphere.be\/fr\/wp-content\/uploads\/2023\/07\/peoplesphere-lgo-new-generik.jpg\",\"contentUrl\":\"https:\/\/peoplesphere.be\/fr\/wp-content\/uploads\/2023\/07\/peoplesphere-lgo-new-generik.jpg\",\"width\":1031,\"height\":1479,\"caption\":\"Peoplesphere Company srl\"},\"image\":{\"@id\":\"https:\/\/peoplesphere.be\/fr\/#\/schema\/logo\/image\/\"},\"sameAs\":[\"https:\/\/www.facebook.com\/peoplesphere\",\"https:\/\/twitter.com\/PeoplesphereMag\",\"https:\/\/www.linkedin.com\/company\/7587361?trk\",\"http:\/\/youtube.com\/peoplesphere\"]},{\"@type\":\"Person\",\"@id\":\"https:\/\/peoplesphere.be\/fr\/#\/schema\/person\/7976225ff17988604334abb7b3536a7e\",\"name\":\"Jean-Paul Erhard\",\"image\":{\"@type\":\"ImageObject\",\"inLanguage\":\"fr-FR\",\"@id\":\"https:\/\/peoplesphere.be\/fr\/#\/schema\/person\/image\/\",\"url\":\"https:\/\/secure.gravatar.com\/avatar\/f941e681460179738071629a51574930?s=96&d=mm&r=g\",\"contentUrl\":\"https:\/\/secure.gravatar.com\/avatar\/f941e681460179738071629a51574930?s=96&d=mm&r=g\",\"caption\":\"Jean-Paul Erhard\"},\"url\":\"https:\/\/peoplesphere.be\/fr\/author\/jpe\/\"}]}<\/script>\n<!-- \/ Yoast SEO plugin. -->","yoast_head_json":{"title":"D\u00e9j\u00e0 de premiers signaux encourageants sur le march\u00e9 de l'emploi wallon? - Peoplesphere","robots":{"index":"index","follow":"follow","max-snippet":"max-snippet:-1","max-image-preview":"max-image-preview:large","max-video-preview":"max-video-preview:-1"},"canonical":"https:\/\/peoplesphere.be\/fr\/deja-de-premiers-signaux-encourageants-marche-de-lemploi-wallon\/","og_locale":"fr_FR","og_type":"article","og_title":"D\u00e9j\u00e0 de premiers signaux encourageants sur le march\u00e9 de l'emploi wallon? - Peoplesphere","og_description":"Un an apr\u00e8s avoir vu la demande de l\u2019emploi augmenter \u00e0 nouveau, la Wallonie enregistre une premi\u00e8re baisse de la demande de l\u2019emploi depuis le d\u00e9but de la crise du covid-19. Ce mois de mars 2021 s\u2019ach\u00e8ve sur une l\u00e9g\u00e8re [&hellip;]","og_url":"https:\/\/peoplesphere.be\/fr\/deja-de-premiers-signaux-encourageants-marche-de-lemploi-wallon\/","og_site_name":"Peoplesphere","article_publisher":"https:\/\/www.facebook.com\/peoplesphere","article_published_time":"2021-04-02T08:52:09+00:00","article_modified_time":"2021-04-02T08:58:03+00:00","og_image":[{"url":"http:\/\/www.peoplesphere.be\/fr\/wp-content\/uploads\/2016\/07\/facebook-default-posting-1200x628px.jpg"}],"author":"Jean-Paul Erhard","twitter_card":"summary_large_image","twitter_creator":"@PeoplesphereMag","twitter_site":"@PeoplesphereMag","twitter_misc":{"\u00c9crit par":"Jean-Paul Erhard","Dur\u00e9e de lecture estim\u00e9e":"3 minutes"},"schema":{"@context":"https:\/\/schema.org","@graph":[{"@type":"Article","@id":"https:\/\/peoplesphere.be\/fr\/deja-de-premiers-signaux-encourageants-marche-de-lemploi-wallon\/#article","isPartOf":{"@id":"https:\/\/peoplesphere.be\/fr\/deja-de-premiers-signaux-encourageants-marche-de-lemploi-wallon\/"},"author":{"name":"Jean-Paul Erhard","@id":"https:\/\/peoplesphere.be\/fr\/#\/schema\/person\/7976225ff17988604334abb7b3536a7e"},"headline":"D\u00e9j\u00e0 de premiers signaux encourageants sur le march\u00e9 de l&#8217;emploi wallon?","datePublished":"2021-04-02T08:52:09+00:00","dateModified":"2021-04-02T08:58:03+00:00","mainEntityOfPage":{"@id":"https:\/\/peoplesphere.be\/fr\/deja-de-premiers-signaux-encourageants-marche-de-lemploi-wallon\/"},"wordCount":618,"publisher":{"@id":"https:\/\/peoplesphere.be\/fr\/#organization"},"keywords":["ch\u00f4mage","forem","march\u00e9 de l'emploi"],"articleSection":["Actualit\u00e9s","Digital"],"inLanguage":"fr-FR"},{"@type":"WebPage","@id":"https:\/\/peoplesphere.be\/fr\/deja-de-premiers-signaux-encourageants-marche-de-lemploi-wallon\/","url":"https:\/\/peoplesphere.be\/fr\/deja-de-premiers-signaux-encourageants-marche-de-lemploi-wallon\/","name":"D\u00e9j\u00e0 de premiers signaux encourageants sur le march\u00e9 de l'emploi wallon? - Peoplesphere","isPartOf":{"@id":"https:\/\/peoplesphere.be\/fr\/#website"},"datePublished":"2021-04-02T08:52:09+00:00","dateModified":"2021-04-02T08:58:03+00:00","breadcrumb":{"@id":"https:\/\/peoplesphere.be\/fr\/deja-de-premiers-signaux-encourageants-marche-de-lemploi-wallon\/#breadcrumb"},"inLanguage":"fr-FR","potentialAction":[{"@type":"ReadAction","target":["https:\/\/peoplesphere.be\/fr\/deja-de-premiers-signaux-encourageants-marche-de-lemploi-wallon\/"]}]},{"@type":"BreadcrumbList","@id":"https:\/\/peoplesphere.be\/fr\/deja-de-premiers-signaux-encourageants-marche-de-lemploi-wallon\/#breadcrumb","itemListElement":[{"@type":"ListItem","position":1,"name":"Accueil","item":"https:\/\/peoplesphere.be\/fr\/"},{"@type":"ListItem","position":2,"name":"D\u00e9j\u00e0 de premiers signaux encourageants sur le march\u00e9 de l&#8217;emploi wallon?"}]},{"@type":"WebSite","@id":"https:\/\/peoplesphere.be\/fr\/#website","url":"https:\/\/peoplesphere.be\/fr\/","name":"Peoplesphere","description":"The People Managers Magazine","publisher":{"@id":"https:\/\/peoplesphere.be\/fr\/#organization"},"potentialAction":[{"@type":"SearchAction","target":{"@type":"EntryPoint","urlTemplate":"https:\/\/peoplesphere.be\/fr\/?s={search_term_string}"},"query-input":"required name=search_term_string"}],"inLanguage":"fr-FR"},{"@type":"Organization","@id":"https:\/\/peoplesphere.be\/fr\/#organization","name":"Peoplesphere Company srl","url":"https:\/\/peoplesphere.be\/fr\/","logo":{"@type":"ImageObject","inLanguage":"fr-FR","@id":"https:\/\/peoplesphere.be\/fr\/#\/schema\/logo\/image\/","url":"https:\/\/peoplesphere.be\/fr\/wp-content\/uploads\/2023\/07\/peoplesphere-lgo-new-generik.jpg","contentUrl":"https:\/\/peoplesphere.be\/fr\/wp-content\/uploads\/2023\/07\/peoplesphere-lgo-new-generik.jpg","width":1031,"height":1479,"caption":"Peoplesphere Company srl"},"image":{"@id":"https:\/\/peoplesphere.be\/fr\/#\/schema\/logo\/image\/"},"sameAs":["https:\/\/www.facebook.com\/peoplesphere","https:\/\/twitter.com\/PeoplesphereMag","https:\/\/www.linkedin.com\/company\/7587361?trk","http:\/\/youtube.com\/peoplesphere"]},{"@type":"Person","@id":"https:\/\/peoplesphere.be\/fr\/#\/schema\/person\/7976225ff17988604334abb7b3536a7e","name":"Jean-Paul Erhard","image":{"@type":"ImageObject","inLanguage":"fr-FR","@id":"https:\/\/peoplesphere.be\/fr\/#\/schema\/person\/image\/","url":"https:\/\/secure.gravatar.com\/avatar\/f941e681460179738071629a51574930?s=96&d=mm&r=g","contentUrl":"https:\/\/secure.gravatar.com\/avatar\/f941e681460179738071629a51574930?s=96&d=mm&r=g","caption":"Jean-Paul Erhard"},"url":"https:\/\/peoplesphere.be\/fr\/author\/jpe\/"}]}},"_links":{"self":[{"href":"https:\/\/peoplesphere.be\/fr\/wp-json\/wp\/v2\/posts\/11116"}],"collection":[{"href":"https:\/\/peoplesphere.be\/fr\/wp-json\/wp\/v2\/posts"}],"about":[{"href":"https:\/\/peoplesphere.be\/fr\/wp-json\/wp\/v2\/types\/post"}],"author":[{"embeddable":true,"href":"https:\/\/peoplesphere.be\/fr\/wp-json\/wp\/v2\/users\/2"}],"replies":[{"embeddable":true,"href":"https:\/\/peoplesphere.be\/fr\/wp-json\/wp\/v2\/comments?post=11116"}],"version-history":[{"count":2,"href":"https:\/\/peoplesphere.be\/fr\/wp-json\/wp\/v2\/posts\/11116\/revisions"}],"predecessor-version":[{"id":11118,"href":"https:\/\/peoplesphere.be\/fr\/wp-json\/wp\/v2\/posts\/11116\/revisions\/11118"}],"wp:attachment":[{"href":"https:\/\/peoplesphere.be\/fr\/wp-json\/wp\/v2\/media?parent=11116"}],"wp:term":[{"taxonomy":"category","embeddable":true,"href":"https:\/\/peoplesphere.be\/fr\/wp-json\/wp\/v2\/categories?post=11116"},{"taxonomy":"post_tag","embeddable":true,"href":"https:\/\/peoplesphere.be\/fr\/wp-json\/wp\/v2\/tags?post=11116"}],"curies":[{"name":"wp","href":"https:\/\/api.w.org\/{rel}","templated":true}]}}