









{"id":11126,"date":"2021-04-06T08:23:27","date_gmt":"2021-04-06T06:23:27","guid":{"rendered":"https:\/\/peoplesphere.be\/fr\/?p=11126"},"modified":"2021-04-06T08:23:27","modified_gmt":"2021-04-06T06:23:27","slug":"definir-raison-detre-lentreprise-na-sens-se-traduit-objectifs-operationnels-remuneration","status":"publish","type":"post","link":"https:\/\/peoplesphere.be\/fr\/definir-raison-detre-lentreprise-na-sens-se-traduit-objectifs-operationnels-remuneration\/","title":{"rendered":"D\u00e9finir une raison d&rsquo;\u00eatre pour l&rsquo;entreprise, cela n&rsquo;a du sens que si cela se traduit dans les objectifs op\u00e9rationnels et la r\u00e9mun\u00e9ration."},"content":{"rendered":"<p>L&rsquo;Edhec NewGen Talent Centre et le cabinet BearingPoint viennent de publier une \u00e9tude sur l&rsquo;engagement des jeunes collaborateurs. Celle-ci tente d&rsquo;identifier les leviers de motivation vis-\u00e0-vis des jeunes travailleurs notamment. La p\u00e9riode actuelle et la charge mentale qui en d\u00e9coule nous am\u00e8ne effectivement \u00e0 nous interroger quant aux attentes des jeunes g\u00e9n\u00e9rations. Le m\u00e9dia fran\u00e7ais Les Echos relaie les premi\u00e8res conclusions de cette \u00e9tude.<!--more--><\/p>\n<p>Sous l&rsquo;effet de la contraction de l&rsquo;activit\u00e9, les offres d&#8217;emploi ne sont plus aussi nombreuses qu&rsquo;avant, les jeunes dipl\u00f4m\u00e9s ont moins le choix et seraient donc moins exigeants. Le pilier de la \u00ab motivation \u00bb reste plus que jamais d&rsquo;actualit\u00e9 : garder des salari\u00e9s d\u00e9motiv\u00e9s en cette p\u00e9riode aggraverait les pertes de l&rsquo;entreprise.<\/p>\n<p>Alors face \u00e0 la crise sanitaire (et de sens !) comment diable les entreprises peuvent-elles maintenir motiv\u00e9s leurs salari\u00e9s ? Avant tout, il faut cerner les attentes des jeunes g\u00e9n\u00e9rations, souvent qualifi\u00e9es de volatiles (m\u00eame si on peut voir ici que ce n&rsquo;est pas toujours le cas) . Une enqu\u00eate quantitative a \u00e9t\u00e9 r\u00e9alis\u00e9e aupr\u00e8s de 954 \u00e9tudiants et jeunes professionnels issus de l&rsquo;enseignement sup\u00e9rieur, universit\u00e9s et grandes \u00e9coles de commerce et d&rsquo;ing\u00e9nieurs fran\u00e7aises au 1er semestre 2020 et une enqu\u00eate qualitative bas\u00e9e sur une campagne d&rsquo;entretiens individuels aupr\u00e8s de jeunes professionnels en poste afin de r\u00e9colter leurs t\u00e9moignages.<\/p>\n<p>Sachez que le prestige de l&rsquo;entreprise est l&rsquo;\u00e9l\u00e9ment le moins retenu comme moteur d&rsquo;engagement avec seulement 21 % des r\u00e9pondants le classant comme tr\u00e8s important. Cela est particuli\u00e8rement vrai pour les profils ing\u00e9nieurs qui ne sont que 9 % \u00e0 le mentionner comme tel. Le salaire remonte mais pas comme un crit\u00e8re prioritaire. <em>\u00ab Je d\u00e9termine un seuil non n\u00e9gociable. Ce n&rsquo;est pas le montant qui est d\u00e9terminant mais le minimum que je me suis fix\u00e9 \u00bb<\/em>, t\u00e9moigne l&rsquo;un des participants \u00e0 l&rsquo;\u00e9tude.<\/p>\n<p>Les crit\u00e8res pour engager un jeune collaborateur sont avant tout les opportunit\u00e9s d&rsquo;acquisition de nouvelles comp\u00e9tences durant la mission, puis l&rsquo;environnement de travail et en troisi\u00e8me position, la prise de responsabilit\u00e9s. Pour ce jeune collaborateur lui aussi interrog\u00e9 dans l&rsquo;enqu\u00eate, la reconnaissance du travail est le meilleur moyen d&rsquo;engager les collaborateurs. \u00ab\u00a0<em>Cela ne passe pas forc\u00e9ment par des dispositifs complexes. [\u2026] Dire \u00e0 un collaborateur, &lsquo;pour toi on a pens\u00e9 \u00e0 tel ou tel poste pour ton parcours de carri\u00e8re&rsquo;, cela apporte de l&rsquo;engagement et de la reconnaissance. Cela signifie que l&rsquo;entreprise est concern\u00e9e par le parcours individuel de ses collaborateurs et cela motive.\u00a0\u00bb<\/em>\u00a0Les pratiques manag\u00e9riales, telles que le feedback, l&rsquo;accompagnement et le fait, \u00e0 la fois, de donner et faire confiance sont des moteurs d&rsquo;engagement dans l&rsquo;entreprise.<\/p>\n<p>Mais une condition de l&rsquo;engagement est que l&rsquo;entreprise aussi soit engag\u00e9e. Manuelle Malot, directrice de l&rsquo;Edhec NewGen Talent Centre parle de nouveau contrat social. <em>\u00ab\u00a0La nouvelle g\u00e9n\u00e9ration rend redevable l&rsquo;entreprise des enjeux du monde. Cela se traduit par un pacte : &lsquo;OK je m&rsquo;engage, si vous vous engagez aussi \u00e0 relever les d\u00e9fis soci\u00e9taux'\u00a0\u00bb,<\/em> analyse la sp\u00e9cialiste.<\/p>\n<p>Pour l&rsquo;entreprise, c&rsquo;est un nouveau paradigme. Elle doit non seulement continuer \u00e0 \u00eatre rentable mais aussi r\u00e9pondre aux enjeux du monde qui, jusque-l\u00e0 revenait \u00e0 la puissance publique. Mais une fois cette nouvelle injonction admise, s&rsquo;engager ne suffira pas. L&rsquo;entreprise devra le montrer.<\/p>\n<p>Comment donner des gages de bonne foi au reste des salari\u00e9s ? L&rsquo;enqu\u00eate souligne sans surprise que les jeunes jugeront sur du concret. Et un des moyens est de d\u00e9finir une raison d&rsquo;\u00eatre. Qu&rsquo;est-ce que c&rsquo;est ? Depuis la Loi Pacte de 2019, les entreprises sont invit\u00e9es \u00e0 d\u00e9finir leur responsabilit\u00e9 sociale. C&rsquo;est le sens global donn\u00e9 \u00e0 leur action. Par exemple, la raison d&rsquo;\u00eatre de Veolia d\u00e9bute ainsi : <em>\u00ab\u00a0Contribuer au progr\u00e8s humain, en s&rsquo;inscrivant r\u00e9solument dans les Objectifs de D\u00e9veloppement Durable d\u00e9finis par l&rsquo;ONU , afin de parvenir \u00e0 un avenir meilleur et plus durable pour tous\u00a0\u00bb.<\/em><\/p>\n<p><strong><em>Raison d&rsquo;\u00eatre oui, mais adoss\u00e9e \u00e0 la r\u00e9mun\u00e9ration<\/em><\/strong><\/p>\n<p>Probl\u00e8me : 67 % des collaborateurs ont entendu parler du concept de raison d&rsquo;\u00eatre, et seuls 36 % savent pr\u00e9cis\u00e9ment de quoi il s&rsquo;agit. En revanche, l&rsquo;\u00e9tude montre qu&rsquo;une fois la notion appr\u00e9hend\u00e9e, la raison d&rsquo;\u00eatre est un bon moyen de v\u00e9hiculer clairement l&rsquo;engagement d&rsquo;une entreprise. Pour 85 % des r\u00e9pondants, la raison d&rsquo;\u00eatre les inciterait \u00e0 rejoindre une entreprise. Pour 81 %, la raison d&rsquo;\u00eatre pourrait \u00eatre le moteur de leur engagement.<\/p>\n<p>Last but not least : 41 % consid\u00e8rent que la raison d&rsquo;\u00eatre, pour \u00eatre source d&rsquo;engagement, doit \u00eatre formalis\u00e9e par la prise en compte d&rsquo;objectifs qui lui sont li\u00e9s, dans les fiches de poste\u2026 au risque de faire passer la raison d&rsquo;\u00eatre pour du greenwashing. <em>\u00ab\u00a0Je fais partie d&rsquo;un groupe de jeunes au sein de mon entreprise et nous avons particip\u00e9 au brainstorming sur la raison d&rsquo;\u00eatre de notre entreprise. Ce n&rsquo;\u00e9tait qu&rsquo;un projet de communication parce qu&rsquo;ils n&rsquo;ont pas chang\u00e9 les statuts de la soci\u00e9t\u00e9. Si l&rsquo;exercice \u00e9tait tr\u00e8s int\u00e9ressant, la finalit\u00e9 \u00e9tait assez d\u00e9cevante puisque cela n&rsquo;a abouti qu&rsquo;\u00e0 une seule phrase\u00a0\u00bb<\/em>, d\u00e9clare ce r\u00e9pondant.<br \/>\n40 % des r\u00e9pondants trouveraient \u00ab\u00a0compl\u00e8tement\u00a0\u00bb engageant qu&rsquo;une partie de leur r\u00e9mun\u00e9ration soit li\u00e9e \u00e0 l&rsquo;atteinte des objectifs extra-financiers de l&rsquo;entreprise dans le cadre de sa raison d&rsquo;\u00eatre.<\/p>\n<p>&nbsp;<\/p>\n<p><em>Source &#8211; Les Echos START &#8211; Florent Vairet &#8211; Etude \u00ab\u00a0La nouvelle donne de l&rsquo;engagement des jeunes g\u00e9n\u00e9rations en entreprise\u00a0\u00bb<\/em><\/p>\n","protected":false},"excerpt":{"rendered":"<p>L&rsquo;Edhec NewGen Talent Centre et le cabinet BearingPoint viennent de publier une \u00e9tude sur l&rsquo;engagement des jeunes collaborateurs. Celle-ci tente d&rsquo;identifier les leviers de motivation vis-\u00e0-vis des jeunes travailleurs notamment. La p\u00e9riode actuelle et la charge mentale qui en d\u00e9coule [&hellip;]<\/p>\n","protected":false},"author":2,"featured_media":0,"comment_status":"closed","ping_status":"open","sticky":false,"template":"","format":"standard","meta":[],"categories":[65,10],"tags":[208,243,90],"yoast_head":"<!-- This site is optimized with the Yoast SEO plugin v21.0 - https:\/\/yoast.com\/wordpress\/plugins\/seo\/ -->\n<title>D\u00e9finir une raison d&#039;\u00eatre pour l&#039;entreprise, cela n&#039;a du sens que si cela se traduit dans les objectifs op\u00e9rationnels et la r\u00e9mun\u00e9ration. - Peoplesphere<\/title>\n<meta name=\"robots\" content=\"index, follow, max-snippet:-1, max-image-preview:large, max-video-preview:-1\" \/>\n<link rel=\"canonical\" href=\"https:\/\/peoplesphere.be\/fr\/definir-raison-detre-lentreprise-na-sens-se-traduit-objectifs-operationnels-remuneration\/\" \/>\n<meta property=\"og:locale\" content=\"fr_FR\" \/>\n<meta property=\"og:type\" content=\"article\" \/>\n<meta property=\"og:title\" content=\"D\u00e9finir une raison d&#039;\u00eatre pour l&#039;entreprise, cela n&#039;a du sens que si cela se traduit dans les objectifs op\u00e9rationnels et la r\u00e9mun\u00e9ration. - Peoplesphere\" \/>\n<meta property=\"og:description\" content=\"L&rsquo;Edhec NewGen Talent Centre et le cabinet BearingPoint viennent de publier une \u00e9tude sur l&rsquo;engagement des jeunes collaborateurs. Celle-ci tente d&rsquo;identifier les leviers de motivation vis-\u00e0-vis des jeunes travailleurs notamment. La p\u00e9riode actuelle et la charge mentale qui en d\u00e9coule [&hellip;]\" \/>\n<meta property=\"og:url\" content=\"https:\/\/peoplesphere.be\/fr\/definir-raison-detre-lentreprise-na-sens-se-traduit-objectifs-operationnels-remuneration\/\" \/>\n<meta property=\"og:site_name\" content=\"Peoplesphere\" \/>\n<meta property=\"article:publisher\" content=\"https:\/\/www.facebook.com\/peoplesphere\" \/>\n<meta property=\"article:published_time\" content=\"2021-04-06T06:23:27+00:00\" \/>\n<meta property=\"og:image\" content=\"http:\/\/www.peoplesphere.be\/fr\/wp-content\/uploads\/2016\/07\/facebook-default-posting-1200x628px.jpg\" \/>\n<meta name=\"author\" content=\"Jean-Paul Erhard\" \/>\n<meta name=\"twitter:card\" content=\"summary_large_image\" \/>\n<meta name=\"twitter:creator\" content=\"@PeoplesphereMag\" \/>\n<meta name=\"twitter:site\" content=\"@PeoplesphereMag\" \/>\n<meta name=\"twitter:label1\" content=\"\u00c9crit par\" \/>\n\t<meta name=\"twitter:data1\" content=\"Jean-Paul Erhard\" \/>\n\t<meta name=\"twitter:label2\" content=\"Dur\u00e9e de lecture estim\u00e9e\" \/>\n\t<meta name=\"twitter:data2\" content=\"5 minutes\" \/>\n<script type=\"application\/ld+json\" class=\"yoast-schema-graph\">{\"@context\":\"https:\/\/schema.org\",\"@graph\":[{\"@type\":\"Article\",\"@id\":\"https:\/\/peoplesphere.be\/fr\/definir-raison-detre-lentreprise-na-sens-se-traduit-objectifs-operationnels-remuneration\/#article\",\"isPartOf\":{\"@id\":\"https:\/\/peoplesphere.be\/fr\/definir-raison-detre-lentreprise-na-sens-se-traduit-objectifs-operationnels-remuneration\/\"},\"author\":{\"name\":\"Jean-Paul Erhard\",\"@id\":\"https:\/\/peoplesphere.be\/fr\/#\/schema\/person\/7976225ff17988604334abb7b3536a7e\"},\"headline\":\"D\u00e9finir une raison d&rsquo;\u00eatre pour l&rsquo;entreprise, cela n&rsquo;a du sens que si cela se traduit dans les objectifs op\u00e9rationnels et la r\u00e9mun\u00e9ration.\",\"datePublished\":\"2021-04-06T06:23:27+00:00\",\"dateModified\":\"2021-04-06T06:23:27+00:00\",\"mainEntityOfPage\":{\"@id\":\"https:\/\/peoplesphere.be\/fr\/definir-raison-detre-lentreprise-na-sens-se-traduit-objectifs-operationnels-remuneration\/\"},\"wordCount\":952,\"publisher\":{\"@id\":\"https:\/\/peoplesphere.be\/fr\/#organization\"},\"keywords\":[\"engagement\",\"g\u00e9n\u00e9ration Z\",\"motivation\"],\"articleSection\":[\"Actualit\u00e9s\",\"Digital\"],\"inLanguage\":\"fr-FR\"},{\"@type\":\"WebPage\",\"@id\":\"https:\/\/peoplesphere.be\/fr\/definir-raison-detre-lentreprise-na-sens-se-traduit-objectifs-operationnels-remuneration\/\",\"url\":\"https:\/\/peoplesphere.be\/fr\/definir-raison-detre-lentreprise-na-sens-se-traduit-objectifs-operationnels-remuneration\/\",\"name\":\"D\u00e9finir une raison d'\u00eatre pour l'entreprise, cela n'a du sens que si cela se traduit dans les objectifs op\u00e9rationnels et la r\u00e9mun\u00e9ration. - Peoplesphere\",\"isPartOf\":{\"@id\":\"https:\/\/peoplesphere.be\/fr\/#website\"},\"datePublished\":\"2021-04-06T06:23:27+00:00\",\"dateModified\":\"2021-04-06T06:23:27+00:00\",\"breadcrumb\":{\"@id\":\"https:\/\/peoplesphere.be\/fr\/definir-raison-detre-lentreprise-na-sens-se-traduit-objectifs-operationnels-remuneration\/#breadcrumb\"},\"inLanguage\":\"fr-FR\",\"potentialAction\":[{\"@type\":\"ReadAction\",\"target\":[\"https:\/\/peoplesphere.be\/fr\/definir-raison-detre-lentreprise-na-sens-se-traduit-objectifs-operationnels-remuneration\/\"]}]},{\"@type\":\"BreadcrumbList\",\"@id\":\"https:\/\/peoplesphere.be\/fr\/definir-raison-detre-lentreprise-na-sens-se-traduit-objectifs-operationnels-remuneration\/#breadcrumb\",\"itemListElement\":[{\"@type\":\"ListItem\",\"position\":1,\"name\":\"Accueil\",\"item\":\"https:\/\/peoplesphere.be\/fr\/\"},{\"@type\":\"ListItem\",\"position\":2,\"name\":\"D\u00e9finir une raison d&rsquo;\u00eatre pour l&rsquo;entreprise, cela n&rsquo;a du sens que si cela se traduit dans les objectifs op\u00e9rationnels et la r\u00e9mun\u00e9ration.\"}]},{\"@type\":\"WebSite\",\"@id\":\"https:\/\/peoplesphere.be\/fr\/#website\",\"url\":\"https:\/\/peoplesphere.be\/fr\/\",\"name\":\"Peoplesphere\",\"description\":\"The People Managers Magazine\",\"publisher\":{\"@id\":\"https:\/\/peoplesphere.be\/fr\/#organization\"},\"potentialAction\":[{\"@type\":\"SearchAction\",\"target\":{\"@type\":\"EntryPoint\",\"urlTemplate\":\"https:\/\/peoplesphere.be\/fr\/?s={search_term_string}\"},\"query-input\":\"required name=search_term_string\"}],\"inLanguage\":\"fr-FR\"},{\"@type\":\"Organization\",\"@id\":\"https:\/\/peoplesphere.be\/fr\/#organization\",\"name\":\"Peoplesphere Company srl\",\"url\":\"https:\/\/peoplesphere.be\/fr\/\",\"logo\":{\"@type\":\"ImageObject\",\"inLanguage\":\"fr-FR\",\"@id\":\"https:\/\/peoplesphere.be\/fr\/#\/schema\/logo\/image\/\",\"url\":\"https:\/\/peoplesphere.be\/fr\/wp-content\/uploads\/2023\/07\/peoplesphere-lgo-new-generik.jpg\",\"contentUrl\":\"https:\/\/peoplesphere.be\/fr\/wp-content\/uploads\/2023\/07\/peoplesphere-lgo-new-generik.jpg\",\"width\":1031,\"height\":1479,\"caption\":\"Peoplesphere Company srl\"},\"image\":{\"@id\":\"https:\/\/peoplesphere.be\/fr\/#\/schema\/logo\/image\/\"},\"sameAs\":[\"https:\/\/www.facebook.com\/peoplesphere\",\"https:\/\/twitter.com\/PeoplesphereMag\",\"https:\/\/www.linkedin.com\/company\/7587361?trk\",\"http:\/\/youtube.com\/peoplesphere\"]},{\"@type\":\"Person\",\"@id\":\"https:\/\/peoplesphere.be\/fr\/#\/schema\/person\/7976225ff17988604334abb7b3536a7e\",\"name\":\"Jean-Paul Erhard\",\"image\":{\"@type\":\"ImageObject\",\"inLanguage\":\"fr-FR\",\"@id\":\"https:\/\/peoplesphere.be\/fr\/#\/schema\/person\/image\/\",\"url\":\"https:\/\/secure.gravatar.com\/avatar\/f941e681460179738071629a51574930?s=96&d=mm&r=g\",\"contentUrl\":\"https:\/\/secure.gravatar.com\/avatar\/f941e681460179738071629a51574930?s=96&d=mm&r=g\",\"caption\":\"Jean-Paul Erhard\"},\"url\":\"https:\/\/peoplesphere.be\/fr\/author\/jpe\/\"}]}<\/script>\n<!-- \/ Yoast SEO plugin. -->","yoast_head_json":{"title":"D\u00e9finir une raison d'\u00eatre pour l'entreprise, cela n'a du sens que si cela se traduit dans les objectifs op\u00e9rationnels et la r\u00e9mun\u00e9ration. - Peoplesphere","robots":{"index":"index","follow":"follow","max-snippet":"max-snippet:-1","max-image-preview":"max-image-preview:large","max-video-preview":"max-video-preview:-1"},"canonical":"https:\/\/peoplesphere.be\/fr\/definir-raison-detre-lentreprise-na-sens-se-traduit-objectifs-operationnels-remuneration\/","og_locale":"fr_FR","og_type":"article","og_title":"D\u00e9finir une raison d'\u00eatre pour l'entreprise, cela n'a du sens que si cela se traduit dans les objectifs op\u00e9rationnels et la r\u00e9mun\u00e9ration. - Peoplesphere","og_description":"L&rsquo;Edhec NewGen Talent Centre et le cabinet BearingPoint viennent de publier une \u00e9tude sur l&rsquo;engagement des jeunes collaborateurs. Celle-ci tente d&rsquo;identifier les leviers de motivation vis-\u00e0-vis des jeunes travailleurs notamment. La p\u00e9riode actuelle et la charge mentale qui en d\u00e9coule [&hellip;]","og_url":"https:\/\/peoplesphere.be\/fr\/definir-raison-detre-lentreprise-na-sens-se-traduit-objectifs-operationnels-remuneration\/","og_site_name":"Peoplesphere","article_publisher":"https:\/\/www.facebook.com\/peoplesphere","article_published_time":"2021-04-06T06:23:27+00:00","og_image":[{"url":"http:\/\/www.peoplesphere.be\/fr\/wp-content\/uploads\/2016\/07\/facebook-default-posting-1200x628px.jpg"}],"author":"Jean-Paul Erhard","twitter_card":"summary_large_image","twitter_creator":"@PeoplesphereMag","twitter_site":"@PeoplesphereMag","twitter_misc":{"\u00c9crit par":"Jean-Paul Erhard","Dur\u00e9e de lecture estim\u00e9e":"5 minutes"},"schema":{"@context":"https:\/\/schema.org","@graph":[{"@type":"Article","@id":"https:\/\/peoplesphere.be\/fr\/definir-raison-detre-lentreprise-na-sens-se-traduit-objectifs-operationnels-remuneration\/#article","isPartOf":{"@id":"https:\/\/peoplesphere.be\/fr\/definir-raison-detre-lentreprise-na-sens-se-traduit-objectifs-operationnels-remuneration\/"},"author":{"name":"Jean-Paul Erhard","@id":"https:\/\/peoplesphere.be\/fr\/#\/schema\/person\/7976225ff17988604334abb7b3536a7e"},"headline":"D\u00e9finir une raison d&rsquo;\u00eatre pour l&rsquo;entreprise, cela n&rsquo;a du sens que si cela se traduit dans les objectifs op\u00e9rationnels et la r\u00e9mun\u00e9ration.","datePublished":"2021-04-06T06:23:27+00:00","dateModified":"2021-04-06T06:23:27+00:00","mainEntityOfPage":{"@id":"https:\/\/peoplesphere.be\/fr\/definir-raison-detre-lentreprise-na-sens-se-traduit-objectifs-operationnels-remuneration\/"},"wordCount":952,"publisher":{"@id":"https:\/\/peoplesphere.be\/fr\/#organization"},"keywords":["engagement","g\u00e9n\u00e9ration Z","motivation"],"articleSection":["Actualit\u00e9s","Digital"],"inLanguage":"fr-FR"},{"@type":"WebPage","@id":"https:\/\/peoplesphere.be\/fr\/definir-raison-detre-lentreprise-na-sens-se-traduit-objectifs-operationnels-remuneration\/","url":"https:\/\/peoplesphere.be\/fr\/definir-raison-detre-lentreprise-na-sens-se-traduit-objectifs-operationnels-remuneration\/","name":"D\u00e9finir une raison d'\u00eatre pour l'entreprise, cela n'a du sens que si cela se traduit dans les objectifs op\u00e9rationnels et la r\u00e9mun\u00e9ration. - Peoplesphere","isPartOf":{"@id":"https:\/\/peoplesphere.be\/fr\/#website"},"datePublished":"2021-04-06T06:23:27+00:00","dateModified":"2021-04-06T06:23:27+00:00","breadcrumb":{"@id":"https:\/\/peoplesphere.be\/fr\/definir-raison-detre-lentreprise-na-sens-se-traduit-objectifs-operationnels-remuneration\/#breadcrumb"},"inLanguage":"fr-FR","potentialAction":[{"@type":"ReadAction","target":["https:\/\/peoplesphere.be\/fr\/definir-raison-detre-lentreprise-na-sens-se-traduit-objectifs-operationnels-remuneration\/"]}]},{"@type":"BreadcrumbList","@id":"https:\/\/peoplesphere.be\/fr\/definir-raison-detre-lentreprise-na-sens-se-traduit-objectifs-operationnels-remuneration\/#breadcrumb","itemListElement":[{"@type":"ListItem","position":1,"name":"Accueil","item":"https:\/\/peoplesphere.be\/fr\/"},{"@type":"ListItem","position":2,"name":"D\u00e9finir une raison d&rsquo;\u00eatre pour l&rsquo;entreprise, cela n&rsquo;a du sens que si cela se traduit dans les objectifs op\u00e9rationnels et la r\u00e9mun\u00e9ration."}]},{"@type":"WebSite","@id":"https:\/\/peoplesphere.be\/fr\/#website","url":"https:\/\/peoplesphere.be\/fr\/","name":"Peoplesphere","description":"The People Managers Magazine","publisher":{"@id":"https:\/\/peoplesphere.be\/fr\/#organization"},"potentialAction":[{"@type":"SearchAction","target":{"@type":"EntryPoint","urlTemplate":"https:\/\/peoplesphere.be\/fr\/?s={search_term_string}"},"query-input":"required name=search_term_string"}],"inLanguage":"fr-FR"},{"@type":"Organization","@id":"https:\/\/peoplesphere.be\/fr\/#organization","name":"Peoplesphere Company srl","url":"https:\/\/peoplesphere.be\/fr\/","logo":{"@type":"ImageObject","inLanguage":"fr-FR","@id":"https:\/\/peoplesphere.be\/fr\/#\/schema\/logo\/image\/","url":"https:\/\/peoplesphere.be\/fr\/wp-content\/uploads\/2023\/07\/peoplesphere-lgo-new-generik.jpg","contentUrl":"https:\/\/peoplesphere.be\/fr\/wp-content\/uploads\/2023\/07\/peoplesphere-lgo-new-generik.jpg","width":1031,"height":1479,"caption":"Peoplesphere Company srl"},"image":{"@id":"https:\/\/peoplesphere.be\/fr\/#\/schema\/logo\/image\/"},"sameAs":["https:\/\/www.facebook.com\/peoplesphere","https:\/\/twitter.com\/PeoplesphereMag","https:\/\/www.linkedin.com\/company\/7587361?trk","http:\/\/youtube.com\/peoplesphere"]},{"@type":"Person","@id":"https:\/\/peoplesphere.be\/fr\/#\/schema\/person\/7976225ff17988604334abb7b3536a7e","name":"Jean-Paul Erhard","image":{"@type":"ImageObject","inLanguage":"fr-FR","@id":"https:\/\/peoplesphere.be\/fr\/#\/schema\/person\/image\/","url":"https:\/\/secure.gravatar.com\/avatar\/f941e681460179738071629a51574930?s=96&d=mm&r=g","contentUrl":"https:\/\/secure.gravatar.com\/avatar\/f941e681460179738071629a51574930?s=96&d=mm&r=g","caption":"Jean-Paul Erhard"},"url":"https:\/\/peoplesphere.be\/fr\/author\/jpe\/"}]}},"_links":{"self":[{"href":"https:\/\/peoplesphere.be\/fr\/wp-json\/wp\/v2\/posts\/11126"}],"collection":[{"href":"https:\/\/peoplesphere.be\/fr\/wp-json\/wp\/v2\/posts"}],"about":[{"href":"https:\/\/peoplesphere.be\/fr\/wp-json\/wp\/v2\/types\/post"}],"author":[{"embeddable":true,"href":"https:\/\/peoplesphere.be\/fr\/wp-json\/wp\/v2\/users\/2"}],"replies":[{"embeddable":true,"href":"https:\/\/peoplesphere.be\/fr\/wp-json\/wp\/v2\/comments?post=11126"}],"version-history":[{"count":1,"href":"https:\/\/peoplesphere.be\/fr\/wp-json\/wp\/v2\/posts\/11126\/revisions"}],"predecessor-version":[{"id":11127,"href":"https:\/\/peoplesphere.be\/fr\/wp-json\/wp\/v2\/posts\/11126\/revisions\/11127"}],"wp:attachment":[{"href":"https:\/\/peoplesphere.be\/fr\/wp-json\/wp\/v2\/media?parent=11126"}],"wp:term":[{"taxonomy":"category","embeddable":true,"href":"https:\/\/peoplesphere.be\/fr\/wp-json\/wp\/v2\/categories?post=11126"},{"taxonomy":"post_tag","embeddable":true,"href":"https:\/\/peoplesphere.be\/fr\/wp-json\/wp\/v2\/tags?post=11126"}],"curies":[{"name":"wp","href":"https:\/\/api.w.org\/{rel}","templated":true}]}}