









{"id":11140,"date":"2021-04-09T13:55:19","date_gmt":"2021-04-09T11:55:19","guid":{"rendered":"https:\/\/peoplesphere.be\/fr\/?p=11140"},"modified":"2021-04-09T13:55:19","modified_gmt":"2021-04-09T11:55:19","slug":"vacances-de-printemps-travailleurs-preferent-ne-consommer-leurs-jours-de-conge","status":"publish","type":"post","link":"https:\/\/peoplesphere.be\/fr\/vacances-de-printemps-travailleurs-preferent-ne-consommer-leurs-jours-de-conge\/","title":{"rendered":"Vacances de printemps : les travailleurs pr\u00e9f\u00e8rent ne pas trop &lsquo;consommer&rsquo; leurs jours de cong\u00e9."},"content":{"rendered":"<p>Comment les parents qui travaillent s\u2019organisent-ils pour faire face \u00e0 la (soudaine) prolongation des vacances scolaires ? Le prestataire de services\u2011RH Acerta a constat\u00e9 que pendant la semaine de vacances scolaires suppl\u00e9mentaire qui a pr\u00e9c\u00e9d\u00e9 les vacances de P\u00e2ques, la proportion de cong\u00e9s avait augment\u00e9 en moyenne de 22,7 %, en restant toutefois faible (1,6 %), et que la proportion de ch\u00f4mage temporaire avait augment\u00e9 de 18,9 %, alors que durant la semaine de cong\u00e9 d\u2019automne suppl\u00e9mentaire de l\u2019ann\u00e9e derni\u00e8re, ce sont surtout les chiffres relatifs aux cong\u00e9s qui avaient augment\u00e9. <!--more--><\/p>\n<p>Le mois de mars semble trop t\u00f4t pour d\u00e9j\u00e0 entamer le solde de cong\u00e9s, m\u00eame si c\u2019est bien plus int\u00e9ressant sur le plan financier que le ch\u00f4mage temporaire. La garde des enfants est donc aussi envisag\u00e9e de mani\u00e8re diff\u00e9rente, par exemple en combinaison avec le t\u00e9l\u00e9travail.<\/p>\n<p><strong><em>Prise de cong\u00e9s avec parcimonie, augmentation similaire du ch\u00f4mage temporaire<\/em><\/strong><\/p>\n<p>Comment les parents qui travaillent s\u2019organisent-ils pour garder les enfants lorsque les vacances scolaires sont prolong\u00e9es? ACERTA a pris en compte les chiffres relatifs au ch\u00f4mage temporaire et aux cong\u00e9s. En effet, les personnes qui n\u2019ont pas de solution de garde peuvent demander \u00e0 leur employeur de recourir au ch\u00f4mage temporaire ou prendre des cong\u00e9s.<\/p>\n<p>Au cours des trois premiers jours ouvrables de la semaine suppl\u00e9mentaire pr\u00e9c\u00e9dant les vacances de P\u00e2ques (du 29 au 31 mars 2021), nous constatons une augmentation tant du ch\u00f4mage temporaire que des cong\u00e9s comparativement \u00e0 la semaine pr\u00e9c\u00e9dente (du 22 au 26 mars 2021). L\u2019augmentation du ch\u00f4mage temporaire va de +16,8 % \u00e0 +20,5 % et l\u2019augmentation des cong\u00e9s de +18,4 % \u00e0 +30,1 %, mais elle reste toutefois sous les 2 % du nombre de jours ouvrables.<\/p>\n<p><strong><em>Deux fois plus de cong\u00e9s durant la semaine de vacances scolaires suppl\u00e9mentaire en automne 2020<\/em><\/strong><\/p>\n<p>Durant les vacances d\u2019automne 2020, nous avions d\u00e9j\u00e0 v\u00e9cu la situation o\u00f9 les vacances scolaires sont prolong\u00e9es en raison des mauvais chiffres li\u00e9s au coronavirus, telle que nous la connaissons actuellement avec les vacances de P\u00e2ques. Pendant la semaine suppl\u00e9mentaire o\u00f9 les \u00e9coles ont d\u00fb fermer leurs portes apr\u00e8s les vacances d\u2019automne de l\u2019ann\u00e9e derni\u00e8re (du 9 au 13 novembre 2020), nous avions constat\u00e9 que les parents qui travaillaient avaient essentiellement pris plus de cong\u00e9s. Durant cette semaine, le nombre de jours de cong\u00e9s avait connu une augmentation allant de 45 % \u00e0 plus de 100 %, soit le double ; la proportion de jours ouvrables consacr\u00e9s aux cong\u00e9s avait d\u00e9pass\u00e9 les 8 %. L\u2019incidence sur le ch\u00f4mage temporaire est toutefois rest\u00e9e limit\u00e9e, car la part de ch\u00f4mage temporaire \u00e9tait d\u00e9j\u00e0 plus \u00e9lev\u00e9e.<\/p>\n<p><strong><em>Trop t\u00f4t pour prendre des cong\u00e9s<\/em><\/strong><\/p>\n<p>Laura Couchard, conseill\u00e8re juridique chez Acerta : <em>\u00ab\u00a0Les vacances d\u2019automne de l\u2019ann\u00e9e derni\u00e8re et les vacances de P\u00e2ques actuelles restent deux situations diff\u00e9rentes. En arrivant \u00e0 la fin de l\u2019ann\u00e9e, les travailleurs auront plus tendance \u00e0 regarder leur solde de cong\u00e9s qu\u2019au d\u00e9but de l\u2019ann\u00e9e. Nous constatons en outre qu\u2019un jour f\u00e9ri\u00e9 tombait durant cette semaine de novembre, ce qui invite g\u00e9n\u00e9ralement \u00e0 faire le pont. Pour ceux qui avaient encore des cong\u00e9s en novembre, il \u00e9tait \u00e9galement plus int\u00e9ressant sur le plan financier de prendre cong\u00e9 plut\u00f4t que d\u2019opter pour le ch\u00f4mage temporaire. En revanche, les travailleurs estiment que le mois de mars est encore t\u00f4t pour puiser dans leur r\u00e9serve de cong\u00e9s.\u00a0\u00bb<\/em><\/p>\n<p><strong><em>Combinaison avec le t\u00e9l\u00e9travail et les grands-parents<\/em><\/strong><\/p>\n<p>Laura Couchard : <em>\u00ab\u00a0Les chiffres du ch\u00f4mage temporaire et des cong\u00e9s ont donc augment\u00e9 durant la semaine de vacances scolaires suppl\u00e9mentaire, tout en restant assez faibles. Cela laisse supposer que les parents ont trouv\u00e9 d\u2019autres solutions que la prise de cong\u00e9s. Les personnes qui sont au ch\u00f4mage temporaire en cas de force majeure sont \u00e0 la maison. Celles qui peuvent t\u00e9l\u00e9travailler ressentent moins le besoin de prendre cong\u00e9, surtout si les enfants sont plus grands.\u00a0\u00bb<\/em><\/p>\n<p>Source: Acerta &#8211; les donn\u00e9es recueillies sont bas\u00e9es sur les donn\u00e9es r\u00e9elles d\u2019un ensemble de 240 000 travailleurs en service aupr\u00e8s de plus de 32 000 employeurs du secteur priv\u00e9, auquel appartiennent tant des PME que des grandes entreprises.<\/p>\n","protected":false},"excerpt":{"rendered":"<p>Comment les parents qui travaillent s\u2019organisent-ils pour faire face \u00e0 la (soudaine) prolongation des vacances scolaires ? Le prestataire de services\u2011RH Acerta a constat\u00e9 que pendant la semaine de vacances scolaires suppl\u00e9mentaire qui a pr\u00e9c\u00e9d\u00e9 les vacances de P\u00e2ques, la [&hellip;]<\/p>\n","protected":false},"author":2,"featured_media":0,"comment_status":"closed","ping_status":"open","sticky":false,"template":"","format":"standard","meta":[],"categories":[65,10],"tags":[271,714,2988,219,3344],"yoast_head":"<!-- This site is optimized with the Yoast SEO plugin v21.0 - https:\/\/yoast.com\/wordpress\/plugins\/seo\/ -->\n<title>Vacances de printemps : les travailleurs pr\u00e9f\u00e8rent ne pas trop &#039;consommer&#039; leurs jours de cong\u00e9. - Peoplesphere<\/title>\n<meta name=\"robots\" content=\"index, follow, max-snippet:-1, max-image-preview:large, max-video-preview:-1\" \/>\n<link rel=\"canonical\" href=\"https:\/\/peoplesphere.be\/fr\/vacances-de-printemps-travailleurs-preferent-ne-consommer-leurs-jours-de-conge\/\" \/>\n<meta property=\"og:locale\" content=\"fr_FR\" \/>\n<meta property=\"og:type\" content=\"article\" \/>\n<meta property=\"og:title\" content=\"Vacances de printemps : les travailleurs pr\u00e9f\u00e8rent ne pas trop &#039;consommer&#039; leurs jours de cong\u00e9. - Peoplesphere\" \/>\n<meta property=\"og:description\" content=\"Comment les parents qui travaillent s\u2019organisent-ils pour faire face \u00e0 la (soudaine) prolongation des vacances scolaires ? Le prestataire de services\u2011RH Acerta a constat\u00e9 que pendant la semaine de vacances scolaires suppl\u00e9mentaire qui a pr\u00e9c\u00e9d\u00e9 les vacances de P\u00e2ques, la [&hellip;]\" \/>\n<meta property=\"og:url\" content=\"https:\/\/peoplesphere.be\/fr\/vacances-de-printemps-travailleurs-preferent-ne-consommer-leurs-jours-de-conge\/\" \/>\n<meta property=\"og:site_name\" content=\"Peoplesphere\" \/>\n<meta property=\"article:publisher\" content=\"https:\/\/www.facebook.com\/peoplesphere\" \/>\n<meta property=\"article:published_time\" content=\"2021-04-09T11:55:19+00:00\" \/>\n<meta property=\"og:image\" content=\"http:\/\/www.peoplesphere.be\/fr\/wp-content\/uploads\/2016\/07\/facebook-default-posting-1200x628px.jpg\" \/>\n<meta name=\"author\" content=\"Jean-Paul Erhard\" \/>\n<meta name=\"twitter:card\" content=\"summary_large_image\" \/>\n<meta name=\"twitter:creator\" content=\"@PeoplesphereMag\" \/>\n<meta name=\"twitter:site\" content=\"@PeoplesphereMag\" \/>\n<meta name=\"twitter:label1\" content=\"\u00c9crit par\" \/>\n\t<meta name=\"twitter:data1\" content=\"Jean-Paul Erhard\" \/>\n\t<meta name=\"twitter:label2\" content=\"Dur\u00e9e de lecture estim\u00e9e\" \/>\n\t<meta name=\"twitter:data2\" content=\"4 minutes\" \/>\n<script type=\"application\/ld+json\" class=\"yoast-schema-graph\">{\"@context\":\"https:\/\/schema.org\",\"@graph\":[{\"@type\":\"Article\",\"@id\":\"https:\/\/peoplesphere.be\/fr\/vacances-de-printemps-travailleurs-preferent-ne-consommer-leurs-jours-de-conge\/#article\",\"isPartOf\":{\"@id\":\"https:\/\/peoplesphere.be\/fr\/vacances-de-printemps-travailleurs-preferent-ne-consommer-leurs-jours-de-conge\/\"},\"author\":{\"name\":\"Jean-Paul Erhard\",\"@id\":\"https:\/\/peoplesphere.be\/fr\/#\/schema\/person\/7976225ff17988604334abb7b3536a7e\"},\"headline\":\"Vacances de printemps : les travailleurs pr\u00e9f\u00e8rent ne pas trop &lsquo;consommer&rsquo; leurs jours de cong\u00e9.\",\"datePublished\":\"2021-04-09T11:55:19+00:00\",\"dateModified\":\"2021-04-09T11:55:19+00:00\",\"mainEntityOfPage\":{\"@id\":\"https:\/\/peoplesphere.be\/fr\/vacances-de-printemps-travailleurs-preferent-ne-consommer-leurs-jours-de-conge\/\"},\"wordCount\":751,\"publisher\":{\"@id\":\"https:\/\/peoplesphere.be\/fr\/#organization\"},\"keywords\":[\"acerta\",\"ch\u00f4mage temporaire\",\"cong\u00e9s annuels\",\"t\u00e9l\u00e9travail\",\"vacances de printemps\"],\"articleSection\":[\"Actualit\u00e9s\",\"Digital\"],\"inLanguage\":\"fr-FR\"},{\"@type\":\"WebPage\",\"@id\":\"https:\/\/peoplesphere.be\/fr\/vacances-de-printemps-travailleurs-preferent-ne-consommer-leurs-jours-de-conge\/\",\"url\":\"https:\/\/peoplesphere.be\/fr\/vacances-de-printemps-travailleurs-preferent-ne-consommer-leurs-jours-de-conge\/\",\"name\":\"Vacances de printemps : les travailleurs pr\u00e9f\u00e8rent ne pas trop 'consommer' leurs jours de cong\u00e9. - Peoplesphere\",\"isPartOf\":{\"@id\":\"https:\/\/peoplesphere.be\/fr\/#website\"},\"datePublished\":\"2021-04-09T11:55:19+00:00\",\"dateModified\":\"2021-04-09T11:55:19+00:00\",\"breadcrumb\":{\"@id\":\"https:\/\/peoplesphere.be\/fr\/vacances-de-printemps-travailleurs-preferent-ne-consommer-leurs-jours-de-conge\/#breadcrumb\"},\"inLanguage\":\"fr-FR\",\"potentialAction\":[{\"@type\":\"ReadAction\",\"target\":[\"https:\/\/peoplesphere.be\/fr\/vacances-de-printemps-travailleurs-preferent-ne-consommer-leurs-jours-de-conge\/\"]}]},{\"@type\":\"BreadcrumbList\",\"@id\":\"https:\/\/peoplesphere.be\/fr\/vacances-de-printemps-travailleurs-preferent-ne-consommer-leurs-jours-de-conge\/#breadcrumb\",\"itemListElement\":[{\"@type\":\"ListItem\",\"position\":1,\"name\":\"Accueil\",\"item\":\"https:\/\/peoplesphere.be\/fr\/\"},{\"@type\":\"ListItem\",\"position\":2,\"name\":\"Vacances de printemps : les travailleurs pr\u00e9f\u00e8rent ne pas trop &lsquo;consommer&rsquo; leurs jours de cong\u00e9.\"}]},{\"@type\":\"WebSite\",\"@id\":\"https:\/\/peoplesphere.be\/fr\/#website\",\"url\":\"https:\/\/peoplesphere.be\/fr\/\",\"name\":\"Peoplesphere\",\"description\":\"The People Managers Magazine\",\"publisher\":{\"@id\":\"https:\/\/peoplesphere.be\/fr\/#organization\"},\"potentialAction\":[{\"@type\":\"SearchAction\",\"target\":{\"@type\":\"EntryPoint\",\"urlTemplate\":\"https:\/\/peoplesphere.be\/fr\/?s={search_term_string}\"},\"query-input\":\"required name=search_term_string\"}],\"inLanguage\":\"fr-FR\"},{\"@type\":\"Organization\",\"@id\":\"https:\/\/peoplesphere.be\/fr\/#organization\",\"name\":\"Peoplesphere Company srl\",\"url\":\"https:\/\/peoplesphere.be\/fr\/\",\"logo\":{\"@type\":\"ImageObject\",\"inLanguage\":\"fr-FR\",\"@id\":\"https:\/\/peoplesphere.be\/fr\/#\/schema\/logo\/image\/\",\"url\":\"https:\/\/peoplesphere.be\/fr\/wp-content\/uploads\/2023\/07\/peoplesphere-lgo-new-generik.jpg\",\"contentUrl\":\"https:\/\/peoplesphere.be\/fr\/wp-content\/uploads\/2023\/07\/peoplesphere-lgo-new-generik.jpg\",\"width\":1031,\"height\":1479,\"caption\":\"Peoplesphere Company srl\"},\"image\":{\"@id\":\"https:\/\/peoplesphere.be\/fr\/#\/schema\/logo\/image\/\"},\"sameAs\":[\"https:\/\/www.facebook.com\/peoplesphere\",\"https:\/\/twitter.com\/PeoplesphereMag\",\"https:\/\/www.linkedin.com\/company\/7587361?trk\",\"http:\/\/youtube.com\/peoplesphere\"]},{\"@type\":\"Person\",\"@id\":\"https:\/\/peoplesphere.be\/fr\/#\/schema\/person\/7976225ff17988604334abb7b3536a7e\",\"name\":\"Jean-Paul Erhard\",\"image\":{\"@type\":\"ImageObject\",\"inLanguage\":\"fr-FR\",\"@id\":\"https:\/\/peoplesphere.be\/fr\/#\/schema\/person\/image\/\",\"url\":\"https:\/\/secure.gravatar.com\/avatar\/f941e681460179738071629a51574930?s=96&d=mm&r=g\",\"contentUrl\":\"https:\/\/secure.gravatar.com\/avatar\/f941e681460179738071629a51574930?s=96&d=mm&r=g\",\"caption\":\"Jean-Paul Erhard\"},\"url\":\"https:\/\/peoplesphere.be\/fr\/author\/jpe\/\"}]}<\/script>\n<!-- \/ Yoast SEO plugin. -->","yoast_head_json":{"title":"Vacances de printemps : les travailleurs pr\u00e9f\u00e8rent ne pas trop 'consommer' leurs jours de cong\u00e9. - Peoplesphere","robots":{"index":"index","follow":"follow","max-snippet":"max-snippet:-1","max-image-preview":"max-image-preview:large","max-video-preview":"max-video-preview:-1"},"canonical":"https:\/\/peoplesphere.be\/fr\/vacances-de-printemps-travailleurs-preferent-ne-consommer-leurs-jours-de-conge\/","og_locale":"fr_FR","og_type":"article","og_title":"Vacances de printemps : les travailleurs pr\u00e9f\u00e8rent ne pas trop 'consommer' leurs jours de cong\u00e9. - Peoplesphere","og_description":"Comment les parents qui travaillent s\u2019organisent-ils pour faire face \u00e0 la (soudaine) prolongation des vacances scolaires ? Le prestataire de services\u2011RH Acerta a constat\u00e9 que pendant la semaine de vacances scolaires suppl\u00e9mentaire qui a pr\u00e9c\u00e9d\u00e9 les vacances de P\u00e2ques, la [&hellip;]","og_url":"https:\/\/peoplesphere.be\/fr\/vacances-de-printemps-travailleurs-preferent-ne-consommer-leurs-jours-de-conge\/","og_site_name":"Peoplesphere","article_publisher":"https:\/\/www.facebook.com\/peoplesphere","article_published_time":"2021-04-09T11:55:19+00:00","og_image":[{"url":"http:\/\/www.peoplesphere.be\/fr\/wp-content\/uploads\/2016\/07\/facebook-default-posting-1200x628px.jpg"}],"author":"Jean-Paul Erhard","twitter_card":"summary_large_image","twitter_creator":"@PeoplesphereMag","twitter_site":"@PeoplesphereMag","twitter_misc":{"\u00c9crit par":"Jean-Paul Erhard","Dur\u00e9e de lecture estim\u00e9e":"4 minutes"},"schema":{"@context":"https:\/\/schema.org","@graph":[{"@type":"Article","@id":"https:\/\/peoplesphere.be\/fr\/vacances-de-printemps-travailleurs-preferent-ne-consommer-leurs-jours-de-conge\/#article","isPartOf":{"@id":"https:\/\/peoplesphere.be\/fr\/vacances-de-printemps-travailleurs-preferent-ne-consommer-leurs-jours-de-conge\/"},"author":{"name":"Jean-Paul Erhard","@id":"https:\/\/peoplesphere.be\/fr\/#\/schema\/person\/7976225ff17988604334abb7b3536a7e"},"headline":"Vacances de printemps : les travailleurs pr\u00e9f\u00e8rent ne pas trop &lsquo;consommer&rsquo; leurs jours de cong\u00e9.","datePublished":"2021-04-09T11:55:19+00:00","dateModified":"2021-04-09T11:55:19+00:00","mainEntityOfPage":{"@id":"https:\/\/peoplesphere.be\/fr\/vacances-de-printemps-travailleurs-preferent-ne-consommer-leurs-jours-de-conge\/"},"wordCount":751,"publisher":{"@id":"https:\/\/peoplesphere.be\/fr\/#organization"},"keywords":["acerta","ch\u00f4mage temporaire","cong\u00e9s annuels","t\u00e9l\u00e9travail","vacances de printemps"],"articleSection":["Actualit\u00e9s","Digital"],"inLanguage":"fr-FR"},{"@type":"WebPage","@id":"https:\/\/peoplesphere.be\/fr\/vacances-de-printemps-travailleurs-preferent-ne-consommer-leurs-jours-de-conge\/","url":"https:\/\/peoplesphere.be\/fr\/vacances-de-printemps-travailleurs-preferent-ne-consommer-leurs-jours-de-conge\/","name":"Vacances de printemps : les travailleurs pr\u00e9f\u00e8rent ne pas trop 'consommer' leurs jours de cong\u00e9. - Peoplesphere","isPartOf":{"@id":"https:\/\/peoplesphere.be\/fr\/#website"},"datePublished":"2021-04-09T11:55:19+00:00","dateModified":"2021-04-09T11:55:19+00:00","breadcrumb":{"@id":"https:\/\/peoplesphere.be\/fr\/vacances-de-printemps-travailleurs-preferent-ne-consommer-leurs-jours-de-conge\/#breadcrumb"},"inLanguage":"fr-FR","potentialAction":[{"@type":"ReadAction","target":["https:\/\/peoplesphere.be\/fr\/vacances-de-printemps-travailleurs-preferent-ne-consommer-leurs-jours-de-conge\/"]}]},{"@type":"BreadcrumbList","@id":"https:\/\/peoplesphere.be\/fr\/vacances-de-printemps-travailleurs-preferent-ne-consommer-leurs-jours-de-conge\/#breadcrumb","itemListElement":[{"@type":"ListItem","position":1,"name":"Accueil","item":"https:\/\/peoplesphere.be\/fr\/"},{"@type":"ListItem","position":2,"name":"Vacances de printemps : les travailleurs pr\u00e9f\u00e8rent ne pas trop &lsquo;consommer&rsquo; leurs jours de cong\u00e9."}]},{"@type":"WebSite","@id":"https:\/\/peoplesphere.be\/fr\/#website","url":"https:\/\/peoplesphere.be\/fr\/","name":"Peoplesphere","description":"The People Managers Magazine","publisher":{"@id":"https:\/\/peoplesphere.be\/fr\/#organization"},"potentialAction":[{"@type":"SearchAction","target":{"@type":"EntryPoint","urlTemplate":"https:\/\/peoplesphere.be\/fr\/?s={search_term_string}"},"query-input":"required name=search_term_string"}],"inLanguage":"fr-FR"},{"@type":"Organization","@id":"https:\/\/peoplesphere.be\/fr\/#organization","name":"Peoplesphere Company srl","url":"https:\/\/peoplesphere.be\/fr\/","logo":{"@type":"ImageObject","inLanguage":"fr-FR","@id":"https:\/\/peoplesphere.be\/fr\/#\/schema\/logo\/image\/","url":"https:\/\/peoplesphere.be\/fr\/wp-content\/uploads\/2023\/07\/peoplesphere-lgo-new-generik.jpg","contentUrl":"https:\/\/peoplesphere.be\/fr\/wp-content\/uploads\/2023\/07\/peoplesphere-lgo-new-generik.jpg","width":1031,"height":1479,"caption":"Peoplesphere Company srl"},"image":{"@id":"https:\/\/peoplesphere.be\/fr\/#\/schema\/logo\/image\/"},"sameAs":["https:\/\/www.facebook.com\/peoplesphere","https:\/\/twitter.com\/PeoplesphereMag","https:\/\/www.linkedin.com\/company\/7587361?trk","http:\/\/youtube.com\/peoplesphere"]},{"@type":"Person","@id":"https:\/\/peoplesphere.be\/fr\/#\/schema\/person\/7976225ff17988604334abb7b3536a7e","name":"Jean-Paul Erhard","image":{"@type":"ImageObject","inLanguage":"fr-FR","@id":"https:\/\/peoplesphere.be\/fr\/#\/schema\/person\/image\/","url":"https:\/\/secure.gravatar.com\/avatar\/f941e681460179738071629a51574930?s=96&d=mm&r=g","contentUrl":"https:\/\/secure.gravatar.com\/avatar\/f941e681460179738071629a51574930?s=96&d=mm&r=g","caption":"Jean-Paul Erhard"},"url":"https:\/\/peoplesphere.be\/fr\/author\/jpe\/"}]}},"_links":{"self":[{"href":"https:\/\/peoplesphere.be\/fr\/wp-json\/wp\/v2\/posts\/11140"}],"collection":[{"href":"https:\/\/peoplesphere.be\/fr\/wp-json\/wp\/v2\/posts"}],"about":[{"href":"https:\/\/peoplesphere.be\/fr\/wp-json\/wp\/v2\/types\/post"}],"author":[{"embeddable":true,"href":"https:\/\/peoplesphere.be\/fr\/wp-json\/wp\/v2\/users\/2"}],"replies":[{"embeddable":true,"href":"https:\/\/peoplesphere.be\/fr\/wp-json\/wp\/v2\/comments?post=11140"}],"version-history":[{"count":1,"href":"https:\/\/peoplesphere.be\/fr\/wp-json\/wp\/v2\/posts\/11140\/revisions"}],"predecessor-version":[{"id":11141,"href":"https:\/\/peoplesphere.be\/fr\/wp-json\/wp\/v2\/posts\/11140\/revisions\/11141"}],"wp:attachment":[{"href":"https:\/\/peoplesphere.be\/fr\/wp-json\/wp\/v2\/media?parent=11140"}],"wp:term":[{"taxonomy":"category","embeddable":true,"href":"https:\/\/peoplesphere.be\/fr\/wp-json\/wp\/v2\/categories?post=11140"},{"taxonomy":"post_tag","embeddable":true,"href":"https:\/\/peoplesphere.be\/fr\/wp-json\/wp\/v2\/tags?post=11140"}],"curies":[{"name":"wp","href":"https:\/\/api.w.org\/{rel}","templated":true}]}}