









{"id":11143,"date":"2021-04-12T09:20:48","date_gmt":"2021-04-12T07:20:48","guid":{"rendered":"https:\/\/peoplesphere.be\/fr\/?p=11143"},"modified":"2021-04-12T09:36:49","modified_gmt":"2021-04-12T07:36:49","slug":"ny-aura-de-reprise-economique-durable-celle-nest-centree-lhumain","status":"publish","type":"post","link":"https:\/\/peoplesphere.be\/fr\/ny-aura-de-reprise-economique-durable-celle-nest-centree-lhumain\/","title":{"rendered":"Il n&rsquo;y aura pas de reprise \u00e9conomique durable si celle-ci n&rsquo;est pas centr\u00e9e sur l&rsquo;humain."},"content":{"rendered":"<p>Les strat\u00e9gies de r\u00e9ponse au COVID-19 se doivent d\u2019investir en faveur d\u2019une reprise centr\u00e9e sur l\u2019humain, indique l\u2019OIT \u00e0 la Banque mondiale et au FMI<br \/>\nLa reprise \u00e9conomique et sociale apr\u00e8s la pand\u00e9mie demandera des politiques qui favorisent le travail d\u00e9cent, s&rsquo;attaquent \u00e0 la pauvret\u00e9 et aux in\u00e9galit\u00e9s, et encouragent une reprise verte, a d\u00e9clar\u00e9 le Directeur g\u00e9n\u00e9ral de l&rsquo;OIT lors des r\u00e9unions de printemps de la Banque mondiale et du Fonds mon\u00e9taire international.<!--more--><\/p>\n<p>Les mesures prises pour sortir de la crise \u00e9conomique engendr\u00e9e par le COVID-19 doivent \u00eatre centr\u00e9es sur l\u2019humain et rem\u00e9dier aux difficult\u00e9s auxquelles le monde du travail devait d\u00e9j\u00e0 faire face auparavant, ainsi qu\u2019aux cons\u00e9quences de la pand\u00e9mie, a indiqu\u00e9 Guy Ryder, Directeur g\u00e9n\u00e9ral de l\u2019Organisation internationale du Travail (OIT) aux membres du Comit\u00e9 du d\u00e9veloppement et du Comit\u00e9 mon\u00e9taire et financier international (CMFI) qui se sont r\u00e9unis \u00e0 l\u2019occasion des R\u00e9unions de printemps 2021 du Groupe de la Banque mondiale et du Fonds mon\u00e9taire international (FMI) .<\/p>\n<p>Mentionnant la forte augmentation de la pauvret\u00e9 et des in\u00e9galit\u00e9s depuis le d\u00e9but de la pand\u00e9mie, il a \u00e9galement mis en garde les d\u00e9l\u00e9gu\u00e9s contre le fait que sans un effort concert\u00e9 et \u00e9tendu en mati\u00e8re de politiques, il existait <strong><em>\u00abun risque bien r\u00e9el de voir la crise du COVID-19 laisser derri\u00e8re elle des in\u00e9galit\u00e9s grandissantes et de l\u2019injustice sociale\u00bb.<\/em><\/strong><\/p>\n<p>Il a indiqu\u00e9 qu\u2019une action multilat\u00e9rale coh\u00e9rente \u00e9tait essentielle afin d\u2019assurer que la reprise \u00e9conomique et sociale soit tout autant centr\u00e9e sur l\u2019humain que les cons\u00e9quences de la pand\u00e9mie, soulignant que la D\u00e9claration du centenaire de l\u2019OIT pour l\u2019avenir du travail , adopt\u00e9e en 2019 \u00e0 l\u2019unanimit\u00e9 par les Etats Membres de l\u2019OIT, offrait une feuille de route valid\u00e9e au plan international pour aller vers des soci\u00e9t\u00e9s plus inclusives et plus r\u00e9silientes.<\/p>\n<p><em>\u201c[L\u2019acc\u00e9l\u00e9ration] de la mise en \u0153uvre de cette feuille de route devrait constituer une priorit\u00e9 centrale en mati\u00e8re de politiques publiques et de coop\u00e9ration internationale\u00a0\u00bb<\/em>, a-t-il affirm\u00e9.<\/p>\n<p>Dans sa d\u00e9claration \u00e9crite au Comit\u00e9 du d\u00e9veloppement, M. Ryder a indiqu\u00e9 que la r\u00e9ponse au COVID-19 devait donner la priorit\u00e9 \u00e0 la cr\u00e9ation d\u2019offres de travail d\u00e9cent, et il a cit\u00e9 les quatre composantes n\u00e9cessaires pour aller vers une reprise \u00e9conomique centr\u00e9e sur l\u2019humain qui pourrait \u00e9galement renforcer les capacit\u00e9s de r\u00e9silience face aux chocs futurs. Cela passe notamment par le renforcement des processus de s\u00e9curit\u00e9 et de sant\u00e9 au travail, o\u00f9 l\u2019on constate des cons\u00e9quences importantes au niveau humain en mati\u00e8re de proc\u00e9dures d\u00e9faillantes sur le plan de la s\u00e9curit\u00e9 et de la sant\u00e9, dont on estime le co\u00fbt \u00e9conomique \u00e0 4 pour cent du PIB annuel mondial.<\/p>\n<p>Par ailleurs, il est \u00e9galement n\u00e9cessaire de venir en aide aux populations pauvres et vuln\u00e9rables, y compris en am\u00e9liorant la protection sociale. \u00ab\u00a0<em>Aujourd\u2019hui, nous avons l\u2019occasion d\u2019unir nos efforts autour d\u2019un paradigme commun reconnaissant \u00e0 la fois la valeur et le caract\u00e8re urgent d\u2019un investissement dans des syst\u00e8mes de protection sociale complets et ad\u00e9quats\u00a0\u00bb,<\/em> a-t-il poursuivi.<\/p>\n<p>De plus, le soutien apport\u00e9 \u00e0 la croissance des entreprises et aux cr\u00e9ations d\u2019emplois doit \u00eatre durable et se focaliser sur la qualit\u00e9 des emplois, par le biais de politiques et de mesures touchant l\u2019ensemble des travailleurs et des entreprises, y compris au sein de l\u2019\u00e9conomie informelle.<\/p>\n<p>Il est \u00e9galement n\u00e9cessaire de renforcer les institutions du travail, y compris la libert\u00e9 syndicale, les n\u00e9gociations collectives et d\u2019autres formes de dialogue social \u2013 y compris en ce qui concerne les salaires.<\/p>\n<p>Dans sa d\u00e9claration au CMFI, M. Ryder a soulev\u00e9 la question du changement climatique. Alors m\u00eame que ce dernier menace la stabilit\u00e9 macro-\u00e9conomique ainsi que les moyens de subsistance de millions de personnes, il existe un potentiel consid\u00e9rable pour associer la transition vers un avenir avec de faibles \u00e9missions de carbone et la cr\u00e9ation d\u2019emplois d\u00e9cents.<\/p>\n<p><em>\u00ab\u00a0Les milliards de dollars investis dans le processus de reprise \u00e9conomique peuvent constituer le moteur pour aller vers la durabilit\u00e9 et la cr\u00e9ation d\u2019emplois d\u00e9cents\u00a0\u00bb,<\/em> a -t-il d\u00e9clar\u00e9, ajoutant que, selon les recherches men\u00e9es par l\u2019OIT, une relance verte qui se concentrerait sur des investissements dans les \u00e9nergies renouvelables en allant vers une meilleure productivit\u00e9 et des transports \u00e9cologiques pourrait permettre d\u2019ajouter quelque 20,5 millions d\u2019emplois d\u2019ici 2030.<\/p>\n<p>Pour aboutir \u00e0 cette transition, il serait essentiel d\u2019offrir un acc\u00e8s \u00e9gal aux comp\u00e9tences n\u00e9cessaires et \u00e0 l\u2019apprentissage tout au long de la vie, ce qui constituerait un \u00e9l\u00e9ment essentiel pour un d\u00e9veloppement inclusif et durable, a-t-il ajout\u00e9.<\/p>\n<p>Les R\u00e9unions de printemps de la Banque mondiale et du FMI ont lieu de mani\u00e8re virtuelle entre le 5 et le 11 avril 2021. Le Comit\u00e9 du d\u00e9veloppement et le CMFI ont une mission de conseil aupr\u00e8s des conseils d\u2019administration du Groupe de la Banque Mondiale et du FMI sur des questions d\u2019int\u00e9r\u00eat mondial, y compris en mati\u00e8re de perspectives \u00e9conomiques mondiales, d\u2019\u00e9radication de la pauvret\u00e9, de d\u00e9veloppement \u00e9conomique et d\u2019efficacit\u00e9 des aides octroy\u00e9es.<\/p>\n<p><em>Source: OIT<\/em><\/p>\n","protected":false},"excerpt":{"rendered":"<p>Les strat\u00e9gies de r\u00e9ponse au COVID-19 se doivent d\u2019investir en faveur d\u2019une reprise centr\u00e9e sur l\u2019humain, indique l\u2019OIT \u00e0 la Banque mondiale et au FMI La reprise \u00e9conomique et sociale apr\u00e8s la pand\u00e9mie demandera des politiques qui favorisent le travail [&hellip;]<\/p>\n","protected":false},"author":2,"featured_media":0,"comment_status":"closed","ping_status":"open","sticky":false,"template":"","format":"standard","meta":[],"categories":[65,10],"tags":[1133,2587,584,3021,1114],"yoast_head":"<!-- This site is optimized with the Yoast SEO plugin v21.0 - https:\/\/yoast.com\/wordpress\/plugins\/seo\/ -->\n<title>Il n&#039;y aura pas de reprise \u00e9conomique durable si celle-ci n&#039;est pas centr\u00e9e sur l&#039;humain. - Peoplesphere<\/title>\n<meta name=\"robots\" content=\"index, follow, max-snippet:-1, max-image-preview:large, max-video-preview:-1\" \/>\n<link rel=\"canonical\" href=\"https:\/\/peoplesphere.be\/fr\/ny-aura-de-reprise-economique-durable-celle-nest-centree-lhumain\/\" \/>\n<meta property=\"og:locale\" content=\"fr_FR\" \/>\n<meta property=\"og:type\" content=\"article\" \/>\n<meta property=\"og:title\" content=\"Il n&#039;y aura pas de reprise \u00e9conomique durable si celle-ci n&#039;est pas centr\u00e9e sur l&#039;humain. - Peoplesphere\" \/>\n<meta property=\"og:description\" content=\"Les strat\u00e9gies de r\u00e9ponse au COVID-19 se doivent d\u2019investir en faveur d\u2019une reprise centr\u00e9e sur l\u2019humain, indique l\u2019OIT \u00e0 la Banque mondiale et au FMI La reprise \u00e9conomique et sociale apr\u00e8s la pand\u00e9mie demandera des politiques qui favorisent le travail [&hellip;]\" \/>\n<meta property=\"og:url\" content=\"https:\/\/peoplesphere.be\/fr\/ny-aura-de-reprise-economique-durable-celle-nest-centree-lhumain\/\" \/>\n<meta property=\"og:site_name\" content=\"Peoplesphere\" \/>\n<meta property=\"article:publisher\" content=\"https:\/\/www.facebook.com\/peoplesphere\" \/>\n<meta property=\"article:published_time\" content=\"2021-04-12T07:20:48+00:00\" \/>\n<meta property=\"article:modified_time\" content=\"2021-04-12T07:36:49+00:00\" \/>\n<meta property=\"og:image\" content=\"http:\/\/www.peoplesphere.be\/fr\/wp-content\/uploads\/2016\/07\/facebook-default-posting-1200x628px.jpg\" \/>\n<meta name=\"author\" content=\"Jean-Paul Erhard\" \/>\n<meta name=\"twitter:card\" content=\"summary_large_image\" \/>\n<meta name=\"twitter:creator\" content=\"@PeoplesphereMag\" \/>\n<meta name=\"twitter:site\" content=\"@PeoplesphereMag\" \/>\n<meta name=\"twitter:label1\" content=\"\u00c9crit par\" \/>\n\t<meta name=\"twitter:data1\" content=\"Jean-Paul Erhard\" \/>\n\t<meta name=\"twitter:label2\" content=\"Dur\u00e9e de lecture estim\u00e9e\" \/>\n\t<meta name=\"twitter:data2\" content=\"5 minutes\" \/>\n<script type=\"application\/ld+json\" class=\"yoast-schema-graph\">{\"@context\":\"https:\/\/schema.org\",\"@graph\":[{\"@type\":\"Article\",\"@id\":\"https:\/\/peoplesphere.be\/fr\/ny-aura-de-reprise-economique-durable-celle-nest-centree-lhumain\/#article\",\"isPartOf\":{\"@id\":\"https:\/\/peoplesphere.be\/fr\/ny-aura-de-reprise-economique-durable-celle-nest-centree-lhumain\/\"},\"author\":{\"name\":\"Jean-Paul Erhard\",\"@id\":\"https:\/\/peoplesphere.be\/fr\/#\/schema\/person\/7976225ff17988604334abb7b3536a7e\"},\"headline\":\"Il n&rsquo;y aura pas de reprise \u00e9conomique durable si celle-ci n&rsquo;est pas centr\u00e9e sur l&rsquo;humain.\",\"datePublished\":\"2021-04-12T07:20:48+00:00\",\"dateModified\":\"2021-04-12T07:36:49+00:00\",\"mainEntityOfPage\":{\"@id\":\"https:\/\/peoplesphere.be\/fr\/ny-aura-de-reprise-economique-durable-celle-nest-centree-lhumain\/\"},\"wordCount\":944,\"publisher\":{\"@id\":\"https:\/\/peoplesphere.be\/fr\/#organization\"},\"keywords\":[\"in\u00e9galit\u00e9s\",\"justice sociale\",\"OIT\",\"pand\u00e9mie\",\"travail d\u00e9cent\"],\"articleSection\":[\"Actualit\u00e9s\",\"Digital\"],\"inLanguage\":\"fr-FR\"},{\"@type\":\"WebPage\",\"@id\":\"https:\/\/peoplesphere.be\/fr\/ny-aura-de-reprise-economique-durable-celle-nest-centree-lhumain\/\",\"url\":\"https:\/\/peoplesphere.be\/fr\/ny-aura-de-reprise-economique-durable-celle-nest-centree-lhumain\/\",\"name\":\"Il n'y aura pas de reprise \u00e9conomique durable si celle-ci n'est pas centr\u00e9e sur l'humain. - Peoplesphere\",\"isPartOf\":{\"@id\":\"https:\/\/peoplesphere.be\/fr\/#website\"},\"datePublished\":\"2021-04-12T07:20:48+00:00\",\"dateModified\":\"2021-04-12T07:36:49+00:00\",\"breadcrumb\":{\"@id\":\"https:\/\/peoplesphere.be\/fr\/ny-aura-de-reprise-economique-durable-celle-nest-centree-lhumain\/#breadcrumb\"},\"inLanguage\":\"fr-FR\",\"potentialAction\":[{\"@type\":\"ReadAction\",\"target\":[\"https:\/\/peoplesphere.be\/fr\/ny-aura-de-reprise-economique-durable-celle-nest-centree-lhumain\/\"]}]},{\"@type\":\"BreadcrumbList\",\"@id\":\"https:\/\/peoplesphere.be\/fr\/ny-aura-de-reprise-economique-durable-celle-nest-centree-lhumain\/#breadcrumb\",\"itemListElement\":[{\"@type\":\"ListItem\",\"position\":1,\"name\":\"Accueil\",\"item\":\"https:\/\/peoplesphere.be\/fr\/\"},{\"@type\":\"ListItem\",\"position\":2,\"name\":\"Il n&rsquo;y aura pas de reprise \u00e9conomique durable si celle-ci n&rsquo;est pas centr\u00e9e sur l&rsquo;humain.\"}]},{\"@type\":\"WebSite\",\"@id\":\"https:\/\/peoplesphere.be\/fr\/#website\",\"url\":\"https:\/\/peoplesphere.be\/fr\/\",\"name\":\"Peoplesphere\",\"description\":\"The People Managers Magazine\",\"publisher\":{\"@id\":\"https:\/\/peoplesphere.be\/fr\/#organization\"},\"potentialAction\":[{\"@type\":\"SearchAction\",\"target\":{\"@type\":\"EntryPoint\",\"urlTemplate\":\"https:\/\/peoplesphere.be\/fr\/?s={search_term_string}\"},\"query-input\":\"required name=search_term_string\"}],\"inLanguage\":\"fr-FR\"},{\"@type\":\"Organization\",\"@id\":\"https:\/\/peoplesphere.be\/fr\/#organization\",\"name\":\"Peoplesphere Company srl\",\"url\":\"https:\/\/peoplesphere.be\/fr\/\",\"logo\":{\"@type\":\"ImageObject\",\"inLanguage\":\"fr-FR\",\"@id\":\"https:\/\/peoplesphere.be\/fr\/#\/schema\/logo\/image\/\",\"url\":\"https:\/\/peoplesphere.be\/fr\/wp-content\/uploads\/2023\/07\/peoplesphere-lgo-new-generik.jpg\",\"contentUrl\":\"https:\/\/peoplesphere.be\/fr\/wp-content\/uploads\/2023\/07\/peoplesphere-lgo-new-generik.jpg\",\"width\":1031,\"height\":1479,\"caption\":\"Peoplesphere Company srl\"},\"image\":{\"@id\":\"https:\/\/peoplesphere.be\/fr\/#\/schema\/logo\/image\/\"},\"sameAs\":[\"https:\/\/www.facebook.com\/peoplesphere\",\"https:\/\/twitter.com\/PeoplesphereMag\",\"https:\/\/www.linkedin.com\/company\/7587361?trk\",\"http:\/\/youtube.com\/peoplesphere\"]},{\"@type\":\"Person\",\"@id\":\"https:\/\/peoplesphere.be\/fr\/#\/schema\/person\/7976225ff17988604334abb7b3536a7e\",\"name\":\"Jean-Paul Erhard\",\"image\":{\"@type\":\"ImageObject\",\"inLanguage\":\"fr-FR\",\"@id\":\"https:\/\/peoplesphere.be\/fr\/#\/schema\/person\/image\/\",\"url\":\"https:\/\/secure.gravatar.com\/avatar\/f941e681460179738071629a51574930?s=96&d=mm&r=g\",\"contentUrl\":\"https:\/\/secure.gravatar.com\/avatar\/f941e681460179738071629a51574930?s=96&d=mm&r=g\",\"caption\":\"Jean-Paul Erhard\"},\"url\":\"https:\/\/peoplesphere.be\/fr\/author\/jpe\/\"}]}<\/script>\n<!-- \/ Yoast SEO plugin. -->","yoast_head_json":{"title":"Il n'y aura pas de reprise \u00e9conomique durable si celle-ci n'est pas centr\u00e9e sur l'humain. - Peoplesphere","robots":{"index":"index","follow":"follow","max-snippet":"max-snippet:-1","max-image-preview":"max-image-preview:large","max-video-preview":"max-video-preview:-1"},"canonical":"https:\/\/peoplesphere.be\/fr\/ny-aura-de-reprise-economique-durable-celle-nest-centree-lhumain\/","og_locale":"fr_FR","og_type":"article","og_title":"Il n'y aura pas de reprise \u00e9conomique durable si celle-ci n'est pas centr\u00e9e sur l'humain. - Peoplesphere","og_description":"Les strat\u00e9gies de r\u00e9ponse au COVID-19 se doivent d\u2019investir en faveur d\u2019une reprise centr\u00e9e sur l\u2019humain, indique l\u2019OIT \u00e0 la Banque mondiale et au FMI La reprise \u00e9conomique et sociale apr\u00e8s la pand\u00e9mie demandera des politiques qui favorisent le travail [&hellip;]","og_url":"https:\/\/peoplesphere.be\/fr\/ny-aura-de-reprise-economique-durable-celle-nest-centree-lhumain\/","og_site_name":"Peoplesphere","article_publisher":"https:\/\/www.facebook.com\/peoplesphere","article_published_time":"2021-04-12T07:20:48+00:00","article_modified_time":"2021-04-12T07:36:49+00:00","og_image":[{"url":"http:\/\/www.peoplesphere.be\/fr\/wp-content\/uploads\/2016\/07\/facebook-default-posting-1200x628px.jpg"}],"author":"Jean-Paul Erhard","twitter_card":"summary_large_image","twitter_creator":"@PeoplesphereMag","twitter_site":"@PeoplesphereMag","twitter_misc":{"\u00c9crit par":"Jean-Paul Erhard","Dur\u00e9e de lecture estim\u00e9e":"5 minutes"},"schema":{"@context":"https:\/\/schema.org","@graph":[{"@type":"Article","@id":"https:\/\/peoplesphere.be\/fr\/ny-aura-de-reprise-economique-durable-celle-nest-centree-lhumain\/#article","isPartOf":{"@id":"https:\/\/peoplesphere.be\/fr\/ny-aura-de-reprise-economique-durable-celle-nest-centree-lhumain\/"},"author":{"name":"Jean-Paul Erhard","@id":"https:\/\/peoplesphere.be\/fr\/#\/schema\/person\/7976225ff17988604334abb7b3536a7e"},"headline":"Il n&rsquo;y aura pas de reprise \u00e9conomique durable si celle-ci n&rsquo;est pas centr\u00e9e sur l&rsquo;humain.","datePublished":"2021-04-12T07:20:48+00:00","dateModified":"2021-04-12T07:36:49+00:00","mainEntityOfPage":{"@id":"https:\/\/peoplesphere.be\/fr\/ny-aura-de-reprise-economique-durable-celle-nest-centree-lhumain\/"},"wordCount":944,"publisher":{"@id":"https:\/\/peoplesphere.be\/fr\/#organization"},"keywords":["in\u00e9galit\u00e9s","justice sociale","OIT","pand\u00e9mie","travail d\u00e9cent"],"articleSection":["Actualit\u00e9s","Digital"],"inLanguage":"fr-FR"},{"@type":"WebPage","@id":"https:\/\/peoplesphere.be\/fr\/ny-aura-de-reprise-economique-durable-celle-nest-centree-lhumain\/","url":"https:\/\/peoplesphere.be\/fr\/ny-aura-de-reprise-economique-durable-celle-nest-centree-lhumain\/","name":"Il n'y aura pas de reprise \u00e9conomique durable si celle-ci n'est pas centr\u00e9e sur l'humain. - Peoplesphere","isPartOf":{"@id":"https:\/\/peoplesphere.be\/fr\/#website"},"datePublished":"2021-04-12T07:20:48+00:00","dateModified":"2021-04-12T07:36:49+00:00","breadcrumb":{"@id":"https:\/\/peoplesphere.be\/fr\/ny-aura-de-reprise-economique-durable-celle-nest-centree-lhumain\/#breadcrumb"},"inLanguage":"fr-FR","potentialAction":[{"@type":"ReadAction","target":["https:\/\/peoplesphere.be\/fr\/ny-aura-de-reprise-economique-durable-celle-nest-centree-lhumain\/"]}]},{"@type":"BreadcrumbList","@id":"https:\/\/peoplesphere.be\/fr\/ny-aura-de-reprise-economique-durable-celle-nest-centree-lhumain\/#breadcrumb","itemListElement":[{"@type":"ListItem","position":1,"name":"Accueil","item":"https:\/\/peoplesphere.be\/fr\/"},{"@type":"ListItem","position":2,"name":"Il n&rsquo;y aura pas de reprise \u00e9conomique durable si celle-ci n&rsquo;est pas centr\u00e9e sur l&rsquo;humain."}]},{"@type":"WebSite","@id":"https:\/\/peoplesphere.be\/fr\/#website","url":"https:\/\/peoplesphere.be\/fr\/","name":"Peoplesphere","description":"The People Managers Magazine","publisher":{"@id":"https:\/\/peoplesphere.be\/fr\/#organization"},"potentialAction":[{"@type":"SearchAction","target":{"@type":"EntryPoint","urlTemplate":"https:\/\/peoplesphere.be\/fr\/?s={search_term_string}"},"query-input":"required name=search_term_string"}],"inLanguage":"fr-FR"},{"@type":"Organization","@id":"https:\/\/peoplesphere.be\/fr\/#organization","name":"Peoplesphere Company srl","url":"https:\/\/peoplesphere.be\/fr\/","logo":{"@type":"ImageObject","inLanguage":"fr-FR","@id":"https:\/\/peoplesphere.be\/fr\/#\/schema\/logo\/image\/","url":"https:\/\/peoplesphere.be\/fr\/wp-content\/uploads\/2023\/07\/peoplesphere-lgo-new-generik.jpg","contentUrl":"https:\/\/peoplesphere.be\/fr\/wp-content\/uploads\/2023\/07\/peoplesphere-lgo-new-generik.jpg","width":1031,"height":1479,"caption":"Peoplesphere Company srl"},"image":{"@id":"https:\/\/peoplesphere.be\/fr\/#\/schema\/logo\/image\/"},"sameAs":["https:\/\/www.facebook.com\/peoplesphere","https:\/\/twitter.com\/PeoplesphereMag","https:\/\/www.linkedin.com\/company\/7587361?trk","http:\/\/youtube.com\/peoplesphere"]},{"@type":"Person","@id":"https:\/\/peoplesphere.be\/fr\/#\/schema\/person\/7976225ff17988604334abb7b3536a7e","name":"Jean-Paul Erhard","image":{"@type":"ImageObject","inLanguage":"fr-FR","@id":"https:\/\/peoplesphere.be\/fr\/#\/schema\/person\/image\/","url":"https:\/\/secure.gravatar.com\/avatar\/f941e681460179738071629a51574930?s=96&d=mm&r=g","contentUrl":"https:\/\/secure.gravatar.com\/avatar\/f941e681460179738071629a51574930?s=96&d=mm&r=g","caption":"Jean-Paul Erhard"},"url":"https:\/\/peoplesphere.be\/fr\/author\/jpe\/"}]}},"_links":{"self":[{"href":"https:\/\/peoplesphere.be\/fr\/wp-json\/wp\/v2\/posts\/11143"}],"collection":[{"href":"https:\/\/peoplesphere.be\/fr\/wp-json\/wp\/v2\/posts"}],"about":[{"href":"https:\/\/peoplesphere.be\/fr\/wp-json\/wp\/v2\/types\/post"}],"author":[{"embeddable":true,"href":"https:\/\/peoplesphere.be\/fr\/wp-json\/wp\/v2\/users\/2"}],"replies":[{"embeddable":true,"href":"https:\/\/peoplesphere.be\/fr\/wp-json\/wp\/v2\/comments?post=11143"}],"version-history":[{"count":2,"href":"https:\/\/peoplesphere.be\/fr\/wp-json\/wp\/v2\/posts\/11143\/revisions"}],"predecessor-version":[{"id":11145,"href":"https:\/\/peoplesphere.be\/fr\/wp-json\/wp\/v2\/posts\/11143\/revisions\/11145"}],"wp:attachment":[{"href":"https:\/\/peoplesphere.be\/fr\/wp-json\/wp\/v2\/media?parent=11143"}],"wp:term":[{"taxonomy":"category","embeddable":true,"href":"https:\/\/peoplesphere.be\/fr\/wp-json\/wp\/v2\/categories?post=11143"},{"taxonomy":"post_tag","embeddable":true,"href":"https:\/\/peoplesphere.be\/fr\/wp-json\/wp\/v2\/tags?post=11143"}],"curies":[{"name":"wp","href":"https:\/\/api.w.org\/{rel}","templated":true}]}}