









{"id":11153,"date":"2021-04-14T07:47:02","date_gmt":"2021-04-14T05:47:02","guid":{"rendered":"https:\/\/peoplesphere.be\/fr\/?p=11153"},"modified":"2021-04-14T07:47:02","modified_gmt":"2021-04-14T05:47:02","slug":"grace-a-lelargissement-de-leurs-possibilites-dutilisation-eco-cheques-adaptes-aux-nouveaux-modes-de-consommation-travailleurs","status":"publish","type":"post","link":"https:\/\/peoplesphere.be\/fr\/grace-a-lelargissement-de-leurs-possibilites-dutilisation-eco-cheques-adaptes-aux-nouveaux-modes-de-consommation-travailleurs\/","title":{"rendered":"Gr\u00e2ce \u00e0 l&rsquo;\u00e9largissement de leurs possibilit\u00e9s d&rsquo;utilisation, les \u00e9co-ch\u00e8ques sont-ils adapt\u00e9s aux nouveaux modes de consommation des travailleurs?"},"content":{"rendered":"<p>Presqu\u2019un travailleur sur deux re\u00e7oit des \u00e9co-ch\u00e8ques en Belgique. La liste des produits et services \u00e9ligibles pour un achat avec ses \u00e9co-ch\u00e8ques est d\u00e9j\u00e0 bien fournie et suite \u00e0 la derni\u00e8re mise-\u00e0-jour (mars 2021) du Conseil National du Travail, de nouveaux labels ont \u00e9t\u00e9 introduits afin de faire \u00e9voluer la liste en fonction de nouvelles tendances \u00e9cologiques. <!--more-->VIA, l&rsquo;association des soci\u00e9t\u00e9s \u00e9mettrices des \u00e9co-ch\u00e8ques partage dix fa\u00e7ons originales pour toujours aller un pas plus loin dans la consommation \u00e9coresponsable.<\/p>\n<p><strong><em>Consommer les produits de la mer gr\u00e2ce au label MSC<\/em><\/strong><br \/>\nCela peut sembler inhabituel au premier abord, mais il est d\u00e9sormais possible d\u2019acheter des produits de la mer avec des \u00e9co-ch\u00e8ques. Attention, ceux-ci doivent arborer le label MSC qui r\u00e9pond \u00e0 des crit\u00e8res tr\u00e8s stricts en mati\u00e8re de p\u00eache durable. En effet, l&rsquo;effort de p\u00eache doit se limiter \u00e0 un certain niveau afin de maintenir des stocks durables de poissons, le tout avec un impact environnemental minimalis\u00e9 et une gestion efface des p\u00eacheries. Ce label a pour but d\u2019aider les consommateurs \u00e0 s\u2019y retrouver parmi toutes les offres maritimes, qui rendent parfois les achats compliqu\u00e9s.<\/p>\n<p><strong><em>Prendre un engagement envers la nature avec le label \u00e9co garantie<\/em><\/strong><br \/>\nAutre petit nouveau dans la liste, ce label garantit que la fabrication des produits se d\u00e9roule dans le respect de l\u2019environnement et qu\u2019une partie des ingr\u00e9dients soit issue de l\u2019agriculture biologique. Celui-ci ajoute une grande vari\u00e9t\u00e9 de produits aux paniers du consommateur. On citera notamment les produits pour b\u00e9b\u00e9s, les cosm\u00e9tiques, les huiles essentielles, les produits d\u2019entretien, etc. Et bonne nouvelle, l\u2019usage des OGM est interdit dans ces produits, la nature dira merci.<\/p>\n<p><strong><em>Avoir une belle peau avec le label cosmebio<\/em><\/strong><br \/>\nCe label, cr\u00e9\u00e9 en 2002, provient de l\u2019association de plusieurs soci\u00e9t\u00e9s afin de garantir une composition biologique des cosm\u00e9tiques. Ce label est uniquement attribu\u00e9 aux produits qui respectent certaines normes de production et non \u00e0 une marque compl\u00e8te (tous les produits d\u2019une marque ne sont donc pas n\u00e9cessairement labellis\u00e9 COSMEBIO). Actuellement, ce label repr\u00e9sente plus de 400 producteurs de cosm\u00e9tique bio.<\/p>\n<p><strong><em>A l\u2019abordage des fibres naturelles avec le label Gots<\/em><\/strong><br \/>\nCe label international a \u00e9t\u00e9 cr\u00e9\u00e9 en 2020 pour le textile \u00e9cologique. Il garantit un mode de production \u00e9cologique et socialement responsable.\u202fCe label ne s\u2019int\u00e9resse qu\u2019aux fibres naturelles. Il est d\u00e8s lors d\u00e9sormais possible d\u2019acheter son linge de maison ou des v\u00eatements, par exemple.<\/p>\n<p><strong><em>La location, toujours une bonne solution<\/em><\/strong><br \/>\nIl est \u00e0 pr\u00e9sent possible de louer du mat\u00e9riel avec ses \u00e9co-ch\u00e8ques. Les objets lou\u00e9s doivent notamment r\u00e9pondre aux m\u00eames crit\u00e8res que le seconde-main. Cette nouvelle possibilit\u00e9 a pour but de faciliter la vie des jardiniers en herbe ou des organisateurs d\u2019\u00e9v\u00e9nements priv\u00e9s, quand la situation le permettra \u00e0 nouveau. Et pour l\u2019environnement, mieux vaut louer du mat\u00e9riel occasionnel que de l\u2019acqu\u00e9rir pour l\u2019entreposer dans une cave et ainsi favoriser l\u2019utilisation de ressources pour une production pas vraiment utile.<\/p>\n<p><strong><em>A la conqu\u00eate des potagers et jardins collectifs<\/em><\/strong><br \/>\nSuite aux divers confinements, le jardinage a connu un essor. En effet, les Belges ont trouv\u00e9 de nouvelles fa\u00e7ons d\u2019occuper leur temps libre et ont pris go\u00fbt \u00e0 faire pousser leurs propres l\u00e9gumes ou plantes. De nombreux potagers collectifs ont vu le jour et ont \u00e9t\u00e9 tr\u00e8s pris\u00e9s, notamment dans les grandes villes. Il est donc int\u00e9ressant de savoir que les locations de ses potagers peuvent se faire via les \u00e9co-ch\u00e8ques. Ce nouveau dispositif permet de pousser \u00e0 la production et \u00e0 la consommation locale afin d\u2019\u00e9viter le transport des produits.<\/p>\n<p>A c\u00f4t\u00e9 du renouvellement de la liste, il existe des alternatives parfois oubli\u00e9es et pourtant tr\u00e8s utiles. Une petite piq\u00fbre de rappel ne fait jamais de mal.<\/p>\n<p><strong><em>Tout est permis dans les magasins biogarantis<\/em><\/strong><br \/>\nLes produits labellis\u00e9s Biogarantie assurent au consommateur un lien avec un producteur ou transformateur belge local. D\u00e8s lors, on peut acheter tout ce qui se trouve dans un magasin biogaranti avec les \u00e9co-ch\u00e8ques.<\/p>\n<p><strong><em>Le seconde-main, le shopping qui fait du bien<\/em><\/strong><br \/>\nV\u00eatements, chaussures, maroquinerie, meubles et d\u00e9coration, matelas, jouets et consoles, vaisselles, \u2026 La liste est tr\u00e8s longue de tous les plaisirs que l\u2019on peut s\u2019accorder en seconde-main. Il est d\u2019ailleurs toujours plaisant de d\u00e9ambuler dans les friperies et magasins de meubles d\u2019occasions afin de chiner des pi\u00e8ces uniques. Et ici aussi, toute r\u00e9utilisation d\u2019objet a un impact non n\u00e9gligeable sur les efforts de production et de recyclage.<\/p>\n<p><strong><em>A la d\u00e9couverte de la Belgique avec un staycation vert<\/em><\/strong><br \/>\nLa Belgique a de nombreux coins insoup\u00e7onn\u00e9s \u00e0 offrir \u00e0 ses habitants le temps du confinement (et pas que&#8230;). Pourquoi ne pas profiter d\u2019un moment de d\u00e9tente et d\u2019aventure dans un \u00e9tablissement labellis\u00e9 Cl\u00e9 Verte ? Ceux-ci sont respectueux de l\u2019environnement et des ressources naturelles, et satisfont \u00e0 divers crit\u00e8res portant sur l\u2019eau, l\u2019\u00e9nergie, les d\u00e9chets, les produits d\u2019entretiens, etc.<\/p>\n<p><strong><em>Renouvellement des \u00e9lectrom\u00e9nagers<\/em><\/strong><br \/>\nLes consommateurs peuvent utiliser des \u00e9co-ch\u00e8ques pour les appareils \u00e9lectrom\u00e9nagers dot\u00e9s du nouveau label \u00e9nergie europ\u00e9en, mis en vigueur depuis le 1er mars. Cependant pas de panique, les \u00e9lectrom\u00e9nagers disposant toujours de l\u2019ancien label pourront \u00eatre achet\u00e9s avec des \u00e9co-ch\u00e8ques jusqu\u2019au 1er novembre, le temps que la liste du nouveau label soit compl\u00e8tement \u00e0 jour.\u00a0Il est important de garder \u00e0 l\u2019esprit que pour chaque produit les \u00e9co-ch\u00e8ques sont \u00e9galement valables pour leur location, leur placement, leur entretien, leur r\u00e9paration et leurs \u00e9ventuels filtres.<\/p>\n","protected":false},"excerpt":{"rendered":"<p>Presqu\u2019un travailleur sur deux re\u00e7oit des \u00e9co-ch\u00e8ques en Belgique. La liste des produits et services \u00e9ligibles pour un achat avec ses \u00e9co-ch\u00e8ques est d\u00e9j\u00e0 bien fournie et suite \u00e0 la derni\u00e8re mise-\u00e0-jour (mars 2021) du Conseil National du Travail, de [&hellip;]<\/p>\n","protected":false},"author":2,"featured_media":0,"comment_status":"closed","ping_status":"open","sticky":false,"template":"","format":"standard","meta":[],"categories":[65,10],"tags":[2535,581,3347,148,357],"yoast_head":"<!-- This site is optimized with the Yoast SEO plugin v21.0 - https:\/\/yoast.com\/wordpress\/plugins\/seo\/ -->\n<title>Gr\u00e2ce \u00e0 l&#039;\u00e9largissement de leurs possibilit\u00e9s d&#039;utilisation, les \u00e9co-ch\u00e8ques sont-ils adapt\u00e9s aux nouveaux modes de consommation des travailleurs? - Peoplesphere<\/title>\n<meta name=\"robots\" content=\"index, follow, max-snippet:-1, max-image-preview:large, max-video-preview:-1\" \/>\n<link rel=\"canonical\" href=\"https:\/\/peoplesphere.be\/fr\/grace-a-lelargissement-de-leurs-possibilites-dutilisation-eco-cheques-adaptes-aux-nouveaux-modes-de-consommation-travailleurs\/\" \/>\n<meta property=\"og:locale\" content=\"fr_FR\" \/>\n<meta property=\"og:type\" content=\"article\" \/>\n<meta property=\"og:title\" content=\"Gr\u00e2ce \u00e0 l&#039;\u00e9largissement de leurs possibilit\u00e9s d&#039;utilisation, les \u00e9co-ch\u00e8ques sont-ils adapt\u00e9s aux nouveaux modes de consommation des travailleurs? - Peoplesphere\" \/>\n<meta property=\"og:description\" content=\"Presqu\u2019un travailleur sur deux re\u00e7oit des \u00e9co-ch\u00e8ques en Belgique. La liste des produits et services \u00e9ligibles pour un achat avec ses \u00e9co-ch\u00e8ques est d\u00e9j\u00e0 bien fournie et suite \u00e0 la derni\u00e8re mise-\u00e0-jour (mars 2021) du Conseil National du Travail, de [&hellip;]\" \/>\n<meta property=\"og:url\" content=\"https:\/\/peoplesphere.be\/fr\/grace-a-lelargissement-de-leurs-possibilites-dutilisation-eco-cheques-adaptes-aux-nouveaux-modes-de-consommation-travailleurs\/\" \/>\n<meta property=\"og:site_name\" content=\"Peoplesphere\" \/>\n<meta property=\"article:publisher\" content=\"https:\/\/www.facebook.com\/peoplesphere\" \/>\n<meta property=\"article:published_time\" content=\"2021-04-14T05:47:02+00:00\" \/>\n<meta property=\"og:image\" content=\"http:\/\/www.peoplesphere.be\/fr\/wp-content\/uploads\/2016\/07\/facebook-default-posting-1200x628px.jpg\" \/>\n<meta name=\"author\" content=\"Jean-Paul Erhard\" \/>\n<meta name=\"twitter:card\" content=\"summary_large_image\" \/>\n<meta name=\"twitter:creator\" content=\"@PeoplesphereMag\" \/>\n<meta name=\"twitter:site\" content=\"@PeoplesphereMag\" \/>\n<meta name=\"twitter:label1\" content=\"\u00c9crit par\" \/>\n\t<meta name=\"twitter:data1\" content=\"Jean-Paul Erhard\" \/>\n\t<meta name=\"twitter:label2\" content=\"Dur\u00e9e de lecture estim\u00e9e\" \/>\n\t<meta name=\"twitter:data2\" content=\"5 minutes\" \/>\n<script type=\"application\/ld+json\" class=\"yoast-schema-graph\">{\"@context\":\"https:\/\/schema.org\",\"@graph\":[{\"@type\":\"Article\",\"@id\":\"https:\/\/peoplesphere.be\/fr\/grace-a-lelargissement-de-leurs-possibilites-dutilisation-eco-cheques-adaptes-aux-nouveaux-modes-de-consommation-travailleurs\/#article\",\"isPartOf\":{\"@id\":\"https:\/\/peoplesphere.be\/fr\/grace-a-lelargissement-de-leurs-possibilites-dutilisation-eco-cheques-adaptes-aux-nouveaux-modes-de-consommation-travailleurs\/\"},\"author\":{\"name\":\"Jean-Paul Erhard\",\"@id\":\"https:\/\/peoplesphere.be\/fr\/#\/schema\/person\/7976225ff17988604334abb7b3536a7e\"},\"headline\":\"Gr\u00e2ce \u00e0 l&rsquo;\u00e9largissement de leurs possibilit\u00e9s d&rsquo;utilisation, les \u00e9co-ch\u00e8ques sont-ils adapt\u00e9s aux nouveaux modes de consommation des travailleurs?\",\"datePublished\":\"2021-04-14T05:47:02+00:00\",\"dateModified\":\"2021-04-14T05:47:02+00:00\",\"mainEntityOfPage\":{\"@id\":\"https:\/\/peoplesphere.be\/fr\/grace-a-lelargissement-de-leurs-possibilites-dutilisation-eco-cheques-adaptes-aux-nouveaux-modes-de-consommation-travailleurs\/\"},\"wordCount\":999,\"publisher\":{\"@id\":\"https:\/\/peoplesphere.be\/fr\/#organization\"},\"keywords\":[\"consommation\",\"\u00e9co-ch\u00e8ques\",\"\u00e9co-responsabilit\u00e9\",\"pouvoir d'achat\",\"VIA\"],\"articleSection\":[\"Actualit\u00e9s\",\"Digital\"],\"inLanguage\":\"fr-FR\"},{\"@type\":\"WebPage\",\"@id\":\"https:\/\/peoplesphere.be\/fr\/grace-a-lelargissement-de-leurs-possibilites-dutilisation-eco-cheques-adaptes-aux-nouveaux-modes-de-consommation-travailleurs\/\",\"url\":\"https:\/\/peoplesphere.be\/fr\/grace-a-lelargissement-de-leurs-possibilites-dutilisation-eco-cheques-adaptes-aux-nouveaux-modes-de-consommation-travailleurs\/\",\"name\":\"Gr\u00e2ce \u00e0 l'\u00e9largissement de leurs possibilit\u00e9s d'utilisation, les \u00e9co-ch\u00e8ques sont-ils adapt\u00e9s aux nouveaux modes de consommation des travailleurs? - Peoplesphere\",\"isPartOf\":{\"@id\":\"https:\/\/peoplesphere.be\/fr\/#website\"},\"datePublished\":\"2021-04-14T05:47:02+00:00\",\"dateModified\":\"2021-04-14T05:47:02+00:00\",\"breadcrumb\":{\"@id\":\"https:\/\/peoplesphere.be\/fr\/grace-a-lelargissement-de-leurs-possibilites-dutilisation-eco-cheques-adaptes-aux-nouveaux-modes-de-consommation-travailleurs\/#breadcrumb\"},\"inLanguage\":\"fr-FR\",\"potentialAction\":[{\"@type\":\"ReadAction\",\"target\":[\"https:\/\/peoplesphere.be\/fr\/grace-a-lelargissement-de-leurs-possibilites-dutilisation-eco-cheques-adaptes-aux-nouveaux-modes-de-consommation-travailleurs\/\"]}]},{\"@type\":\"BreadcrumbList\",\"@id\":\"https:\/\/peoplesphere.be\/fr\/grace-a-lelargissement-de-leurs-possibilites-dutilisation-eco-cheques-adaptes-aux-nouveaux-modes-de-consommation-travailleurs\/#breadcrumb\",\"itemListElement\":[{\"@type\":\"ListItem\",\"position\":1,\"name\":\"Accueil\",\"item\":\"https:\/\/peoplesphere.be\/fr\/\"},{\"@type\":\"ListItem\",\"position\":2,\"name\":\"Gr\u00e2ce \u00e0 l&rsquo;\u00e9largissement de leurs possibilit\u00e9s d&rsquo;utilisation, les \u00e9co-ch\u00e8ques sont-ils adapt\u00e9s aux nouveaux modes de consommation des travailleurs?\"}]},{\"@type\":\"WebSite\",\"@id\":\"https:\/\/peoplesphere.be\/fr\/#website\",\"url\":\"https:\/\/peoplesphere.be\/fr\/\",\"name\":\"Peoplesphere\",\"description\":\"The People Managers Magazine\",\"publisher\":{\"@id\":\"https:\/\/peoplesphere.be\/fr\/#organization\"},\"potentialAction\":[{\"@type\":\"SearchAction\",\"target\":{\"@type\":\"EntryPoint\",\"urlTemplate\":\"https:\/\/peoplesphere.be\/fr\/?s={search_term_string}\"},\"query-input\":\"required name=search_term_string\"}],\"inLanguage\":\"fr-FR\"},{\"@type\":\"Organization\",\"@id\":\"https:\/\/peoplesphere.be\/fr\/#organization\",\"name\":\"Peoplesphere Company srl\",\"url\":\"https:\/\/peoplesphere.be\/fr\/\",\"logo\":{\"@type\":\"ImageObject\",\"inLanguage\":\"fr-FR\",\"@id\":\"https:\/\/peoplesphere.be\/fr\/#\/schema\/logo\/image\/\",\"url\":\"https:\/\/peoplesphere.be\/fr\/wp-content\/uploads\/2023\/07\/peoplesphere-lgo-new-generik.jpg\",\"contentUrl\":\"https:\/\/peoplesphere.be\/fr\/wp-content\/uploads\/2023\/07\/peoplesphere-lgo-new-generik.jpg\",\"width\":1031,\"height\":1479,\"caption\":\"Peoplesphere Company srl\"},\"image\":{\"@id\":\"https:\/\/peoplesphere.be\/fr\/#\/schema\/logo\/image\/\"},\"sameAs\":[\"https:\/\/www.facebook.com\/peoplesphere\",\"https:\/\/twitter.com\/PeoplesphereMag\",\"https:\/\/www.linkedin.com\/company\/7587361?trk\",\"http:\/\/youtube.com\/peoplesphere\"]},{\"@type\":\"Person\",\"@id\":\"https:\/\/peoplesphere.be\/fr\/#\/schema\/person\/7976225ff17988604334abb7b3536a7e\",\"name\":\"Jean-Paul Erhard\",\"image\":{\"@type\":\"ImageObject\",\"inLanguage\":\"fr-FR\",\"@id\":\"https:\/\/peoplesphere.be\/fr\/#\/schema\/person\/image\/\",\"url\":\"https:\/\/secure.gravatar.com\/avatar\/f941e681460179738071629a51574930?s=96&d=mm&r=g\",\"contentUrl\":\"https:\/\/secure.gravatar.com\/avatar\/f941e681460179738071629a51574930?s=96&d=mm&r=g\",\"caption\":\"Jean-Paul Erhard\"},\"url\":\"https:\/\/peoplesphere.be\/fr\/author\/jpe\/\"}]}<\/script>\n<!-- \/ Yoast SEO plugin. -->","yoast_head_json":{"title":"Gr\u00e2ce \u00e0 l'\u00e9largissement de leurs possibilit\u00e9s d'utilisation, les \u00e9co-ch\u00e8ques sont-ils adapt\u00e9s aux nouveaux modes de consommation des travailleurs? - Peoplesphere","robots":{"index":"index","follow":"follow","max-snippet":"max-snippet:-1","max-image-preview":"max-image-preview:large","max-video-preview":"max-video-preview:-1"},"canonical":"https:\/\/peoplesphere.be\/fr\/grace-a-lelargissement-de-leurs-possibilites-dutilisation-eco-cheques-adaptes-aux-nouveaux-modes-de-consommation-travailleurs\/","og_locale":"fr_FR","og_type":"article","og_title":"Gr\u00e2ce \u00e0 l'\u00e9largissement de leurs possibilit\u00e9s d'utilisation, les \u00e9co-ch\u00e8ques sont-ils adapt\u00e9s aux nouveaux modes de consommation des travailleurs? - Peoplesphere","og_description":"Presqu\u2019un travailleur sur deux re\u00e7oit des \u00e9co-ch\u00e8ques en Belgique. La liste des produits et services \u00e9ligibles pour un achat avec ses \u00e9co-ch\u00e8ques est d\u00e9j\u00e0 bien fournie et suite \u00e0 la derni\u00e8re mise-\u00e0-jour (mars 2021) du Conseil National du Travail, de [&hellip;]","og_url":"https:\/\/peoplesphere.be\/fr\/grace-a-lelargissement-de-leurs-possibilites-dutilisation-eco-cheques-adaptes-aux-nouveaux-modes-de-consommation-travailleurs\/","og_site_name":"Peoplesphere","article_publisher":"https:\/\/www.facebook.com\/peoplesphere","article_published_time":"2021-04-14T05:47:02+00:00","og_image":[{"url":"http:\/\/www.peoplesphere.be\/fr\/wp-content\/uploads\/2016\/07\/facebook-default-posting-1200x628px.jpg"}],"author":"Jean-Paul Erhard","twitter_card":"summary_large_image","twitter_creator":"@PeoplesphereMag","twitter_site":"@PeoplesphereMag","twitter_misc":{"\u00c9crit par":"Jean-Paul Erhard","Dur\u00e9e de lecture estim\u00e9e":"5 minutes"},"schema":{"@context":"https:\/\/schema.org","@graph":[{"@type":"Article","@id":"https:\/\/peoplesphere.be\/fr\/grace-a-lelargissement-de-leurs-possibilites-dutilisation-eco-cheques-adaptes-aux-nouveaux-modes-de-consommation-travailleurs\/#article","isPartOf":{"@id":"https:\/\/peoplesphere.be\/fr\/grace-a-lelargissement-de-leurs-possibilites-dutilisation-eco-cheques-adaptes-aux-nouveaux-modes-de-consommation-travailleurs\/"},"author":{"name":"Jean-Paul Erhard","@id":"https:\/\/peoplesphere.be\/fr\/#\/schema\/person\/7976225ff17988604334abb7b3536a7e"},"headline":"Gr\u00e2ce \u00e0 l&rsquo;\u00e9largissement de leurs possibilit\u00e9s d&rsquo;utilisation, les \u00e9co-ch\u00e8ques sont-ils adapt\u00e9s aux nouveaux modes de consommation des travailleurs?","datePublished":"2021-04-14T05:47:02+00:00","dateModified":"2021-04-14T05:47:02+00:00","mainEntityOfPage":{"@id":"https:\/\/peoplesphere.be\/fr\/grace-a-lelargissement-de-leurs-possibilites-dutilisation-eco-cheques-adaptes-aux-nouveaux-modes-de-consommation-travailleurs\/"},"wordCount":999,"publisher":{"@id":"https:\/\/peoplesphere.be\/fr\/#organization"},"keywords":["consommation","\u00e9co-ch\u00e8ques","\u00e9co-responsabilit\u00e9","pouvoir d'achat","VIA"],"articleSection":["Actualit\u00e9s","Digital"],"inLanguage":"fr-FR"},{"@type":"WebPage","@id":"https:\/\/peoplesphere.be\/fr\/grace-a-lelargissement-de-leurs-possibilites-dutilisation-eco-cheques-adaptes-aux-nouveaux-modes-de-consommation-travailleurs\/","url":"https:\/\/peoplesphere.be\/fr\/grace-a-lelargissement-de-leurs-possibilites-dutilisation-eco-cheques-adaptes-aux-nouveaux-modes-de-consommation-travailleurs\/","name":"Gr\u00e2ce \u00e0 l'\u00e9largissement de leurs possibilit\u00e9s d'utilisation, les \u00e9co-ch\u00e8ques sont-ils adapt\u00e9s aux nouveaux modes de consommation des travailleurs? - Peoplesphere","isPartOf":{"@id":"https:\/\/peoplesphere.be\/fr\/#website"},"datePublished":"2021-04-14T05:47:02+00:00","dateModified":"2021-04-14T05:47:02+00:00","breadcrumb":{"@id":"https:\/\/peoplesphere.be\/fr\/grace-a-lelargissement-de-leurs-possibilites-dutilisation-eco-cheques-adaptes-aux-nouveaux-modes-de-consommation-travailleurs\/#breadcrumb"},"inLanguage":"fr-FR","potentialAction":[{"@type":"ReadAction","target":["https:\/\/peoplesphere.be\/fr\/grace-a-lelargissement-de-leurs-possibilites-dutilisation-eco-cheques-adaptes-aux-nouveaux-modes-de-consommation-travailleurs\/"]}]},{"@type":"BreadcrumbList","@id":"https:\/\/peoplesphere.be\/fr\/grace-a-lelargissement-de-leurs-possibilites-dutilisation-eco-cheques-adaptes-aux-nouveaux-modes-de-consommation-travailleurs\/#breadcrumb","itemListElement":[{"@type":"ListItem","position":1,"name":"Accueil","item":"https:\/\/peoplesphere.be\/fr\/"},{"@type":"ListItem","position":2,"name":"Gr\u00e2ce \u00e0 l&rsquo;\u00e9largissement de leurs possibilit\u00e9s d&rsquo;utilisation, les \u00e9co-ch\u00e8ques sont-ils adapt\u00e9s aux nouveaux modes de consommation des travailleurs?"}]},{"@type":"WebSite","@id":"https:\/\/peoplesphere.be\/fr\/#website","url":"https:\/\/peoplesphere.be\/fr\/","name":"Peoplesphere","description":"The People Managers Magazine","publisher":{"@id":"https:\/\/peoplesphere.be\/fr\/#organization"},"potentialAction":[{"@type":"SearchAction","target":{"@type":"EntryPoint","urlTemplate":"https:\/\/peoplesphere.be\/fr\/?s={search_term_string}"},"query-input":"required name=search_term_string"}],"inLanguage":"fr-FR"},{"@type":"Organization","@id":"https:\/\/peoplesphere.be\/fr\/#organization","name":"Peoplesphere Company srl","url":"https:\/\/peoplesphere.be\/fr\/","logo":{"@type":"ImageObject","inLanguage":"fr-FR","@id":"https:\/\/peoplesphere.be\/fr\/#\/schema\/logo\/image\/","url":"https:\/\/peoplesphere.be\/fr\/wp-content\/uploads\/2023\/07\/peoplesphere-lgo-new-generik.jpg","contentUrl":"https:\/\/peoplesphere.be\/fr\/wp-content\/uploads\/2023\/07\/peoplesphere-lgo-new-generik.jpg","width":1031,"height":1479,"caption":"Peoplesphere Company srl"},"image":{"@id":"https:\/\/peoplesphere.be\/fr\/#\/schema\/logo\/image\/"},"sameAs":["https:\/\/www.facebook.com\/peoplesphere","https:\/\/twitter.com\/PeoplesphereMag","https:\/\/www.linkedin.com\/company\/7587361?trk","http:\/\/youtube.com\/peoplesphere"]},{"@type":"Person","@id":"https:\/\/peoplesphere.be\/fr\/#\/schema\/person\/7976225ff17988604334abb7b3536a7e","name":"Jean-Paul Erhard","image":{"@type":"ImageObject","inLanguage":"fr-FR","@id":"https:\/\/peoplesphere.be\/fr\/#\/schema\/person\/image\/","url":"https:\/\/secure.gravatar.com\/avatar\/f941e681460179738071629a51574930?s=96&d=mm&r=g","contentUrl":"https:\/\/secure.gravatar.com\/avatar\/f941e681460179738071629a51574930?s=96&d=mm&r=g","caption":"Jean-Paul Erhard"},"url":"https:\/\/peoplesphere.be\/fr\/author\/jpe\/"}]}},"_links":{"self":[{"href":"https:\/\/peoplesphere.be\/fr\/wp-json\/wp\/v2\/posts\/11153"}],"collection":[{"href":"https:\/\/peoplesphere.be\/fr\/wp-json\/wp\/v2\/posts"}],"about":[{"href":"https:\/\/peoplesphere.be\/fr\/wp-json\/wp\/v2\/types\/post"}],"author":[{"embeddable":true,"href":"https:\/\/peoplesphere.be\/fr\/wp-json\/wp\/v2\/users\/2"}],"replies":[{"embeddable":true,"href":"https:\/\/peoplesphere.be\/fr\/wp-json\/wp\/v2\/comments?post=11153"}],"version-history":[{"count":1,"href":"https:\/\/peoplesphere.be\/fr\/wp-json\/wp\/v2\/posts\/11153\/revisions"}],"predecessor-version":[{"id":11154,"href":"https:\/\/peoplesphere.be\/fr\/wp-json\/wp\/v2\/posts\/11153\/revisions\/11154"}],"wp:attachment":[{"href":"https:\/\/peoplesphere.be\/fr\/wp-json\/wp\/v2\/media?parent=11153"}],"wp:term":[{"taxonomy":"category","embeddable":true,"href":"https:\/\/peoplesphere.be\/fr\/wp-json\/wp\/v2\/categories?post=11153"},{"taxonomy":"post_tag","embeddable":true,"href":"https:\/\/peoplesphere.be\/fr\/wp-json\/wp\/v2\/tags?post=11153"}],"curies":[{"name":"wp","href":"https:\/\/api.w.org\/{rel}","templated":true}]}}