









{"id":11168,"date":"2021-04-21T08:27:20","date_gmt":"2021-04-21T06:27:20","guid":{"rendered":"https:\/\/peoplesphere.be\/fr\/?p=11168"},"modified":"2021-04-21T08:27:20","modified_gmt":"2021-04-21T06:27:20","slug":"retour-bureau-a-raison-dun-jour-semaine-de-preference-jeudi-collaborateurs-de-salesforce","status":"publish","type":"post","link":"https:\/\/peoplesphere.be\/fr\/retour-bureau-a-raison-dun-jour-semaine-de-preference-jeudi-collaborateurs-de-salesforce\/","title":{"rendered":"Retour au bureau \u00e0 raison d&rsquo;un jour par semaine? De pr\u00e9f\u00e9rence le jeudi pour les collaborateurs de Salesforce&#8230;"},"content":{"rendered":"<p>A l\u2019heure o\u00f9 les campagnes de vaccination s\u2019acc\u00e9l\u00e8rent partout dans le monde et o\u00f9 les entreprises et les salari\u00e9s commencent \u00e0 r\u00e9fl\u00e9chir plus concr\u00e8tement aux nouvelles modalit\u00e9s d\u2019une semaine de travail dans un monde post-pand\u00e9mie, les retours d&rsquo;exp\u00e9rience seront pr\u00e9cieux afin de soutenir les initiatives en faveur d&rsquo;un retour progressif au bureau. L&rsquo;entreprise am\u00e9ricaine Salesforce rouvrira les portes de plusieurs de son quartier g\u00e9n\u00e9ral de San Francisco et de ses bureaux de Palo Alto et d\u2019Irvine en Californie. 22 bureaux ont d\u2019ores et d\u00e9j\u00e0 r\u00e9ouvert \u00e0 travers le monde et les premi\u00e8res exp\u00e9riences procurent un aper\u00e7u int\u00e9ressant de ce \u00e0 quoi ressemble le \u201cnouveau travail\u201d.<!--more--><\/p>\n<p>La confiance et la transparence sont des aspects essentiels d\u2019une strat\u00e9gie de r\u00e9ouverture. Rien en effet n\u2019est plus important que la confiance des collaborateurs, des clients et des partenaires. Salesforce adopte une d\u00e9marche progressive, bas\u00e9e sur des donn\u00e9es scientifiques, afin de faire en sorte que toutes les parties concern\u00e9es se sentent en s\u00e9curit\u00e9 et bien soutenues dans leur environnement de bureau :<\/p>\n<p><em><strong>Phase 1 :<\/strong><\/em> Retour volontaire pour des groupes de personnes vaccin\u00e9es dans certains bureaux am\u00e9ricains, \u00e0 commencer par la Salesforce Tower \u00e0 San Francisco et les sites de Palo Alto et d\u2019Irvine<\/p>\n<p><strong><em>Phase 2 :<\/em><\/strong> Dans le cadre d\u2019un processus de r\u00e9ouverture \u00e9chelonn\u00e9e dans le temps, des bureaux rouvriront progressivement, selon une capacit\u00e9 de 20 \u00e0 75%, en fonction des donn\u00e9es Covid et des directives locales. Lors de cette phase, Salesforce accueillera aussi bien des collaborateurs vaccin\u00e9s que des coll\u00e8gues non vaccin\u00e9s.<\/p>\n<p><strong><em>Phase 3 :<\/em><\/strong> R\u00e9ouverture totale d\u2019un bureau, \u00e0 pleine capacit\u00e9. La vaccination demeure recommand\u00e9e et des tests seront disponibles l\u00e0 o\u00f9 cela sera possible.<\/p>\n<p>Pour sa strat\u00e9gie de r\u00e9ouverture, Salesforce s\u2019appuie sur l\u2019exp\u00e9rience acquise par les premiers bureaux ayant rouvert leurs portes, en l\u2019occurrence dans la zone Asie-Pacifique. Il s\u2019av\u00e8re que les bureaux y sont surtout utilis\u00e9s \u00e0 des fins de collaboration et pour restaurer des liens entre coll\u00e8gues. Selon les premiers enseignements livr\u00e9s, 80% des espaces de travail collaboratif sont utilis\u00e9s les mercredis et jeudis. Le jeudi semble donc d\u00e9tr\u00f4ner le lundi comme la journ\u00e9e o\u00f9 la plupart des individus d\u00e9sirent travailler au bureau. Une enqu\u00eate interne a par ailleurs d\u00e9montr\u00e9 qu\u2019un regain de flexibilit\u00e9 dans l\u2019organisation du travail et la possibilit\u00e9 de travailler \u00e0 partir de diff\u00e9rents endroits se traduisent par une augmentation de productivit\u00e9 de 16% au niveau de l\u2019individu et de 13% au niveau d\u2019une \u00e9quipe. Selon cette nouvelle approche du travail, les bureaux deviennent surtout des lieux o\u00f9 collaborer et se rencontrer. 64% des espaces de travail collaboratif sont utilis\u00e9s dans les b\u00e2timents r\u00e9ouverts tandis que seulement 24% des bureaux sont utilis\u00e9s.<\/p>\n<p><em>\u00ab\u00a0Nous sommes heureux de pouvoir r\u00e9envisager tout doucement l\u2019avenir et concevoir planifier concr\u00e8tement les modes de travail et le visage de l\u2019espace de bureau, une fois la pand\u00e9mie termin\u00e9e\u00a0\u00bb<\/em>, d\u00e9clare Angelique de Vries, directrice g\u00e9n\u00e9rale de Salesforce pour l\u2019Europe du Nord. <em>\u00ab\u00a0La r\u00e9ouverture de la Salesforce Tower, notre quartier g\u00e9n\u00e9ral de San Francisco, fait plus particuli\u00e8rement figure de jalon majeur. Ce qui nous a motiv\u00e9, en plus des premi\u00e8res exp\u00e9riences effectu\u00e9es avec d\u2019autres bureaux ayant rouvert leurs portes, est le fait que 72% de nos effectifs d\u00e9clarent d\u00e9sormais vouloir retourner au bureau alors qu\u2019ils n\u2019\u00e9taient encore que 32% \u00e0 le souhaiter en juin de l\u2019ann\u00e9e derni\u00e8re. Collaborer et se retrouver dans un m\u00eame espace physique leur manquent. C\u2019est plus particuli\u00e8rement le cas parmi la G\u00e9n\u00e9ration Z. Leur d\u00e9sir de travailler exclusivement au bureau est deux fois sup\u00e9rieur \u00e0 celui des employ\u00e9s de la g\u00e9n\u00e9ration des baby boomers ou de la Gen X. A l\u2019aide de Work.com, nous avons tout pr\u00e9par\u00e9 afin d\u2019aider nos collaborateurs \u00e0 effectuer un retour au bureau, en toute s\u00e9curit\u00e9 et selon des mesures sanitaires garanties, d\u00e8s l\u2019instant o\u00f9 la situation le permettra, dans chaque pays concern\u00e9.\u00a0\u00bb<\/em><\/p>\n","protected":false},"excerpt":{"rendered":"<p>A l\u2019heure o\u00f9 les campagnes de vaccination s\u2019acc\u00e9l\u00e8rent partout dans le monde et o\u00f9 les entreprises et les salari\u00e9s commencent \u00e0 r\u00e9fl\u00e9chir plus concr\u00e8tement aux nouvelles modalit\u00e9s d\u2019une semaine de travail dans un monde post-pand\u00e9mie, les retours d&rsquo;exp\u00e9rience seront pr\u00e9cieux [&hellip;]<\/p>\n","protected":false},"author":2,"featured_media":0,"comment_status":"closed","ping_status":"open","sticky":false,"template":"","format":"standard","meta":[],"categories":[65,10],"tags":[165,432,3205,179,3353,2723],"yoast_head":"<!-- This site is optimized with the Yoast SEO plugin v21.0 - https:\/\/yoast.com\/wordpress\/plugins\/seo\/ -->\n<title>Retour au bureau \u00e0 raison d&#039;un jour par semaine? De pr\u00e9f\u00e9rence le jeudi pour les collaborateurs de Salesforce... - Peoplesphere<\/title>\n<meta name=\"robots\" content=\"index, follow, max-snippet:-1, max-image-preview:large, max-video-preview:-1\" \/>\n<link rel=\"canonical\" href=\"https:\/\/peoplesphere.be\/fr\/retour-bureau-a-raison-dun-jour-semaine-de-preference-jeudi-collaborateurs-de-salesforce\/\" \/>\n<meta property=\"og:locale\" content=\"fr_FR\" \/>\n<meta property=\"og:type\" content=\"article\" \/>\n<meta property=\"og:title\" content=\"Retour au bureau \u00e0 raison d&#039;un jour par semaine? De pr\u00e9f\u00e9rence le jeudi pour les collaborateurs de Salesforce... - Peoplesphere\" \/>\n<meta property=\"og:description\" content=\"A l\u2019heure o\u00f9 les campagnes de vaccination s\u2019acc\u00e9l\u00e8rent partout dans le monde et o\u00f9 les entreprises et les salari\u00e9s commencent \u00e0 r\u00e9fl\u00e9chir plus concr\u00e8tement aux nouvelles modalit\u00e9s d\u2019une semaine de travail dans un monde post-pand\u00e9mie, les retours d&rsquo;exp\u00e9rience seront pr\u00e9cieux [&hellip;]\" \/>\n<meta property=\"og:url\" content=\"https:\/\/peoplesphere.be\/fr\/retour-bureau-a-raison-dun-jour-semaine-de-preference-jeudi-collaborateurs-de-salesforce\/\" \/>\n<meta property=\"og:site_name\" content=\"Peoplesphere\" \/>\n<meta property=\"article:publisher\" content=\"https:\/\/www.facebook.com\/peoplesphere\" \/>\n<meta property=\"article:published_time\" content=\"2021-04-21T06:27:20+00:00\" \/>\n<meta property=\"og:image\" content=\"http:\/\/www.peoplesphere.be\/fr\/wp-content\/uploads\/2016\/07\/facebook-default-posting-1200x628px.jpg\" \/>\n<meta name=\"author\" content=\"Jean-Paul Erhard\" \/>\n<meta name=\"twitter:card\" content=\"summary_large_image\" \/>\n<meta name=\"twitter:creator\" content=\"@PeoplesphereMag\" \/>\n<meta name=\"twitter:site\" content=\"@PeoplesphereMag\" \/>\n<meta name=\"twitter:label1\" content=\"\u00c9crit par\" \/>\n\t<meta name=\"twitter:data1\" content=\"Jean-Paul Erhard\" \/>\n\t<meta name=\"twitter:label2\" content=\"Dur\u00e9e de lecture estim\u00e9e\" \/>\n\t<meta name=\"twitter:data2\" content=\"4 minutes\" \/>\n<script type=\"application\/ld+json\" class=\"yoast-schema-graph\">{\"@context\":\"https:\/\/schema.org\",\"@graph\":[{\"@type\":\"Article\",\"@id\":\"https:\/\/peoplesphere.be\/fr\/retour-bureau-a-raison-dun-jour-semaine-de-preference-jeudi-collaborateurs-de-salesforce\/#article\",\"isPartOf\":{\"@id\":\"https:\/\/peoplesphere.be\/fr\/retour-bureau-a-raison-dun-jour-semaine-de-preference-jeudi-collaborateurs-de-salesforce\/\"},\"author\":{\"name\":\"Jean-Paul Erhard\",\"@id\":\"https:\/\/peoplesphere.be\/fr\/#\/schema\/person\/7976225ff17988604334abb7b3536a7e\"},\"headline\":\"Retour au bureau \u00e0 raison d&rsquo;un jour par semaine? De pr\u00e9f\u00e9rence le jeudi pour les collaborateurs de Salesforce&#8230;\",\"datePublished\":\"2021-04-21T06:27:20+00:00\",\"dateModified\":\"2021-04-21T06:27:20+00:00\",\"mainEntityOfPage\":{\"@id\":\"https:\/\/peoplesphere.be\/fr\/retour-bureau-a-raison-dun-jour-semaine-de-preference-jeudi-collaborateurs-de-salesforce\/\"},\"wordCount\":731,\"publisher\":{\"@id\":\"https:\/\/peoplesphere.be\/fr\/#organization\"},\"keywords\":[\"environnement de travail\",\"intelligence collective\",\"post-covid\",\"productivit\u00e9\",\"Salesforce\",\"vaccination\"],\"articleSection\":[\"Actualit\u00e9s\",\"Digital\"],\"inLanguage\":\"fr-FR\"},{\"@type\":\"WebPage\",\"@id\":\"https:\/\/peoplesphere.be\/fr\/retour-bureau-a-raison-dun-jour-semaine-de-preference-jeudi-collaborateurs-de-salesforce\/\",\"url\":\"https:\/\/peoplesphere.be\/fr\/retour-bureau-a-raison-dun-jour-semaine-de-preference-jeudi-collaborateurs-de-salesforce\/\",\"name\":\"Retour au bureau \u00e0 raison d'un jour par semaine? De pr\u00e9f\u00e9rence le jeudi pour les collaborateurs de Salesforce... - Peoplesphere\",\"isPartOf\":{\"@id\":\"https:\/\/peoplesphere.be\/fr\/#website\"},\"datePublished\":\"2021-04-21T06:27:20+00:00\",\"dateModified\":\"2021-04-21T06:27:20+00:00\",\"breadcrumb\":{\"@id\":\"https:\/\/peoplesphere.be\/fr\/retour-bureau-a-raison-dun-jour-semaine-de-preference-jeudi-collaborateurs-de-salesforce\/#breadcrumb\"},\"inLanguage\":\"fr-FR\",\"potentialAction\":[{\"@type\":\"ReadAction\",\"target\":[\"https:\/\/peoplesphere.be\/fr\/retour-bureau-a-raison-dun-jour-semaine-de-preference-jeudi-collaborateurs-de-salesforce\/\"]}]},{\"@type\":\"BreadcrumbList\",\"@id\":\"https:\/\/peoplesphere.be\/fr\/retour-bureau-a-raison-dun-jour-semaine-de-preference-jeudi-collaborateurs-de-salesforce\/#breadcrumb\",\"itemListElement\":[{\"@type\":\"ListItem\",\"position\":1,\"name\":\"Accueil\",\"item\":\"https:\/\/peoplesphere.be\/fr\/\"},{\"@type\":\"ListItem\",\"position\":2,\"name\":\"Retour au bureau \u00e0 raison d&rsquo;un jour par semaine? De pr\u00e9f\u00e9rence le jeudi pour les collaborateurs de Salesforce&#8230;\"}]},{\"@type\":\"WebSite\",\"@id\":\"https:\/\/peoplesphere.be\/fr\/#website\",\"url\":\"https:\/\/peoplesphere.be\/fr\/\",\"name\":\"Peoplesphere\",\"description\":\"The People Managers Magazine\",\"publisher\":{\"@id\":\"https:\/\/peoplesphere.be\/fr\/#organization\"},\"potentialAction\":[{\"@type\":\"SearchAction\",\"target\":{\"@type\":\"EntryPoint\",\"urlTemplate\":\"https:\/\/peoplesphere.be\/fr\/?s={search_term_string}\"},\"query-input\":\"required name=search_term_string\"}],\"inLanguage\":\"fr-FR\"},{\"@type\":\"Organization\",\"@id\":\"https:\/\/peoplesphere.be\/fr\/#organization\",\"name\":\"Peoplesphere Company srl\",\"url\":\"https:\/\/peoplesphere.be\/fr\/\",\"logo\":{\"@type\":\"ImageObject\",\"inLanguage\":\"fr-FR\",\"@id\":\"https:\/\/peoplesphere.be\/fr\/#\/schema\/logo\/image\/\",\"url\":\"https:\/\/peoplesphere.be\/fr\/wp-content\/uploads\/2023\/07\/peoplesphere-lgo-new-generik.jpg\",\"contentUrl\":\"https:\/\/peoplesphere.be\/fr\/wp-content\/uploads\/2023\/07\/peoplesphere-lgo-new-generik.jpg\",\"width\":1031,\"height\":1479,\"caption\":\"Peoplesphere Company srl\"},\"image\":{\"@id\":\"https:\/\/peoplesphere.be\/fr\/#\/schema\/logo\/image\/\"},\"sameAs\":[\"https:\/\/www.facebook.com\/peoplesphere\",\"https:\/\/twitter.com\/PeoplesphereMag\",\"https:\/\/www.linkedin.com\/company\/7587361?trk\",\"http:\/\/youtube.com\/peoplesphere\"]},{\"@type\":\"Person\",\"@id\":\"https:\/\/peoplesphere.be\/fr\/#\/schema\/person\/7976225ff17988604334abb7b3536a7e\",\"name\":\"Jean-Paul Erhard\",\"image\":{\"@type\":\"ImageObject\",\"inLanguage\":\"fr-FR\",\"@id\":\"https:\/\/peoplesphere.be\/fr\/#\/schema\/person\/image\/\",\"url\":\"https:\/\/secure.gravatar.com\/avatar\/f941e681460179738071629a51574930?s=96&d=mm&r=g\",\"contentUrl\":\"https:\/\/secure.gravatar.com\/avatar\/f941e681460179738071629a51574930?s=96&d=mm&r=g\",\"caption\":\"Jean-Paul Erhard\"},\"url\":\"https:\/\/peoplesphere.be\/fr\/author\/jpe\/\"}]}<\/script>\n<!-- \/ Yoast SEO plugin. -->","yoast_head_json":{"title":"Retour au bureau \u00e0 raison d'un jour par semaine? De pr\u00e9f\u00e9rence le jeudi pour les collaborateurs de Salesforce... - Peoplesphere","robots":{"index":"index","follow":"follow","max-snippet":"max-snippet:-1","max-image-preview":"max-image-preview:large","max-video-preview":"max-video-preview:-1"},"canonical":"https:\/\/peoplesphere.be\/fr\/retour-bureau-a-raison-dun-jour-semaine-de-preference-jeudi-collaborateurs-de-salesforce\/","og_locale":"fr_FR","og_type":"article","og_title":"Retour au bureau \u00e0 raison d'un jour par semaine? De pr\u00e9f\u00e9rence le jeudi pour les collaborateurs de Salesforce... - Peoplesphere","og_description":"A l\u2019heure o\u00f9 les campagnes de vaccination s\u2019acc\u00e9l\u00e8rent partout dans le monde et o\u00f9 les entreprises et les salari\u00e9s commencent \u00e0 r\u00e9fl\u00e9chir plus concr\u00e8tement aux nouvelles modalit\u00e9s d\u2019une semaine de travail dans un monde post-pand\u00e9mie, les retours d&rsquo;exp\u00e9rience seront pr\u00e9cieux [&hellip;]","og_url":"https:\/\/peoplesphere.be\/fr\/retour-bureau-a-raison-dun-jour-semaine-de-preference-jeudi-collaborateurs-de-salesforce\/","og_site_name":"Peoplesphere","article_publisher":"https:\/\/www.facebook.com\/peoplesphere","article_published_time":"2021-04-21T06:27:20+00:00","og_image":[{"url":"http:\/\/www.peoplesphere.be\/fr\/wp-content\/uploads\/2016\/07\/facebook-default-posting-1200x628px.jpg"}],"author":"Jean-Paul Erhard","twitter_card":"summary_large_image","twitter_creator":"@PeoplesphereMag","twitter_site":"@PeoplesphereMag","twitter_misc":{"\u00c9crit par":"Jean-Paul Erhard","Dur\u00e9e de lecture estim\u00e9e":"4 minutes"},"schema":{"@context":"https:\/\/schema.org","@graph":[{"@type":"Article","@id":"https:\/\/peoplesphere.be\/fr\/retour-bureau-a-raison-dun-jour-semaine-de-preference-jeudi-collaborateurs-de-salesforce\/#article","isPartOf":{"@id":"https:\/\/peoplesphere.be\/fr\/retour-bureau-a-raison-dun-jour-semaine-de-preference-jeudi-collaborateurs-de-salesforce\/"},"author":{"name":"Jean-Paul Erhard","@id":"https:\/\/peoplesphere.be\/fr\/#\/schema\/person\/7976225ff17988604334abb7b3536a7e"},"headline":"Retour au bureau \u00e0 raison d&rsquo;un jour par semaine? De pr\u00e9f\u00e9rence le jeudi pour les collaborateurs de Salesforce&#8230;","datePublished":"2021-04-21T06:27:20+00:00","dateModified":"2021-04-21T06:27:20+00:00","mainEntityOfPage":{"@id":"https:\/\/peoplesphere.be\/fr\/retour-bureau-a-raison-dun-jour-semaine-de-preference-jeudi-collaborateurs-de-salesforce\/"},"wordCount":731,"publisher":{"@id":"https:\/\/peoplesphere.be\/fr\/#organization"},"keywords":["environnement de travail","intelligence collective","post-covid","productivit\u00e9","Salesforce","vaccination"],"articleSection":["Actualit\u00e9s","Digital"],"inLanguage":"fr-FR"},{"@type":"WebPage","@id":"https:\/\/peoplesphere.be\/fr\/retour-bureau-a-raison-dun-jour-semaine-de-preference-jeudi-collaborateurs-de-salesforce\/","url":"https:\/\/peoplesphere.be\/fr\/retour-bureau-a-raison-dun-jour-semaine-de-preference-jeudi-collaborateurs-de-salesforce\/","name":"Retour au bureau \u00e0 raison d'un jour par semaine? De pr\u00e9f\u00e9rence le jeudi pour les collaborateurs de Salesforce... - Peoplesphere","isPartOf":{"@id":"https:\/\/peoplesphere.be\/fr\/#website"},"datePublished":"2021-04-21T06:27:20+00:00","dateModified":"2021-04-21T06:27:20+00:00","breadcrumb":{"@id":"https:\/\/peoplesphere.be\/fr\/retour-bureau-a-raison-dun-jour-semaine-de-preference-jeudi-collaborateurs-de-salesforce\/#breadcrumb"},"inLanguage":"fr-FR","potentialAction":[{"@type":"ReadAction","target":["https:\/\/peoplesphere.be\/fr\/retour-bureau-a-raison-dun-jour-semaine-de-preference-jeudi-collaborateurs-de-salesforce\/"]}]},{"@type":"BreadcrumbList","@id":"https:\/\/peoplesphere.be\/fr\/retour-bureau-a-raison-dun-jour-semaine-de-preference-jeudi-collaborateurs-de-salesforce\/#breadcrumb","itemListElement":[{"@type":"ListItem","position":1,"name":"Accueil","item":"https:\/\/peoplesphere.be\/fr\/"},{"@type":"ListItem","position":2,"name":"Retour au bureau \u00e0 raison d&rsquo;un jour par semaine? De pr\u00e9f\u00e9rence le jeudi pour les collaborateurs de Salesforce&#8230;"}]},{"@type":"WebSite","@id":"https:\/\/peoplesphere.be\/fr\/#website","url":"https:\/\/peoplesphere.be\/fr\/","name":"Peoplesphere","description":"The People Managers Magazine","publisher":{"@id":"https:\/\/peoplesphere.be\/fr\/#organization"},"potentialAction":[{"@type":"SearchAction","target":{"@type":"EntryPoint","urlTemplate":"https:\/\/peoplesphere.be\/fr\/?s={search_term_string}"},"query-input":"required name=search_term_string"}],"inLanguage":"fr-FR"},{"@type":"Organization","@id":"https:\/\/peoplesphere.be\/fr\/#organization","name":"Peoplesphere Company srl","url":"https:\/\/peoplesphere.be\/fr\/","logo":{"@type":"ImageObject","inLanguage":"fr-FR","@id":"https:\/\/peoplesphere.be\/fr\/#\/schema\/logo\/image\/","url":"https:\/\/peoplesphere.be\/fr\/wp-content\/uploads\/2023\/07\/peoplesphere-lgo-new-generik.jpg","contentUrl":"https:\/\/peoplesphere.be\/fr\/wp-content\/uploads\/2023\/07\/peoplesphere-lgo-new-generik.jpg","width":1031,"height":1479,"caption":"Peoplesphere Company srl"},"image":{"@id":"https:\/\/peoplesphere.be\/fr\/#\/schema\/logo\/image\/"},"sameAs":["https:\/\/www.facebook.com\/peoplesphere","https:\/\/twitter.com\/PeoplesphereMag","https:\/\/www.linkedin.com\/company\/7587361?trk","http:\/\/youtube.com\/peoplesphere"]},{"@type":"Person","@id":"https:\/\/peoplesphere.be\/fr\/#\/schema\/person\/7976225ff17988604334abb7b3536a7e","name":"Jean-Paul Erhard","image":{"@type":"ImageObject","inLanguage":"fr-FR","@id":"https:\/\/peoplesphere.be\/fr\/#\/schema\/person\/image\/","url":"https:\/\/secure.gravatar.com\/avatar\/f941e681460179738071629a51574930?s=96&d=mm&r=g","contentUrl":"https:\/\/secure.gravatar.com\/avatar\/f941e681460179738071629a51574930?s=96&d=mm&r=g","caption":"Jean-Paul Erhard"},"url":"https:\/\/peoplesphere.be\/fr\/author\/jpe\/"}]}},"_links":{"self":[{"href":"https:\/\/peoplesphere.be\/fr\/wp-json\/wp\/v2\/posts\/11168"}],"collection":[{"href":"https:\/\/peoplesphere.be\/fr\/wp-json\/wp\/v2\/posts"}],"about":[{"href":"https:\/\/peoplesphere.be\/fr\/wp-json\/wp\/v2\/types\/post"}],"author":[{"embeddable":true,"href":"https:\/\/peoplesphere.be\/fr\/wp-json\/wp\/v2\/users\/2"}],"replies":[{"embeddable":true,"href":"https:\/\/peoplesphere.be\/fr\/wp-json\/wp\/v2\/comments?post=11168"}],"version-history":[{"count":1,"href":"https:\/\/peoplesphere.be\/fr\/wp-json\/wp\/v2\/posts\/11168\/revisions"}],"predecessor-version":[{"id":11169,"href":"https:\/\/peoplesphere.be\/fr\/wp-json\/wp\/v2\/posts\/11168\/revisions\/11169"}],"wp:attachment":[{"href":"https:\/\/peoplesphere.be\/fr\/wp-json\/wp\/v2\/media?parent=11168"}],"wp:term":[{"taxonomy":"category","embeddable":true,"href":"https:\/\/peoplesphere.be\/fr\/wp-json\/wp\/v2\/categories?post=11168"},{"taxonomy":"post_tag","embeddable":true,"href":"https:\/\/peoplesphere.be\/fr\/wp-json\/wp\/v2\/tags?post=11168"}],"curies":[{"name":"wp","href":"https:\/\/api.w.org\/{rel}","templated":true}]}}