









{"id":11177,"date":"2021-04-22T10:25:26","date_gmt":"2021-04-22T08:25:26","guid":{"rendered":"https:\/\/peoplesphere.be\/fr\/?p=11177"},"modified":"2021-04-22T10:25:26","modified_gmt":"2021-04-22T08:25:26","slug":"parentswork-linstitut-legalite-femmes-hommes-organise-webinaire-23-avril-ameliorer-lequilibre-prive-professionnel","status":"publish","type":"post","link":"https:\/\/peoplesphere.be\/fr\/parentswork-linstitut-legalite-femmes-hommes-organise-webinaire-23-avril-ameliorer-lequilibre-prive-professionnel\/","title":{"rendered":"Parents@work &#8211; L&rsquo;Institut pour l&rsquo;\u00e9galit\u00e9 des femmes et des hommes organise un webinaire ce 23 avril pour am\u00e9liorer l&rsquo;\u00e9quilibre priv\u00e9\/professionnel."},"content":{"rendered":"<p>Que mettent en place les entreprises pour renforcer la conciliation de la vie priv\u00e9e et de la vie professionnelle de leurs employ\u00e9-e-s? Cette question sera au centre du webinaire organis\u00e9 par l\u2019Institut pour l\u2019\u00e9galit\u00e9 des femmes et des hommes ce vendredi 23 avril 2021 dans le cadre du projet Parents@work. Objectif: partager les bonnes pratiques des entreprises pour favoriser l&rsquo;\u00e9quilibre de la vie professionnelle et de la vie priv\u00e9e.<!--more--><\/p>\n<p>Si beaucoup d\u2019entreprises sont convaincues par les aspects positifs d\u2019une conciliation \u00e9quilibr\u00e9e de la vie priv\u00e9e et de la vie professionnelle pour leurs travailleu-r-se-s et ce, tant en termes de bien-\u00eatre au travail que de productivit\u00e9, il n\u2019est pas toujours \u00e9vident, pour les employeurs, de trouver la bonne formule.<\/p>\n<p>Dans le cadre du projet Parents@work, l&rsquo;Institut a recueilli aupr\u00e8s de diff\u00e9rentes entreprises plusieurs exemples de pratiques innovantes qui favorisent l&rsquo;\u00e9quilibre de la vie professionnelle et de la vie priv\u00e9e des hommes et des femmes.<\/p>\n<p>Concr\u00e8tement, quatre entreprises ont \u00e9t\u00e9 s\u00e9lectionn\u00e9es pour pr\u00e9senter leurs bonnes pratiques : cong\u00e9 de paternit\u00e9 allong\u00e9, assistance au niveau des t\u00e2ches m\u00e9nag\u00e8res, intervention financi\u00e8re dans les frais de garde d\u2019enfants ou encore flexibilit\u00e9 accrue \u00e0 la demande des travailleu-r-se-s en sont quelques exemples.<\/p>\n<p>Lors de ce webinaire les entreprises partageront leurs exp\u00e9riences avec d\u2019autres employeurs et responsables RH afin de les aider \u00e0 \u00e9laborer des politiques de conciliation favorables aux parents et \u00e0 l\u2019\u00e9galit\u00e9.<\/p>\n<p>Un d\u00e9bat sera ensuite organis\u00e9 avec des repr\u00e9sentants des employeurs (FEB et UNIZO) autour des questions suivantes : Comment aborder ces questions en tant qu\u2019employeur ? Quelles mesures instaurer ? Quels sont les facteurs de r\u00e9ussite ? Est-ce possible dans une PME ?<\/p>\n<p>Enfin, ce webinaire sera \u00e9galement l\u2019occasion de pr\u00e9senter une <a href=\"https:\/\/igvm-iefh-action.be\/fr\/accueil.html\">bo\u00eete \u00e0 outils en ligne<\/a> contenant de nombreuses bonnes pratiques ainsi que des checklists pratiques pour aider les employeurs dans leurs d\u00e9marches.<\/p>\n<p>La conciliation de la vie priv\u00e9e et de la vie professionnelle est un enjeu majeur pour les entreprises mais aussi pour toute la soci\u00e9t\u00e9. La crise du COVID nous a rappel\u00e9 \u00e0 quel point les femmes assumaient une grande partie des t\u00e2ches domestiques et de soins. Il s\u2019agit aujourd\u2019hui de pendre des mesures qui permettront d\u2019am\u00e9liorer la conciliation tout en renfor\u00e7ant l\u2019\u00e9galit\u00e9 de genre sur le march\u00e9 du travail.<\/p>\n<p>&nbsp;<\/p>\n<p><em>Source : Institut pour l&rsquo;\u00e9galit\u00e9 des femmes et des hommes<\/em><\/p>\n<p>&nbsp;<\/p>\n","protected":false},"excerpt":{"rendered":"<p>Que mettent en place les entreprises pour renforcer la conciliation de la vie priv\u00e9e et de la vie professionnelle de leurs employ\u00e9-e-s? Cette question sera au centre du webinaire organis\u00e9 par l\u2019Institut pour l\u2019\u00e9galit\u00e9 des femmes et des hommes ce [&hellip;]<\/p>\n","protected":false},"author":2,"featured_media":0,"comment_status":"closed","ping_status":"open","sticky":false,"template":"","format":"standard","meta":[],"categories":[65,10],"tags":[96,292,647,3356],"yoast_head":"<!-- This site is optimized with the Yoast SEO plugin v21.0 - https:\/\/yoast.com\/wordpress\/plugins\/seo\/ -->\n<title>Parents@work - L&#039;Institut pour l&#039;\u00e9galit\u00e9 des femmes et des hommes organise un webinaire ce 23 avril pour am\u00e9liorer l&#039;\u00e9quilibre priv\u00e9\/professionnel. - Peoplesphere<\/title>\n<meta name=\"robots\" content=\"index, follow, max-snippet:-1, max-image-preview:large, max-video-preview:-1\" \/>\n<link rel=\"canonical\" href=\"https:\/\/peoplesphere.be\/fr\/parentswork-linstitut-legalite-femmes-hommes-organise-webinaire-23-avril-ameliorer-lequilibre-prive-professionnel\/\" \/>\n<meta property=\"og:locale\" content=\"fr_FR\" \/>\n<meta property=\"og:type\" content=\"article\" \/>\n<meta property=\"og:title\" content=\"Parents@work - L&#039;Institut pour l&#039;\u00e9galit\u00e9 des femmes et des hommes organise un webinaire ce 23 avril pour am\u00e9liorer l&#039;\u00e9quilibre priv\u00e9\/professionnel. - Peoplesphere\" \/>\n<meta property=\"og:description\" content=\"Que mettent en place les entreprises pour renforcer la conciliation de la vie priv\u00e9e et de la vie professionnelle de leurs employ\u00e9-e-s? Cette question sera au centre du webinaire organis\u00e9 par l\u2019Institut pour l\u2019\u00e9galit\u00e9 des femmes et des hommes ce [&hellip;]\" \/>\n<meta property=\"og:url\" content=\"https:\/\/peoplesphere.be\/fr\/parentswork-linstitut-legalite-femmes-hommes-organise-webinaire-23-avril-ameliorer-lequilibre-prive-professionnel\/\" \/>\n<meta property=\"og:site_name\" content=\"Peoplesphere\" \/>\n<meta property=\"article:publisher\" content=\"https:\/\/www.facebook.com\/peoplesphere\" \/>\n<meta property=\"article:published_time\" content=\"2021-04-22T08:25:26+00:00\" \/>\n<meta property=\"og:image\" content=\"http:\/\/www.peoplesphere.be\/fr\/wp-content\/uploads\/2016\/07\/facebook-default-posting-1200x628px.jpg\" \/>\n<meta name=\"author\" content=\"Jean-Paul Erhard\" \/>\n<meta name=\"twitter:card\" content=\"summary_large_image\" \/>\n<meta name=\"twitter:creator\" content=\"@PeoplesphereMag\" \/>\n<meta name=\"twitter:site\" content=\"@PeoplesphereMag\" \/>\n<meta name=\"twitter:label1\" content=\"\u00c9crit par\" \/>\n\t<meta name=\"twitter:data1\" content=\"Jean-Paul Erhard\" \/>\n\t<meta name=\"twitter:label2\" content=\"Dur\u00e9e de lecture estim\u00e9e\" \/>\n\t<meta name=\"twitter:data2\" content=\"2 minutes\" \/>\n<script type=\"application\/ld+json\" class=\"yoast-schema-graph\">{\"@context\":\"https:\/\/schema.org\",\"@graph\":[{\"@type\":\"Article\",\"@id\":\"https:\/\/peoplesphere.be\/fr\/parentswork-linstitut-legalite-femmes-hommes-organise-webinaire-23-avril-ameliorer-lequilibre-prive-professionnel\/#article\",\"isPartOf\":{\"@id\":\"https:\/\/peoplesphere.be\/fr\/parentswork-linstitut-legalite-femmes-hommes-organise-webinaire-23-avril-ameliorer-lequilibre-prive-professionnel\/\"},\"author\":{\"name\":\"Jean-Paul Erhard\",\"@id\":\"https:\/\/peoplesphere.be\/fr\/#\/schema\/person\/7976225ff17988604334abb7b3536a7e\"},\"headline\":\"Parents@work &#8211; L&rsquo;Institut pour l&rsquo;\u00e9galit\u00e9 des femmes et des hommes organise un webinaire ce 23 avril pour am\u00e9liorer l&rsquo;\u00e9quilibre priv\u00e9\/professionnel.\",\"datePublished\":\"2021-04-22T08:25:26+00:00\",\"dateModified\":\"2021-04-22T08:25:26+00:00\",\"mainEntityOfPage\":{\"@id\":\"https:\/\/peoplesphere.be\/fr\/parentswork-linstitut-legalite-femmes-hommes-organise-webinaire-23-avril-ameliorer-lequilibre-prive-professionnel\/\"},\"wordCount\":440,\"publisher\":{\"@id\":\"https:\/\/peoplesphere.be\/fr\/#organization\"},\"keywords\":[\"bien-\u00eatre\",\"\u00e9galit\u00e9 des genres\",\"\u00e9quilibre priv\u00e9\/professionnel\",\"Parents@work\"],\"articleSection\":[\"Actualit\u00e9s\",\"Digital\"],\"inLanguage\":\"fr-FR\"},{\"@type\":\"WebPage\",\"@id\":\"https:\/\/peoplesphere.be\/fr\/parentswork-linstitut-legalite-femmes-hommes-organise-webinaire-23-avril-ameliorer-lequilibre-prive-professionnel\/\",\"url\":\"https:\/\/peoplesphere.be\/fr\/parentswork-linstitut-legalite-femmes-hommes-organise-webinaire-23-avril-ameliorer-lequilibre-prive-professionnel\/\",\"name\":\"Parents@work - L'Institut pour l'\u00e9galit\u00e9 des femmes et des hommes organise un webinaire ce 23 avril pour am\u00e9liorer l'\u00e9quilibre priv\u00e9\/professionnel. - Peoplesphere\",\"isPartOf\":{\"@id\":\"https:\/\/peoplesphere.be\/fr\/#website\"},\"datePublished\":\"2021-04-22T08:25:26+00:00\",\"dateModified\":\"2021-04-22T08:25:26+00:00\",\"breadcrumb\":{\"@id\":\"https:\/\/peoplesphere.be\/fr\/parentswork-linstitut-legalite-femmes-hommes-organise-webinaire-23-avril-ameliorer-lequilibre-prive-professionnel\/#breadcrumb\"},\"inLanguage\":\"fr-FR\",\"potentialAction\":[{\"@type\":\"ReadAction\",\"target\":[\"https:\/\/peoplesphere.be\/fr\/parentswork-linstitut-legalite-femmes-hommes-organise-webinaire-23-avril-ameliorer-lequilibre-prive-professionnel\/\"]}]},{\"@type\":\"BreadcrumbList\",\"@id\":\"https:\/\/peoplesphere.be\/fr\/parentswork-linstitut-legalite-femmes-hommes-organise-webinaire-23-avril-ameliorer-lequilibre-prive-professionnel\/#breadcrumb\",\"itemListElement\":[{\"@type\":\"ListItem\",\"position\":1,\"name\":\"Accueil\",\"item\":\"https:\/\/peoplesphere.be\/fr\/\"},{\"@type\":\"ListItem\",\"position\":2,\"name\":\"Parents@work &#8211; L&rsquo;Institut pour l&rsquo;\u00e9galit\u00e9 des femmes et des hommes organise un webinaire ce 23 avril pour am\u00e9liorer l&rsquo;\u00e9quilibre priv\u00e9\/professionnel.\"}]},{\"@type\":\"WebSite\",\"@id\":\"https:\/\/peoplesphere.be\/fr\/#website\",\"url\":\"https:\/\/peoplesphere.be\/fr\/\",\"name\":\"Peoplesphere\",\"description\":\"The People Managers Magazine\",\"publisher\":{\"@id\":\"https:\/\/peoplesphere.be\/fr\/#organization\"},\"potentialAction\":[{\"@type\":\"SearchAction\",\"target\":{\"@type\":\"EntryPoint\",\"urlTemplate\":\"https:\/\/peoplesphere.be\/fr\/?s={search_term_string}\"},\"query-input\":\"required name=search_term_string\"}],\"inLanguage\":\"fr-FR\"},{\"@type\":\"Organization\",\"@id\":\"https:\/\/peoplesphere.be\/fr\/#organization\",\"name\":\"Peoplesphere Company srl\",\"url\":\"https:\/\/peoplesphere.be\/fr\/\",\"logo\":{\"@type\":\"ImageObject\",\"inLanguage\":\"fr-FR\",\"@id\":\"https:\/\/peoplesphere.be\/fr\/#\/schema\/logo\/image\/\",\"url\":\"https:\/\/peoplesphere.be\/fr\/wp-content\/uploads\/2023\/07\/peoplesphere-lgo-new-generik.jpg\",\"contentUrl\":\"https:\/\/peoplesphere.be\/fr\/wp-content\/uploads\/2023\/07\/peoplesphere-lgo-new-generik.jpg\",\"width\":1031,\"height\":1479,\"caption\":\"Peoplesphere Company srl\"},\"image\":{\"@id\":\"https:\/\/peoplesphere.be\/fr\/#\/schema\/logo\/image\/\"},\"sameAs\":[\"https:\/\/www.facebook.com\/peoplesphere\",\"https:\/\/twitter.com\/PeoplesphereMag\",\"https:\/\/www.linkedin.com\/company\/7587361?trk\",\"http:\/\/youtube.com\/peoplesphere\"]},{\"@type\":\"Person\",\"@id\":\"https:\/\/peoplesphere.be\/fr\/#\/schema\/person\/7976225ff17988604334abb7b3536a7e\",\"name\":\"Jean-Paul Erhard\",\"image\":{\"@type\":\"ImageObject\",\"inLanguage\":\"fr-FR\",\"@id\":\"https:\/\/peoplesphere.be\/fr\/#\/schema\/person\/image\/\",\"url\":\"https:\/\/secure.gravatar.com\/avatar\/f941e681460179738071629a51574930?s=96&d=mm&r=g\",\"contentUrl\":\"https:\/\/secure.gravatar.com\/avatar\/f941e681460179738071629a51574930?s=96&d=mm&r=g\",\"caption\":\"Jean-Paul Erhard\"},\"url\":\"https:\/\/peoplesphere.be\/fr\/author\/jpe\/\"}]}<\/script>\n<!-- \/ Yoast SEO plugin. -->","yoast_head_json":{"title":"Parents@work - L'Institut pour l'\u00e9galit\u00e9 des femmes et des hommes organise un webinaire ce 23 avril pour am\u00e9liorer l'\u00e9quilibre priv\u00e9\/professionnel. - Peoplesphere","robots":{"index":"index","follow":"follow","max-snippet":"max-snippet:-1","max-image-preview":"max-image-preview:large","max-video-preview":"max-video-preview:-1"},"canonical":"https:\/\/peoplesphere.be\/fr\/parentswork-linstitut-legalite-femmes-hommes-organise-webinaire-23-avril-ameliorer-lequilibre-prive-professionnel\/","og_locale":"fr_FR","og_type":"article","og_title":"Parents@work - L'Institut pour l'\u00e9galit\u00e9 des femmes et des hommes organise un webinaire ce 23 avril pour am\u00e9liorer l'\u00e9quilibre priv\u00e9\/professionnel. - Peoplesphere","og_description":"Que mettent en place les entreprises pour renforcer la conciliation de la vie priv\u00e9e et de la vie professionnelle de leurs employ\u00e9-e-s? Cette question sera au centre du webinaire organis\u00e9 par l\u2019Institut pour l\u2019\u00e9galit\u00e9 des femmes et des hommes ce [&hellip;]","og_url":"https:\/\/peoplesphere.be\/fr\/parentswork-linstitut-legalite-femmes-hommes-organise-webinaire-23-avril-ameliorer-lequilibre-prive-professionnel\/","og_site_name":"Peoplesphere","article_publisher":"https:\/\/www.facebook.com\/peoplesphere","article_published_time":"2021-04-22T08:25:26+00:00","og_image":[{"url":"http:\/\/www.peoplesphere.be\/fr\/wp-content\/uploads\/2016\/07\/facebook-default-posting-1200x628px.jpg"}],"author":"Jean-Paul Erhard","twitter_card":"summary_large_image","twitter_creator":"@PeoplesphereMag","twitter_site":"@PeoplesphereMag","twitter_misc":{"\u00c9crit par":"Jean-Paul Erhard","Dur\u00e9e de lecture estim\u00e9e":"2 minutes"},"schema":{"@context":"https:\/\/schema.org","@graph":[{"@type":"Article","@id":"https:\/\/peoplesphere.be\/fr\/parentswork-linstitut-legalite-femmes-hommes-organise-webinaire-23-avril-ameliorer-lequilibre-prive-professionnel\/#article","isPartOf":{"@id":"https:\/\/peoplesphere.be\/fr\/parentswork-linstitut-legalite-femmes-hommes-organise-webinaire-23-avril-ameliorer-lequilibre-prive-professionnel\/"},"author":{"name":"Jean-Paul Erhard","@id":"https:\/\/peoplesphere.be\/fr\/#\/schema\/person\/7976225ff17988604334abb7b3536a7e"},"headline":"Parents@work &#8211; L&rsquo;Institut pour l&rsquo;\u00e9galit\u00e9 des femmes et des hommes organise un webinaire ce 23 avril pour am\u00e9liorer l&rsquo;\u00e9quilibre priv\u00e9\/professionnel.","datePublished":"2021-04-22T08:25:26+00:00","dateModified":"2021-04-22T08:25:26+00:00","mainEntityOfPage":{"@id":"https:\/\/peoplesphere.be\/fr\/parentswork-linstitut-legalite-femmes-hommes-organise-webinaire-23-avril-ameliorer-lequilibre-prive-professionnel\/"},"wordCount":440,"publisher":{"@id":"https:\/\/peoplesphere.be\/fr\/#organization"},"keywords":["bien-\u00eatre","\u00e9galit\u00e9 des genres","\u00e9quilibre priv\u00e9\/professionnel","Parents@work"],"articleSection":["Actualit\u00e9s","Digital"],"inLanguage":"fr-FR"},{"@type":"WebPage","@id":"https:\/\/peoplesphere.be\/fr\/parentswork-linstitut-legalite-femmes-hommes-organise-webinaire-23-avril-ameliorer-lequilibre-prive-professionnel\/","url":"https:\/\/peoplesphere.be\/fr\/parentswork-linstitut-legalite-femmes-hommes-organise-webinaire-23-avril-ameliorer-lequilibre-prive-professionnel\/","name":"Parents@work - L'Institut pour l'\u00e9galit\u00e9 des femmes et des hommes organise un webinaire ce 23 avril pour am\u00e9liorer l'\u00e9quilibre priv\u00e9\/professionnel. - Peoplesphere","isPartOf":{"@id":"https:\/\/peoplesphere.be\/fr\/#website"},"datePublished":"2021-04-22T08:25:26+00:00","dateModified":"2021-04-22T08:25:26+00:00","breadcrumb":{"@id":"https:\/\/peoplesphere.be\/fr\/parentswork-linstitut-legalite-femmes-hommes-organise-webinaire-23-avril-ameliorer-lequilibre-prive-professionnel\/#breadcrumb"},"inLanguage":"fr-FR","potentialAction":[{"@type":"ReadAction","target":["https:\/\/peoplesphere.be\/fr\/parentswork-linstitut-legalite-femmes-hommes-organise-webinaire-23-avril-ameliorer-lequilibre-prive-professionnel\/"]}]},{"@type":"BreadcrumbList","@id":"https:\/\/peoplesphere.be\/fr\/parentswork-linstitut-legalite-femmes-hommes-organise-webinaire-23-avril-ameliorer-lequilibre-prive-professionnel\/#breadcrumb","itemListElement":[{"@type":"ListItem","position":1,"name":"Accueil","item":"https:\/\/peoplesphere.be\/fr\/"},{"@type":"ListItem","position":2,"name":"Parents@work &#8211; L&rsquo;Institut pour l&rsquo;\u00e9galit\u00e9 des femmes et des hommes organise un webinaire ce 23 avril pour am\u00e9liorer l&rsquo;\u00e9quilibre priv\u00e9\/professionnel."}]},{"@type":"WebSite","@id":"https:\/\/peoplesphere.be\/fr\/#website","url":"https:\/\/peoplesphere.be\/fr\/","name":"Peoplesphere","description":"The People Managers Magazine","publisher":{"@id":"https:\/\/peoplesphere.be\/fr\/#organization"},"potentialAction":[{"@type":"SearchAction","target":{"@type":"EntryPoint","urlTemplate":"https:\/\/peoplesphere.be\/fr\/?s={search_term_string}"},"query-input":"required name=search_term_string"}],"inLanguage":"fr-FR"},{"@type":"Organization","@id":"https:\/\/peoplesphere.be\/fr\/#organization","name":"Peoplesphere Company srl","url":"https:\/\/peoplesphere.be\/fr\/","logo":{"@type":"ImageObject","inLanguage":"fr-FR","@id":"https:\/\/peoplesphere.be\/fr\/#\/schema\/logo\/image\/","url":"https:\/\/peoplesphere.be\/fr\/wp-content\/uploads\/2023\/07\/peoplesphere-lgo-new-generik.jpg","contentUrl":"https:\/\/peoplesphere.be\/fr\/wp-content\/uploads\/2023\/07\/peoplesphere-lgo-new-generik.jpg","width":1031,"height":1479,"caption":"Peoplesphere Company srl"},"image":{"@id":"https:\/\/peoplesphere.be\/fr\/#\/schema\/logo\/image\/"},"sameAs":["https:\/\/www.facebook.com\/peoplesphere","https:\/\/twitter.com\/PeoplesphereMag","https:\/\/www.linkedin.com\/company\/7587361?trk","http:\/\/youtube.com\/peoplesphere"]},{"@type":"Person","@id":"https:\/\/peoplesphere.be\/fr\/#\/schema\/person\/7976225ff17988604334abb7b3536a7e","name":"Jean-Paul Erhard","image":{"@type":"ImageObject","inLanguage":"fr-FR","@id":"https:\/\/peoplesphere.be\/fr\/#\/schema\/person\/image\/","url":"https:\/\/secure.gravatar.com\/avatar\/f941e681460179738071629a51574930?s=96&d=mm&r=g","contentUrl":"https:\/\/secure.gravatar.com\/avatar\/f941e681460179738071629a51574930?s=96&d=mm&r=g","caption":"Jean-Paul Erhard"},"url":"https:\/\/peoplesphere.be\/fr\/author\/jpe\/"}]}},"_links":{"self":[{"href":"https:\/\/peoplesphere.be\/fr\/wp-json\/wp\/v2\/posts\/11177"}],"collection":[{"href":"https:\/\/peoplesphere.be\/fr\/wp-json\/wp\/v2\/posts"}],"about":[{"href":"https:\/\/peoplesphere.be\/fr\/wp-json\/wp\/v2\/types\/post"}],"author":[{"embeddable":true,"href":"https:\/\/peoplesphere.be\/fr\/wp-json\/wp\/v2\/users\/2"}],"replies":[{"embeddable":true,"href":"https:\/\/peoplesphere.be\/fr\/wp-json\/wp\/v2\/comments?post=11177"}],"version-history":[{"count":1,"href":"https:\/\/peoplesphere.be\/fr\/wp-json\/wp\/v2\/posts\/11177\/revisions"}],"predecessor-version":[{"id":11178,"href":"https:\/\/peoplesphere.be\/fr\/wp-json\/wp\/v2\/posts\/11177\/revisions\/11178"}],"wp:attachment":[{"href":"https:\/\/peoplesphere.be\/fr\/wp-json\/wp\/v2\/media?parent=11177"}],"wp:term":[{"taxonomy":"category","embeddable":true,"href":"https:\/\/peoplesphere.be\/fr\/wp-json\/wp\/v2\/categories?post=11177"},{"taxonomy":"post_tag","embeddable":true,"href":"https:\/\/peoplesphere.be\/fr\/wp-json\/wp\/v2\/tags?post=11177"}],"curies":[{"name":"wp","href":"https:\/\/api.w.org\/{rel}","templated":true}]}}