









{"id":11191,"date":"2021-04-27T14:12:02","date_gmt":"2021-04-27T12:12:02","guid":{"rendered":"https:\/\/peoplesphere.be\/fr\/?p=11191"},"modified":"2021-04-27T14:12:02","modified_gmt":"2021-04-27T12:12:02","slug":"levaluation-continue-de-limpact-coronavirus-montre-certaine-stabilite-moment-sauf-concerne-lemploi-souffrir-davantage","status":"publish","type":"post","link":"https:\/\/peoplesphere.be\/fr\/levaluation-continue-de-limpact-coronavirus-montre-certaine-stabilite-moment-sauf-concerne-lemploi-souffrir-davantage\/","title":{"rendered":"L&rsquo;\u00e9valuation continue de l&rsquo;impact du coronavirus montre une certaine stabilit\u00e9 pour le moment, sauf en ce qui concerne l&#8217;emploi qui devrait souffrir davantage encore."},"content":{"rendered":"<p>Selon la derni\u00e8re \u00e9dition de l&rsquo;enqu\u00eate de l&rsquo;ERMG, l&rsquo;impact macro\u00e9conomique de la pause de P\u00e2ques est limit\u00e9, malgr\u00e9 la forte baisse du chiffre d&rsquo;affaires dans certains secteurs\u00a0La perte de chiffre d\u2019affaires que subissent les entreprises belges du fait de la crise du coronavirus n\u2019a que l\u00e9g\u00e8rement augment\u00e9, passant de 9% en mars \u00e0 10% en avril. Pour la majorit\u00e9 des secteurs d\u2019activit\u00e9, le chiffre d\u2019affaires est relativement stable, tandis que la perte de chiffre d\u2019affaires s\u2019est sensiblement accrue dans la vente au d\u00e9tail non alimentaire et, surtout, parmi les professions de contact non m\u00e9dicales, ces deux secteurs \u00e9tant affect\u00e9s par le renforcement des mesures restrictives pendant la \u00ab\u00a0pause de P\u00e2ques\u00a0\u00bb.<!--more--><\/p>\n<p>Dans le m\u00eame temps, l\u2019accent se d\u00e9place sur les probl\u00e8mes d\u2019approvisionnement, surtout dans les secteurs de la construction et de l&rsquo;industrie manufacturi\u00e8re. Les attentes concernant le chiffre d&rsquo;affaires pour 2021 et pour 2022 restent majoritairement inchang\u00e9es. Les investissements des grandes entreprises sont relativement moins affect\u00e9s par la crise du coronavirus, tandis que les questions sur l&rsquo;\u00e9volution de certaines cat\u00e9gories d&rsquo;investissements en 2021 montrent principalement l\u2019effet de l&rsquo;\u00e9volution des modes de travail et en particulier celui du recours au t\u00e9l\u00e9travail.<\/p>\n<p>L\u2019enqu\u00eate a \u00e9t\u00e9 men\u00e9e entre le 19 et le 21 avril, soit durant la derni\u00e8re semaine de la \u00ab\u00a0pause de P\u00e2ques\u00a0\u00bb, alors que les \u00e9coles avaient d\u00e9j\u00e0 rouvert leurs portes mais que les professions de contact non m\u00e9dicales \u00e9taient encore \u00e0 l\u2019arr\u00eat et que les commerces dits non essentiels devaient encore fonctionner sur rendez-vous. Les r\u00e9sultats ne refl\u00e8tent donc pas encore la lev\u00e9e de ces mesures entr\u00e9e en application le 26 avril ni les d\u00e9cisions du Comit\u00e9 de concertation du 23 avril \u00e0 propos des assouplissements pr\u00e9vus.<\/p>\n<p><strong><em>Les entreprises belges font \u00e9tat d\u2019une d\u00e9t\u00e9rioration mineure de leur chiffre d\u2019affaires<\/em><\/strong><\/p>\n<p>En tenant compte de la taille des entreprises et de la valeur ajout\u00e9e sectorielle, les entreprises interrog\u00e9es la semaine derni\u00e8re ont fait mention d\u2019une diminution de leur chiffre d\u2019affaires actuel de 10 % comparativement \u00e0 la normale. Il s&rsquo;agit d&rsquo;une l\u00e9g\u00e8re d\u00e9t\u00e9rioration par rapport \u00e0 l&rsquo;enqu\u00eate de mars, qui avait \u00e9t\u00e9 r\u00e9alis\u00e9e avant la pause de P\u00e2ques. La perte de chiffre d&rsquo;affaires est \u00e0 nouveau nettement plus \u00e9lev\u00e9e que la moyenne nationale en R\u00e9gion de Bruxelles-Capitale (- 14%) et est proche de cette derni\u00e8re en R\u00e9gion wallonne et en R\u00e9gion flamande.<\/p>\n<p>La perte de chiffre d&rsquo;affaires ce mois-ci a bien s\u00fbr \u00e9t\u00e9 consid\u00e9rable pour les professions de contact non m\u00e9dicales et pour les entreprises de la vente au d\u00e9tail non alimentaire, passant, respectivement, de 38 et 16% lors de l&rsquo;enqu\u00eate de mars \u00e0 84 et 23% lors de celle d&rsquo;avril. Ces \u00e9volutions s\u2019expliquent par la fermeture obligatoire des professions de contact non m\u00e9dicales et par la n\u00e9cessit\u00e9 de prendre rendez-vous pour effectuer ses achats dans un magasin non essentiels pendant la pause de P\u00e2ques. La lev\u00e9e de ces mesures depuis le d\u00e9but de cette semaine entra\u00eenera sans aucun doute une reprise pour ces secteurs d\u2019activit\u00e9.<\/p>\n<p>Dans les autres secteurs, o\u00f9 les mesures restrictives sont demeur\u00e9es inchang\u00e9es, la perte de chiffre d&rsquo;affaires a relativement peu \u00e9volu\u00e9 depuis la derni\u00e8re enqu\u00eate. Ainsi, elle reste tr\u00e8s \u00e9lev\u00e9e pour les agences de voyages (93%), le secteur des arts, spectacles et services r\u00e9cr\u00e9atifs (80 %), l\u2019horeca (67%) et le transport routier de passagers (41%), tandis que, dans les autres secteurs, elle se situe aux alentours ou en de\u00e7\u00e0 de la moyenne nationale.<\/p>\n<p>Alors que la demande se redresse sensiblement, certains secteurs industriels (produits informatiques, \u00e9lectroniques et optiques, machines et \u00e9quipements \u00e9lectriques, meubles et mat\u00e9riel de transport), de m\u00eame que celui de la construction et le commerce de gros, ont de plus en plus cit\u00e9 les probl\u00e8mes d&rsquo;approvisionnement comme \u00e9tant \u00e0 l\u2019origine de la baisse de leur chiffre d&rsquo;affaires depuis f\u00e9vrier. Ceux-ci ont \u00e9t\u00e9 signal\u00e9s par plus de 25 % des entreprises interrog\u00e9es au sein de ces secteurs et sont probablement li\u00e9s \u00e0 la p\u00e9nurie mondiale de certains inputs interm\u00e9diaires, tels les semi-conducteurs, mais aussi peut-\u00eatre \u00e0 la demande importante de conteneurs d&rsquo;exp\u00e9dition maritimes et aux retards dans ce domaine. Dans l&rsquo;industrie manufacturi\u00e8re et, surtout, dans la construction, la proportion de r\u00e9pondants (respectivement 7 et 12%) citant la p\u00e9nurie de main-d&rsquo;\u0153uvre comme \u00e9tant la cause de leur perte de chiffre d&rsquo;affaires est \u00e9galement largement sup\u00e9rieure \u00e0 la moyenne nationale (5%).<\/p>\n<p><em><strong>Les pr\u00e9visions concernant le chiffre d&rsquo;affaires et les faillites restent stables, mais celles concernant l&#8217;emploi se d\u00e9t\u00e9riorent l\u00e9g\u00e8rement<\/strong><\/em><\/p>\n<p>Pour l&rsquo;ensemble de l&rsquo;ann\u00e9e 2021, les entreprises interrog\u00e9es s&rsquo;attendent \u00e0 ce que les ventes soient inf\u00e9rieures de 8% \u00e0 ce qu\u2019elles auraient \u00e9t\u00e9 sans la crise du coronavirus, tandis que la perte atteindrait encore 3 % en 2022. Ces pourcentages sont similaires \u00e0 ceux observ\u00e9s lors de l\u2019enqu\u00eate de mars. Les perspectives de r\u00e9ouverture des terrasses pour les caf\u00e9s et les restaurants ont l\u00e9g\u00e8rement r\u00e9duit la perte de chiffre d\u2019affaires attendue dans l\u2019horeca pour l\u2019ann\u00e9e en cours mais, \u00e0 51 %, celle-ci reste encore tr\u00e8s \u00e9lev\u00e9e. En revanche, les pr\u00e9visions se sont d\u00e9grad\u00e9es pour les professions de contact non m\u00e9dicales, qui n&rsquo;avaient pas anticip\u00e9 de nouvelle fermeture lors de l&rsquo;enqu\u00eate de mars. Les perspectives pour le secteur des arts, spectacles et services r\u00e9cr\u00e9atifs se sont \u00e9galement assombries de mani\u00e8re significative pour cette ann\u00e9e et l&rsquo;ann\u00e9e prochaine : pour 2021, l\u2019anticipation de la perte du chiffre d\u2019affaires passe de 51% dans l&rsquo;enqu\u00eate de mars \u00e0 70% aujourd\u2019hui, tandis que, pour 2022, elle grimpe de 22 \u00e0 28%.<\/p>\n<p>La part des entreprises interrog\u00e9es qui s&rsquo;attendent \u00e0 faire faillite au cours des six prochains mois est \u00e9galement rest\u00e9e relativement stable en avril, aux alentours de 5%. Ce taux est encore nettement plus \u00e9lev\u00e9 pour l\u2019horeca (17%) et le secteur des arts, spectacles et services r\u00e9cr\u00e9atifs (10%).<\/p>\n<p>Les perspectives au niveau de l\u2019emploi dans le secteur priv\u00e9 se sont quelque peu d\u00e9grad\u00e9es, m\u00eame si elles se montrent tr\u00e8s volatiles dans le cadre des enqu\u00eates de l\u2019ERMG. L&rsquo;\u00e9volution du nombre d\u2019employ\u00e9s attendue par les entreprises en 2021 fait d\u00e9sormais appara\u00eetre une baisse nette de 0,2%, soit l&rsquo;\u00e9quivalent de 6 000 employ\u00e9s. Il s&rsquo;agit d&rsquo;une d\u00e9t\u00e9rioration par rapport \u00e0 l&rsquo;enqu\u00eate de mars, qui tablait sur une augmentation globale de 14.000 employ\u00e9s. Toutefois, le chiffre global masque de fortes diff\u00e9rences entre les secteurs d\u2019activit\u00e9. Alors que le nombre d&#8217;employ\u00e9s diminuerait de plus de 10 % dans les secteurs les plus touch\u00e9s, cette baisse serait largement compens\u00e9e par des hausses nettes dans certains secteurs de taille importante, notamment les services de soutien, l&rsquo;industrie manufacturi\u00e8re, la construction et le secteur de l&rsquo;information et de la communication. Ceci \u00e9tant dit, l&rsquo;impact final sur l&#8217;emploi d\u00e9pendra \u00e9galement de la capacit\u00e9 des politiques li\u00e9es au march\u00e9 du travail de faciliter les transitions sectorielles.<\/p>\n<p><strong><em>Les grandes entreprises r\u00e9duisent leurs investissements dans une moindre mesure<\/em><\/strong><\/p>\n<p>En moyenne, les entreprises interrog\u00e9es s\u2019attendent \u00e0 ce que la crise du coronavirus diminue leurs investissements \u00e0 hauteur de, respectivement, 19 et 13% en 2021 et en 2022, ce qui repr\u00e9sente un l\u00e9ger repli par rapport \u00e0 mars. Toutefois, la baisse attendue des investissements par rapport \u00e0 la normale est beaucoup plus limit\u00e9e pour les entreprises occupant plus de 50 employ\u00e9s, avec des moyennes de -9% en 2021 et de -5% en 2022 (contre, respectivement, -25 et -17% en moyenne pour les entreprises comptant moins de 50 employ\u00e9s). Cela peut s\u2019expliquer par la plus faible perte de chiffre d&rsquo;affaires des grandes entreprises, par leurs r\u00e9serves financi\u00e8res plus importantes ou par la diversit\u00e9 de leurs sources de financement.<\/p>\n<p>L\u2019enqu\u00eate d&rsquo;avril a \u00e9galement permis de questionner les entreprises sp\u00e9cifiquement \u00e0 propos de l&rsquo;impact attendu de la crise du coronavirus en 2021 par cat\u00e9gorie d&rsquo;investissement. Les r\u00e9ponses montrent principalement l&rsquo;incidence de la modification des modes de travail et, en particulier, du recours au t\u00e9l\u00e9travail. Si on en juge par le rapport entre le nombre de r\u00e9pondants qui signalent une diminution et ceux qui rapportent une augmentation, les investissements les plus susceptibles d&rsquo;\u00eatre r\u00e9duits en 2021 \u00e0 la suite de la crise du coronavirus concernent essentiellement les immeubles de bureaux et l\u2019ameublement de bureau, ainsi que les moyens de transport. Bien que la question ne concerne que l&rsquo;ann\u00e9e 2021, il pourrait s&rsquo;agir d&rsquo;un effet plus persistant de la crise du coronavirus : l&rsquo;enqu\u00eate pr\u00e9c\u00e9dente a \u00e9galement montr\u00e9 que les entreprises r\u00e9duiront leurs espaces de bureaux car le t\u00e9l\u00e9travail restera structurellement important. La baisse nette pour les machines et autres \u00e9quipements est plus susceptible d&rsquo;\u00eatre li\u00e9e \u00e0 l&rsquo;incertitude latente et serait donc davantage de nature temporaire.<\/p>\n<p>Il est encourageant de constater que les investissements en recherche et d\u00e9veloppement (R&amp;D), en mat\u00e9riel informatique et de t\u00e9l\u00e9communication et en logiciels informatiques r\u00e9sistent mieux et qu&rsquo;ils sont m\u00eame impact\u00e9s positivement par la crise du coronavirus en 2021. C&rsquo;est particuli\u00e8rement le cas pour les grandes entreprises, qui repr\u00e9sentent \u00e9galement une part plus importante des investissements totaux. La part des grandes entreprises signalant un effet positif de la crise du coronavirus pour ces cat\u00e9gories d&rsquo;investissement est en fait beaucoup plus \u00e9lev\u00e9e que la part \u00e9voquant un effet n\u00e9gatif.<\/p>\n<p>&nbsp;<\/p>\n<p><em>Source : ERMG &#8211; La semaine derni\u00e8re, plusieurs f\u00e9d\u00e9rations repr\u00e9sentant les entreprises et les ind\u00e9pendants (BECI, SNI, UCM, UNIZO, UWE et VOKA) ont r\u00e9alis\u00e9 une nouvelle enqu\u00eate de l&rsquo;ERMG. Cette initiative est coordonn\u00e9e par la BNB et par la FEB. Il s\u2019agissait de la vingti\u00e8me d\u2019une vague d\u2019enqu\u00eates men\u00e9e depuis mars 2020 et dont l\u2019objectif est d\u2019\u00e9valuer l\u2019incidence de la crise du coronavirus et des mesures restrictives sur l\u2019activit\u00e9 \u00e9conomique et sur la sant\u00e9 financi\u00e8re des entreprises. Au total, 3 334 entreprises et ind\u00e9pendants ont particip\u00e9 \u00e0 l\u2019enqu\u00eate cette semaine.\u00a0<\/em><\/p>\n","protected":false},"excerpt":{"rendered":"<p>Selon la derni\u00e8re \u00e9dition de l&rsquo;enqu\u00eate de l&rsquo;ERMG, l&rsquo;impact macro\u00e9conomique de la pause de P\u00e2ques est limit\u00e9, malgr\u00e9 la forte baisse du chiffre d&rsquo;affaires dans certains secteurs\u00a0La perte de chiffre d\u2019affaires que subissent les entreprises belges du fait de la [&hellip;]<\/p>\n","protected":false},"author":2,"featured_media":0,"comment_status":"closed","ping_status":"open","sticky":false,"template":"","format":"standard","meta":[],"categories":[65,10],"tags":[2947,2997],"yoast_head":"<!-- This site is optimized with the Yoast SEO plugin v21.0 - https:\/\/yoast.com\/wordpress\/plugins\/seo\/ -->\n<title>L&#039;\u00e9valuation continue de l&#039;impact du coronavirus montre une certaine stabilit\u00e9 pour le moment, sauf en ce qui concerne l&#039;emploi qui devrait souffrir davantage encore. - Peoplesphere<\/title>\n<meta name=\"robots\" content=\"index, follow, max-snippet:-1, max-image-preview:large, max-video-preview:-1\" \/>\n<link rel=\"canonical\" href=\"https:\/\/peoplesphere.be\/fr\/levaluation-continue-de-limpact-coronavirus-montre-certaine-stabilite-moment-sauf-concerne-lemploi-souffrir-davantage\/\" \/>\n<meta property=\"og:locale\" content=\"fr_FR\" \/>\n<meta property=\"og:type\" content=\"article\" \/>\n<meta property=\"og:title\" content=\"L&#039;\u00e9valuation continue de l&#039;impact du coronavirus montre une certaine stabilit\u00e9 pour le moment, sauf en ce qui concerne l&#039;emploi qui devrait souffrir davantage encore. - Peoplesphere\" \/>\n<meta property=\"og:description\" content=\"Selon la derni\u00e8re \u00e9dition de l&rsquo;enqu\u00eate de l&rsquo;ERMG, l&rsquo;impact macro\u00e9conomique de la pause de P\u00e2ques est limit\u00e9, malgr\u00e9 la forte baisse du chiffre d&rsquo;affaires dans certains secteurs\u00a0La perte de chiffre d\u2019affaires que subissent les entreprises belges du fait de la [&hellip;]\" \/>\n<meta property=\"og:url\" content=\"https:\/\/peoplesphere.be\/fr\/levaluation-continue-de-limpact-coronavirus-montre-certaine-stabilite-moment-sauf-concerne-lemploi-souffrir-davantage\/\" \/>\n<meta property=\"og:site_name\" content=\"Peoplesphere\" \/>\n<meta property=\"article:publisher\" content=\"https:\/\/www.facebook.com\/peoplesphere\" \/>\n<meta property=\"article:published_time\" content=\"2021-04-27T12:12:02+00:00\" \/>\n<meta property=\"og:image\" content=\"http:\/\/www.peoplesphere.be\/fr\/wp-content\/uploads\/2016\/07\/facebook-default-posting-1200x628px.jpg\" \/>\n<meta name=\"author\" content=\"Jean-Paul Erhard\" \/>\n<meta name=\"twitter:card\" content=\"summary_large_image\" \/>\n<meta name=\"twitter:creator\" content=\"@PeoplesphereMag\" \/>\n<meta name=\"twitter:site\" content=\"@PeoplesphereMag\" \/>\n<meta name=\"twitter:label1\" content=\"\u00c9crit par\" \/>\n\t<meta name=\"twitter:data1\" content=\"Jean-Paul Erhard\" \/>\n\t<meta name=\"twitter:label2\" content=\"Dur\u00e9e de lecture estim\u00e9e\" \/>\n\t<meta name=\"twitter:data2\" content=\"9 minutes\" \/>\n<script type=\"application\/ld+json\" class=\"yoast-schema-graph\">{\"@context\":\"https:\/\/schema.org\",\"@graph\":[{\"@type\":\"Article\",\"@id\":\"https:\/\/peoplesphere.be\/fr\/levaluation-continue-de-limpact-coronavirus-montre-certaine-stabilite-moment-sauf-concerne-lemploi-souffrir-davantage\/#article\",\"isPartOf\":{\"@id\":\"https:\/\/peoplesphere.be\/fr\/levaluation-continue-de-limpact-coronavirus-montre-certaine-stabilite-moment-sauf-concerne-lemploi-souffrir-davantage\/\"},\"author\":{\"name\":\"Jean-Paul Erhard\",\"@id\":\"https:\/\/peoplesphere.be\/fr\/#\/schema\/person\/7976225ff17988604334abb7b3536a7e\"},\"headline\":\"L&rsquo;\u00e9valuation continue de l&rsquo;impact du coronavirus montre une certaine stabilit\u00e9 pour le moment, sauf en ce qui concerne l&#8217;emploi qui devrait souffrir davantage encore.\",\"datePublished\":\"2021-04-27T12:12:02+00:00\",\"dateModified\":\"2021-04-27T12:12:02+00:00\",\"mainEntityOfPage\":{\"@id\":\"https:\/\/peoplesphere.be\/fr\/levaluation-continue-de-limpact-coronavirus-montre-certaine-stabilite-moment-sauf-concerne-lemploi-souffrir-davantage\/\"},\"wordCount\":1733,\"publisher\":{\"@id\":\"https:\/\/peoplesphere.be\/fr\/#organization\"},\"keywords\":[\"coronavirus\",\"ERMG\"],\"articleSection\":[\"Actualit\u00e9s\",\"Digital\"],\"inLanguage\":\"fr-FR\"},{\"@type\":\"WebPage\",\"@id\":\"https:\/\/peoplesphere.be\/fr\/levaluation-continue-de-limpact-coronavirus-montre-certaine-stabilite-moment-sauf-concerne-lemploi-souffrir-davantage\/\",\"url\":\"https:\/\/peoplesphere.be\/fr\/levaluation-continue-de-limpact-coronavirus-montre-certaine-stabilite-moment-sauf-concerne-lemploi-souffrir-davantage\/\",\"name\":\"L'\u00e9valuation continue de l'impact du coronavirus montre une certaine stabilit\u00e9 pour le moment, sauf en ce qui concerne l'emploi qui devrait souffrir davantage encore. - Peoplesphere\",\"isPartOf\":{\"@id\":\"https:\/\/peoplesphere.be\/fr\/#website\"},\"datePublished\":\"2021-04-27T12:12:02+00:00\",\"dateModified\":\"2021-04-27T12:12:02+00:00\",\"breadcrumb\":{\"@id\":\"https:\/\/peoplesphere.be\/fr\/levaluation-continue-de-limpact-coronavirus-montre-certaine-stabilite-moment-sauf-concerne-lemploi-souffrir-davantage\/#breadcrumb\"},\"inLanguage\":\"fr-FR\",\"potentialAction\":[{\"@type\":\"ReadAction\",\"target\":[\"https:\/\/peoplesphere.be\/fr\/levaluation-continue-de-limpact-coronavirus-montre-certaine-stabilite-moment-sauf-concerne-lemploi-souffrir-davantage\/\"]}]},{\"@type\":\"BreadcrumbList\",\"@id\":\"https:\/\/peoplesphere.be\/fr\/levaluation-continue-de-limpact-coronavirus-montre-certaine-stabilite-moment-sauf-concerne-lemploi-souffrir-davantage\/#breadcrumb\",\"itemListElement\":[{\"@type\":\"ListItem\",\"position\":1,\"name\":\"Accueil\",\"item\":\"https:\/\/peoplesphere.be\/fr\/\"},{\"@type\":\"ListItem\",\"position\":2,\"name\":\"L&rsquo;\u00e9valuation continue de l&rsquo;impact du coronavirus montre une certaine stabilit\u00e9 pour le moment, sauf en ce qui concerne l&#8217;emploi qui devrait souffrir davantage encore.\"}]},{\"@type\":\"WebSite\",\"@id\":\"https:\/\/peoplesphere.be\/fr\/#website\",\"url\":\"https:\/\/peoplesphere.be\/fr\/\",\"name\":\"Peoplesphere\",\"description\":\"The People Managers Magazine\",\"publisher\":{\"@id\":\"https:\/\/peoplesphere.be\/fr\/#organization\"},\"potentialAction\":[{\"@type\":\"SearchAction\",\"target\":{\"@type\":\"EntryPoint\",\"urlTemplate\":\"https:\/\/peoplesphere.be\/fr\/?s={search_term_string}\"},\"query-input\":\"required name=search_term_string\"}],\"inLanguage\":\"fr-FR\"},{\"@type\":\"Organization\",\"@id\":\"https:\/\/peoplesphere.be\/fr\/#organization\",\"name\":\"Peoplesphere Company srl\",\"url\":\"https:\/\/peoplesphere.be\/fr\/\",\"logo\":{\"@type\":\"ImageObject\",\"inLanguage\":\"fr-FR\",\"@id\":\"https:\/\/peoplesphere.be\/fr\/#\/schema\/logo\/image\/\",\"url\":\"https:\/\/peoplesphere.be\/fr\/wp-content\/uploads\/2023\/07\/peoplesphere-lgo-new-generik.jpg\",\"contentUrl\":\"https:\/\/peoplesphere.be\/fr\/wp-content\/uploads\/2023\/07\/peoplesphere-lgo-new-generik.jpg\",\"width\":1031,\"height\":1479,\"caption\":\"Peoplesphere Company srl\"},\"image\":{\"@id\":\"https:\/\/peoplesphere.be\/fr\/#\/schema\/logo\/image\/\"},\"sameAs\":[\"https:\/\/www.facebook.com\/peoplesphere\",\"https:\/\/twitter.com\/PeoplesphereMag\",\"https:\/\/www.linkedin.com\/company\/7587361?trk\",\"http:\/\/youtube.com\/peoplesphere\"]},{\"@type\":\"Person\",\"@id\":\"https:\/\/peoplesphere.be\/fr\/#\/schema\/person\/7976225ff17988604334abb7b3536a7e\",\"name\":\"Jean-Paul Erhard\",\"image\":{\"@type\":\"ImageObject\",\"inLanguage\":\"fr-FR\",\"@id\":\"https:\/\/peoplesphere.be\/fr\/#\/schema\/person\/image\/\",\"url\":\"https:\/\/secure.gravatar.com\/avatar\/f941e681460179738071629a51574930?s=96&d=mm&r=g\",\"contentUrl\":\"https:\/\/secure.gravatar.com\/avatar\/f941e681460179738071629a51574930?s=96&d=mm&r=g\",\"caption\":\"Jean-Paul Erhard\"},\"url\":\"https:\/\/peoplesphere.be\/fr\/author\/jpe\/\"}]}<\/script>\n<!-- \/ Yoast SEO plugin. -->","yoast_head_json":{"title":"L'\u00e9valuation continue de l'impact du coronavirus montre une certaine stabilit\u00e9 pour le moment, sauf en ce qui concerne l'emploi qui devrait souffrir davantage encore. - Peoplesphere","robots":{"index":"index","follow":"follow","max-snippet":"max-snippet:-1","max-image-preview":"max-image-preview:large","max-video-preview":"max-video-preview:-1"},"canonical":"https:\/\/peoplesphere.be\/fr\/levaluation-continue-de-limpact-coronavirus-montre-certaine-stabilite-moment-sauf-concerne-lemploi-souffrir-davantage\/","og_locale":"fr_FR","og_type":"article","og_title":"L'\u00e9valuation continue de l'impact du coronavirus montre une certaine stabilit\u00e9 pour le moment, sauf en ce qui concerne l'emploi qui devrait souffrir davantage encore. - Peoplesphere","og_description":"Selon la derni\u00e8re \u00e9dition de l&rsquo;enqu\u00eate de l&rsquo;ERMG, l&rsquo;impact macro\u00e9conomique de la pause de P\u00e2ques est limit\u00e9, malgr\u00e9 la forte baisse du chiffre d&rsquo;affaires dans certains secteurs\u00a0La perte de chiffre d\u2019affaires que subissent les entreprises belges du fait de la [&hellip;]","og_url":"https:\/\/peoplesphere.be\/fr\/levaluation-continue-de-limpact-coronavirus-montre-certaine-stabilite-moment-sauf-concerne-lemploi-souffrir-davantage\/","og_site_name":"Peoplesphere","article_publisher":"https:\/\/www.facebook.com\/peoplesphere","article_published_time":"2021-04-27T12:12:02+00:00","og_image":[{"url":"http:\/\/www.peoplesphere.be\/fr\/wp-content\/uploads\/2016\/07\/facebook-default-posting-1200x628px.jpg"}],"author":"Jean-Paul Erhard","twitter_card":"summary_large_image","twitter_creator":"@PeoplesphereMag","twitter_site":"@PeoplesphereMag","twitter_misc":{"\u00c9crit par":"Jean-Paul Erhard","Dur\u00e9e de lecture estim\u00e9e":"9 minutes"},"schema":{"@context":"https:\/\/schema.org","@graph":[{"@type":"Article","@id":"https:\/\/peoplesphere.be\/fr\/levaluation-continue-de-limpact-coronavirus-montre-certaine-stabilite-moment-sauf-concerne-lemploi-souffrir-davantage\/#article","isPartOf":{"@id":"https:\/\/peoplesphere.be\/fr\/levaluation-continue-de-limpact-coronavirus-montre-certaine-stabilite-moment-sauf-concerne-lemploi-souffrir-davantage\/"},"author":{"name":"Jean-Paul Erhard","@id":"https:\/\/peoplesphere.be\/fr\/#\/schema\/person\/7976225ff17988604334abb7b3536a7e"},"headline":"L&rsquo;\u00e9valuation continue de l&rsquo;impact du coronavirus montre une certaine stabilit\u00e9 pour le moment, sauf en ce qui concerne l&#8217;emploi qui devrait souffrir davantage encore.","datePublished":"2021-04-27T12:12:02+00:00","dateModified":"2021-04-27T12:12:02+00:00","mainEntityOfPage":{"@id":"https:\/\/peoplesphere.be\/fr\/levaluation-continue-de-limpact-coronavirus-montre-certaine-stabilite-moment-sauf-concerne-lemploi-souffrir-davantage\/"},"wordCount":1733,"publisher":{"@id":"https:\/\/peoplesphere.be\/fr\/#organization"},"keywords":["coronavirus","ERMG"],"articleSection":["Actualit\u00e9s","Digital"],"inLanguage":"fr-FR"},{"@type":"WebPage","@id":"https:\/\/peoplesphere.be\/fr\/levaluation-continue-de-limpact-coronavirus-montre-certaine-stabilite-moment-sauf-concerne-lemploi-souffrir-davantage\/","url":"https:\/\/peoplesphere.be\/fr\/levaluation-continue-de-limpact-coronavirus-montre-certaine-stabilite-moment-sauf-concerne-lemploi-souffrir-davantage\/","name":"L'\u00e9valuation continue de l'impact du coronavirus montre une certaine stabilit\u00e9 pour le moment, sauf en ce qui concerne l'emploi qui devrait souffrir davantage encore. - Peoplesphere","isPartOf":{"@id":"https:\/\/peoplesphere.be\/fr\/#website"},"datePublished":"2021-04-27T12:12:02+00:00","dateModified":"2021-04-27T12:12:02+00:00","breadcrumb":{"@id":"https:\/\/peoplesphere.be\/fr\/levaluation-continue-de-limpact-coronavirus-montre-certaine-stabilite-moment-sauf-concerne-lemploi-souffrir-davantage\/#breadcrumb"},"inLanguage":"fr-FR","potentialAction":[{"@type":"ReadAction","target":["https:\/\/peoplesphere.be\/fr\/levaluation-continue-de-limpact-coronavirus-montre-certaine-stabilite-moment-sauf-concerne-lemploi-souffrir-davantage\/"]}]},{"@type":"BreadcrumbList","@id":"https:\/\/peoplesphere.be\/fr\/levaluation-continue-de-limpact-coronavirus-montre-certaine-stabilite-moment-sauf-concerne-lemploi-souffrir-davantage\/#breadcrumb","itemListElement":[{"@type":"ListItem","position":1,"name":"Accueil","item":"https:\/\/peoplesphere.be\/fr\/"},{"@type":"ListItem","position":2,"name":"L&rsquo;\u00e9valuation continue de l&rsquo;impact du coronavirus montre une certaine stabilit\u00e9 pour le moment, sauf en ce qui concerne l&#8217;emploi qui devrait souffrir davantage encore."}]},{"@type":"WebSite","@id":"https:\/\/peoplesphere.be\/fr\/#website","url":"https:\/\/peoplesphere.be\/fr\/","name":"Peoplesphere","description":"The People Managers Magazine","publisher":{"@id":"https:\/\/peoplesphere.be\/fr\/#organization"},"potentialAction":[{"@type":"SearchAction","target":{"@type":"EntryPoint","urlTemplate":"https:\/\/peoplesphere.be\/fr\/?s={search_term_string}"},"query-input":"required name=search_term_string"}],"inLanguage":"fr-FR"},{"@type":"Organization","@id":"https:\/\/peoplesphere.be\/fr\/#organization","name":"Peoplesphere Company srl","url":"https:\/\/peoplesphere.be\/fr\/","logo":{"@type":"ImageObject","inLanguage":"fr-FR","@id":"https:\/\/peoplesphere.be\/fr\/#\/schema\/logo\/image\/","url":"https:\/\/peoplesphere.be\/fr\/wp-content\/uploads\/2023\/07\/peoplesphere-lgo-new-generik.jpg","contentUrl":"https:\/\/peoplesphere.be\/fr\/wp-content\/uploads\/2023\/07\/peoplesphere-lgo-new-generik.jpg","width":1031,"height":1479,"caption":"Peoplesphere Company srl"},"image":{"@id":"https:\/\/peoplesphere.be\/fr\/#\/schema\/logo\/image\/"},"sameAs":["https:\/\/www.facebook.com\/peoplesphere","https:\/\/twitter.com\/PeoplesphereMag","https:\/\/www.linkedin.com\/company\/7587361?trk","http:\/\/youtube.com\/peoplesphere"]},{"@type":"Person","@id":"https:\/\/peoplesphere.be\/fr\/#\/schema\/person\/7976225ff17988604334abb7b3536a7e","name":"Jean-Paul Erhard","image":{"@type":"ImageObject","inLanguage":"fr-FR","@id":"https:\/\/peoplesphere.be\/fr\/#\/schema\/person\/image\/","url":"https:\/\/secure.gravatar.com\/avatar\/f941e681460179738071629a51574930?s=96&d=mm&r=g","contentUrl":"https:\/\/secure.gravatar.com\/avatar\/f941e681460179738071629a51574930?s=96&d=mm&r=g","caption":"Jean-Paul Erhard"},"url":"https:\/\/peoplesphere.be\/fr\/author\/jpe\/"}]}},"_links":{"self":[{"href":"https:\/\/peoplesphere.be\/fr\/wp-json\/wp\/v2\/posts\/11191"}],"collection":[{"href":"https:\/\/peoplesphere.be\/fr\/wp-json\/wp\/v2\/posts"}],"about":[{"href":"https:\/\/peoplesphere.be\/fr\/wp-json\/wp\/v2\/types\/post"}],"author":[{"embeddable":true,"href":"https:\/\/peoplesphere.be\/fr\/wp-json\/wp\/v2\/users\/2"}],"replies":[{"embeddable":true,"href":"https:\/\/peoplesphere.be\/fr\/wp-json\/wp\/v2\/comments?post=11191"}],"version-history":[{"count":1,"href":"https:\/\/peoplesphere.be\/fr\/wp-json\/wp\/v2\/posts\/11191\/revisions"}],"predecessor-version":[{"id":11192,"href":"https:\/\/peoplesphere.be\/fr\/wp-json\/wp\/v2\/posts\/11191\/revisions\/11192"}],"wp:attachment":[{"href":"https:\/\/peoplesphere.be\/fr\/wp-json\/wp\/v2\/media?parent=11191"}],"wp:term":[{"taxonomy":"category","embeddable":true,"href":"https:\/\/peoplesphere.be\/fr\/wp-json\/wp\/v2\/categories?post=11191"},{"taxonomy":"post_tag","embeddable":true,"href":"https:\/\/peoplesphere.be\/fr\/wp-json\/wp\/v2\/tags?post=11191"}],"curies":[{"name":"wp","href":"https:\/\/api.w.org\/{rel}","templated":true}]}}