









{"id":11207,"date":"2021-04-28T14:35:47","date_gmt":"2021-04-28T12:35:47","guid":{"rendered":"https:\/\/peoplesphere.be\/fr\/?p=11207"},"modified":"2021-04-28T14:36:16","modified_gmt":"2021-04-28T12:36:16","slug":"burn-out-va-continuer-a-faire-ravages-aujourdhui-deja-y-a-plus-de-10-000-travailleurs-travailleuses-absents-plus-dun-an-cause-de-maladie-psycho-sociale","status":"publish","type":"post","link":"https:\/\/peoplesphere.be\/fr\/burn-out-va-continuer-a-faire-ravages-aujourdhui-deja-y-a-plus-de-10-000-travailleurs-travailleuses-absents-plus-dun-an-cause-de-maladie-psycho-sociale\/","title":{"rendered":"Le burn-out va continuer de faire des ravages: aujourd&rsquo;hui d\u00e9j\u00e0, il y a plus de 10.000 travailleurs et travailleuses absents depuis plus d\u2019un an pour cause de maladie psycho-sociale."},"content":{"rendered":"<p>En quelques ann\u00e9es seulement, le nombre de travailleurs et travailleuses en arr\u00eat maladie de longue dur\u00e9e pour cause de stress et de burnout a fortement augment\u00e9. Les chiffres collect\u00e9s par la CSC aupr\u00e8s de l\u2019INAMI montrent qu&rsquo;en juin 2020, 10.597 travailleurs et travailleurs \u00e9taient absents depuis plus d\u2019un an pour cause de stress et de burnout. Ce chiffre a plus que doubl\u00e9 en moins de trois ans. Et nous pouvons pr\u00e9dire sans risque qu&rsquo;il ne va pas s&rsquo;am\u00e9liorer au cours des prochains mois. Il est grand temps d&rsquo;investir au sein de nos entreprises accordent.<!--more--><\/p>\n<p>Lorsque nous parlons de sant\u00e9 et de s\u00e9curit\u00e9 au travail, nous \u00e9voquons souvent les accidents du travail, les blessures au dos, etc. Les probl\u00e8mes psychosociaux, tels que le stress et le burnout, ne sont g\u00e9n\u00e9ralement pas pris en compte. C\u2019est une grave erreur, comme le montrent les chiffres. En 2019, plus d&rsquo;un travailleur sur trois en Belgique se d\u00e9clarait fr\u00e9quemment stress\u00e9 au travail. Les chiffres de l\u2019INAMI montrent que parmi les travailleurs malades de longue dur\u00e9e, 36,8% sont arr\u00eat\u00e9s depuis plus d&rsquo;un an en raison de troubles mentaux (cela inclut le stress et le burnout mais aussi la d\u00e9pression et les d\u00e9pendances). Cela concerne au total un groupe de 158.700 malades en juin 2020.<\/p>\n<p>Toutefois, depuis 2017, l&rsquo;INAMI enregistre \u00e9galement en d\u00e9tail les probl\u00e8mes auxquels sont confront\u00e9s les travailleurs malades de longue dur\u00e9e. En juin 2020, par exemple, il y avait d\u00e9j\u00e0 10.597 travailleurs malades dont l&rsquo;absence de longue dur\u00e9e pouvait \u00eatre attribu\u00e9e de mani\u00e8re certaine au stress et au burn-out. Cela repr\u00e9sente une augmentation de 155% par rapport \u00e0 la fin de l&rsquo;ann\u00e9e 2017 (4.163). Si l&rsquo;on examine plus en d\u00e9tail le burnout, une affection clairement li\u00e9e au travail, on constate une augmentation encore plus importante : de 3.713 \u00e0 la fin de 2017 \u00e0 9.708 en juin 2020, soit une hausse vertigineuse de 162%.<\/p>\n<p>Il est important de noter, avec ces chiffres qui augmentent rapidement, que l&rsquo;enregistrement d\u00e9taill\u00e9 n&rsquo;a \u00e9t\u00e9 effectu\u00e9 que pour les travailleurs malades de longue dur\u00e9e depuis 2017 et pour les travailleurs malades de longue dur\u00e9e qui ont \u00e9t\u00e9 r\u00e9\u00e9valu\u00e9s depuis.<br \/>\nAinsi, un groupe important de travailleurs malades de longue dur\u00e9e souffrant de probl\u00e8mes psychosociaux n&rsquo;est pas encore inclus dans ce total. En outre, ces chiffres ne tiennent pas compte des travailleurs malades depuis moins d&rsquo;un an pour cause de stress et de burnout. En r\u00e9alit\u00e9 donc, le groupe des travailleurs malades pour cause de stress et de burnout est certainement beaucoup plus important.<\/p>\n<p>Le stress et le burn-out causent \u00e9videmment beaucoup de souffrance aux travailleurs mais le co\u00fbt pour la s\u00e9curit\u00e9 sociale est \u00e9galement \u00e9lev\u00e9. Pour le seul groupe de travailleurs qui se sont absent\u00e9s du travail pendant plus d&rsquo;un an en raison de probl\u00e8mes de stress et de burn-out (en juin 2020, 10 597), les co\u00fbts se sont \u00e9lev\u00e9s l&rsquo;an dernier \u00e0 au moins 490 000 euros par jour, soit pr\u00e8s de 155 millions d&rsquo;euros par an .<\/p>\n<p>Tous ces chiffres ne laissent la place qu\u2019\u00e0 une seule conclusion : les entreprises accordent bien trop peu d&rsquo;attention au stress et au burn-out au travail. C&rsquo;est ce qui ressort \u00e9galement d&rsquo;une enqu\u00eate men\u00e9e aupr\u00e8s des repr\u00e9sentants syndicaux de la CSC : <em>\u00ab\u00a0notre employeur met en place des campagnes d&rsquo;affichage et effectue des analyses de risques, mais la pr\u00e9vention est bien plus ax\u00e9e sur les normes de s\u00e9curit\u00e9 que sur les risques psychosociaux\u00a0\u00bb,<\/em> explique un militant du secteur de la chimie.<\/p>\n<p><strong><em>Augmentation du nombre de plaintes pour harc\u00e8lement moral ou sexuel et violence au travail, souvent sans cons\u00e9quence pour le ou le harceleur<\/em><\/strong><\/p>\n<p>Le stress et le burnout ne sont pas les seuls risques psychosociaux. Le harc\u00e8lement moral, le harc\u00e8lement sexuel et la violence au travail sont \u00e9galement en hausse. Un travailleur sur trois a d\u00e9j\u00e0 \u00e9t\u00e9 victime d&rsquo;un comportement abusif. M\u00eame si souvent aucune plainte n&rsquo;est d\u00e9pos\u00e9e, le nombre de travailleurs signalant un harc\u00e8lement sexuel a augment\u00e9 de 28 % en un an. Les cas d\u2019harc\u00e8lement moral ont augment\u00e9 de 14% et les violences (physiques ou verbales) de 13%. Trop souvent, les plaintes ne font pas l&rsquo;objet d&rsquo;un suivi appropri\u00e9. Un repr\u00e9sentant de la CSC* du secteur de l&rsquo;\u00e9nergie t\u00e9moigne : <em>\u00ab\u00a0Dans mon entreprise, un sup\u00e9rieur hi\u00e9rarchique a \u00e9t\u00e9 accus\u00e9 de comportement inappropri\u00e9 par un coll\u00e8gue. Le coll\u00e8gue a d\u00fb changer de service, tandis que le sup\u00e9rieur hi\u00e9rarchique conserve son poste.\u00a0\u00bb<\/em><\/p>\n<p><em><strong>Nombreuses pistes d\u2019am\u00e9lioration<\/strong><\/em><\/p>\n<p>C&rsquo;est pourquoi, le 28 avril, \u00e0 l&rsquo;occasion de la Journ\u00e9e mondiale de la s\u00e9curit\u00e9 et de la sant\u00e9 au travail, la CSC demande qu&rsquo;une attention particuli\u00e8re soit accord\u00e9e aux risques psychosociaux au travail. Bien que notre pays dispose d\u00e9j\u00e0 d&rsquo;une l\u00e9gislation d\u00e9taill\u00e9e dans ce domaine, ces risques et probl\u00e8mes au travail passent trop souvent sous les radars et la l\u00e9gislation est appliqu\u00e9e de mani\u00e8re trop souple.<br \/>\nIl y a donc encore de nombreuses pistes d\u2019am\u00e9lioration :<br \/>\n&#8211; La CSC demande qu&rsquo;une mesure de la qualit\u00e9 de vie au travail (et plus sp\u00e9cifiquement de risques psychosociaux) ait lieu dans chaque entreprise tous les trois ans, et qu&rsquo;un plan d&rsquo;action concret soit \u00e9tabli en cas de probl\u00e8me. L\u2019implication du personnel et de ses repr\u00e9sentants est \u00e9videmment importante dans ce processus. Ce n&rsquo;est qu&rsquo;\u00e0 cette condition qu&rsquo;il sera possible de s&rsquo;attaquer efficacement \u00e0 ces risques et \u00e0 ces probl\u00e8mes. Actuellement, la politique de pr\u00e9vention de nos entreprises est encore souvent trop faible \u00e0 cet \u00e9gard.<br \/>\n&#8211; Dans le cas des accidents du travail, les entreprises qui enregistrent un nombre d&rsquo;incidents sup\u00e9rieur \u00e0 la moyenne de leur secteur devraient payer une prime d&rsquo;assurance plus \u00e9lev\u00e9e. Des sanctions financi\u00e8res et amendes devraient \u00e9galement \u00eatre appliqu\u00e9es pour lutter contre les risques psychosociaux. Une partie de ces ressources pourrait alors \u00eatre utilis\u00e9e pour lutter contre les probl\u00e8mes et pr\u00e9venir les risques psychosociaux.<\/p>\n<p><em>Source : CSC &#8211; INAMI &#8211; Les t\u00e9moignages de cet article sont anonymes, afin de prot\u00e9ger les victimes des risques psychosociaux.<\/em><\/p>\n","protected":false},"excerpt":{"rendered":"<p>En quelques ann\u00e9es seulement, le nombre de travailleurs et travailleuses en arr\u00eat maladie de longue dur\u00e9e pour cause de stress et de burnout a fortement augment\u00e9. Les chiffres collect\u00e9s par la CSC aupr\u00e8s de l\u2019INAMI montrent qu&rsquo;en juin 2020, 10.597 [&hellip;]<\/p>\n","protected":false},"author":2,"featured_media":0,"comment_status":"closed","ping_status":"open","sticky":false,"template":"","format":"standard","meta":[],"categories":[65,10],"tags":[1161,20,300,200,17,23,18,110],"yoast_head":"<!-- This site is optimized with the Yoast SEO plugin v21.0 - https:\/\/yoast.com\/wordpress\/plugins\/seo\/ -->\n<title>Le burn-out va continuer de faire des ravages: aujourd&#039;hui d\u00e9j\u00e0, il y a plus de 10.000 travailleurs et travailleuses absents depuis plus d\u2019un an pour cause de maladie psycho-sociale. - Peoplesphere<\/title>\n<meta name=\"robots\" content=\"index, follow, max-snippet:-1, max-image-preview:large, max-video-preview:-1\" \/>\n<link rel=\"canonical\" href=\"https:\/\/peoplesphere.be\/fr\/burn-out-va-continuer-a-faire-ravages-aujourdhui-deja-y-a-plus-de-10-000-travailleurs-travailleuses-absents-plus-dun-an-cause-de-maladie-psycho-sociale\/\" \/>\n<meta property=\"og:locale\" content=\"fr_FR\" \/>\n<meta property=\"og:type\" content=\"article\" \/>\n<meta property=\"og:title\" content=\"Le burn-out va continuer de faire des ravages: aujourd&#039;hui d\u00e9j\u00e0, il y a plus de 10.000 travailleurs et travailleuses absents depuis plus d\u2019un an pour cause de maladie psycho-sociale. - Peoplesphere\" \/>\n<meta property=\"og:description\" content=\"En quelques ann\u00e9es seulement, le nombre de travailleurs et travailleuses en arr\u00eat maladie de longue dur\u00e9e pour cause de stress et de burnout a fortement augment\u00e9. Les chiffres collect\u00e9s par la CSC aupr\u00e8s de l\u2019INAMI montrent qu&rsquo;en juin 2020, 10.597 [&hellip;]\" \/>\n<meta property=\"og:url\" content=\"https:\/\/peoplesphere.be\/fr\/burn-out-va-continuer-a-faire-ravages-aujourdhui-deja-y-a-plus-de-10-000-travailleurs-travailleuses-absents-plus-dun-an-cause-de-maladie-psycho-sociale\/\" \/>\n<meta property=\"og:site_name\" content=\"Peoplesphere\" \/>\n<meta property=\"article:publisher\" content=\"https:\/\/www.facebook.com\/peoplesphere\" \/>\n<meta property=\"article:published_time\" content=\"2021-04-28T12:35:47+00:00\" \/>\n<meta property=\"article:modified_time\" content=\"2021-04-28T12:36:16+00:00\" \/>\n<meta property=\"og:image\" content=\"http:\/\/www.peoplesphere.be\/fr\/wp-content\/uploads\/2016\/07\/facebook-default-posting-1200x628px.jpg\" \/>\n<meta name=\"author\" content=\"Jean-Paul Erhard\" \/>\n<meta name=\"twitter:card\" content=\"summary_large_image\" \/>\n<meta name=\"twitter:creator\" content=\"@PeoplesphereMag\" \/>\n<meta name=\"twitter:site\" content=\"@PeoplesphereMag\" \/>\n<meta name=\"twitter:label1\" content=\"\u00c9crit par\" \/>\n\t<meta name=\"twitter:data1\" content=\"Jean-Paul Erhard\" \/>\n\t<meta name=\"twitter:label2\" content=\"Dur\u00e9e de lecture estim\u00e9e\" \/>\n\t<meta name=\"twitter:data2\" content=\"5 minutes\" \/>\n<script type=\"application\/ld+json\" class=\"yoast-schema-graph\">{\"@context\":\"https:\/\/schema.org\",\"@graph\":[{\"@type\":\"Article\",\"@id\":\"https:\/\/peoplesphere.be\/fr\/burn-out-va-continuer-a-faire-ravages-aujourdhui-deja-y-a-plus-de-10-000-travailleurs-travailleuses-absents-plus-dun-an-cause-de-maladie-psycho-sociale\/#article\",\"isPartOf\":{\"@id\":\"https:\/\/peoplesphere.be\/fr\/burn-out-va-continuer-a-faire-ravages-aujourdhui-deja-y-a-plus-de-10-000-travailleurs-travailleuses-absents-plus-dun-an-cause-de-maladie-psycho-sociale\/\"},\"author\":{\"name\":\"Jean-Paul Erhard\",\"@id\":\"https:\/\/peoplesphere.be\/fr\/#\/schema\/person\/7976225ff17988604334abb7b3536a7e\"},\"headline\":\"Le burn-out va continuer de faire des ravages: aujourd&rsquo;hui d\u00e9j\u00e0, il y a plus de 10.000 travailleurs et travailleuses absents depuis plus d\u2019un an pour cause de maladie psycho-sociale.\",\"datePublished\":\"2021-04-28T12:35:47+00:00\",\"dateModified\":\"2021-04-28T12:36:16+00:00\",\"mainEntityOfPage\":{\"@id\":\"https:\/\/peoplesphere.be\/fr\/burn-out-va-continuer-a-faire-ravages-aujourdhui-deja-y-a-plus-de-10-000-travailleurs-travailleuses-absents-plus-dun-an-cause-de-maladie-psycho-sociale\/\"},\"wordCount\":1062,\"publisher\":{\"@id\":\"https:\/\/peoplesphere.be\/fr\/#organization\"},\"keywords\":[\"absence de longue dur\u00e9e\",\"Burn-out\",\"charge psycho-sociale\",\"CSC\",\"Sant\u00e9\",\"S\u00e9curit\u00e9\",\"Stress\",\"syndicats\"],\"articleSection\":[\"Actualit\u00e9s\",\"Digital\"],\"inLanguage\":\"fr-FR\"},{\"@type\":\"WebPage\",\"@id\":\"https:\/\/peoplesphere.be\/fr\/burn-out-va-continuer-a-faire-ravages-aujourdhui-deja-y-a-plus-de-10-000-travailleurs-travailleuses-absents-plus-dun-an-cause-de-maladie-psycho-sociale\/\",\"url\":\"https:\/\/peoplesphere.be\/fr\/burn-out-va-continuer-a-faire-ravages-aujourdhui-deja-y-a-plus-de-10-000-travailleurs-travailleuses-absents-plus-dun-an-cause-de-maladie-psycho-sociale\/\",\"name\":\"Le burn-out va continuer de faire des ravages: aujourd'hui d\u00e9j\u00e0, il y a plus de 10.000 travailleurs et travailleuses absents depuis plus d\u2019un an pour cause de maladie psycho-sociale. - Peoplesphere\",\"isPartOf\":{\"@id\":\"https:\/\/peoplesphere.be\/fr\/#website\"},\"datePublished\":\"2021-04-28T12:35:47+00:00\",\"dateModified\":\"2021-04-28T12:36:16+00:00\",\"breadcrumb\":{\"@id\":\"https:\/\/peoplesphere.be\/fr\/burn-out-va-continuer-a-faire-ravages-aujourdhui-deja-y-a-plus-de-10-000-travailleurs-travailleuses-absents-plus-dun-an-cause-de-maladie-psycho-sociale\/#breadcrumb\"},\"inLanguage\":\"fr-FR\",\"potentialAction\":[{\"@type\":\"ReadAction\",\"target\":[\"https:\/\/peoplesphere.be\/fr\/burn-out-va-continuer-a-faire-ravages-aujourdhui-deja-y-a-plus-de-10-000-travailleurs-travailleuses-absents-plus-dun-an-cause-de-maladie-psycho-sociale\/\"]}]},{\"@type\":\"BreadcrumbList\",\"@id\":\"https:\/\/peoplesphere.be\/fr\/burn-out-va-continuer-a-faire-ravages-aujourdhui-deja-y-a-plus-de-10-000-travailleurs-travailleuses-absents-plus-dun-an-cause-de-maladie-psycho-sociale\/#breadcrumb\",\"itemListElement\":[{\"@type\":\"ListItem\",\"position\":1,\"name\":\"Accueil\",\"item\":\"https:\/\/peoplesphere.be\/fr\/\"},{\"@type\":\"ListItem\",\"position\":2,\"name\":\"Le burn-out va continuer de faire des ravages: aujourd&rsquo;hui d\u00e9j\u00e0, il y a plus de 10.000 travailleurs et travailleuses absents depuis plus d\u2019un an pour cause de maladie psycho-sociale.\"}]},{\"@type\":\"WebSite\",\"@id\":\"https:\/\/peoplesphere.be\/fr\/#website\",\"url\":\"https:\/\/peoplesphere.be\/fr\/\",\"name\":\"Peoplesphere\",\"description\":\"The People Managers Magazine\",\"publisher\":{\"@id\":\"https:\/\/peoplesphere.be\/fr\/#organization\"},\"potentialAction\":[{\"@type\":\"SearchAction\",\"target\":{\"@type\":\"EntryPoint\",\"urlTemplate\":\"https:\/\/peoplesphere.be\/fr\/?s={search_term_string}\"},\"query-input\":\"required name=search_term_string\"}],\"inLanguage\":\"fr-FR\"},{\"@type\":\"Organization\",\"@id\":\"https:\/\/peoplesphere.be\/fr\/#organization\",\"name\":\"Peoplesphere Company srl\",\"url\":\"https:\/\/peoplesphere.be\/fr\/\",\"logo\":{\"@type\":\"ImageObject\",\"inLanguage\":\"fr-FR\",\"@id\":\"https:\/\/peoplesphere.be\/fr\/#\/schema\/logo\/image\/\",\"url\":\"https:\/\/peoplesphere.be\/fr\/wp-content\/uploads\/2023\/07\/peoplesphere-lgo-new-generik.jpg\",\"contentUrl\":\"https:\/\/peoplesphere.be\/fr\/wp-content\/uploads\/2023\/07\/peoplesphere-lgo-new-generik.jpg\",\"width\":1031,\"height\":1479,\"caption\":\"Peoplesphere Company srl\"},\"image\":{\"@id\":\"https:\/\/peoplesphere.be\/fr\/#\/schema\/logo\/image\/\"},\"sameAs\":[\"https:\/\/www.facebook.com\/peoplesphere\",\"https:\/\/twitter.com\/PeoplesphereMag\",\"https:\/\/www.linkedin.com\/company\/7587361?trk\",\"http:\/\/youtube.com\/peoplesphere\"]},{\"@type\":\"Person\",\"@id\":\"https:\/\/peoplesphere.be\/fr\/#\/schema\/person\/7976225ff17988604334abb7b3536a7e\",\"name\":\"Jean-Paul Erhard\",\"image\":{\"@type\":\"ImageObject\",\"inLanguage\":\"fr-FR\",\"@id\":\"https:\/\/peoplesphere.be\/fr\/#\/schema\/person\/image\/\",\"url\":\"https:\/\/secure.gravatar.com\/avatar\/f941e681460179738071629a51574930?s=96&d=mm&r=g\",\"contentUrl\":\"https:\/\/secure.gravatar.com\/avatar\/f941e681460179738071629a51574930?s=96&d=mm&r=g\",\"caption\":\"Jean-Paul Erhard\"},\"url\":\"https:\/\/peoplesphere.be\/fr\/author\/jpe\/\"}]}<\/script>\n<!-- \/ Yoast SEO plugin. -->","yoast_head_json":{"title":"Le burn-out va continuer de faire des ravages: aujourd'hui d\u00e9j\u00e0, il y a plus de 10.000 travailleurs et travailleuses absents depuis plus d\u2019un an pour cause de maladie psycho-sociale. - Peoplesphere","robots":{"index":"index","follow":"follow","max-snippet":"max-snippet:-1","max-image-preview":"max-image-preview:large","max-video-preview":"max-video-preview:-1"},"canonical":"https:\/\/peoplesphere.be\/fr\/burn-out-va-continuer-a-faire-ravages-aujourdhui-deja-y-a-plus-de-10-000-travailleurs-travailleuses-absents-plus-dun-an-cause-de-maladie-psycho-sociale\/","og_locale":"fr_FR","og_type":"article","og_title":"Le burn-out va continuer de faire des ravages: aujourd'hui d\u00e9j\u00e0, il y a plus de 10.000 travailleurs et travailleuses absents depuis plus d\u2019un an pour cause de maladie psycho-sociale. - Peoplesphere","og_description":"En quelques ann\u00e9es seulement, le nombre de travailleurs et travailleuses en arr\u00eat maladie de longue dur\u00e9e pour cause de stress et de burnout a fortement augment\u00e9. Les chiffres collect\u00e9s par la CSC aupr\u00e8s de l\u2019INAMI montrent qu&rsquo;en juin 2020, 10.597 [&hellip;]","og_url":"https:\/\/peoplesphere.be\/fr\/burn-out-va-continuer-a-faire-ravages-aujourdhui-deja-y-a-plus-de-10-000-travailleurs-travailleuses-absents-plus-dun-an-cause-de-maladie-psycho-sociale\/","og_site_name":"Peoplesphere","article_publisher":"https:\/\/www.facebook.com\/peoplesphere","article_published_time":"2021-04-28T12:35:47+00:00","article_modified_time":"2021-04-28T12:36:16+00:00","og_image":[{"url":"http:\/\/www.peoplesphere.be\/fr\/wp-content\/uploads\/2016\/07\/facebook-default-posting-1200x628px.jpg"}],"author":"Jean-Paul Erhard","twitter_card":"summary_large_image","twitter_creator":"@PeoplesphereMag","twitter_site":"@PeoplesphereMag","twitter_misc":{"\u00c9crit par":"Jean-Paul Erhard","Dur\u00e9e de lecture estim\u00e9e":"5 minutes"},"schema":{"@context":"https:\/\/schema.org","@graph":[{"@type":"Article","@id":"https:\/\/peoplesphere.be\/fr\/burn-out-va-continuer-a-faire-ravages-aujourdhui-deja-y-a-plus-de-10-000-travailleurs-travailleuses-absents-plus-dun-an-cause-de-maladie-psycho-sociale\/#article","isPartOf":{"@id":"https:\/\/peoplesphere.be\/fr\/burn-out-va-continuer-a-faire-ravages-aujourdhui-deja-y-a-plus-de-10-000-travailleurs-travailleuses-absents-plus-dun-an-cause-de-maladie-psycho-sociale\/"},"author":{"name":"Jean-Paul Erhard","@id":"https:\/\/peoplesphere.be\/fr\/#\/schema\/person\/7976225ff17988604334abb7b3536a7e"},"headline":"Le burn-out va continuer de faire des ravages: aujourd&rsquo;hui d\u00e9j\u00e0, il y a plus de 10.000 travailleurs et travailleuses absents depuis plus d\u2019un an pour cause de maladie psycho-sociale.","datePublished":"2021-04-28T12:35:47+00:00","dateModified":"2021-04-28T12:36:16+00:00","mainEntityOfPage":{"@id":"https:\/\/peoplesphere.be\/fr\/burn-out-va-continuer-a-faire-ravages-aujourdhui-deja-y-a-plus-de-10-000-travailleurs-travailleuses-absents-plus-dun-an-cause-de-maladie-psycho-sociale\/"},"wordCount":1062,"publisher":{"@id":"https:\/\/peoplesphere.be\/fr\/#organization"},"keywords":["absence de longue dur\u00e9e","Burn-out","charge psycho-sociale","CSC","Sant\u00e9","S\u00e9curit\u00e9","Stress","syndicats"],"articleSection":["Actualit\u00e9s","Digital"],"inLanguage":"fr-FR"},{"@type":"WebPage","@id":"https:\/\/peoplesphere.be\/fr\/burn-out-va-continuer-a-faire-ravages-aujourdhui-deja-y-a-plus-de-10-000-travailleurs-travailleuses-absents-plus-dun-an-cause-de-maladie-psycho-sociale\/","url":"https:\/\/peoplesphere.be\/fr\/burn-out-va-continuer-a-faire-ravages-aujourdhui-deja-y-a-plus-de-10-000-travailleurs-travailleuses-absents-plus-dun-an-cause-de-maladie-psycho-sociale\/","name":"Le burn-out va continuer de faire des ravages: aujourd'hui d\u00e9j\u00e0, il y a plus de 10.000 travailleurs et travailleuses absents depuis plus d\u2019un an pour cause de maladie psycho-sociale. - Peoplesphere","isPartOf":{"@id":"https:\/\/peoplesphere.be\/fr\/#website"},"datePublished":"2021-04-28T12:35:47+00:00","dateModified":"2021-04-28T12:36:16+00:00","breadcrumb":{"@id":"https:\/\/peoplesphere.be\/fr\/burn-out-va-continuer-a-faire-ravages-aujourdhui-deja-y-a-plus-de-10-000-travailleurs-travailleuses-absents-plus-dun-an-cause-de-maladie-psycho-sociale\/#breadcrumb"},"inLanguage":"fr-FR","potentialAction":[{"@type":"ReadAction","target":["https:\/\/peoplesphere.be\/fr\/burn-out-va-continuer-a-faire-ravages-aujourdhui-deja-y-a-plus-de-10-000-travailleurs-travailleuses-absents-plus-dun-an-cause-de-maladie-psycho-sociale\/"]}]},{"@type":"BreadcrumbList","@id":"https:\/\/peoplesphere.be\/fr\/burn-out-va-continuer-a-faire-ravages-aujourdhui-deja-y-a-plus-de-10-000-travailleurs-travailleuses-absents-plus-dun-an-cause-de-maladie-psycho-sociale\/#breadcrumb","itemListElement":[{"@type":"ListItem","position":1,"name":"Accueil","item":"https:\/\/peoplesphere.be\/fr\/"},{"@type":"ListItem","position":2,"name":"Le burn-out va continuer de faire des ravages: aujourd&rsquo;hui d\u00e9j\u00e0, il y a plus de 10.000 travailleurs et travailleuses absents depuis plus d\u2019un an pour cause de maladie psycho-sociale."}]},{"@type":"WebSite","@id":"https:\/\/peoplesphere.be\/fr\/#website","url":"https:\/\/peoplesphere.be\/fr\/","name":"Peoplesphere","description":"The People Managers Magazine","publisher":{"@id":"https:\/\/peoplesphere.be\/fr\/#organization"},"potentialAction":[{"@type":"SearchAction","target":{"@type":"EntryPoint","urlTemplate":"https:\/\/peoplesphere.be\/fr\/?s={search_term_string}"},"query-input":"required name=search_term_string"}],"inLanguage":"fr-FR"},{"@type":"Organization","@id":"https:\/\/peoplesphere.be\/fr\/#organization","name":"Peoplesphere Company srl","url":"https:\/\/peoplesphere.be\/fr\/","logo":{"@type":"ImageObject","inLanguage":"fr-FR","@id":"https:\/\/peoplesphere.be\/fr\/#\/schema\/logo\/image\/","url":"https:\/\/peoplesphere.be\/fr\/wp-content\/uploads\/2023\/07\/peoplesphere-lgo-new-generik.jpg","contentUrl":"https:\/\/peoplesphere.be\/fr\/wp-content\/uploads\/2023\/07\/peoplesphere-lgo-new-generik.jpg","width":1031,"height":1479,"caption":"Peoplesphere Company srl"},"image":{"@id":"https:\/\/peoplesphere.be\/fr\/#\/schema\/logo\/image\/"},"sameAs":["https:\/\/www.facebook.com\/peoplesphere","https:\/\/twitter.com\/PeoplesphereMag","https:\/\/www.linkedin.com\/company\/7587361?trk","http:\/\/youtube.com\/peoplesphere"]},{"@type":"Person","@id":"https:\/\/peoplesphere.be\/fr\/#\/schema\/person\/7976225ff17988604334abb7b3536a7e","name":"Jean-Paul Erhard","image":{"@type":"ImageObject","inLanguage":"fr-FR","@id":"https:\/\/peoplesphere.be\/fr\/#\/schema\/person\/image\/","url":"https:\/\/secure.gravatar.com\/avatar\/f941e681460179738071629a51574930?s=96&d=mm&r=g","contentUrl":"https:\/\/secure.gravatar.com\/avatar\/f941e681460179738071629a51574930?s=96&d=mm&r=g","caption":"Jean-Paul Erhard"},"url":"https:\/\/peoplesphere.be\/fr\/author\/jpe\/"}]}},"_links":{"self":[{"href":"https:\/\/peoplesphere.be\/fr\/wp-json\/wp\/v2\/posts\/11207"}],"collection":[{"href":"https:\/\/peoplesphere.be\/fr\/wp-json\/wp\/v2\/posts"}],"about":[{"href":"https:\/\/peoplesphere.be\/fr\/wp-json\/wp\/v2\/types\/post"}],"author":[{"embeddable":true,"href":"https:\/\/peoplesphere.be\/fr\/wp-json\/wp\/v2\/users\/2"}],"replies":[{"embeddable":true,"href":"https:\/\/peoplesphere.be\/fr\/wp-json\/wp\/v2\/comments?post=11207"}],"version-history":[{"count":2,"href":"https:\/\/peoplesphere.be\/fr\/wp-json\/wp\/v2\/posts\/11207\/revisions"}],"predecessor-version":[{"id":11209,"href":"https:\/\/peoplesphere.be\/fr\/wp-json\/wp\/v2\/posts\/11207\/revisions\/11209"}],"wp:attachment":[{"href":"https:\/\/peoplesphere.be\/fr\/wp-json\/wp\/v2\/media?parent=11207"}],"wp:term":[{"taxonomy":"category","embeddable":true,"href":"https:\/\/peoplesphere.be\/fr\/wp-json\/wp\/v2\/categories?post=11207"},{"taxonomy":"post_tag","embeddable":true,"href":"https:\/\/peoplesphere.be\/fr\/wp-json\/wp\/v2\/tags?post=11207"}],"curies":[{"name":"wp","href":"https:\/\/api.w.org\/{rel}","templated":true}]}}