









{"id":11254,"date":"2021-05-06T08:06:51","date_gmt":"2021-05-06T06:06:51","guid":{"rendered":"https:\/\/peoplesphere.be\/fr\/?p=11254"},"modified":"2021-05-06T08:06:51","modified_gmt":"2021-05-06T06:06:51","slug":"priorite-absolue-a-cybersecurite-tiers-de-nos-entreprises-2021","status":"publish","type":"post","link":"https:\/\/peoplesphere.be\/fr\/priorite-absolue-a-cybersecurite-tiers-de-nos-entreprises-2021\/","title":{"rendered":"Priorit\u00e9 absolue \u00e0 la cybers\u00e9curit\u00e9 pour un tiers de nos entreprises en 2021."},"content":{"rendered":"<p>Pour 34% des CIO\u2019s belges, la cybers\u00e9curit\u00e9 est une priorit\u00e9 absolue d&rsquo;ici 2021<br \/>\nLa demande de cyber-sp\u00e9cialistes pour rem\u00e9dier aux menaces en ligne est \u00e9lev\u00e9e<br \/>\nL&rsquo;augmentation de la fr\u00e9quence de t\u00e9l\u00e9travail signifie que les probabilit\u00e9s de cyber-attaques sont plus grandes qu&rsquo;avant la crise du coronavirus.\u00a0La cybers\u00e9curit\u00e9, et les risques qui y sont associ\u00e9s, figurent de plus en plus sur la liste des priorit\u00e9s de nombreuses entreprises en raison de l&rsquo;augmentation du t\u00e9l\u00e9travail. Une \u00e9tude du sp\u00e9cialiste en recrutement Robert Half r\u00e9v\u00e8le que 34% des CIO\u2019s belges se concentreront sur ce point en 2021.<!--more--><\/p>\n<p>Depuis le d\u00e9but de la crise du coronavirus l&rsquo;ann\u00e9e derni\u00e8re, de nombreuses entreprises sont devenues beaucoup plus d\u00e9pendantes des services en ligne qu&rsquo;auparavant. Les organisations pour lesquelles le t\u00e9l\u00e9travail est possible se sont adapt\u00e9es afin de pouvoir poursuivre toutes leurs activit\u00e9s sans interruption. Ces changements ont eu un impact majeur sur leur profil de risque technologique.<\/p>\n<p><em>\u00ab\u00a0Que le cyber-risque ait augment\u00e9, tout le monde en convient. Notre environnement de travail est beaucoup plus vuln\u00e9rable aujourd&rsquo;hui qu&rsquo;avant la crise, mais il est \u00e9galement important que les entreprises s&rsquo;am\u00e9liorent dans la pr\u00e9vention des attaques\u00a0\u00bb,<\/em> a d\u00e9clar\u00e9 C\u00e9dric Desmet, Associate Director chez Robert Half.<\/p>\n<p>Les entreprises se concentrent de plus en plus sur la cybers\u00e9curit\u00e9 afin de prot\u00e9ger au mieux leurs activit\u00e9s contre les attaques en ligne. Par exemple, un CIO\u2019s belge sur trois (34%) interrog\u00e9s dans le cadre d&rsquo;une r\u00e9cente \u00e9tude de Robert Half a indiqu\u00e9 que le maintien de la cybers\u00e9curit\u00e9 et la s\u00e9curisation des donn\u00e9es de l&rsquo;entreprise constituaient une priorit\u00e9 absolue pour 2021.<\/p>\n<p><strong><em>La cyber-s\u00e9curit\u00e9 est bien pr\u00e9sente sur le march\u00e9<\/em><\/strong><\/p>\n<p>Cette vigilance accrue implique que les cyber-sp\u00e9cialistes sont des profils tr\u00e8s recherch\u00e9s. L&rsquo;\u00e9tude de Robert Half a r\u00e9v\u00e9l\u00e9 que les profils de s\u00e9curit\u00e9 figuraient dans le top 5 des priorit\u00e9s de recrutement des CIO\u2019s. Les bons profils r\u00e9ussissent non seulement \u00e0 g\u00e9rer les menaces en ligne, mais aussi \u00e0 vulgariser les cyber-risques afin que le reste de l&rsquo;entreprise et de la direction puissent comprendre.<\/p>\n<p><em>\u00ab\u00a0Les cyber-sp\u00e9cialistes qui peuvent traduire les connaissances souvent tr\u00e8s techniques en informations compr\u00e9hensibles, m\u00eame pour les profils moins techniques, peuvent faire en sorte que les organisations soient mieux inform\u00e9es des risques et des menaces. Et comprendre le probl\u00e8me est le d\u00e9but de la solution\u00a0\u00bb<\/em>, a d\u00e9clar\u00e9 C\u00e9dric Desmet de Robert Half.<\/p>\n<p>Bien qu&rsquo;il existe d\u00e9j\u00e0 de nombreuses technologies permettant de d\u00e9tecter les menaces de cyber-attaques, une approche centr\u00e9e sur les personnes reste tr\u00e8s importante afin de g\u00e9rer correctement les risques dans un environnement en rapide mutation. Il est \u00e9galement important que l&rsquo;approche soit align\u00e9e sur l&rsquo;ensemble de l&rsquo;organisation car la cybers\u00e9curit\u00e9 est un probl\u00e8me qui touche de plus en plus l&rsquo;ensemble de l\u2019entreprise.<\/p>\n<p><em>\u00ab\u00a0Il est important que ces cyber-sp\u00e9cialistes internes ne se concentrent pas uniquement sur les grandes cyberattaques, mais prennent \u00e9galement en compte les petites attaques telles que le phishing. M\u00eame les attaques les moins impactantes peuvent mettre en danger des informations sensibles\u00a0\u00bb<\/em>, conclut C\u00e9dric Desmet.<\/p>\n<p>&nbsp;<\/p>\n<p><em>Source: Robert Half a men\u00e9 une enqu\u00eate aupr\u00e8s de 1.500 managers en recourant \u00e0 une m\u00e9thode de collecte de donn\u00e9es en ligne en avril 2021. Cette collecte comprenait 300 entretiens dans chaque pays en Belgique, au Br\u00e9sil, en France, en Allemagne ainsi qu\u2019au Royaume-Uni. Les r\u00e9pondants \u00e9taient des General Managers, Chief Financial Officers et Chief Information Officers ayant des responsabilit\u00e9s en mati\u00e8re de recrutement dans des petites (50-249 employ\u00e9s), moyennes (250-499) et grandes (500+ employ\u00e9s) entreprises priv\u00e9es cot\u00e9es en bourse et du secteur public dans les cinq march\u00e9s.<\/em><\/p>\n","protected":false},"excerpt":{"rendered":"<p>Pour 34% des CIO\u2019s belges, la cybers\u00e9curit\u00e9 est une priorit\u00e9 absolue d&rsquo;ici 2021 La demande de cyber-sp\u00e9cialistes pour rem\u00e9dier aux menaces en ligne est \u00e9lev\u00e9e L&rsquo;augmentation de la fr\u00e9quence de t\u00e9l\u00e9travail signifie que les probabilit\u00e9s de cyber-attaques sont plus grandes [&hellip;]<\/p>\n","protected":false},"author":2,"featured_media":0,"comment_status":"closed","ping_status":"open","sticky":false,"template":"","format":"standard","meta":[],"categories":[65,10],"tags":[685,1072,218,72],"yoast_head":"<!-- This site is optimized with the Yoast SEO plugin v21.0 - https:\/\/yoast.com\/wordpress\/plugins\/seo\/ -->\n<title>Priorit\u00e9 absolue \u00e0 la cybers\u00e9curit\u00e9 pour un tiers de nos entreprises en 2021. - Peoplesphere<\/title>\n<meta name=\"robots\" content=\"index, follow, max-snippet:-1, max-image-preview:large, max-video-preview:-1\" \/>\n<link rel=\"canonical\" href=\"https:\/\/peoplesphere.be\/fr\/priorite-absolue-a-cybersecurite-tiers-de-nos-entreprises-2021\/\" \/>\n<meta property=\"og:locale\" content=\"fr_FR\" \/>\n<meta property=\"og:type\" content=\"article\" \/>\n<meta property=\"og:title\" content=\"Priorit\u00e9 absolue \u00e0 la cybers\u00e9curit\u00e9 pour un tiers de nos entreprises en 2021. - Peoplesphere\" \/>\n<meta property=\"og:description\" content=\"Pour 34% des CIO\u2019s belges, la cybers\u00e9curit\u00e9 est une priorit\u00e9 absolue d&rsquo;ici 2021 La demande de cyber-sp\u00e9cialistes pour rem\u00e9dier aux menaces en ligne est \u00e9lev\u00e9e L&rsquo;augmentation de la fr\u00e9quence de t\u00e9l\u00e9travail signifie que les probabilit\u00e9s de cyber-attaques sont plus grandes [&hellip;]\" \/>\n<meta property=\"og:url\" content=\"https:\/\/peoplesphere.be\/fr\/priorite-absolue-a-cybersecurite-tiers-de-nos-entreprises-2021\/\" \/>\n<meta property=\"og:site_name\" content=\"Peoplesphere\" \/>\n<meta property=\"article:publisher\" content=\"https:\/\/www.facebook.com\/peoplesphere\" \/>\n<meta property=\"article:published_time\" content=\"2021-05-06T06:06:51+00:00\" \/>\n<meta property=\"og:image\" content=\"http:\/\/www.peoplesphere.be\/fr\/wp-content\/uploads\/2016\/07\/facebook-default-posting-1200x628px.jpg\" \/>\n<meta name=\"author\" content=\"Jean-Paul Erhard\" \/>\n<meta name=\"twitter:card\" content=\"summary_large_image\" \/>\n<meta name=\"twitter:creator\" content=\"@PeoplesphereMag\" \/>\n<meta name=\"twitter:site\" content=\"@PeoplesphereMag\" \/>\n<meta name=\"twitter:label1\" content=\"\u00c9crit par\" \/>\n\t<meta name=\"twitter:data1\" content=\"Jean-Paul Erhard\" \/>\n\t<meta name=\"twitter:label2\" content=\"Dur\u00e9e de lecture estim\u00e9e\" \/>\n\t<meta name=\"twitter:data2\" content=\"3 minutes\" \/>\n<script type=\"application\/ld+json\" class=\"yoast-schema-graph\">{\"@context\":\"https:\/\/schema.org\",\"@graph\":[{\"@type\":\"Article\",\"@id\":\"https:\/\/peoplesphere.be\/fr\/priorite-absolue-a-cybersecurite-tiers-de-nos-entreprises-2021\/#article\",\"isPartOf\":{\"@id\":\"https:\/\/peoplesphere.be\/fr\/priorite-absolue-a-cybersecurite-tiers-de-nos-entreprises-2021\/\"},\"author\":{\"name\":\"Jean-Paul Erhard\",\"@id\":\"https:\/\/peoplesphere.be\/fr\/#\/schema\/person\/7976225ff17988604334abb7b3536a7e\"},\"headline\":\"Priorit\u00e9 absolue \u00e0 la cybers\u00e9curit\u00e9 pour un tiers de nos entreprises en 2021.\",\"datePublished\":\"2021-05-06T06:06:51+00:00\",\"dateModified\":\"2021-05-06T06:06:51+00:00\",\"mainEntityOfPage\":{\"@id\":\"https:\/\/peoplesphere.be\/fr\/priorite-absolue-a-cybersecurite-tiers-de-nos-entreprises-2021\/\"},\"wordCount\":661,\"publisher\":{\"@id\":\"https:\/\/peoplesphere.be\/fr\/#organization\"},\"keywords\":[\"comp\u00e9tence\",\"cybers\u00e9curit\u00e9\",\"guerre des talents\",\"recrutement\"],\"articleSection\":[\"Actualit\u00e9s\",\"Digital\"],\"inLanguage\":\"fr-FR\"},{\"@type\":\"WebPage\",\"@id\":\"https:\/\/peoplesphere.be\/fr\/priorite-absolue-a-cybersecurite-tiers-de-nos-entreprises-2021\/\",\"url\":\"https:\/\/peoplesphere.be\/fr\/priorite-absolue-a-cybersecurite-tiers-de-nos-entreprises-2021\/\",\"name\":\"Priorit\u00e9 absolue \u00e0 la cybers\u00e9curit\u00e9 pour un tiers de nos entreprises en 2021. - Peoplesphere\",\"isPartOf\":{\"@id\":\"https:\/\/peoplesphere.be\/fr\/#website\"},\"datePublished\":\"2021-05-06T06:06:51+00:00\",\"dateModified\":\"2021-05-06T06:06:51+00:00\",\"breadcrumb\":{\"@id\":\"https:\/\/peoplesphere.be\/fr\/priorite-absolue-a-cybersecurite-tiers-de-nos-entreprises-2021\/#breadcrumb\"},\"inLanguage\":\"fr-FR\",\"potentialAction\":[{\"@type\":\"ReadAction\",\"target\":[\"https:\/\/peoplesphere.be\/fr\/priorite-absolue-a-cybersecurite-tiers-de-nos-entreprises-2021\/\"]}]},{\"@type\":\"BreadcrumbList\",\"@id\":\"https:\/\/peoplesphere.be\/fr\/priorite-absolue-a-cybersecurite-tiers-de-nos-entreprises-2021\/#breadcrumb\",\"itemListElement\":[{\"@type\":\"ListItem\",\"position\":1,\"name\":\"Accueil\",\"item\":\"https:\/\/peoplesphere.be\/fr\/\"},{\"@type\":\"ListItem\",\"position\":2,\"name\":\"Priorit\u00e9 absolue \u00e0 la cybers\u00e9curit\u00e9 pour un tiers de nos entreprises en 2021.\"}]},{\"@type\":\"WebSite\",\"@id\":\"https:\/\/peoplesphere.be\/fr\/#website\",\"url\":\"https:\/\/peoplesphere.be\/fr\/\",\"name\":\"Peoplesphere\",\"description\":\"The People Managers Magazine\",\"publisher\":{\"@id\":\"https:\/\/peoplesphere.be\/fr\/#organization\"},\"potentialAction\":[{\"@type\":\"SearchAction\",\"target\":{\"@type\":\"EntryPoint\",\"urlTemplate\":\"https:\/\/peoplesphere.be\/fr\/?s={search_term_string}\"},\"query-input\":\"required name=search_term_string\"}],\"inLanguage\":\"fr-FR\"},{\"@type\":\"Organization\",\"@id\":\"https:\/\/peoplesphere.be\/fr\/#organization\",\"name\":\"Peoplesphere Company srl\",\"url\":\"https:\/\/peoplesphere.be\/fr\/\",\"logo\":{\"@type\":\"ImageObject\",\"inLanguage\":\"fr-FR\",\"@id\":\"https:\/\/peoplesphere.be\/fr\/#\/schema\/logo\/image\/\",\"url\":\"https:\/\/peoplesphere.be\/fr\/wp-content\/uploads\/2023\/07\/peoplesphere-lgo-new-generik.jpg\",\"contentUrl\":\"https:\/\/peoplesphere.be\/fr\/wp-content\/uploads\/2023\/07\/peoplesphere-lgo-new-generik.jpg\",\"width\":1031,\"height\":1479,\"caption\":\"Peoplesphere Company srl\"},\"image\":{\"@id\":\"https:\/\/peoplesphere.be\/fr\/#\/schema\/logo\/image\/\"},\"sameAs\":[\"https:\/\/www.facebook.com\/peoplesphere\",\"https:\/\/twitter.com\/PeoplesphereMag\",\"https:\/\/www.linkedin.com\/company\/7587361?trk\",\"http:\/\/youtube.com\/peoplesphere\"]},{\"@type\":\"Person\",\"@id\":\"https:\/\/peoplesphere.be\/fr\/#\/schema\/person\/7976225ff17988604334abb7b3536a7e\",\"name\":\"Jean-Paul Erhard\",\"image\":{\"@type\":\"ImageObject\",\"inLanguage\":\"fr-FR\",\"@id\":\"https:\/\/peoplesphere.be\/fr\/#\/schema\/person\/image\/\",\"url\":\"https:\/\/secure.gravatar.com\/avatar\/f941e681460179738071629a51574930?s=96&d=mm&r=g\",\"contentUrl\":\"https:\/\/secure.gravatar.com\/avatar\/f941e681460179738071629a51574930?s=96&d=mm&r=g\",\"caption\":\"Jean-Paul Erhard\"},\"url\":\"https:\/\/peoplesphere.be\/fr\/author\/jpe\/\"}]}<\/script>\n<!-- \/ Yoast SEO plugin. -->","yoast_head_json":{"title":"Priorit\u00e9 absolue \u00e0 la cybers\u00e9curit\u00e9 pour un tiers de nos entreprises en 2021. - Peoplesphere","robots":{"index":"index","follow":"follow","max-snippet":"max-snippet:-1","max-image-preview":"max-image-preview:large","max-video-preview":"max-video-preview:-1"},"canonical":"https:\/\/peoplesphere.be\/fr\/priorite-absolue-a-cybersecurite-tiers-de-nos-entreprises-2021\/","og_locale":"fr_FR","og_type":"article","og_title":"Priorit\u00e9 absolue \u00e0 la cybers\u00e9curit\u00e9 pour un tiers de nos entreprises en 2021. - Peoplesphere","og_description":"Pour 34% des CIO\u2019s belges, la cybers\u00e9curit\u00e9 est une priorit\u00e9 absolue d&rsquo;ici 2021 La demande de cyber-sp\u00e9cialistes pour rem\u00e9dier aux menaces en ligne est \u00e9lev\u00e9e L&rsquo;augmentation de la fr\u00e9quence de t\u00e9l\u00e9travail signifie que les probabilit\u00e9s de cyber-attaques sont plus grandes [&hellip;]","og_url":"https:\/\/peoplesphere.be\/fr\/priorite-absolue-a-cybersecurite-tiers-de-nos-entreprises-2021\/","og_site_name":"Peoplesphere","article_publisher":"https:\/\/www.facebook.com\/peoplesphere","article_published_time":"2021-05-06T06:06:51+00:00","og_image":[{"url":"http:\/\/www.peoplesphere.be\/fr\/wp-content\/uploads\/2016\/07\/facebook-default-posting-1200x628px.jpg"}],"author":"Jean-Paul Erhard","twitter_card":"summary_large_image","twitter_creator":"@PeoplesphereMag","twitter_site":"@PeoplesphereMag","twitter_misc":{"\u00c9crit par":"Jean-Paul Erhard","Dur\u00e9e de lecture estim\u00e9e":"3 minutes"},"schema":{"@context":"https:\/\/schema.org","@graph":[{"@type":"Article","@id":"https:\/\/peoplesphere.be\/fr\/priorite-absolue-a-cybersecurite-tiers-de-nos-entreprises-2021\/#article","isPartOf":{"@id":"https:\/\/peoplesphere.be\/fr\/priorite-absolue-a-cybersecurite-tiers-de-nos-entreprises-2021\/"},"author":{"name":"Jean-Paul Erhard","@id":"https:\/\/peoplesphere.be\/fr\/#\/schema\/person\/7976225ff17988604334abb7b3536a7e"},"headline":"Priorit\u00e9 absolue \u00e0 la cybers\u00e9curit\u00e9 pour un tiers de nos entreprises en 2021.","datePublished":"2021-05-06T06:06:51+00:00","dateModified":"2021-05-06T06:06:51+00:00","mainEntityOfPage":{"@id":"https:\/\/peoplesphere.be\/fr\/priorite-absolue-a-cybersecurite-tiers-de-nos-entreprises-2021\/"},"wordCount":661,"publisher":{"@id":"https:\/\/peoplesphere.be\/fr\/#organization"},"keywords":["comp\u00e9tence","cybers\u00e9curit\u00e9","guerre des talents","recrutement"],"articleSection":["Actualit\u00e9s","Digital"],"inLanguage":"fr-FR"},{"@type":"WebPage","@id":"https:\/\/peoplesphere.be\/fr\/priorite-absolue-a-cybersecurite-tiers-de-nos-entreprises-2021\/","url":"https:\/\/peoplesphere.be\/fr\/priorite-absolue-a-cybersecurite-tiers-de-nos-entreprises-2021\/","name":"Priorit\u00e9 absolue \u00e0 la cybers\u00e9curit\u00e9 pour un tiers de nos entreprises en 2021. - Peoplesphere","isPartOf":{"@id":"https:\/\/peoplesphere.be\/fr\/#website"},"datePublished":"2021-05-06T06:06:51+00:00","dateModified":"2021-05-06T06:06:51+00:00","breadcrumb":{"@id":"https:\/\/peoplesphere.be\/fr\/priorite-absolue-a-cybersecurite-tiers-de-nos-entreprises-2021\/#breadcrumb"},"inLanguage":"fr-FR","potentialAction":[{"@type":"ReadAction","target":["https:\/\/peoplesphere.be\/fr\/priorite-absolue-a-cybersecurite-tiers-de-nos-entreprises-2021\/"]}]},{"@type":"BreadcrumbList","@id":"https:\/\/peoplesphere.be\/fr\/priorite-absolue-a-cybersecurite-tiers-de-nos-entreprises-2021\/#breadcrumb","itemListElement":[{"@type":"ListItem","position":1,"name":"Accueil","item":"https:\/\/peoplesphere.be\/fr\/"},{"@type":"ListItem","position":2,"name":"Priorit\u00e9 absolue \u00e0 la cybers\u00e9curit\u00e9 pour un tiers de nos entreprises en 2021."}]},{"@type":"WebSite","@id":"https:\/\/peoplesphere.be\/fr\/#website","url":"https:\/\/peoplesphere.be\/fr\/","name":"Peoplesphere","description":"The People Managers Magazine","publisher":{"@id":"https:\/\/peoplesphere.be\/fr\/#organization"},"potentialAction":[{"@type":"SearchAction","target":{"@type":"EntryPoint","urlTemplate":"https:\/\/peoplesphere.be\/fr\/?s={search_term_string}"},"query-input":"required name=search_term_string"}],"inLanguage":"fr-FR"},{"@type":"Organization","@id":"https:\/\/peoplesphere.be\/fr\/#organization","name":"Peoplesphere Company srl","url":"https:\/\/peoplesphere.be\/fr\/","logo":{"@type":"ImageObject","inLanguage":"fr-FR","@id":"https:\/\/peoplesphere.be\/fr\/#\/schema\/logo\/image\/","url":"https:\/\/peoplesphere.be\/fr\/wp-content\/uploads\/2023\/07\/peoplesphere-lgo-new-generik.jpg","contentUrl":"https:\/\/peoplesphere.be\/fr\/wp-content\/uploads\/2023\/07\/peoplesphere-lgo-new-generik.jpg","width":1031,"height":1479,"caption":"Peoplesphere Company srl"},"image":{"@id":"https:\/\/peoplesphere.be\/fr\/#\/schema\/logo\/image\/"},"sameAs":["https:\/\/www.facebook.com\/peoplesphere","https:\/\/twitter.com\/PeoplesphereMag","https:\/\/www.linkedin.com\/company\/7587361?trk","http:\/\/youtube.com\/peoplesphere"]},{"@type":"Person","@id":"https:\/\/peoplesphere.be\/fr\/#\/schema\/person\/7976225ff17988604334abb7b3536a7e","name":"Jean-Paul Erhard","image":{"@type":"ImageObject","inLanguage":"fr-FR","@id":"https:\/\/peoplesphere.be\/fr\/#\/schema\/person\/image\/","url":"https:\/\/secure.gravatar.com\/avatar\/f941e681460179738071629a51574930?s=96&d=mm&r=g","contentUrl":"https:\/\/secure.gravatar.com\/avatar\/f941e681460179738071629a51574930?s=96&d=mm&r=g","caption":"Jean-Paul Erhard"},"url":"https:\/\/peoplesphere.be\/fr\/author\/jpe\/"}]}},"_links":{"self":[{"href":"https:\/\/peoplesphere.be\/fr\/wp-json\/wp\/v2\/posts\/11254"}],"collection":[{"href":"https:\/\/peoplesphere.be\/fr\/wp-json\/wp\/v2\/posts"}],"about":[{"href":"https:\/\/peoplesphere.be\/fr\/wp-json\/wp\/v2\/types\/post"}],"author":[{"embeddable":true,"href":"https:\/\/peoplesphere.be\/fr\/wp-json\/wp\/v2\/users\/2"}],"replies":[{"embeddable":true,"href":"https:\/\/peoplesphere.be\/fr\/wp-json\/wp\/v2\/comments?post=11254"}],"version-history":[{"count":1,"href":"https:\/\/peoplesphere.be\/fr\/wp-json\/wp\/v2\/posts\/11254\/revisions"}],"predecessor-version":[{"id":11255,"href":"https:\/\/peoplesphere.be\/fr\/wp-json\/wp\/v2\/posts\/11254\/revisions\/11255"}],"wp:attachment":[{"href":"https:\/\/peoplesphere.be\/fr\/wp-json\/wp\/v2\/media?parent=11254"}],"wp:term":[{"taxonomy":"category","embeddable":true,"href":"https:\/\/peoplesphere.be\/fr\/wp-json\/wp\/v2\/categories?post=11254"},{"taxonomy":"post_tag","embeddable":true,"href":"https:\/\/peoplesphere.be\/fr\/wp-json\/wp\/v2\/tags?post=11254"}],"curies":[{"name":"wp","href":"https:\/\/api.w.org\/{rel}","templated":true}]}}