









{"id":11284,"date":"2021-05-12T08:15:39","date_gmt":"2021-05-12T06:15:39","guid":{"rendered":"https:\/\/peoplesphere.be\/fr\/?p=11284"},"modified":"2021-05-12T08:15:39","modified_gmt":"2021-05-12T06:15:39","slug":"50-travailleurs-prevoient-de-retourner-a-mi-temps-lieu-de-travail-sera-autorise","status":"publish","type":"post","link":"https:\/\/peoplesphere.be\/fr\/50-travailleurs-prevoient-de-retourner-a-mi-temps-lieu-de-travail-sera-autorise\/","title":{"rendered":"50% des travailleurs pr\u00e9voient de retourner \u00e0 mi-temps sur leur lieu de travail d\u00e8s que cela sera autoris\u00e9."},"content":{"rendered":"<p>47 % des Belges veulent retourner au bureau \u00e0 mi-temps d\u00e8s qu\u2019ils le pourront \u00e0 nouveau. Pour pr\u00e8s de 4 participants sur 10, la vaccination repr\u00e9sente \u00e9galement un facteur d\u00e9cisif dans le retour au bureau \u00e0 mi-temps. Acerta et StepStone appellent les entreprises \u00e0 entamer le dialogue avec leur personnel d\u00e8s maintenant. De cette fa\u00e7on, elles peuvent \u00e9viter l\u2019apparition d\u2019un foss\u00e9 profond entre les travailleurs qui veulent revenir et ceux qui pr\u00e9f\u00e8rent continuer \u00e0 travailler \u00e0 domicile.<!--more--><\/p>\n<p>Le Comit\u00e9 de consultation a d\u00e9cid\u00e9 mardi d&rsquo;un retour progressif sur le lieu de travail \u00e0 partir de juin. L&rsquo;annonce sera suivie attentivement dans de nombreux m\u00e9nages. Bon nombre de Belges en ont assez du bureau \u00e0 domicile, selon une enqu\u00eate r\u00e9alis\u00e9e par Acerta et StepStone. Pas moins de 47 % d\u00e9clarent qu&rsquo;ils retourneront sur le lieu de travail au moins \u00e0 mi-temps d\u00e8s qu&rsquo;ils auront le feu vert. Pour 39 % des personnes interrog\u00e9es, la vaccination joue un r\u00f4le crucial dans le retour au bureau \u00e0 mi-temps.<\/p>\n<p>Amandine Boseret, conseill\u00e8re juridique chez Acerta : <em>\u00ab\u00a0Ces chiffres m\u00e9ritent d\u2019\u00eatre soulign\u00e9s. Le fait que pr\u00e8s de la moiti\u00e9 des Belges souhaitent \u00e0 nouveau travailler au bureau \u00e0 mi-temps sans mesures en plus des mesures actuelles montre que, pour certaines activit\u00e9s, ils aspirent \u00e0 un environnement de bureau commun. Attention : nos chiffres portent sur un retour au bureau \u00e0 mi-temps, et non \u00e0 temps partiel. Il est clair maintenant que nous ne retournerons plus tous sur le lieu de travail \u00e0 temps plein. Apr\u00e8s le coronavirus, le travail hybride deviendra la nouvelle norme. Les activit\u00e9s exactes que les travailleurs ex\u00e9cuteront au bureau varieront d\u2019une entreprise \u00e0 l\u2019autre et d\u2019une fonction \u00e0 l\u2019autre.\u00a0\u00bb<\/em><\/p>\n<p><em><strong>Eviter de creuser un foss\u00e9 entre deux groupes de travailleurs<\/strong><\/em><\/p>\n<p>La grande disposition \u00e0 retourner au bureau implique \u00e9galement des dangers pour les entreprises. En effet, plus de la moiti\u00e9 des travailleurs ne sont pas encore pr\u00eats \u00e0 passer \u00e0 nouveau plusieurs jours par semaine sur le lieu de travail. Un \u00e9norme foss\u00e9 risque donc d\u2019appara\u00eetre entre les travailleurs qui veulent retourner au bureau et les fervents adeptes du travail \u00e0 domicile, qui se plaisent parfaitement dans leur home office.<\/p>\n<p>Amandine Boseret : \u00ab\u00a0<em>Les entreprises doivent \u00e0 pr\u00e9sent faire leurs devoirs : comment m\u00e8neront-elles \u00e0 bien le retour au bureau ? Mais aussi : comment feront-elles en sorte que les \u00e9quipes ne soient pas divis\u00e9es en deux (travailleurs \u00e0 domicile &gt;&lt; travailleurs au bureau) ? Il est pr\u00e9f\u00e9rable que les \u00e9quipes se penchent elles-m\u00eames sur la question afin d&rsquo;\u00e9laborer une formule de travail \u00e0 domicile qui leur convient. Le retour au bureau doit apporter une valeur ajout\u00e9e pour l\u2019emploi. Le travail administratif et le travail de connaissance peuvent parfaitement continuer \u00e0 \u00eatre effectu\u00e9s \u00e0 la maison, tandis que les travailleurs peuvent se retrouver sur le lieu de travail pour la co-cr\u00e9ation, le brainstorming et les entretiens difficiles, par exemple. Les entreprises \u00e9tudient d\u00e9j\u00e0 comment organiser l\u2019afflux de collaborateurs dans leurs bureaux en toute s\u00e9curit\u00e9 d\u2019un point de vue sanitaire, en vue d\u2019\u00e9viter une nouvelle hausse des contaminations.\u00a0\u00bb<\/em><\/p>\n<p>&nbsp;<\/p>\n<p><em>Source : les donn\u00e9es proviennent de l&rsquo;enqu\u00eate annuelle \u00ab Talent Pulse \u00bb r\u00e9alis\u00e9e par ACERTA et StepStone. Cette enqu\u00eate a \u00e9t\u00e9 d\u00e9ploy\u00e9e en mars 2021 pour la douzi\u00e8me fois et a touch\u00e9 plus de 3 000 travailleurs, dont 16,6 % d&rsquo;ouvriers et 83,4 % d&#8217;employ\u00e9s.<\/em><\/p>\n","protected":false},"excerpt":{"rendered":"<p>47 % des Belges veulent retourner au bureau \u00e0 mi-temps d\u00e8s qu\u2019ils le pourront \u00e0 nouveau. Pour pr\u00e8s de 4 participants sur 10, la vaccination repr\u00e9sente \u00e9galement un facteur d\u00e9cisif dans le retour au bureau \u00e0 mi-temps. Acerta et StepStone [&hellip;]<\/p>\n","protected":false},"author":2,"featured_media":0,"comment_status":"closed","ping_status":"open","sticky":false,"template":"","format":"standard","meta":[],"categories":[65,10],"tags":[271,2947,2319,219,2723],"yoast_head":"<!-- This site is optimized with the Yoast SEO plugin v21.0 - https:\/\/yoast.com\/wordpress\/plugins\/seo\/ -->\n<title>50% des travailleurs pr\u00e9voient de retourner \u00e0 mi-temps sur leur lieu de travail d\u00e8s que cela sera autoris\u00e9. - Peoplesphere<\/title>\n<meta name=\"robots\" content=\"index, follow, max-snippet:-1, max-image-preview:large, max-video-preview:-1\" \/>\n<link rel=\"canonical\" href=\"https:\/\/peoplesphere.be\/fr\/50-travailleurs-prevoient-de-retourner-a-mi-temps-lieu-de-travail-sera-autorise\/\" \/>\n<meta property=\"og:locale\" content=\"fr_FR\" \/>\n<meta property=\"og:type\" content=\"article\" \/>\n<meta property=\"og:title\" content=\"50% des travailleurs pr\u00e9voient de retourner \u00e0 mi-temps sur leur lieu de travail d\u00e8s que cela sera autoris\u00e9. - Peoplesphere\" \/>\n<meta property=\"og:description\" content=\"47 % des Belges veulent retourner au bureau \u00e0 mi-temps d\u00e8s qu\u2019ils le pourront \u00e0 nouveau. Pour pr\u00e8s de 4 participants sur 10, la vaccination repr\u00e9sente \u00e9galement un facteur d\u00e9cisif dans le retour au bureau \u00e0 mi-temps. Acerta et StepStone [&hellip;]\" \/>\n<meta property=\"og:url\" content=\"https:\/\/peoplesphere.be\/fr\/50-travailleurs-prevoient-de-retourner-a-mi-temps-lieu-de-travail-sera-autorise\/\" \/>\n<meta property=\"og:site_name\" content=\"Peoplesphere\" \/>\n<meta property=\"article:publisher\" content=\"https:\/\/www.facebook.com\/peoplesphere\" \/>\n<meta property=\"article:published_time\" content=\"2021-05-12T06:15:39+00:00\" \/>\n<meta property=\"og:image\" content=\"http:\/\/www.peoplesphere.be\/fr\/wp-content\/uploads\/2016\/07\/facebook-default-posting-1200x628px.jpg\" \/>\n<meta name=\"author\" content=\"Jean-Paul Erhard\" \/>\n<meta name=\"twitter:card\" content=\"summary_large_image\" \/>\n<meta name=\"twitter:creator\" content=\"@PeoplesphereMag\" \/>\n<meta name=\"twitter:site\" content=\"@PeoplesphereMag\" \/>\n<meta name=\"twitter:label1\" content=\"\u00c9crit par\" \/>\n\t<meta name=\"twitter:data1\" content=\"Jean-Paul Erhard\" \/>\n\t<meta name=\"twitter:label2\" content=\"Dur\u00e9e de lecture estim\u00e9e\" \/>\n\t<meta name=\"twitter:data2\" content=\"3 minutes\" \/>\n<script type=\"application\/ld+json\" class=\"yoast-schema-graph\">{\"@context\":\"https:\/\/schema.org\",\"@graph\":[{\"@type\":\"Article\",\"@id\":\"https:\/\/peoplesphere.be\/fr\/50-travailleurs-prevoient-de-retourner-a-mi-temps-lieu-de-travail-sera-autorise\/#article\",\"isPartOf\":{\"@id\":\"https:\/\/peoplesphere.be\/fr\/50-travailleurs-prevoient-de-retourner-a-mi-temps-lieu-de-travail-sera-autorise\/\"},\"author\":{\"name\":\"Jean-Paul Erhard\",\"@id\":\"https:\/\/peoplesphere.be\/fr\/#\/schema\/person\/7976225ff17988604334abb7b3536a7e\"},\"headline\":\"50% des travailleurs pr\u00e9voient de retourner \u00e0 mi-temps sur leur lieu de travail d\u00e8s que cela sera autoris\u00e9.\",\"datePublished\":\"2021-05-12T06:15:39+00:00\",\"dateModified\":\"2021-05-12T06:15:39+00:00\",\"mainEntityOfPage\":{\"@id\":\"https:\/\/peoplesphere.be\/fr\/50-travailleurs-prevoient-de-retourner-a-mi-temps-lieu-de-travail-sera-autorise\/\"},\"wordCount\":578,\"publisher\":{\"@id\":\"https:\/\/peoplesphere.be\/fr\/#organization\"},\"keywords\":[\"acerta\",\"coronavirus\",\"Stepstone\",\"t\u00e9l\u00e9travail\",\"vaccination\"],\"articleSection\":[\"Actualit\u00e9s\",\"Digital\"],\"inLanguage\":\"fr-FR\"},{\"@type\":\"WebPage\",\"@id\":\"https:\/\/peoplesphere.be\/fr\/50-travailleurs-prevoient-de-retourner-a-mi-temps-lieu-de-travail-sera-autorise\/\",\"url\":\"https:\/\/peoplesphere.be\/fr\/50-travailleurs-prevoient-de-retourner-a-mi-temps-lieu-de-travail-sera-autorise\/\",\"name\":\"50% des travailleurs pr\u00e9voient de retourner \u00e0 mi-temps sur leur lieu de travail d\u00e8s que cela sera autoris\u00e9. - Peoplesphere\",\"isPartOf\":{\"@id\":\"https:\/\/peoplesphere.be\/fr\/#website\"},\"datePublished\":\"2021-05-12T06:15:39+00:00\",\"dateModified\":\"2021-05-12T06:15:39+00:00\",\"breadcrumb\":{\"@id\":\"https:\/\/peoplesphere.be\/fr\/50-travailleurs-prevoient-de-retourner-a-mi-temps-lieu-de-travail-sera-autorise\/#breadcrumb\"},\"inLanguage\":\"fr-FR\",\"potentialAction\":[{\"@type\":\"ReadAction\",\"target\":[\"https:\/\/peoplesphere.be\/fr\/50-travailleurs-prevoient-de-retourner-a-mi-temps-lieu-de-travail-sera-autorise\/\"]}]},{\"@type\":\"BreadcrumbList\",\"@id\":\"https:\/\/peoplesphere.be\/fr\/50-travailleurs-prevoient-de-retourner-a-mi-temps-lieu-de-travail-sera-autorise\/#breadcrumb\",\"itemListElement\":[{\"@type\":\"ListItem\",\"position\":1,\"name\":\"Accueil\",\"item\":\"https:\/\/peoplesphere.be\/fr\/\"},{\"@type\":\"ListItem\",\"position\":2,\"name\":\"50% des travailleurs pr\u00e9voient de retourner \u00e0 mi-temps sur leur lieu de travail d\u00e8s que cela sera autoris\u00e9.\"}]},{\"@type\":\"WebSite\",\"@id\":\"https:\/\/peoplesphere.be\/fr\/#website\",\"url\":\"https:\/\/peoplesphere.be\/fr\/\",\"name\":\"Peoplesphere\",\"description\":\"The People Managers Magazine\",\"publisher\":{\"@id\":\"https:\/\/peoplesphere.be\/fr\/#organization\"},\"potentialAction\":[{\"@type\":\"SearchAction\",\"target\":{\"@type\":\"EntryPoint\",\"urlTemplate\":\"https:\/\/peoplesphere.be\/fr\/?s={search_term_string}\"},\"query-input\":\"required name=search_term_string\"}],\"inLanguage\":\"fr-FR\"},{\"@type\":\"Organization\",\"@id\":\"https:\/\/peoplesphere.be\/fr\/#organization\",\"name\":\"Peoplesphere Company srl\",\"url\":\"https:\/\/peoplesphere.be\/fr\/\",\"logo\":{\"@type\":\"ImageObject\",\"inLanguage\":\"fr-FR\",\"@id\":\"https:\/\/peoplesphere.be\/fr\/#\/schema\/logo\/image\/\",\"url\":\"https:\/\/peoplesphere.be\/fr\/wp-content\/uploads\/2023\/07\/peoplesphere-lgo-new-generik.jpg\",\"contentUrl\":\"https:\/\/peoplesphere.be\/fr\/wp-content\/uploads\/2023\/07\/peoplesphere-lgo-new-generik.jpg\",\"width\":1031,\"height\":1479,\"caption\":\"Peoplesphere Company srl\"},\"image\":{\"@id\":\"https:\/\/peoplesphere.be\/fr\/#\/schema\/logo\/image\/\"},\"sameAs\":[\"https:\/\/www.facebook.com\/peoplesphere\",\"https:\/\/twitter.com\/PeoplesphereMag\",\"https:\/\/www.linkedin.com\/company\/7587361?trk\",\"http:\/\/youtube.com\/peoplesphere\"]},{\"@type\":\"Person\",\"@id\":\"https:\/\/peoplesphere.be\/fr\/#\/schema\/person\/7976225ff17988604334abb7b3536a7e\",\"name\":\"Jean-Paul Erhard\",\"image\":{\"@type\":\"ImageObject\",\"inLanguage\":\"fr-FR\",\"@id\":\"https:\/\/peoplesphere.be\/fr\/#\/schema\/person\/image\/\",\"url\":\"https:\/\/secure.gravatar.com\/avatar\/f941e681460179738071629a51574930?s=96&d=mm&r=g\",\"contentUrl\":\"https:\/\/secure.gravatar.com\/avatar\/f941e681460179738071629a51574930?s=96&d=mm&r=g\",\"caption\":\"Jean-Paul Erhard\"},\"url\":\"https:\/\/peoplesphere.be\/fr\/author\/jpe\/\"}]}<\/script>\n<!-- \/ Yoast SEO plugin. -->","yoast_head_json":{"title":"50% des travailleurs pr\u00e9voient de retourner \u00e0 mi-temps sur leur lieu de travail d\u00e8s que cela sera autoris\u00e9. - Peoplesphere","robots":{"index":"index","follow":"follow","max-snippet":"max-snippet:-1","max-image-preview":"max-image-preview:large","max-video-preview":"max-video-preview:-1"},"canonical":"https:\/\/peoplesphere.be\/fr\/50-travailleurs-prevoient-de-retourner-a-mi-temps-lieu-de-travail-sera-autorise\/","og_locale":"fr_FR","og_type":"article","og_title":"50% des travailleurs pr\u00e9voient de retourner \u00e0 mi-temps sur leur lieu de travail d\u00e8s que cela sera autoris\u00e9. - Peoplesphere","og_description":"47 % des Belges veulent retourner au bureau \u00e0 mi-temps d\u00e8s qu\u2019ils le pourront \u00e0 nouveau. Pour pr\u00e8s de 4 participants sur 10, la vaccination repr\u00e9sente \u00e9galement un facteur d\u00e9cisif dans le retour au bureau \u00e0 mi-temps. Acerta et StepStone [&hellip;]","og_url":"https:\/\/peoplesphere.be\/fr\/50-travailleurs-prevoient-de-retourner-a-mi-temps-lieu-de-travail-sera-autorise\/","og_site_name":"Peoplesphere","article_publisher":"https:\/\/www.facebook.com\/peoplesphere","article_published_time":"2021-05-12T06:15:39+00:00","og_image":[{"url":"http:\/\/www.peoplesphere.be\/fr\/wp-content\/uploads\/2016\/07\/facebook-default-posting-1200x628px.jpg"}],"author":"Jean-Paul Erhard","twitter_card":"summary_large_image","twitter_creator":"@PeoplesphereMag","twitter_site":"@PeoplesphereMag","twitter_misc":{"\u00c9crit par":"Jean-Paul Erhard","Dur\u00e9e de lecture estim\u00e9e":"3 minutes"},"schema":{"@context":"https:\/\/schema.org","@graph":[{"@type":"Article","@id":"https:\/\/peoplesphere.be\/fr\/50-travailleurs-prevoient-de-retourner-a-mi-temps-lieu-de-travail-sera-autorise\/#article","isPartOf":{"@id":"https:\/\/peoplesphere.be\/fr\/50-travailleurs-prevoient-de-retourner-a-mi-temps-lieu-de-travail-sera-autorise\/"},"author":{"name":"Jean-Paul Erhard","@id":"https:\/\/peoplesphere.be\/fr\/#\/schema\/person\/7976225ff17988604334abb7b3536a7e"},"headline":"50% des travailleurs pr\u00e9voient de retourner \u00e0 mi-temps sur leur lieu de travail d\u00e8s que cela sera autoris\u00e9.","datePublished":"2021-05-12T06:15:39+00:00","dateModified":"2021-05-12T06:15:39+00:00","mainEntityOfPage":{"@id":"https:\/\/peoplesphere.be\/fr\/50-travailleurs-prevoient-de-retourner-a-mi-temps-lieu-de-travail-sera-autorise\/"},"wordCount":578,"publisher":{"@id":"https:\/\/peoplesphere.be\/fr\/#organization"},"keywords":["acerta","coronavirus","Stepstone","t\u00e9l\u00e9travail","vaccination"],"articleSection":["Actualit\u00e9s","Digital"],"inLanguage":"fr-FR"},{"@type":"WebPage","@id":"https:\/\/peoplesphere.be\/fr\/50-travailleurs-prevoient-de-retourner-a-mi-temps-lieu-de-travail-sera-autorise\/","url":"https:\/\/peoplesphere.be\/fr\/50-travailleurs-prevoient-de-retourner-a-mi-temps-lieu-de-travail-sera-autorise\/","name":"50% des travailleurs pr\u00e9voient de retourner \u00e0 mi-temps sur leur lieu de travail d\u00e8s que cela sera autoris\u00e9. - Peoplesphere","isPartOf":{"@id":"https:\/\/peoplesphere.be\/fr\/#website"},"datePublished":"2021-05-12T06:15:39+00:00","dateModified":"2021-05-12T06:15:39+00:00","breadcrumb":{"@id":"https:\/\/peoplesphere.be\/fr\/50-travailleurs-prevoient-de-retourner-a-mi-temps-lieu-de-travail-sera-autorise\/#breadcrumb"},"inLanguage":"fr-FR","potentialAction":[{"@type":"ReadAction","target":["https:\/\/peoplesphere.be\/fr\/50-travailleurs-prevoient-de-retourner-a-mi-temps-lieu-de-travail-sera-autorise\/"]}]},{"@type":"BreadcrumbList","@id":"https:\/\/peoplesphere.be\/fr\/50-travailleurs-prevoient-de-retourner-a-mi-temps-lieu-de-travail-sera-autorise\/#breadcrumb","itemListElement":[{"@type":"ListItem","position":1,"name":"Accueil","item":"https:\/\/peoplesphere.be\/fr\/"},{"@type":"ListItem","position":2,"name":"50% des travailleurs pr\u00e9voient de retourner \u00e0 mi-temps sur leur lieu de travail d\u00e8s que cela sera autoris\u00e9."}]},{"@type":"WebSite","@id":"https:\/\/peoplesphere.be\/fr\/#website","url":"https:\/\/peoplesphere.be\/fr\/","name":"Peoplesphere","description":"The People Managers Magazine","publisher":{"@id":"https:\/\/peoplesphere.be\/fr\/#organization"},"potentialAction":[{"@type":"SearchAction","target":{"@type":"EntryPoint","urlTemplate":"https:\/\/peoplesphere.be\/fr\/?s={search_term_string}"},"query-input":"required name=search_term_string"}],"inLanguage":"fr-FR"},{"@type":"Organization","@id":"https:\/\/peoplesphere.be\/fr\/#organization","name":"Peoplesphere Company srl","url":"https:\/\/peoplesphere.be\/fr\/","logo":{"@type":"ImageObject","inLanguage":"fr-FR","@id":"https:\/\/peoplesphere.be\/fr\/#\/schema\/logo\/image\/","url":"https:\/\/peoplesphere.be\/fr\/wp-content\/uploads\/2023\/07\/peoplesphere-lgo-new-generik.jpg","contentUrl":"https:\/\/peoplesphere.be\/fr\/wp-content\/uploads\/2023\/07\/peoplesphere-lgo-new-generik.jpg","width":1031,"height":1479,"caption":"Peoplesphere Company srl"},"image":{"@id":"https:\/\/peoplesphere.be\/fr\/#\/schema\/logo\/image\/"},"sameAs":["https:\/\/www.facebook.com\/peoplesphere","https:\/\/twitter.com\/PeoplesphereMag","https:\/\/www.linkedin.com\/company\/7587361?trk","http:\/\/youtube.com\/peoplesphere"]},{"@type":"Person","@id":"https:\/\/peoplesphere.be\/fr\/#\/schema\/person\/7976225ff17988604334abb7b3536a7e","name":"Jean-Paul Erhard","image":{"@type":"ImageObject","inLanguage":"fr-FR","@id":"https:\/\/peoplesphere.be\/fr\/#\/schema\/person\/image\/","url":"https:\/\/secure.gravatar.com\/avatar\/f941e681460179738071629a51574930?s=96&d=mm&r=g","contentUrl":"https:\/\/secure.gravatar.com\/avatar\/f941e681460179738071629a51574930?s=96&d=mm&r=g","caption":"Jean-Paul Erhard"},"url":"https:\/\/peoplesphere.be\/fr\/author\/jpe\/"}]}},"_links":{"self":[{"href":"https:\/\/peoplesphere.be\/fr\/wp-json\/wp\/v2\/posts\/11284"}],"collection":[{"href":"https:\/\/peoplesphere.be\/fr\/wp-json\/wp\/v2\/posts"}],"about":[{"href":"https:\/\/peoplesphere.be\/fr\/wp-json\/wp\/v2\/types\/post"}],"author":[{"embeddable":true,"href":"https:\/\/peoplesphere.be\/fr\/wp-json\/wp\/v2\/users\/2"}],"replies":[{"embeddable":true,"href":"https:\/\/peoplesphere.be\/fr\/wp-json\/wp\/v2\/comments?post=11284"}],"version-history":[{"count":1,"href":"https:\/\/peoplesphere.be\/fr\/wp-json\/wp\/v2\/posts\/11284\/revisions"}],"predecessor-version":[{"id":11285,"href":"https:\/\/peoplesphere.be\/fr\/wp-json\/wp\/v2\/posts\/11284\/revisions\/11285"}],"wp:attachment":[{"href":"https:\/\/peoplesphere.be\/fr\/wp-json\/wp\/v2\/media?parent=11284"}],"wp:term":[{"taxonomy":"category","embeddable":true,"href":"https:\/\/peoplesphere.be\/fr\/wp-json\/wp\/v2\/categories?post=11284"},{"taxonomy":"post_tag","embeddable":true,"href":"https:\/\/peoplesphere.be\/fr\/wp-json\/wp\/v2\/tags?post=11284"}],"curies":[{"name":"wp","href":"https:\/\/api.w.org\/{rel}","templated":true}]}}