









{"id":11296,"date":"2021-05-18T08:45:59","date_gmt":"2021-05-18T06:45:59","guid":{"rendered":"https:\/\/peoplesphere.be\/fr\/?p=11296"},"modified":"2021-05-18T08:45:59","modified_gmt":"2021-05-18T06:45:59","slug":"faire-face-a-skills-revolution-lacceleration-de-transformation-digitale-composer-enorme-deficit-de-competences","status":"publish","type":"post","link":"https:\/\/peoplesphere.be\/fr\/faire-face-a-skills-revolution-lacceleration-de-transformation-digitale-composer-enorme-deficit-de-competences\/","title":{"rendered":"Comment faire face \u00e0 la &lsquo;Skills Revolution&rsquo;: l&rsquo;acc\u00e9l\u00e9ration de la transformation digitale doit composer avec un \u00e9norme d\u00e9ficit de comp\u00e9tences."},"content":{"rendered":"<p>Dans tous les secteurs d\u2019activit\u00e9, la pand\u00e9mie de Covid-19 a donn\u00e9 un coup d\u2019acc\u00e9l\u00e9rateur sans pr\u00e9c\u00e9dent \u00e0 la transformation num\u00e9rique. Ainsi, 36% des entreprises belges ont acc\u00e9l\u00e9r\u00e9 leur digitalisation au cours de la crise du Covid. Travail et collaboration \u00e0 distance, hausse de la demande de produits et services en ligne, adoption de nouvelles technologies sont quelques-unes des facettes de ce bouleversement. Si la digitalisation n\u2019appara\u00eet plus comme une option, elle n\u2019est pas pour autant sans d\u00e9fis \u00e0 relever. Dans sa nouvelle \u00e9tude \u2018Skills Revolution &#8211; R\u00e9volution des Comp\u00e9tences\u2019 men\u00e9e sur plus de 26.000 employeurs dans 40 pays dont la Belgique, ManpowerGroup a analys\u00e9 l\u2019impact de la crise sanitaire sur les projets de digitalisation, d\u2019automatisation, de recrutement en mettant en \u00e9vidence l\u2019\u00e9mergence des comp\u00e9tences demand\u00e9es dans cette nouvelles \u00e8re. Avec un constat : les RH joueront un r\u00f4le crucial alors que s\u2019amorce une reprise \u00e0 deux vitesses en forme de K. <!--more--><\/p>\n<p>En l\u2019espace de quelques mois, la crise sanitaire aura propuls\u00e9 en avant, de plusieurs ann\u00e9es, la transformation digitale. Selon une \u00e9tude de Mc Kinsey, cela repr\u00e9sente un gain de trois ann\u00e9es, pour les entreprises europ\u00e9ennes au niveau de la digitalisation des interactions avec les clients. Pour la cr\u00e9ation de produits et de services digitaux, cette acc\u00e9l\u00e9ration atteindrait 7 ans par rapport au rythme de croissance de la p\u00e9riode pr\u00e9-Covid 19. L\u2019\u00e9tude men\u00e9e par Manpower Group confirme cette tendance. En Belgique, 36% des employeurs sond\u00e9s ont acc\u00e9l\u00e9r\u00e9 leur digitalisation au cours de la pand\u00e9mie du Covid-19, tandis que seulement 15% ont mis leurs projets de transformation en suspens. 48% des employeurs ont poursuivi leurs projets au m\u00eame rythme. Et bonne nouvelle, ces mutations n\u2019ont pas d\u2019impact n\u00e9gatif sur l\u2019emploi, bien au contraire. Le nombre de postes cr\u00e9\u00e9s d\u00e9passe ceux qui sont d\u00e9truits. Selon l\u2019enqu\u00eate, 91% des employeurs belges qui automatisent leurs processus pr\u00e9voient d\u2019accro\u00eetre ou de maintenir leurs effectifs, contre seulement 6% des employeurs qui ont choisi de ralentir ou mettre leurs projets de digitalisation \u00e0 l\u2019arr\u00eat.<\/p>\n<p>Les entreprises qui se digitalisent le plus sont celles qui gagnent des parts de march\u00e9 et cr\u00e9ent le plus d\u2019emplois. Qui sont-elles ? En Belgique, comme dans 40 pays sond\u00e9s, l\u2019acc\u00e9l\u00e9ration de la transformation digitale est contrast\u00e9e selon la taille des entreprises : les moyennes entreprises (50-250 salari\u00e9s) et les grandes entreprises (plus de 250 salari\u00e9s) se sont montr\u00e9es plus volontaristes avec respectivement 29% et 21% d\u2019entre elles qui ont intensifi\u00e9 leurs efforts dans le num\u00e9rique. A l\u2019inverse, plus durement touch\u00e9es par la crise, les plus petites structures ont davantage suspendu leurs projets digitaux et de recrutement :\u00a016% des petites entreprises (10 \u00e0 50 salari\u00e9s) et seulement 11 % des micro entreprises (moins de 10 salari\u00e9s) ont pu investir davantage dans le digital au cours de la crise du Covid.<\/p>\n<p>Parmi les secteurs d\u2019activit\u00e9, la Construction a mis les bouch\u00e9es doubles pour se digitaliser : l\u2019enqu\u00eate y a recens\u00e9 trois fois plus d\u2019entreprises qui ont acc\u00e9l\u00e9r\u00e9 leurs projets de transformation que d\u2019entreprises qui les ont mis en pause (23% contre 7%).<\/p>\n<p>La tendance est \u00e9galement positive, m\u00eame si dans une moindre mesure, dans le secteur de la Finance, de l\u2019assurance, de\u00a0l\u2019immobilier et des services aux entreprises (14% contre 7%), tandis que dans l\u2019Industrie manufacturi\u00e8re, on d\u00e9nombre davantage d\u2019entreprises qui ont fait preuve d\u2019attentisme face \u00e0 leur transformation (21% contre 36%). Enfin, le bilan s\u2019\u00e9quilibre dans le secteur du Retail o\u00f9 le nombre d\u2019entreprises qui se sont automatis\u00e9es est identique \u00e0 celles qui ont suspendu leurs plans (24%).<\/p>\n<p>Toutes les entreprises doivent trouver de nouveaux mod\u00e8les pour exercer leur activit\u00e9 historique ou se r\u00e9inventer totalement, avance l\u2019\u00e9tude. Confront\u00e9 \u00e0 la fermeture de nombreux points de vente, l\u2019habillement a, par exemple, fait preuve d\u2019inventivit\u00e9 : pr\u00e9sentations et d\u00e9fil\u00e9s en ligne, essai de produits en r\u00e9alit\u00e9 augment\u00e9e, etc. Tous secteurs confondus, l\u2019e-commerce n\u2019est plus marginal : Les d\u00e9penses en ligne des Belges ont augment\u00e9 d\u2019un tiers pendant la pand\u00e9mie.<\/p>\n<p><strong><em>Une reprise en forme de K et la mise en \u0153uvre des trois R de la R\u00e9volution des comp\u00e9tences<\/em><\/strong><\/p>\n<p>Selon ManpowerGroup, nous assistons \u00e0 l\u2019\u00e9mergence d\u2019une reprise \u00e0 deux vitesses en forme de K. Certains secteurs et individus rebondissent plus vite et mieux que d\u2019autres. Il s\u2019agit des secteurs en croissance notamment dans les technologies, la communication digitale, la logistique, la sant\u00e9 ou la consultance. De nombreux profils y sont en tension, qu\u2019il s\u2019agisse de project managers, d\u2019ing\u00e9nieurs, d\u2019analystes de donn\u00e9es ou du risque, de sp\u00e9cialistes de la communication digitale ou de professionnels de l\u2019IT. De l\u2019autre c\u00f4t\u00e9 du K, des secteurs et des individus risquent de prendre encore plus de retard, en restant \u00e0 la tra\u00eene face \u00e0 ces transformations du monde de l\u2019environnement \u00e9conomique. Il s\u2018agit d\u2019entreprises qui n\u2019ont pas suffisamment investi dans le num\u00e9rique et de profils administratifs ou peu qualifi\u00e9s.<\/p>\n<p><em>\u00ab\u00a0En stimulant la digitalisation, la crise sanitaire a renforc\u00e9 la polarisation de la main-d&rsquo;\u0153uvre entre celles et ceux qui ont les comp\u00e9tences et celles et ceux qui n&rsquo;en ont pas ou pas suffisamment\u00a0\u00bb<\/em>\u00a0explique Philippe Lacroix, Managing Director de ManpowerGroup. \u00ab\u00a0<em>Aujourd\u2019hui, la premi\u00e8re priorit\u00e9 sur le march\u00e9 de l\u2019emploi est d\u2019aider les individus \u00e0 se former \u00e0 de nouvelles comp\u00e9tences, \u00e0 mettre \u00e0 niveau celles qu\u2019ils poss\u00e8dent d\u00e9j\u00e0, ou \u00e0 se r\u00e9orienter pour se positionner sur des m\u00e9tiers en p\u00e9nurie. Les fonctions RH deviennent, de ce fait, de v\u00e9ritables parties prenantes de cette transformation digitale. Il en est de m\u00eame pour notre secteur et Manpower en particulier, au c\u0153ur du march\u00e9 de l\u2019emploi. Notre \u00e9tude a mis en \u00e9vidence les \u00ab 3R\u00bb de la R\u00e9volution des comp\u00e9tences : les renouveler, les r\u00e9orienter et les red\u00e9ployer. Notre nouveau programme mondial MyPath\u00ae favorisant le d\u00e9veloppement des comp\u00e9tences, ainsi que les services IT de notre marque Experis apportent des solutions innovantes aux d\u00e9fis de la transformation digitale.\u00a0\u00bb<\/em><\/p>\n<p><strong><em>Soft Skills + Hard Skills = Human Power : D\u00e9velopper des comp\u00e9tences techniques et comportementales<\/em><\/strong><\/p>\n<p>Dans ce monde mouvant, les comp\u00e9tences recherch\u00e9es mutent elles aussi. Selon le Forum \u00e9conomique de Davos, \u00e0 l\u2019horizon 2025 les hommes et les machines se partageront \u00e9quitablement le travail. 97 millions d\u2019emplois seront, par ailleurs, cr\u00e9\u00e9s dans les secteurs de l\u2019intelligence artificielle, de l\u2019\u00e9conomie verte et de la sant\u00e9. Si l\u2019importance des aptitudes techniques est ind\u00e9niable, les comp\u00e9tences humaines renforcent l\u2019employabilit\u00e9 et la r\u00e9silience des individus. Pourtant, l\u2019\u00e9tude Skills R\u00e9volution de ManpowerGroup souligne un d\u00e9ficit de formation en la mati\u00e8re : 39 % des employeurs sond\u00e9s en Belgique d\u00e9claraient peiner \u00e0 former leur personnel aux comp\u00e9tences techniques les plus demand\u00e9es et 45 % \u00e9prouvaient des difficult\u00e9s encore plus aigu\u00ebs \u00e0 leur enseigner les soft skills dont ils ont besoin. Dans un rapport r\u00e9cent, le Forum de Davos identifie justement ces comp\u00e9tences \u00ab comportementales \u00bb d\u2019avenir \u2013 les fameuses soft skills \u2013 : l\u2019esprit critique et analytique, la r\u00e9solution de probl\u00e8mes complexes, la r\u00e9silience, la gestion du stress et la flexibilit\u00e9.<\/p>\n<p>Face aux difficult\u00e9s rencontr\u00e9es par les employeurs pour sourcer et fid\u00e9liser les profils, ManpowerGroup a lanc\u00e9 le programme MyPath\u00ae afin d\u2019accompagner les talents face aux enjeux de l\u2019employabilit\u00e9 en leur proposant des parcours de formation qui favorise l\u2019acquisition de ces nouvelles comp\u00e9tences tant techniques que comportementales. Le programme est coupl\u00e9 \u00e0 des formations mises en place dans des acad\u00e9mies chez Manpower, notamment pour les profils logistiques et techniques et chez Experis, pour les profils IT et chez.Jefferson Wells, pour les profils dans les secteurs de la finance, de l&rsquo;engineering et des sciences de la vie.\u00a0Dans le m\u00eame temps, avec sa marque Experis, leader mondial sur son segment, ManpowerGroup accompagne les organisations dans leur transformation digitale via la mise \u00e0 disposition de services num\u00e9riques \u00e0 forte valeur ajout\u00e9e. Avec le d\u00e9veloppement de l\u2019automatisation, de l\u2019e-business ou du t\u00e9l\u00e9travail, la demande de services et d\u2019expertise dans les domaines se services s\u2019est renforc\u00e9e notamment de la cybers\u00e9curit\u00e9, du cloud, de la gestion des applications ou des infrastructures. ManpowerGroup entend y r\u00e9pondre en pla\u00e7ant l\u2019humain au coeur de son approche.<\/p>\n","protected":false},"excerpt":{"rendered":"<p>Dans tous les secteurs d\u2019activit\u00e9, la pand\u00e9mie de Covid-19 a donn\u00e9 un coup d\u2019acc\u00e9l\u00e9rateur sans pr\u00e9c\u00e9dent \u00e0 la transformation num\u00e9rique. Ainsi, 36% des entreprises belges ont acc\u00e9l\u00e9r\u00e9 leur digitalisation au cours de la crise du Covid. Travail et collaboration \u00e0 [&hellip;]<\/p>\n","protected":false},"author":2,"featured_media":11297,"comment_status":"closed","ping_status":"open","sticky":false,"template":"","format":"standard","meta":[],"categories":[65,10],"tags":[116,371,72,798,833],"yoast_head":"<!-- This site is optimized with the Yoast SEO plugin v21.0 - https:\/\/yoast.com\/wordpress\/plugins\/seo\/ -->\n<title>Comment faire face \u00e0 la &#039;Skills Revolution&#039;: l&#039;acc\u00e9l\u00e9ration de la transformation digitale doit composer avec un \u00e9norme d\u00e9ficit de comp\u00e9tences. - Peoplesphere<\/title>\n<meta name=\"robots\" content=\"index, follow, max-snippet:-1, max-image-preview:large, max-video-preview:-1\" \/>\n<link rel=\"canonical\" href=\"https:\/\/peoplesphere.be\/fr\/faire-face-a-skills-revolution-lacceleration-de-transformation-digitale-composer-enorme-deficit-de-competences\/\" \/>\n<meta property=\"og:locale\" content=\"fr_FR\" \/>\n<meta property=\"og:type\" content=\"article\" \/>\n<meta property=\"og:title\" content=\"Comment faire face \u00e0 la &#039;Skills Revolution&#039;: l&#039;acc\u00e9l\u00e9ration de la transformation digitale doit composer avec un \u00e9norme d\u00e9ficit de comp\u00e9tences. - Peoplesphere\" \/>\n<meta property=\"og:description\" content=\"Dans tous les secteurs d\u2019activit\u00e9, la pand\u00e9mie de Covid-19 a donn\u00e9 un coup d\u2019acc\u00e9l\u00e9rateur sans pr\u00e9c\u00e9dent \u00e0 la transformation num\u00e9rique. Ainsi, 36% des entreprises belges ont acc\u00e9l\u00e9r\u00e9 leur digitalisation au cours de la crise du Covid. Travail et collaboration \u00e0 [&hellip;]\" \/>\n<meta property=\"og:url\" content=\"https:\/\/peoplesphere.be\/fr\/faire-face-a-skills-revolution-lacceleration-de-transformation-digitale-composer-enorme-deficit-de-competences\/\" \/>\n<meta property=\"og:site_name\" content=\"Peoplesphere\" \/>\n<meta property=\"article:publisher\" content=\"https:\/\/www.facebook.com\/peoplesphere\" \/>\n<meta property=\"article:published_time\" content=\"2021-05-18T06:45:59+00:00\" \/>\n<meta property=\"og:image\" content=\"https:\/\/peoplesphere.be\/fr\/wp-content\/uploads\/2021\/05\/image003.jpg\" \/>\n\t<meta property=\"og:image:width\" content=\"683\" \/>\n\t<meta property=\"og:image:height\" content=\"683\" \/>\n\t<meta property=\"og:image:type\" content=\"image\/jpeg\" \/>\n<meta name=\"author\" content=\"Jean-Paul Erhard\" \/>\n<meta name=\"twitter:card\" content=\"summary_large_image\" \/>\n<meta name=\"twitter:creator\" content=\"@PeoplesphereMag\" \/>\n<meta name=\"twitter:site\" content=\"@PeoplesphereMag\" \/>\n<meta name=\"twitter:label1\" content=\"\u00c9crit par\" \/>\n\t<meta name=\"twitter:data1\" content=\"Jean-Paul Erhard\" \/>\n\t<meta name=\"twitter:label2\" content=\"Dur\u00e9e de lecture estim\u00e9e\" \/>\n\t<meta name=\"twitter:data2\" content=\"7 minutes\" \/>\n<script type=\"application\/ld+json\" class=\"yoast-schema-graph\">{\"@context\":\"https:\/\/schema.org\",\"@graph\":[{\"@type\":\"Article\",\"@id\":\"https:\/\/peoplesphere.be\/fr\/faire-face-a-skills-revolution-lacceleration-de-transformation-digitale-composer-enorme-deficit-de-competences\/#article\",\"isPartOf\":{\"@id\":\"https:\/\/peoplesphere.be\/fr\/faire-face-a-skills-revolution-lacceleration-de-transformation-digitale-composer-enorme-deficit-de-competences\/\"},\"author\":{\"name\":\"Jean-Paul Erhard\",\"@id\":\"https:\/\/peoplesphere.be\/fr\/#\/schema\/person\/7976225ff17988604334abb7b3536a7e\"},\"headline\":\"Comment faire face \u00e0 la &lsquo;Skills Revolution&rsquo;: l&rsquo;acc\u00e9l\u00e9ration de la transformation digitale doit composer avec un \u00e9norme d\u00e9ficit de comp\u00e9tences.\",\"datePublished\":\"2021-05-18T06:45:59+00:00\",\"dateModified\":\"2021-05-18T06:45:59+00:00\",\"mainEntityOfPage\":{\"@id\":\"https:\/\/peoplesphere.be\/fr\/faire-face-a-skills-revolution-lacceleration-de-transformation-digitale-composer-enorme-deficit-de-competences\/\"},\"wordCount\":1460,\"publisher\":{\"@id\":\"https:\/\/peoplesphere.be\/fr\/#organization\"},\"keywords\":[\"comp\u00e9tences\",\"manpowergroup\",\"recrutement\",\"soft skills\",\"transformation digitale\"],\"articleSection\":[\"Actualit\u00e9s\",\"Digital\"],\"inLanguage\":\"fr-FR\"},{\"@type\":\"WebPage\",\"@id\":\"https:\/\/peoplesphere.be\/fr\/faire-face-a-skills-revolution-lacceleration-de-transformation-digitale-composer-enorme-deficit-de-competences\/\",\"url\":\"https:\/\/peoplesphere.be\/fr\/faire-face-a-skills-revolution-lacceleration-de-transformation-digitale-composer-enorme-deficit-de-competences\/\",\"name\":\"Comment faire face \u00e0 la 'Skills Revolution': l'acc\u00e9l\u00e9ration de la transformation digitale doit composer avec un \u00e9norme d\u00e9ficit de comp\u00e9tences. - Peoplesphere\",\"isPartOf\":{\"@id\":\"https:\/\/peoplesphere.be\/fr\/#website\"},\"datePublished\":\"2021-05-18T06:45:59+00:00\",\"dateModified\":\"2021-05-18T06:45:59+00:00\",\"breadcrumb\":{\"@id\":\"https:\/\/peoplesphere.be\/fr\/faire-face-a-skills-revolution-lacceleration-de-transformation-digitale-composer-enorme-deficit-de-competences\/#breadcrumb\"},\"inLanguage\":\"fr-FR\",\"potentialAction\":[{\"@type\":\"ReadAction\",\"target\":[\"https:\/\/peoplesphere.be\/fr\/faire-face-a-skills-revolution-lacceleration-de-transformation-digitale-composer-enorme-deficit-de-competences\/\"]}]},{\"@type\":\"BreadcrumbList\",\"@id\":\"https:\/\/peoplesphere.be\/fr\/faire-face-a-skills-revolution-lacceleration-de-transformation-digitale-composer-enorme-deficit-de-competences\/#breadcrumb\",\"itemListElement\":[{\"@type\":\"ListItem\",\"position\":1,\"name\":\"Accueil\",\"item\":\"https:\/\/peoplesphere.be\/fr\/\"},{\"@type\":\"ListItem\",\"position\":2,\"name\":\"Comment faire face \u00e0 la &lsquo;Skills Revolution&rsquo;: l&rsquo;acc\u00e9l\u00e9ration de la transformation digitale doit composer avec un \u00e9norme d\u00e9ficit de comp\u00e9tences.\"}]},{\"@type\":\"WebSite\",\"@id\":\"https:\/\/peoplesphere.be\/fr\/#website\",\"url\":\"https:\/\/peoplesphere.be\/fr\/\",\"name\":\"Peoplesphere\",\"description\":\"The People Managers Magazine\",\"publisher\":{\"@id\":\"https:\/\/peoplesphere.be\/fr\/#organization\"},\"potentialAction\":[{\"@type\":\"SearchAction\",\"target\":{\"@type\":\"EntryPoint\",\"urlTemplate\":\"https:\/\/peoplesphere.be\/fr\/?s={search_term_string}\"},\"query-input\":\"required name=search_term_string\"}],\"inLanguage\":\"fr-FR\"},{\"@type\":\"Organization\",\"@id\":\"https:\/\/peoplesphere.be\/fr\/#organization\",\"name\":\"Peoplesphere Company srl\",\"url\":\"https:\/\/peoplesphere.be\/fr\/\",\"logo\":{\"@type\":\"ImageObject\",\"inLanguage\":\"fr-FR\",\"@id\":\"https:\/\/peoplesphere.be\/fr\/#\/schema\/logo\/image\/\",\"url\":\"https:\/\/peoplesphere.be\/fr\/wp-content\/uploads\/2023\/07\/peoplesphere-lgo-new-generik.jpg\",\"contentUrl\":\"https:\/\/peoplesphere.be\/fr\/wp-content\/uploads\/2023\/07\/peoplesphere-lgo-new-generik.jpg\",\"width\":1031,\"height\":1479,\"caption\":\"Peoplesphere Company srl\"},\"image\":{\"@id\":\"https:\/\/peoplesphere.be\/fr\/#\/schema\/logo\/image\/\"},\"sameAs\":[\"https:\/\/www.facebook.com\/peoplesphere\",\"https:\/\/twitter.com\/PeoplesphereMag\",\"https:\/\/www.linkedin.com\/company\/7587361?trk\",\"http:\/\/youtube.com\/peoplesphere\"]},{\"@type\":\"Person\",\"@id\":\"https:\/\/peoplesphere.be\/fr\/#\/schema\/person\/7976225ff17988604334abb7b3536a7e\",\"name\":\"Jean-Paul Erhard\",\"image\":{\"@type\":\"ImageObject\",\"inLanguage\":\"fr-FR\",\"@id\":\"https:\/\/peoplesphere.be\/fr\/#\/schema\/person\/image\/\",\"url\":\"https:\/\/secure.gravatar.com\/avatar\/f941e681460179738071629a51574930?s=96&d=mm&r=g\",\"contentUrl\":\"https:\/\/secure.gravatar.com\/avatar\/f941e681460179738071629a51574930?s=96&d=mm&r=g\",\"caption\":\"Jean-Paul Erhard\"},\"url\":\"https:\/\/peoplesphere.be\/fr\/author\/jpe\/\"}]}<\/script>\n<!-- \/ Yoast SEO plugin. -->","yoast_head_json":{"title":"Comment faire face \u00e0 la 'Skills Revolution': l'acc\u00e9l\u00e9ration de la transformation digitale doit composer avec un \u00e9norme d\u00e9ficit de comp\u00e9tences. - Peoplesphere","robots":{"index":"index","follow":"follow","max-snippet":"max-snippet:-1","max-image-preview":"max-image-preview:large","max-video-preview":"max-video-preview:-1"},"canonical":"https:\/\/peoplesphere.be\/fr\/faire-face-a-skills-revolution-lacceleration-de-transformation-digitale-composer-enorme-deficit-de-competences\/","og_locale":"fr_FR","og_type":"article","og_title":"Comment faire face \u00e0 la 'Skills Revolution': l'acc\u00e9l\u00e9ration de la transformation digitale doit composer avec un \u00e9norme d\u00e9ficit de comp\u00e9tences. - Peoplesphere","og_description":"Dans tous les secteurs d\u2019activit\u00e9, la pand\u00e9mie de Covid-19 a donn\u00e9 un coup d\u2019acc\u00e9l\u00e9rateur sans pr\u00e9c\u00e9dent \u00e0 la transformation num\u00e9rique. Ainsi, 36% des entreprises belges ont acc\u00e9l\u00e9r\u00e9 leur digitalisation au cours de la crise du Covid. Travail et collaboration \u00e0 [&hellip;]","og_url":"https:\/\/peoplesphere.be\/fr\/faire-face-a-skills-revolution-lacceleration-de-transformation-digitale-composer-enorme-deficit-de-competences\/","og_site_name":"Peoplesphere","article_publisher":"https:\/\/www.facebook.com\/peoplesphere","article_published_time":"2021-05-18T06:45:59+00:00","og_image":[{"width":683,"height":683,"url":"https:\/\/peoplesphere.be\/fr\/wp-content\/uploads\/2021\/05\/image003.jpg","type":"image\/jpeg"}],"author":"Jean-Paul Erhard","twitter_card":"summary_large_image","twitter_creator":"@PeoplesphereMag","twitter_site":"@PeoplesphereMag","twitter_misc":{"\u00c9crit par":"Jean-Paul Erhard","Dur\u00e9e de lecture estim\u00e9e":"7 minutes"},"schema":{"@context":"https:\/\/schema.org","@graph":[{"@type":"Article","@id":"https:\/\/peoplesphere.be\/fr\/faire-face-a-skills-revolution-lacceleration-de-transformation-digitale-composer-enorme-deficit-de-competences\/#article","isPartOf":{"@id":"https:\/\/peoplesphere.be\/fr\/faire-face-a-skills-revolution-lacceleration-de-transformation-digitale-composer-enorme-deficit-de-competences\/"},"author":{"name":"Jean-Paul Erhard","@id":"https:\/\/peoplesphere.be\/fr\/#\/schema\/person\/7976225ff17988604334abb7b3536a7e"},"headline":"Comment faire face \u00e0 la &lsquo;Skills Revolution&rsquo;: l&rsquo;acc\u00e9l\u00e9ration de la transformation digitale doit composer avec un \u00e9norme d\u00e9ficit de comp\u00e9tences.","datePublished":"2021-05-18T06:45:59+00:00","dateModified":"2021-05-18T06:45:59+00:00","mainEntityOfPage":{"@id":"https:\/\/peoplesphere.be\/fr\/faire-face-a-skills-revolution-lacceleration-de-transformation-digitale-composer-enorme-deficit-de-competences\/"},"wordCount":1460,"publisher":{"@id":"https:\/\/peoplesphere.be\/fr\/#organization"},"keywords":["comp\u00e9tences","manpowergroup","recrutement","soft skills","transformation digitale"],"articleSection":["Actualit\u00e9s","Digital"],"inLanguage":"fr-FR"},{"@type":"WebPage","@id":"https:\/\/peoplesphere.be\/fr\/faire-face-a-skills-revolution-lacceleration-de-transformation-digitale-composer-enorme-deficit-de-competences\/","url":"https:\/\/peoplesphere.be\/fr\/faire-face-a-skills-revolution-lacceleration-de-transformation-digitale-composer-enorme-deficit-de-competences\/","name":"Comment faire face \u00e0 la 'Skills Revolution': l'acc\u00e9l\u00e9ration de la transformation digitale doit composer avec un \u00e9norme d\u00e9ficit de comp\u00e9tences. - Peoplesphere","isPartOf":{"@id":"https:\/\/peoplesphere.be\/fr\/#website"},"datePublished":"2021-05-18T06:45:59+00:00","dateModified":"2021-05-18T06:45:59+00:00","breadcrumb":{"@id":"https:\/\/peoplesphere.be\/fr\/faire-face-a-skills-revolution-lacceleration-de-transformation-digitale-composer-enorme-deficit-de-competences\/#breadcrumb"},"inLanguage":"fr-FR","potentialAction":[{"@type":"ReadAction","target":["https:\/\/peoplesphere.be\/fr\/faire-face-a-skills-revolution-lacceleration-de-transformation-digitale-composer-enorme-deficit-de-competences\/"]}]},{"@type":"BreadcrumbList","@id":"https:\/\/peoplesphere.be\/fr\/faire-face-a-skills-revolution-lacceleration-de-transformation-digitale-composer-enorme-deficit-de-competences\/#breadcrumb","itemListElement":[{"@type":"ListItem","position":1,"name":"Accueil","item":"https:\/\/peoplesphere.be\/fr\/"},{"@type":"ListItem","position":2,"name":"Comment faire face \u00e0 la &lsquo;Skills Revolution&rsquo;: l&rsquo;acc\u00e9l\u00e9ration de la transformation digitale doit composer avec un \u00e9norme d\u00e9ficit de comp\u00e9tences."}]},{"@type":"WebSite","@id":"https:\/\/peoplesphere.be\/fr\/#website","url":"https:\/\/peoplesphere.be\/fr\/","name":"Peoplesphere","description":"The People Managers Magazine","publisher":{"@id":"https:\/\/peoplesphere.be\/fr\/#organization"},"potentialAction":[{"@type":"SearchAction","target":{"@type":"EntryPoint","urlTemplate":"https:\/\/peoplesphere.be\/fr\/?s={search_term_string}"},"query-input":"required name=search_term_string"}],"inLanguage":"fr-FR"},{"@type":"Organization","@id":"https:\/\/peoplesphere.be\/fr\/#organization","name":"Peoplesphere Company srl","url":"https:\/\/peoplesphere.be\/fr\/","logo":{"@type":"ImageObject","inLanguage":"fr-FR","@id":"https:\/\/peoplesphere.be\/fr\/#\/schema\/logo\/image\/","url":"https:\/\/peoplesphere.be\/fr\/wp-content\/uploads\/2023\/07\/peoplesphere-lgo-new-generik.jpg","contentUrl":"https:\/\/peoplesphere.be\/fr\/wp-content\/uploads\/2023\/07\/peoplesphere-lgo-new-generik.jpg","width":1031,"height":1479,"caption":"Peoplesphere Company srl"},"image":{"@id":"https:\/\/peoplesphere.be\/fr\/#\/schema\/logo\/image\/"},"sameAs":["https:\/\/www.facebook.com\/peoplesphere","https:\/\/twitter.com\/PeoplesphereMag","https:\/\/www.linkedin.com\/company\/7587361?trk","http:\/\/youtube.com\/peoplesphere"]},{"@type":"Person","@id":"https:\/\/peoplesphere.be\/fr\/#\/schema\/person\/7976225ff17988604334abb7b3536a7e","name":"Jean-Paul Erhard","image":{"@type":"ImageObject","inLanguage":"fr-FR","@id":"https:\/\/peoplesphere.be\/fr\/#\/schema\/person\/image\/","url":"https:\/\/secure.gravatar.com\/avatar\/f941e681460179738071629a51574930?s=96&d=mm&r=g","contentUrl":"https:\/\/secure.gravatar.com\/avatar\/f941e681460179738071629a51574930?s=96&d=mm&r=g","caption":"Jean-Paul Erhard"},"url":"https:\/\/peoplesphere.be\/fr\/author\/jpe\/"}]}},"_links":{"self":[{"href":"https:\/\/peoplesphere.be\/fr\/wp-json\/wp\/v2\/posts\/11296"}],"collection":[{"href":"https:\/\/peoplesphere.be\/fr\/wp-json\/wp\/v2\/posts"}],"about":[{"href":"https:\/\/peoplesphere.be\/fr\/wp-json\/wp\/v2\/types\/post"}],"author":[{"embeddable":true,"href":"https:\/\/peoplesphere.be\/fr\/wp-json\/wp\/v2\/users\/2"}],"replies":[{"embeddable":true,"href":"https:\/\/peoplesphere.be\/fr\/wp-json\/wp\/v2\/comments?post=11296"}],"version-history":[{"count":2,"href":"https:\/\/peoplesphere.be\/fr\/wp-json\/wp\/v2\/posts\/11296\/revisions"}],"predecessor-version":[{"id":11299,"href":"https:\/\/peoplesphere.be\/fr\/wp-json\/wp\/v2\/posts\/11296\/revisions\/11299"}],"wp:featuredmedia":[{"embeddable":true,"href":"https:\/\/peoplesphere.be\/fr\/wp-json\/wp\/v2\/media\/11297"}],"wp:attachment":[{"href":"https:\/\/peoplesphere.be\/fr\/wp-json\/wp\/v2\/media?parent=11296"}],"wp:term":[{"taxonomy":"category","embeddable":true,"href":"https:\/\/peoplesphere.be\/fr\/wp-json\/wp\/v2\/categories?post=11296"},{"taxonomy":"post_tag","embeddable":true,"href":"https:\/\/peoplesphere.be\/fr\/wp-json\/wp\/v2\/tags?post=11296"}],"curies":[{"name":"wp","href":"https:\/\/api.w.org\/{rel}","templated":true}]}}