









{"id":11303,"date":"2021-05-19T07:01:46","date_gmt":"2021-05-19T05:01:46","guid":{"rendered":"https:\/\/peoplesphere.be\/fr\/?p=11303"},"modified":"2021-05-19T07:35:58","modified_gmt":"2021-05-19T05:35:58","slug":"fgtb-csc-bruxelles-remobilisent-face-blocage-negociations-de-laip-2021-2022","status":"publish","type":"post","link":"https:\/\/peoplesphere.be\/fr\/fgtb-csc-bruxelles-remobilisent-face-blocage-negociations-de-laip-2021-2022\/","title":{"rendered":"La FGTB et la CSC Bruxelles remobilisent face au blocage des n\u00e9gociations de l&rsquo;AIP 2021-2022."},"content":{"rendered":"<p>Ce mercredi 19 mai, la FGTB et la CSC Bruxelles poursuivent la lutte pour obtenir une r\u00e9elle n\u00e9gociation interprofessionnelle et le respect. Les organisations syndicales revendiquent le respect et manifesteront ce 19 mai <a href=\"https:\/\/peoplesphere.be\/fr\/accord-inter-professionnel-2021-2022-gouvernement-pense-t-regler-conflit-prime-corona-de-500-euros-sein-entreprises-ont-reussi-malgre-crise\/\">suite \u00e0 la proposition du gouvernement, jug\u00e9e sans surprise inadapt\u00e9e \u00e0 la r\u00e9alit\u00e9 des travailleurs.<\/a><!--more--><\/p>\n<p>La FGTB et la CSC veulent dresser les constats suivants :<br \/>\n<em>1) Une position de blocage des patrons pour permettre une r\u00e9elle concertation juste et \u00e9quilibr\u00e9e;<\/em><br \/>\n<em>2) Que ce sont pourtant les travailleurs et les travailleuses qui ont \u00e9t\u00e9 essentiels et ont fait tourner l\u2019\u00e9conomie pendant la crise, au prix de nombreux sacrifices;<\/em><br \/>\n<em>3) Que l\u2019augmentation des salaires est confin\u00e9e alors qu\u2019il n\u2019en est rien des dividendes aux actionnaires;<\/em><br \/>\n<em>4) Que les salaires ne prot\u00e8gent plus de la pauvret\u00e9. Que les plus \u00e2g\u00e9(e)s sont \u00e9puis\u00e9(e)s et souhaitent r\u00e9duire leur temps de travail alors que les plus jeunes ne demandent qu\u2019\u00e0 entrer sur le march\u00e9 du travail.<\/em><\/p>\n<p>Les syndicats rappellent encore qu\u2019il faut encadrer les restructurations \u00e0 venir pour limiter la \u00ab casse sociale \u00bb. Ils exigent donc :<\/p>\n<p><em>1) La libert\u00e9 de n\u00e9gociation des salaires et donc une modification de la Loi de 96 en ce sens;<\/em><br \/>\n<em>2) Une augmentation phas\u00e9e du salaire minimum et des bas salaires;<\/em><br \/>\n<em>3) Des am\u00e9nagements de fin de carri\u00e8re afin que les plus \u00e2g\u00e9s puissent souffler et passer le relais aux plus jeunes;<\/em><br \/>\n<em>4) La r\u00e9instauration des pr\u00e9pensions en cas de restructuration et pour des m\u00e9tiers p\u00e9nibles.<\/em><\/p>\n<p>Et expliquent enfin pourquoi les ch\u00e8ques consommation de 500\u20ac nets propos\u00e9s par le gouvernement De Croo ne leur conviennent pas:<\/p>\n<p><em>1) M\u00eame s\u2019ils pourront \u00eatre n\u00e9goci\u00e9s au niveau des secteurs, 500\u20ac sont un montant maximum qui risque de ne concerner qu\u2019un nombre trop limit\u00e9 de travailleurs et de travailleuses;<\/em><br \/>\n<em>2) Il s\u2019agit d\u2019un montant net, d\u00e9ductible fiscalement pour l\u2019employeur et avec des cotisations r\u00e9duites. Cela met donc fortement \u00e0 mal la solidarit\u00e9 et le financement de notre s\u00e9curit\u00e9 sociale, qui a \u00e9t\u00e9 d\u2019une importance capitale lors de cette crise sanitaire (ch\u00f4mage temporaire et soins de sant\u00e9);<\/em><br \/>\n<em>3) Il s\u2019agit d\u2019une prime \u00ab one shot \u00bb qui ne pourra \u00eatre octroy\u00e9e qu\u2019une fois en 2021 ou 2022, ind\u00e9pendamment d\u2019une possible reprise \u00e9conomique. Une vraie augmentation salariale, elle, dure dans le temps.<\/em><\/p>\n","protected":false},"excerpt":{"rendered":"<p>Ce mercredi 19 mai, la FGTB et la CSC Bruxelles poursuivent la lutte pour obtenir une r\u00e9elle n\u00e9gociation interprofessionnelle et le respect. Les organisations syndicales revendiquent le respect et manifesteront ce 19 mai suite \u00e0 la proposition du gouvernement, jug\u00e9e [&hellip;]<\/p>\n","protected":false},"author":2,"featured_media":0,"comment_status":"closed","ping_status":"open","sticky":false,"template":"","format":"standard","meta":[],"categories":[65,10],"tags":[1081,332,200,1186,3370,110],"yoast_head":"<!-- This site is optimized with the Yoast SEO plugin v21.0 - https:\/\/yoast.com\/wordpress\/plugins\/seo\/ -->\n<title>La FGTB et la CSC Bruxelles remobilisent face au blocage des n\u00e9gociations de l&#039;AIP 2021-2022. - Peoplesphere<\/title>\n<meta name=\"robots\" content=\"index, follow, max-snippet:-1, max-image-preview:large, max-video-preview:-1\" \/>\n<link rel=\"canonical\" href=\"https:\/\/peoplesphere.be\/fr\/fgtb-csc-bruxelles-remobilisent-face-blocage-negociations-de-laip-2021-2022\/\" \/>\n<meta property=\"og:locale\" content=\"fr_FR\" \/>\n<meta property=\"og:type\" content=\"article\" \/>\n<meta property=\"og:title\" content=\"La FGTB et la CSC Bruxelles remobilisent face au blocage des n\u00e9gociations de l&#039;AIP 2021-2022. - Peoplesphere\" \/>\n<meta property=\"og:description\" content=\"Ce mercredi 19 mai, la FGTB et la CSC Bruxelles poursuivent la lutte pour obtenir une r\u00e9elle n\u00e9gociation interprofessionnelle et le respect. Les organisations syndicales revendiquent le respect et manifesteront ce 19 mai suite \u00e0 la proposition du gouvernement, jug\u00e9e [&hellip;]\" \/>\n<meta property=\"og:url\" content=\"https:\/\/peoplesphere.be\/fr\/fgtb-csc-bruxelles-remobilisent-face-blocage-negociations-de-laip-2021-2022\/\" \/>\n<meta property=\"og:site_name\" content=\"Peoplesphere\" \/>\n<meta property=\"article:publisher\" content=\"https:\/\/www.facebook.com\/peoplesphere\" \/>\n<meta property=\"article:published_time\" content=\"2021-05-19T05:01:46+00:00\" \/>\n<meta property=\"article:modified_time\" content=\"2021-05-19T05:35:58+00:00\" \/>\n<meta property=\"og:image\" content=\"http:\/\/www.peoplesphere.be\/fr\/wp-content\/uploads\/2016\/07\/facebook-default-posting-1200x628px.jpg\" \/>\n<meta name=\"author\" content=\"Jean-Paul Erhard\" \/>\n<meta name=\"twitter:card\" content=\"summary_large_image\" \/>\n<meta name=\"twitter:creator\" content=\"@PeoplesphereMag\" \/>\n<meta name=\"twitter:site\" content=\"@PeoplesphereMag\" \/>\n<meta name=\"twitter:label1\" content=\"\u00c9crit par\" \/>\n\t<meta name=\"twitter:data1\" content=\"Jean-Paul Erhard\" \/>\n\t<meta name=\"twitter:label2\" content=\"Dur\u00e9e de lecture estim\u00e9e\" \/>\n\t<meta name=\"twitter:data2\" content=\"2 minutes\" \/>\n<script type=\"application\/ld+json\" class=\"yoast-schema-graph\">{\"@context\":\"https:\/\/schema.org\",\"@graph\":[{\"@type\":\"Article\",\"@id\":\"https:\/\/peoplesphere.be\/fr\/fgtb-csc-bruxelles-remobilisent-face-blocage-negociations-de-laip-2021-2022\/#article\",\"isPartOf\":{\"@id\":\"https:\/\/peoplesphere.be\/fr\/fgtb-csc-bruxelles-remobilisent-face-blocage-negociations-de-laip-2021-2022\/\"},\"author\":{\"name\":\"Jean-Paul Erhard\",\"@id\":\"https:\/\/peoplesphere.be\/fr\/#\/schema\/person\/7976225ff17988604334abb7b3536a7e\"},\"headline\":\"La FGTB et la CSC Bruxelles remobilisent face au blocage des n\u00e9gociations de l&rsquo;AIP 2021-2022.\",\"datePublished\":\"2021-05-19T05:01:46+00:00\",\"dateModified\":\"2021-05-19T05:35:58+00:00\",\"mainEntityOfPage\":{\"@id\":\"https:\/\/peoplesphere.be\/fr\/fgtb-csc-bruxelles-remobilisent-face-blocage-negociations-de-laip-2021-2022\/\"},\"wordCount\":408,\"publisher\":{\"@id\":\"https:\/\/peoplesphere.be\/fr\/#organization\"},\"keywords\":[\"AIP\",\"concertation sociale\",\"CSC\",\"FGTB\",\"prime corona\",\"syndicats\"],\"articleSection\":[\"Actualit\u00e9s\",\"Digital\"],\"inLanguage\":\"fr-FR\"},{\"@type\":\"WebPage\",\"@id\":\"https:\/\/peoplesphere.be\/fr\/fgtb-csc-bruxelles-remobilisent-face-blocage-negociations-de-laip-2021-2022\/\",\"url\":\"https:\/\/peoplesphere.be\/fr\/fgtb-csc-bruxelles-remobilisent-face-blocage-negociations-de-laip-2021-2022\/\",\"name\":\"La FGTB et la CSC Bruxelles remobilisent face au blocage des n\u00e9gociations de l'AIP 2021-2022. - Peoplesphere\",\"isPartOf\":{\"@id\":\"https:\/\/peoplesphere.be\/fr\/#website\"},\"datePublished\":\"2021-05-19T05:01:46+00:00\",\"dateModified\":\"2021-05-19T05:35:58+00:00\",\"breadcrumb\":{\"@id\":\"https:\/\/peoplesphere.be\/fr\/fgtb-csc-bruxelles-remobilisent-face-blocage-negociations-de-laip-2021-2022\/#breadcrumb\"},\"inLanguage\":\"fr-FR\",\"potentialAction\":[{\"@type\":\"ReadAction\",\"target\":[\"https:\/\/peoplesphere.be\/fr\/fgtb-csc-bruxelles-remobilisent-face-blocage-negociations-de-laip-2021-2022\/\"]}]},{\"@type\":\"BreadcrumbList\",\"@id\":\"https:\/\/peoplesphere.be\/fr\/fgtb-csc-bruxelles-remobilisent-face-blocage-negociations-de-laip-2021-2022\/#breadcrumb\",\"itemListElement\":[{\"@type\":\"ListItem\",\"position\":1,\"name\":\"Accueil\",\"item\":\"https:\/\/peoplesphere.be\/fr\/\"},{\"@type\":\"ListItem\",\"position\":2,\"name\":\"La FGTB et la CSC Bruxelles remobilisent face au blocage des n\u00e9gociations de l&rsquo;AIP 2021-2022.\"}]},{\"@type\":\"WebSite\",\"@id\":\"https:\/\/peoplesphere.be\/fr\/#website\",\"url\":\"https:\/\/peoplesphere.be\/fr\/\",\"name\":\"Peoplesphere\",\"description\":\"The People Managers Magazine\",\"publisher\":{\"@id\":\"https:\/\/peoplesphere.be\/fr\/#organization\"},\"potentialAction\":[{\"@type\":\"SearchAction\",\"target\":{\"@type\":\"EntryPoint\",\"urlTemplate\":\"https:\/\/peoplesphere.be\/fr\/?s={search_term_string}\"},\"query-input\":\"required name=search_term_string\"}],\"inLanguage\":\"fr-FR\"},{\"@type\":\"Organization\",\"@id\":\"https:\/\/peoplesphere.be\/fr\/#organization\",\"name\":\"Peoplesphere Company srl\",\"url\":\"https:\/\/peoplesphere.be\/fr\/\",\"logo\":{\"@type\":\"ImageObject\",\"inLanguage\":\"fr-FR\",\"@id\":\"https:\/\/peoplesphere.be\/fr\/#\/schema\/logo\/image\/\",\"url\":\"https:\/\/peoplesphere.be\/fr\/wp-content\/uploads\/2023\/07\/peoplesphere-lgo-new-generik.jpg\",\"contentUrl\":\"https:\/\/peoplesphere.be\/fr\/wp-content\/uploads\/2023\/07\/peoplesphere-lgo-new-generik.jpg\",\"width\":1031,\"height\":1479,\"caption\":\"Peoplesphere Company srl\"},\"image\":{\"@id\":\"https:\/\/peoplesphere.be\/fr\/#\/schema\/logo\/image\/\"},\"sameAs\":[\"https:\/\/www.facebook.com\/peoplesphere\",\"https:\/\/twitter.com\/PeoplesphereMag\",\"https:\/\/www.linkedin.com\/company\/7587361?trk\",\"http:\/\/youtube.com\/peoplesphere\"]},{\"@type\":\"Person\",\"@id\":\"https:\/\/peoplesphere.be\/fr\/#\/schema\/person\/7976225ff17988604334abb7b3536a7e\",\"name\":\"Jean-Paul Erhard\",\"image\":{\"@type\":\"ImageObject\",\"inLanguage\":\"fr-FR\",\"@id\":\"https:\/\/peoplesphere.be\/fr\/#\/schema\/person\/image\/\",\"url\":\"https:\/\/secure.gravatar.com\/avatar\/f941e681460179738071629a51574930?s=96&d=mm&r=g\",\"contentUrl\":\"https:\/\/secure.gravatar.com\/avatar\/f941e681460179738071629a51574930?s=96&d=mm&r=g\",\"caption\":\"Jean-Paul Erhard\"},\"url\":\"https:\/\/peoplesphere.be\/fr\/author\/jpe\/\"}]}<\/script>\n<!-- \/ Yoast SEO plugin. -->","yoast_head_json":{"title":"La FGTB et la CSC Bruxelles remobilisent face au blocage des n\u00e9gociations de l'AIP 2021-2022. - Peoplesphere","robots":{"index":"index","follow":"follow","max-snippet":"max-snippet:-1","max-image-preview":"max-image-preview:large","max-video-preview":"max-video-preview:-1"},"canonical":"https:\/\/peoplesphere.be\/fr\/fgtb-csc-bruxelles-remobilisent-face-blocage-negociations-de-laip-2021-2022\/","og_locale":"fr_FR","og_type":"article","og_title":"La FGTB et la CSC Bruxelles remobilisent face au blocage des n\u00e9gociations de l'AIP 2021-2022. - Peoplesphere","og_description":"Ce mercredi 19 mai, la FGTB et la CSC Bruxelles poursuivent la lutte pour obtenir une r\u00e9elle n\u00e9gociation interprofessionnelle et le respect. Les organisations syndicales revendiquent le respect et manifesteront ce 19 mai suite \u00e0 la proposition du gouvernement, jug\u00e9e [&hellip;]","og_url":"https:\/\/peoplesphere.be\/fr\/fgtb-csc-bruxelles-remobilisent-face-blocage-negociations-de-laip-2021-2022\/","og_site_name":"Peoplesphere","article_publisher":"https:\/\/www.facebook.com\/peoplesphere","article_published_time":"2021-05-19T05:01:46+00:00","article_modified_time":"2021-05-19T05:35:58+00:00","og_image":[{"url":"http:\/\/www.peoplesphere.be\/fr\/wp-content\/uploads\/2016\/07\/facebook-default-posting-1200x628px.jpg"}],"author":"Jean-Paul Erhard","twitter_card":"summary_large_image","twitter_creator":"@PeoplesphereMag","twitter_site":"@PeoplesphereMag","twitter_misc":{"\u00c9crit par":"Jean-Paul Erhard","Dur\u00e9e de lecture estim\u00e9e":"2 minutes"},"schema":{"@context":"https:\/\/schema.org","@graph":[{"@type":"Article","@id":"https:\/\/peoplesphere.be\/fr\/fgtb-csc-bruxelles-remobilisent-face-blocage-negociations-de-laip-2021-2022\/#article","isPartOf":{"@id":"https:\/\/peoplesphere.be\/fr\/fgtb-csc-bruxelles-remobilisent-face-blocage-negociations-de-laip-2021-2022\/"},"author":{"name":"Jean-Paul Erhard","@id":"https:\/\/peoplesphere.be\/fr\/#\/schema\/person\/7976225ff17988604334abb7b3536a7e"},"headline":"La FGTB et la CSC Bruxelles remobilisent face au blocage des n\u00e9gociations de l&rsquo;AIP 2021-2022.","datePublished":"2021-05-19T05:01:46+00:00","dateModified":"2021-05-19T05:35:58+00:00","mainEntityOfPage":{"@id":"https:\/\/peoplesphere.be\/fr\/fgtb-csc-bruxelles-remobilisent-face-blocage-negociations-de-laip-2021-2022\/"},"wordCount":408,"publisher":{"@id":"https:\/\/peoplesphere.be\/fr\/#organization"},"keywords":["AIP","concertation sociale","CSC","FGTB","prime corona","syndicats"],"articleSection":["Actualit\u00e9s","Digital"],"inLanguage":"fr-FR"},{"@type":"WebPage","@id":"https:\/\/peoplesphere.be\/fr\/fgtb-csc-bruxelles-remobilisent-face-blocage-negociations-de-laip-2021-2022\/","url":"https:\/\/peoplesphere.be\/fr\/fgtb-csc-bruxelles-remobilisent-face-blocage-negociations-de-laip-2021-2022\/","name":"La FGTB et la CSC Bruxelles remobilisent face au blocage des n\u00e9gociations de l'AIP 2021-2022. - Peoplesphere","isPartOf":{"@id":"https:\/\/peoplesphere.be\/fr\/#website"},"datePublished":"2021-05-19T05:01:46+00:00","dateModified":"2021-05-19T05:35:58+00:00","breadcrumb":{"@id":"https:\/\/peoplesphere.be\/fr\/fgtb-csc-bruxelles-remobilisent-face-blocage-negociations-de-laip-2021-2022\/#breadcrumb"},"inLanguage":"fr-FR","potentialAction":[{"@type":"ReadAction","target":["https:\/\/peoplesphere.be\/fr\/fgtb-csc-bruxelles-remobilisent-face-blocage-negociations-de-laip-2021-2022\/"]}]},{"@type":"BreadcrumbList","@id":"https:\/\/peoplesphere.be\/fr\/fgtb-csc-bruxelles-remobilisent-face-blocage-negociations-de-laip-2021-2022\/#breadcrumb","itemListElement":[{"@type":"ListItem","position":1,"name":"Accueil","item":"https:\/\/peoplesphere.be\/fr\/"},{"@type":"ListItem","position":2,"name":"La FGTB et la CSC Bruxelles remobilisent face au blocage des n\u00e9gociations de l&rsquo;AIP 2021-2022."}]},{"@type":"WebSite","@id":"https:\/\/peoplesphere.be\/fr\/#website","url":"https:\/\/peoplesphere.be\/fr\/","name":"Peoplesphere","description":"The People Managers Magazine","publisher":{"@id":"https:\/\/peoplesphere.be\/fr\/#organization"},"potentialAction":[{"@type":"SearchAction","target":{"@type":"EntryPoint","urlTemplate":"https:\/\/peoplesphere.be\/fr\/?s={search_term_string}"},"query-input":"required name=search_term_string"}],"inLanguage":"fr-FR"},{"@type":"Organization","@id":"https:\/\/peoplesphere.be\/fr\/#organization","name":"Peoplesphere Company srl","url":"https:\/\/peoplesphere.be\/fr\/","logo":{"@type":"ImageObject","inLanguage":"fr-FR","@id":"https:\/\/peoplesphere.be\/fr\/#\/schema\/logo\/image\/","url":"https:\/\/peoplesphere.be\/fr\/wp-content\/uploads\/2023\/07\/peoplesphere-lgo-new-generik.jpg","contentUrl":"https:\/\/peoplesphere.be\/fr\/wp-content\/uploads\/2023\/07\/peoplesphere-lgo-new-generik.jpg","width":1031,"height":1479,"caption":"Peoplesphere Company srl"},"image":{"@id":"https:\/\/peoplesphere.be\/fr\/#\/schema\/logo\/image\/"},"sameAs":["https:\/\/www.facebook.com\/peoplesphere","https:\/\/twitter.com\/PeoplesphereMag","https:\/\/www.linkedin.com\/company\/7587361?trk","http:\/\/youtube.com\/peoplesphere"]},{"@type":"Person","@id":"https:\/\/peoplesphere.be\/fr\/#\/schema\/person\/7976225ff17988604334abb7b3536a7e","name":"Jean-Paul Erhard","image":{"@type":"ImageObject","inLanguage":"fr-FR","@id":"https:\/\/peoplesphere.be\/fr\/#\/schema\/person\/image\/","url":"https:\/\/secure.gravatar.com\/avatar\/f941e681460179738071629a51574930?s=96&d=mm&r=g","contentUrl":"https:\/\/secure.gravatar.com\/avatar\/f941e681460179738071629a51574930?s=96&d=mm&r=g","caption":"Jean-Paul Erhard"},"url":"https:\/\/peoplesphere.be\/fr\/author\/jpe\/"}]}},"_links":{"self":[{"href":"https:\/\/peoplesphere.be\/fr\/wp-json\/wp\/v2\/posts\/11303"}],"collection":[{"href":"https:\/\/peoplesphere.be\/fr\/wp-json\/wp\/v2\/posts"}],"about":[{"href":"https:\/\/peoplesphere.be\/fr\/wp-json\/wp\/v2\/types\/post"}],"author":[{"embeddable":true,"href":"https:\/\/peoplesphere.be\/fr\/wp-json\/wp\/v2\/users\/2"}],"replies":[{"embeddable":true,"href":"https:\/\/peoplesphere.be\/fr\/wp-json\/wp\/v2\/comments?post=11303"}],"version-history":[{"count":2,"href":"https:\/\/peoplesphere.be\/fr\/wp-json\/wp\/v2\/posts\/11303\/revisions"}],"predecessor-version":[{"id":11308,"href":"https:\/\/peoplesphere.be\/fr\/wp-json\/wp\/v2\/posts\/11303\/revisions\/11308"}],"wp:attachment":[{"href":"https:\/\/peoplesphere.be\/fr\/wp-json\/wp\/v2\/media?parent=11303"}],"wp:term":[{"taxonomy":"category","embeddable":true,"href":"https:\/\/peoplesphere.be\/fr\/wp-json\/wp\/v2\/categories?post=11303"},{"taxonomy":"post_tag","embeddable":true,"href":"https:\/\/peoplesphere.be\/fr\/wp-json\/wp\/v2\/tags?post=11303"}],"curies":[{"name":"wp","href":"https:\/\/api.w.org\/{rel}","templated":true}]}}