









{"id":11438,"date":"2021-06-14T06:42:43","date_gmt":"2021-06-14T04:42:43","guid":{"rendered":"https:\/\/peoplesphere.be\/fr\/?p=11438"},"modified":"2021-06-14T06:42:43","modified_gmt":"2021-06-14T04:42:43","slug":"petites-grandes-entreprises-face-meme-defi-rh-de-lapres-corona-bien-etre-travailleurs-etre-priorite-n1","status":"publish","type":"post","link":"https:\/\/peoplesphere.be\/fr\/petites-grandes-entreprises-face-meme-defi-rh-de-lapres-corona-bien-etre-travailleurs-etre-priorite-n1\/","title":{"rendered":"Petites et grandes entreprises face au m\u00eame d\u00e9fi RH  de l&rsquo;apr\u00e8s-corona: le bien-\u00eatre des travailleurs devrait \u00eatre la priorit\u00e9 n\u00b01."},"content":{"rendered":"<p>Sur le plan des ressources humaines, les PME belges sont aujourd&rsquo;hui les plus soucieuses du bien-\u00eatre de leurs collaborateurs. Les accords relatifs au t\u00e9l\u00e9travail figurent cependant en bas de la liste des priorit\u00e9s des ressources humaines. Telle est la conclusion d&rsquo;une r\u00e9cente enqu\u00eate men\u00e9e par le prestataire de services RH, Securex, en collaboration avec le bureau d&rsquo;\u00e9tudes de march\u00e9 Profacts et r\u00e9alis\u00e9e aupr\u00e8s de chefs d&rsquo;entreprise et de responsables RH de 520 PME en Belgique.<!--more--><\/p>\n<p>Dans le cadre de l&rsquo;enqu\u00eate, Securex a \u00e9valu\u00e9 dans quelle mesure diff\u00e9rents th\u00e8mes li\u00e9s aux ressources humaines \u00e9taient pr\u00e9sents dans l&rsquo;agenda RH des PME belges. Il s&rsquo;av\u00e8re que 4 PME sur 5 souhaitent se concentrer sur le bien-\u00eatre de leurs travailleurs dans les p\u00e9riodes \u00e0 venir. Et c&rsquo;est le sujet RH le plus important pour les petites (1 \u00e0 9 travailleurs), moyennes (plus de 10 travailleurs) et grandes (jusqu&rsquo;\u00e0 200 travailleurs) PME.<\/p>\n<p>La notion de bien-\u00eatre des collaborateurs englobe leur s\u00e9curit\u00e9, leur sant\u00e9 mentale ainsi que leur sant\u00e9 physique. Les PME accordent une priorit\u00e9 absolue \u00e0 la sant\u00e9 mentale de leurs travailleurs.<\/p>\n<p>Frank Vander Sijpe, Directeur HR Trends &amp; Insights chez Securex : \u00ab\u00a0<em>La situation actuelle li\u00e9e au coronavirus a \u00e9galement un impact majeur sur les priorit\u00e9s des PME en mati\u00e8re de ressources humaines. Les chiffres sans pr\u00e9c\u00e9dent concernant les burn-out et les maladies de longue dur\u00e9e montrent qu&rsquo;il convient d&rsquo;accorder encore plus d&rsquo;attention au bien-\u00eatre des travailleurs.\u00a0\u00bb<\/em><\/p>\n<p>La crise li\u00e9e au coronavirus a entra\u00een\u00e9 une pression sans pr\u00e9c\u00e9dent sur le bien-\u00eatre mental de divers groupes de collaborateurs. Les personnes qui ont continu\u00e9 \u00e0 travailler durant le confinement sans pouvoir faire du t\u00e9l\u00e9travail (dans le secteur du commerce de d\u00e9tail et le secteur m\u00e9dical, par exemple) l&rsquo;ont souvent fait sous une pression de travail accrue et en \u00e9tant expos\u00e9s \u00e0 un risque \u00e9lev\u00e9 d&rsquo;infection en raison des nombreux contacts directs. Ceux qui travaillaient \u00e0 domicile ne pouvaient pas toujours le faire dans des conditions optimales et parfois m\u00eame en pr\u00e9sence d&rsquo;enfants lorsque les \u00e9coles et les cr\u00e8ches \u00e9taient ferm\u00e9es. Et ceux qui ne pouvaient pas travailler, mais devaient compter sur l&rsquo;aide du gouvernement, \u00e9taient souvent confront\u00e9s \u00e0 l&rsquo;ins\u00e9curit\u00e9 de l&#8217;emploi. Les deux derniers groupes en particulier ont ressenti de la frustration, de la solitude et ont perdu en partie une certaine forme de connexion avec leur employeur, ce qui a eu un impact important sur leur bien-\u00eatre mental.<\/p>\n<p><strong><em>Peu d&rsquo;attention accord\u00e9e aux accords relatifs au t\u00e9l\u00e9travail<\/em><\/strong><\/p>\n<p>Un r\u00e9sultat frappant de l&rsquo;enqu\u00eate Securex est que pas moins de 7 PME belges sur 10 (71%) consid\u00e8rent que les accords relatifs au t\u00e9l\u00e9travail sont moins importants. Et 8 PME sur 10 (79%) consid\u00e8rent qu&rsquo;il est moins important de faciliter la collaboration \u00e0 distance. La mise en place d&rsquo;un cadre clair pour le t\u00e9l\u00e9travail est cependant un facteur important pour le bien-\u00eatre mental des collaborateurs.<\/p>\n<p>Frank Vander Sijpe, Directeur HR Trends &amp; Insights chez Securex, ajoute : <em>\u00ab\u00a0Des accords en mati\u00e8re de t\u00e9l\u00e9travail telles que la r\u00e9partition de la pr\u00e9sence au bureau contre le travail \u00e0 domicile, la flexibilit\u00e9 des horaires de travail, l&rsquo;enregistrement du temps de travail et la r\u00e9cup\u00e9ration des heures suppl\u00e9mentaires sont indispensables. Il est important que ces accords tiennent compte des besoins de l&#8217;employeur et du travailleur. Ils ne doivent pas n\u00e9cessairement \u00eatre les m\u00eames pour tous, mais il est important que chaque travailleur dispose d\u2019un cadre clair dans lequel il peut planifier son travail. Des accords clairs contribuent \u00e0 un meilleur bien-\u00eatre des travailleurs, ce qui a un impact positif sur leur productivit\u00e9.\u00a0\u00bb<\/em><\/p>\n<p>&nbsp;<\/p>\n<p><em>Source : l&rsquo;\u00e9tude a \u00e9t\u00e9 men\u00e9e en avril 2021 par Securex et Profacts par le biais d&rsquo;entretiens t\u00e9l\u00e9phoniques avec 520 PME principalement actives dans l&rsquo;industrie, le commerce et les services commerciaux. Les chiffres mentionn\u00e9s sont repr\u00e9sentatifs des PME belges gr\u00e2ce \u00e0 une pond\u00e9ration par secteur, par nombre d&#8217;employ\u00e9s et par langue.<\/em><\/p>\n","protected":false},"excerpt":{"rendered":"<p>Sur le plan des ressources humaines, les PME belges sont aujourd&rsquo;hui les plus soucieuses du bien-\u00eatre de leurs collaborateurs. Les accords relatifs au t\u00e9l\u00e9travail figurent cependant en bas de la liste des priorit\u00e9s des ressources humaines. Telle est la conclusion [&hellip;]<\/p>\n","protected":false},"author":2,"featured_media":0,"comment_status":"closed","ping_status":"open","sticky":false,"template":"","format":"standard","meta":[],"categories":[65,10],"tags":[20,42,17,1792,219],"yoast_head":"<!-- This site is optimized with the Yoast SEO plugin v21.0 - https:\/\/yoast.com\/wordpress\/plugins\/seo\/ -->\n<title>Petites et grandes entreprises face au m\u00eame d\u00e9fi RH de l&#039;apr\u00e8s-corona: le bien-\u00eatre des travailleurs devrait \u00eatre la priorit\u00e9 n\u00b01. - Peoplesphere<\/title>\n<meta name=\"robots\" content=\"index, follow, max-snippet:-1, max-image-preview:large, max-video-preview:-1\" \/>\n<link rel=\"canonical\" href=\"https:\/\/peoplesphere.be\/fr\/petites-grandes-entreprises-face-meme-defi-rh-de-lapres-corona-bien-etre-travailleurs-etre-priorite-n1\/\" \/>\n<meta property=\"og:locale\" content=\"fr_FR\" \/>\n<meta property=\"og:type\" content=\"article\" \/>\n<meta property=\"og:title\" content=\"Petites et grandes entreprises face au m\u00eame d\u00e9fi RH de l&#039;apr\u00e8s-corona: le bien-\u00eatre des travailleurs devrait \u00eatre la priorit\u00e9 n\u00b01. - Peoplesphere\" \/>\n<meta property=\"og:description\" content=\"Sur le plan des ressources humaines, les PME belges sont aujourd&rsquo;hui les plus soucieuses du bien-\u00eatre de leurs collaborateurs. Les accords relatifs au t\u00e9l\u00e9travail figurent cependant en bas de la liste des priorit\u00e9s des ressources humaines. Telle est la conclusion [&hellip;]\" \/>\n<meta property=\"og:url\" content=\"https:\/\/peoplesphere.be\/fr\/petites-grandes-entreprises-face-meme-defi-rh-de-lapres-corona-bien-etre-travailleurs-etre-priorite-n1\/\" \/>\n<meta property=\"og:site_name\" content=\"Peoplesphere\" \/>\n<meta property=\"article:publisher\" content=\"https:\/\/www.facebook.com\/peoplesphere\" \/>\n<meta property=\"article:published_time\" content=\"2021-06-14T04:42:43+00:00\" \/>\n<meta property=\"og:image\" content=\"http:\/\/www.peoplesphere.be\/fr\/wp-content\/uploads\/2016\/07\/facebook-default-posting-1200x628px.jpg\" \/>\n<meta name=\"author\" content=\"Jean-Paul Erhard\" \/>\n<meta name=\"twitter:card\" content=\"summary_large_image\" \/>\n<meta name=\"twitter:creator\" content=\"@PeoplesphereMag\" \/>\n<meta name=\"twitter:site\" content=\"@PeoplesphereMag\" \/>\n<meta name=\"twitter:label1\" content=\"\u00c9crit par\" \/>\n\t<meta name=\"twitter:data1\" content=\"Jean-Paul Erhard\" \/>\n\t<meta name=\"twitter:label2\" content=\"Dur\u00e9e de lecture estim\u00e9e\" \/>\n\t<meta name=\"twitter:data2\" content=\"3 minutes\" \/>\n<script type=\"application\/ld+json\" class=\"yoast-schema-graph\">{\"@context\":\"https:\/\/schema.org\",\"@graph\":[{\"@type\":\"Article\",\"@id\":\"https:\/\/peoplesphere.be\/fr\/petites-grandes-entreprises-face-meme-defi-rh-de-lapres-corona-bien-etre-travailleurs-etre-priorite-n1\/#article\",\"isPartOf\":{\"@id\":\"https:\/\/peoplesphere.be\/fr\/petites-grandes-entreprises-face-meme-defi-rh-de-lapres-corona-bien-etre-travailleurs-etre-priorite-n1\/\"},\"author\":{\"name\":\"Jean-Paul Erhard\",\"@id\":\"https:\/\/peoplesphere.be\/fr\/#\/schema\/person\/7976225ff17988604334abb7b3536a7e\"},\"headline\":\"Petites et grandes entreprises face au m\u00eame d\u00e9fi RH de l&rsquo;apr\u00e8s-corona: le bien-\u00eatre des travailleurs devrait \u00eatre la priorit\u00e9 n\u00b01.\",\"datePublished\":\"2021-06-14T04:42:43+00:00\",\"dateModified\":\"2021-06-14T04:42:43+00:00\",\"mainEntityOfPage\":{\"@id\":\"https:\/\/peoplesphere.be\/fr\/petites-grandes-entreprises-face-meme-defi-rh-de-lapres-corona-bien-etre-travailleurs-etre-priorite-n1\/\"},\"wordCount\":704,\"publisher\":{\"@id\":\"https:\/\/peoplesphere.be\/fr\/#organization\"},\"keywords\":[\"Burn-out\",\"Pr\u00e9vention\",\"Sant\u00e9\",\"securex\",\"t\u00e9l\u00e9travail\"],\"articleSection\":[\"Actualit\u00e9s\",\"Digital\"],\"inLanguage\":\"fr-FR\"},{\"@type\":\"WebPage\",\"@id\":\"https:\/\/peoplesphere.be\/fr\/petites-grandes-entreprises-face-meme-defi-rh-de-lapres-corona-bien-etre-travailleurs-etre-priorite-n1\/\",\"url\":\"https:\/\/peoplesphere.be\/fr\/petites-grandes-entreprises-face-meme-defi-rh-de-lapres-corona-bien-etre-travailleurs-etre-priorite-n1\/\",\"name\":\"Petites et grandes entreprises face au m\u00eame d\u00e9fi RH de l'apr\u00e8s-corona: le bien-\u00eatre des travailleurs devrait \u00eatre la priorit\u00e9 n\u00b01. - Peoplesphere\",\"isPartOf\":{\"@id\":\"https:\/\/peoplesphere.be\/fr\/#website\"},\"datePublished\":\"2021-06-14T04:42:43+00:00\",\"dateModified\":\"2021-06-14T04:42:43+00:00\",\"breadcrumb\":{\"@id\":\"https:\/\/peoplesphere.be\/fr\/petites-grandes-entreprises-face-meme-defi-rh-de-lapres-corona-bien-etre-travailleurs-etre-priorite-n1\/#breadcrumb\"},\"inLanguage\":\"fr-FR\",\"potentialAction\":[{\"@type\":\"ReadAction\",\"target\":[\"https:\/\/peoplesphere.be\/fr\/petites-grandes-entreprises-face-meme-defi-rh-de-lapres-corona-bien-etre-travailleurs-etre-priorite-n1\/\"]}]},{\"@type\":\"BreadcrumbList\",\"@id\":\"https:\/\/peoplesphere.be\/fr\/petites-grandes-entreprises-face-meme-defi-rh-de-lapres-corona-bien-etre-travailleurs-etre-priorite-n1\/#breadcrumb\",\"itemListElement\":[{\"@type\":\"ListItem\",\"position\":1,\"name\":\"Accueil\",\"item\":\"https:\/\/peoplesphere.be\/fr\/\"},{\"@type\":\"ListItem\",\"position\":2,\"name\":\"Petites et grandes entreprises face au m\u00eame d\u00e9fi RH de l&rsquo;apr\u00e8s-corona: le bien-\u00eatre des travailleurs devrait \u00eatre la priorit\u00e9 n\u00b01.\"}]},{\"@type\":\"WebSite\",\"@id\":\"https:\/\/peoplesphere.be\/fr\/#website\",\"url\":\"https:\/\/peoplesphere.be\/fr\/\",\"name\":\"Peoplesphere\",\"description\":\"The People Managers Magazine\",\"publisher\":{\"@id\":\"https:\/\/peoplesphere.be\/fr\/#organization\"},\"potentialAction\":[{\"@type\":\"SearchAction\",\"target\":{\"@type\":\"EntryPoint\",\"urlTemplate\":\"https:\/\/peoplesphere.be\/fr\/?s={search_term_string}\"},\"query-input\":\"required name=search_term_string\"}],\"inLanguage\":\"fr-FR\"},{\"@type\":\"Organization\",\"@id\":\"https:\/\/peoplesphere.be\/fr\/#organization\",\"name\":\"Peoplesphere Company srl\",\"url\":\"https:\/\/peoplesphere.be\/fr\/\",\"logo\":{\"@type\":\"ImageObject\",\"inLanguage\":\"fr-FR\",\"@id\":\"https:\/\/peoplesphere.be\/fr\/#\/schema\/logo\/image\/\",\"url\":\"https:\/\/peoplesphere.be\/fr\/wp-content\/uploads\/2023\/07\/peoplesphere-lgo-new-generik.jpg\",\"contentUrl\":\"https:\/\/peoplesphere.be\/fr\/wp-content\/uploads\/2023\/07\/peoplesphere-lgo-new-generik.jpg\",\"width\":1031,\"height\":1479,\"caption\":\"Peoplesphere Company srl\"},\"image\":{\"@id\":\"https:\/\/peoplesphere.be\/fr\/#\/schema\/logo\/image\/\"},\"sameAs\":[\"https:\/\/www.facebook.com\/peoplesphere\",\"https:\/\/twitter.com\/PeoplesphereMag\",\"https:\/\/www.linkedin.com\/company\/7587361?trk\",\"http:\/\/youtube.com\/peoplesphere\"]},{\"@type\":\"Person\",\"@id\":\"https:\/\/peoplesphere.be\/fr\/#\/schema\/person\/7976225ff17988604334abb7b3536a7e\",\"name\":\"Jean-Paul Erhard\",\"image\":{\"@type\":\"ImageObject\",\"inLanguage\":\"fr-FR\",\"@id\":\"https:\/\/peoplesphere.be\/fr\/#\/schema\/person\/image\/\",\"url\":\"https:\/\/secure.gravatar.com\/avatar\/f941e681460179738071629a51574930?s=96&d=mm&r=g\",\"contentUrl\":\"https:\/\/secure.gravatar.com\/avatar\/f941e681460179738071629a51574930?s=96&d=mm&r=g\",\"caption\":\"Jean-Paul Erhard\"},\"url\":\"https:\/\/peoplesphere.be\/fr\/author\/jpe\/\"}]}<\/script>\n<!-- \/ Yoast SEO plugin. -->","yoast_head_json":{"title":"Petites et grandes entreprises face au m\u00eame d\u00e9fi RH de l'apr\u00e8s-corona: le bien-\u00eatre des travailleurs devrait \u00eatre la priorit\u00e9 n\u00b01. - Peoplesphere","robots":{"index":"index","follow":"follow","max-snippet":"max-snippet:-1","max-image-preview":"max-image-preview:large","max-video-preview":"max-video-preview:-1"},"canonical":"https:\/\/peoplesphere.be\/fr\/petites-grandes-entreprises-face-meme-defi-rh-de-lapres-corona-bien-etre-travailleurs-etre-priorite-n1\/","og_locale":"fr_FR","og_type":"article","og_title":"Petites et grandes entreprises face au m\u00eame d\u00e9fi RH de l'apr\u00e8s-corona: le bien-\u00eatre des travailleurs devrait \u00eatre la priorit\u00e9 n\u00b01. - Peoplesphere","og_description":"Sur le plan des ressources humaines, les PME belges sont aujourd&rsquo;hui les plus soucieuses du bien-\u00eatre de leurs collaborateurs. Les accords relatifs au t\u00e9l\u00e9travail figurent cependant en bas de la liste des priorit\u00e9s des ressources humaines. Telle est la conclusion [&hellip;]","og_url":"https:\/\/peoplesphere.be\/fr\/petites-grandes-entreprises-face-meme-defi-rh-de-lapres-corona-bien-etre-travailleurs-etre-priorite-n1\/","og_site_name":"Peoplesphere","article_publisher":"https:\/\/www.facebook.com\/peoplesphere","article_published_time":"2021-06-14T04:42:43+00:00","og_image":[{"url":"http:\/\/www.peoplesphere.be\/fr\/wp-content\/uploads\/2016\/07\/facebook-default-posting-1200x628px.jpg"}],"author":"Jean-Paul Erhard","twitter_card":"summary_large_image","twitter_creator":"@PeoplesphereMag","twitter_site":"@PeoplesphereMag","twitter_misc":{"\u00c9crit par":"Jean-Paul Erhard","Dur\u00e9e de lecture estim\u00e9e":"3 minutes"},"schema":{"@context":"https:\/\/schema.org","@graph":[{"@type":"Article","@id":"https:\/\/peoplesphere.be\/fr\/petites-grandes-entreprises-face-meme-defi-rh-de-lapres-corona-bien-etre-travailleurs-etre-priorite-n1\/#article","isPartOf":{"@id":"https:\/\/peoplesphere.be\/fr\/petites-grandes-entreprises-face-meme-defi-rh-de-lapres-corona-bien-etre-travailleurs-etre-priorite-n1\/"},"author":{"name":"Jean-Paul Erhard","@id":"https:\/\/peoplesphere.be\/fr\/#\/schema\/person\/7976225ff17988604334abb7b3536a7e"},"headline":"Petites et grandes entreprises face au m\u00eame d\u00e9fi RH de l&rsquo;apr\u00e8s-corona: le bien-\u00eatre des travailleurs devrait \u00eatre la priorit\u00e9 n\u00b01.","datePublished":"2021-06-14T04:42:43+00:00","dateModified":"2021-06-14T04:42:43+00:00","mainEntityOfPage":{"@id":"https:\/\/peoplesphere.be\/fr\/petites-grandes-entreprises-face-meme-defi-rh-de-lapres-corona-bien-etre-travailleurs-etre-priorite-n1\/"},"wordCount":704,"publisher":{"@id":"https:\/\/peoplesphere.be\/fr\/#organization"},"keywords":["Burn-out","Pr\u00e9vention","Sant\u00e9","securex","t\u00e9l\u00e9travail"],"articleSection":["Actualit\u00e9s","Digital"],"inLanguage":"fr-FR"},{"@type":"WebPage","@id":"https:\/\/peoplesphere.be\/fr\/petites-grandes-entreprises-face-meme-defi-rh-de-lapres-corona-bien-etre-travailleurs-etre-priorite-n1\/","url":"https:\/\/peoplesphere.be\/fr\/petites-grandes-entreprises-face-meme-defi-rh-de-lapres-corona-bien-etre-travailleurs-etre-priorite-n1\/","name":"Petites et grandes entreprises face au m\u00eame d\u00e9fi RH de l'apr\u00e8s-corona: le bien-\u00eatre des travailleurs devrait \u00eatre la priorit\u00e9 n\u00b01. - Peoplesphere","isPartOf":{"@id":"https:\/\/peoplesphere.be\/fr\/#website"},"datePublished":"2021-06-14T04:42:43+00:00","dateModified":"2021-06-14T04:42:43+00:00","breadcrumb":{"@id":"https:\/\/peoplesphere.be\/fr\/petites-grandes-entreprises-face-meme-defi-rh-de-lapres-corona-bien-etre-travailleurs-etre-priorite-n1\/#breadcrumb"},"inLanguage":"fr-FR","potentialAction":[{"@type":"ReadAction","target":["https:\/\/peoplesphere.be\/fr\/petites-grandes-entreprises-face-meme-defi-rh-de-lapres-corona-bien-etre-travailleurs-etre-priorite-n1\/"]}]},{"@type":"BreadcrumbList","@id":"https:\/\/peoplesphere.be\/fr\/petites-grandes-entreprises-face-meme-defi-rh-de-lapres-corona-bien-etre-travailleurs-etre-priorite-n1\/#breadcrumb","itemListElement":[{"@type":"ListItem","position":1,"name":"Accueil","item":"https:\/\/peoplesphere.be\/fr\/"},{"@type":"ListItem","position":2,"name":"Petites et grandes entreprises face au m\u00eame d\u00e9fi RH de l&rsquo;apr\u00e8s-corona: le bien-\u00eatre des travailleurs devrait \u00eatre la priorit\u00e9 n\u00b01."}]},{"@type":"WebSite","@id":"https:\/\/peoplesphere.be\/fr\/#website","url":"https:\/\/peoplesphere.be\/fr\/","name":"Peoplesphere","description":"The People Managers Magazine","publisher":{"@id":"https:\/\/peoplesphere.be\/fr\/#organization"},"potentialAction":[{"@type":"SearchAction","target":{"@type":"EntryPoint","urlTemplate":"https:\/\/peoplesphere.be\/fr\/?s={search_term_string}"},"query-input":"required name=search_term_string"}],"inLanguage":"fr-FR"},{"@type":"Organization","@id":"https:\/\/peoplesphere.be\/fr\/#organization","name":"Peoplesphere Company srl","url":"https:\/\/peoplesphere.be\/fr\/","logo":{"@type":"ImageObject","inLanguage":"fr-FR","@id":"https:\/\/peoplesphere.be\/fr\/#\/schema\/logo\/image\/","url":"https:\/\/peoplesphere.be\/fr\/wp-content\/uploads\/2023\/07\/peoplesphere-lgo-new-generik.jpg","contentUrl":"https:\/\/peoplesphere.be\/fr\/wp-content\/uploads\/2023\/07\/peoplesphere-lgo-new-generik.jpg","width":1031,"height":1479,"caption":"Peoplesphere Company srl"},"image":{"@id":"https:\/\/peoplesphere.be\/fr\/#\/schema\/logo\/image\/"},"sameAs":["https:\/\/www.facebook.com\/peoplesphere","https:\/\/twitter.com\/PeoplesphereMag","https:\/\/www.linkedin.com\/company\/7587361?trk","http:\/\/youtube.com\/peoplesphere"]},{"@type":"Person","@id":"https:\/\/peoplesphere.be\/fr\/#\/schema\/person\/7976225ff17988604334abb7b3536a7e","name":"Jean-Paul Erhard","image":{"@type":"ImageObject","inLanguage":"fr-FR","@id":"https:\/\/peoplesphere.be\/fr\/#\/schema\/person\/image\/","url":"https:\/\/secure.gravatar.com\/avatar\/f941e681460179738071629a51574930?s=96&d=mm&r=g","contentUrl":"https:\/\/secure.gravatar.com\/avatar\/f941e681460179738071629a51574930?s=96&d=mm&r=g","caption":"Jean-Paul Erhard"},"url":"https:\/\/peoplesphere.be\/fr\/author\/jpe\/"}]}},"_links":{"self":[{"href":"https:\/\/peoplesphere.be\/fr\/wp-json\/wp\/v2\/posts\/11438"}],"collection":[{"href":"https:\/\/peoplesphere.be\/fr\/wp-json\/wp\/v2\/posts"}],"about":[{"href":"https:\/\/peoplesphere.be\/fr\/wp-json\/wp\/v2\/types\/post"}],"author":[{"embeddable":true,"href":"https:\/\/peoplesphere.be\/fr\/wp-json\/wp\/v2\/users\/2"}],"replies":[{"embeddable":true,"href":"https:\/\/peoplesphere.be\/fr\/wp-json\/wp\/v2\/comments?post=11438"}],"version-history":[{"count":1,"href":"https:\/\/peoplesphere.be\/fr\/wp-json\/wp\/v2\/posts\/11438\/revisions"}],"predecessor-version":[{"id":11439,"href":"https:\/\/peoplesphere.be\/fr\/wp-json\/wp\/v2\/posts\/11438\/revisions\/11439"}],"wp:attachment":[{"href":"https:\/\/peoplesphere.be\/fr\/wp-json\/wp\/v2\/media?parent=11438"}],"wp:term":[{"taxonomy":"category","embeddable":true,"href":"https:\/\/peoplesphere.be\/fr\/wp-json\/wp\/v2\/categories?post=11438"},{"taxonomy":"post_tag","embeddable":true,"href":"https:\/\/peoplesphere.be\/fr\/wp-json\/wp\/v2\/tags?post=11438"}],"curies":[{"name":"wp","href":"https:\/\/api.w.org\/{rel}","templated":true}]}}