









{"id":11452,"date":"2021-06-15T06:38:07","date_gmt":"2021-06-15T04:38:07","guid":{"rendered":"https:\/\/peoplesphere.be\/fr\/?p=11452"},"modified":"2021-06-15T06:38:07","modified_gmt":"2021-06-15T04:38:07","slug":"nombre-dentreprises-attendront-fin-de-lete-organiser-retour-travail-malgre-mesures-dassouplissement","status":"publish","type":"post","link":"https:\/\/peoplesphere.be\/fr\/nombre-dentreprises-attendront-fin-de-lete-organiser-retour-travail-malgre-mesures-dassouplissement\/","title":{"rendered":"Nombre d&rsquo;entreprises attendront la fin de l&rsquo;\u00e9t\u00e9 pour organiser le retour au travail malgr\u00e9 les mesures d&rsquo;assouplissement."},"content":{"rendered":"<p>La r\u00e9duction progressive du t\u00e9l\u00e9travail obligatoire, pr\u00e9vue par le plan g\u00e9n\u00e9ral \u00e9t\u00e9, a commenc\u00e9. Ce plan vise \u00e0 permettre le retour au bureau avec pour objectif de promouvoir le bien-\u00eatre psychosocial des travailleurs et l&rsquo;esprit d&rsquo;\u00e9quipe. Cependant, tout le monde ne sera pas encore autoris\u00e9 \u00e0 retourner au bureau tous les jours. En effet, \u00e0 l&rsquo;heure actuelle, il appartient \u00e0 chaque entreprise d&rsquo;\u00e9laborer son propre plan de r\u00e9duction du t\u00e9l\u00e9travail.<!--more--><\/p>\n<p><em>\u00ab\u00a0Bien que les directives du gouvernement soient claires et permettent aux travailleurs de retourner au bureau \u00e0 partir du premier juillet, nous remarquons que certaines entreprises attendront la fin de l&rsquo;\u00e9t\u00e9 pour initier le retour dans leurs locaux\u00a0\u00bb<\/em>, d\u00e9clare Nathalie Callens, Senior Legal Advisor chez Group S.<\/p>\n<p>Le plan g\u00e9n\u00e9ral \u00e9t\u00e9 comprend une strat\u00e9gie d&rsquo;assouplissement progressif du t\u00e9l\u00e9travail obligatoire, dont les deux \u00e9tapes sont \u00e9videmment li\u00e9es au travail dans les locaux de l\u2019entreprise. Un premier assouplissement du t\u00e9l\u00e9travail obligatoire le 9 juin, avec possibilit\u00e9 de p\u00e9riodes de retour, et un second le premier juillet, o\u00f9 le t\u00e9l\u00e9travail ne sera plus obligatoire, mais fortement recommand\u00e9. Les f\u00eates du personnel et les activit\u00e9s d&rsquo;\u00e9quipe seront alors \u00e0 nouveau possibles. Maintenant que le gouvernement a dessin\u00e9 les grandes lignes, c&rsquo;est aux entreprises de d\u00e9finir les modalit\u00e9s concr\u00e8tes. Chaque entreprise doit \u00e9laborer son propre plan de r\u00e9duction du t\u00e9l\u00e9travail.<\/p>\n<p><em>\u00ab\u00a0C&rsquo;est pr\u00e9cis\u00e9ment la raison pour laquelle nous ne retournerons pas tous ensemble au bureau avant longtemps. \u00a0Nous avons remarqu\u00e9 que certaines entreprises ne planifient le retour qu&rsquo;\u00e0 la fin de l&rsquo;\u00e9t\u00e9. C&rsquo;est notamment le cas dans les organisations o\u00f9 le travail au bureau \u00e9tait tr\u00e8s exceptionnel au cours des derniers mois. Pour beaucoup d\u2019entreprises, le r\u00e9gime de t\u00e9l\u00e9travail li\u00e9 au coronavirus continuera donc \u00e0 \u00eatre appliqu\u00e9 jusqu\u2019apr\u00e8s les cong\u00e9s de leurs collaborateurs. Certains estiment que les p\u00e9riodes de cong\u00e9 \u00e0 venir impliqueraient trop de difficult\u00e9s pour planifier la pr\u00e9sence des membres du personnel dans les locaux de l\u2019entreprise ; d&rsquo;autres veulent prendre le temps, au cours des prochains mois, de tout pr\u00e9parer minutieusement.\u00a0\u00bb<\/em><\/p>\n<p><em><strong>Quels points d&rsquo;attention ?<\/strong><\/em><\/p>\n<p>La suppression du caract\u00e8re obligatoire du t\u00e9l\u00e9travail signifie que les employeurs devront prendre en compte de nombreux nouveaux aspects. Par exemple, les mesures de pr\u00e9vention restent d\u2019application : l&#8217;employeur doit v\u00e9rifier si les mesures prises sont \u00e9galement suffisantes pour garantir que le retour se d\u00e9roule en toute s\u00e9curit\u00e9. Les plus importantes sont bien s\u00fbr le maintien d&rsquo;une distance suffisante entre les travailleurs, la d\u00e9sinfection des mains, une ventilation ad\u00e9quate, etc. Si n\u00e9cessaire, l&#8217;employeur doit adapter les mesures, en collaboration avec les services comp\u00e9tents en mati\u00e8re de pr\u00e9vention et de protection au travail et en respectant la concertation sociale. Par ailleurs, les employeurs doivent continuer \u00e0 autoriser le t\u00e9l\u00e9travail jusqu&rsquo;au 30 juin 2021.<\/p>\n<p>De plus, il convient d&rsquo;accorder une attention particuli\u00e8re aux d\u00e9placements domicile-travail : lors de l&rsquo;organisation d\u2019un \u00e9ventuel retour, le mode de d\u00e9placement entre le domicile et le lieu de travail constitue un crit\u00e8re important. Le covoiturage est \u00e0 \u00e9viter, tout comme les d\u00e9placements en transports publics aux heures de pointe. Mais le plus important reste la communication : <em>\u00ab\u00a0Pour bien pr\u00e9parer votre organisation \u00e0 un retour partiel au bureau, il faut avant tout bien communiquer. Ceux qui ne communiquent pas perdront le lien avec leurs travailleurs. Les collaborateurs qui reviendront au bureau apr\u00e8s une longue p\u00e9riode de travail \u00e0 domicile auront peut-\u00eatre besoin d&rsquo;une p\u00e9riode d\u2019acclimatation. Mais vous pouvez aussi proposer des horaires de travail plus flexibles pour certains postes.\u00a0\u00bb<\/em><\/p>\n<p><strong><em>Et si quelqu&rsquo;un tombe malade ?<\/em><\/strong><\/p>\n<p>Les travailleurs qui ne se sentent pas bien doivent \u00e9videmment rester \u00e0 la maison. Le travailleur qui a contract\u00e9 le coronavirus doit en informer son employeur afin que l\u2019on puisse r\u00e9pertorier les coll\u00e8gues avec lesquels il a \u00e9ventuellement eu un contact \u00e0 haut risque. Le conseiller en pr\u00e9vention interne et le service m\u00e9dical externe peuvent jouer un r\u00f4le important \u00e0 cet \u00e9gard. En fonction de la situation sur le lieu de travail, des mesures concr\u00e8tes seront alors prises (d\u00e9sinfection du lieu de travail, renvoi chez eux des coll\u00e8gues qui ont \u00e9t\u00e9 en contact \u00e9troit, testing des travailleurs).<\/p>\n<p><em>Source: Group S<\/em><\/p>\n","protected":false},"excerpt":{"rendered":"<p>La r\u00e9duction progressive du t\u00e9l\u00e9travail obligatoire, pr\u00e9vue par le plan g\u00e9n\u00e9ral \u00e9t\u00e9, a commenc\u00e9. Ce plan vise \u00e0 permettre le retour au bureau avec pour objectif de promouvoir le bien-\u00eatre psychosocial des travailleurs et l&rsquo;esprit d&rsquo;\u00e9quipe. Cependant, tout le monde [&hellip;]<\/p>\n","protected":false},"author":2,"featured_media":11453,"comment_status":"closed","ping_status":"open","sticky":false,"template":"","format":"standard","meta":[],"categories":[65,10],"tags":[96,3410,2947,3042,17,23,219],"yoast_head":"<!-- This site is optimized with the Yoast SEO plugin v21.0 - https:\/\/yoast.com\/wordpress\/plugins\/seo\/ -->\n<title>Nombre d&#039;entreprises attendront la fin de l&#039;\u00e9t\u00e9 pour organiser le retour au travail malgr\u00e9 les mesures d&#039;assouplissement. - Peoplesphere<\/title>\n<meta name=\"robots\" content=\"index, follow, max-snippet:-1, max-image-preview:large, max-video-preview:-1\" \/>\n<link rel=\"canonical\" href=\"https:\/\/peoplesphere.be\/fr\/nombre-dentreprises-attendront-fin-de-lete-organiser-retour-travail-malgre-mesures-dassouplissement\/\" \/>\n<meta property=\"og:locale\" content=\"fr_FR\" \/>\n<meta property=\"og:type\" content=\"article\" \/>\n<meta property=\"og:title\" content=\"Nombre d&#039;entreprises attendront la fin de l&#039;\u00e9t\u00e9 pour organiser le retour au travail malgr\u00e9 les mesures d&#039;assouplissement. - Peoplesphere\" \/>\n<meta property=\"og:description\" content=\"La r\u00e9duction progressive du t\u00e9l\u00e9travail obligatoire, pr\u00e9vue par le plan g\u00e9n\u00e9ral \u00e9t\u00e9, a commenc\u00e9. Ce plan vise \u00e0 permettre le retour au bureau avec pour objectif de promouvoir le bien-\u00eatre psychosocial des travailleurs et l&rsquo;esprit d&rsquo;\u00e9quipe. Cependant, tout le monde [&hellip;]\" \/>\n<meta property=\"og:url\" content=\"https:\/\/peoplesphere.be\/fr\/nombre-dentreprises-attendront-fin-de-lete-organiser-retour-travail-malgre-mesures-dassouplissement\/\" \/>\n<meta property=\"og:site_name\" content=\"Peoplesphere\" \/>\n<meta property=\"article:publisher\" content=\"https:\/\/www.facebook.com\/peoplesphere\" \/>\n<meta property=\"article:published_time\" content=\"2021-06-15T04:38:07+00:00\" \/>\n<meta property=\"og:image\" content=\"https:\/\/peoplesphere.be\/fr\/wp-content\/uploads\/2021\/06\/img60c35bb4cac74.jpg\" \/>\n\t<meta property=\"og:image:width\" content=\"1425\" \/>\n\t<meta property=\"og:image:height\" content=\"800\" \/>\n\t<meta property=\"og:image:type\" content=\"image\/jpeg\" \/>\n<meta name=\"author\" content=\"Jean-Paul Erhard\" \/>\n<meta name=\"twitter:card\" content=\"summary_large_image\" \/>\n<meta name=\"twitter:creator\" content=\"@PeoplesphereMag\" \/>\n<meta name=\"twitter:site\" content=\"@PeoplesphereMag\" \/>\n<meta name=\"twitter:label1\" content=\"\u00c9crit par\" \/>\n\t<meta name=\"twitter:data1\" content=\"Jean-Paul Erhard\" \/>\n\t<meta name=\"twitter:label2\" content=\"Dur\u00e9e de lecture estim\u00e9e\" \/>\n\t<meta name=\"twitter:data2\" content=\"4 minutes\" \/>\n<script type=\"application\/ld+json\" class=\"yoast-schema-graph\">{\"@context\":\"https:\/\/schema.org\",\"@graph\":[{\"@type\":\"Article\",\"@id\":\"https:\/\/peoplesphere.be\/fr\/nombre-dentreprises-attendront-fin-de-lete-organiser-retour-travail-malgre-mesures-dassouplissement\/#article\",\"isPartOf\":{\"@id\":\"https:\/\/peoplesphere.be\/fr\/nombre-dentreprises-attendront-fin-de-lete-organiser-retour-travail-malgre-mesures-dassouplissement\/\"},\"author\":{\"name\":\"Jean-Paul Erhard\",\"@id\":\"https:\/\/peoplesphere.be\/fr\/#\/schema\/person\/7976225ff17988604334abb7b3536a7e\"},\"headline\":\"Nombre d&rsquo;entreprises attendront la fin de l&rsquo;\u00e9t\u00e9 pour organiser le retour au travail malgr\u00e9 les mesures d&rsquo;assouplissement.\",\"datePublished\":\"2021-06-15T04:38:07+00:00\",\"dateModified\":\"2021-06-15T04:38:07+00:00\",\"mainEntityOfPage\":{\"@id\":\"https:\/\/peoplesphere.be\/fr\/nombre-dentreprises-attendront-fin-de-lete-organiser-retour-travail-malgre-mesures-dassouplissement\/\"},\"wordCount\":753,\"publisher\":{\"@id\":\"https:\/\/peoplesphere.be\/fr\/#organization\"},\"keywords\":[\"bien-\u00eatre\",\"bien-\u00eatre psycho-social\",\"coronavirus\",\"Group S\",\"Sant\u00e9\",\"S\u00e9curit\u00e9\",\"t\u00e9l\u00e9travail\"],\"articleSection\":[\"Actualit\u00e9s\",\"Digital\"],\"inLanguage\":\"fr-FR\"},{\"@type\":\"WebPage\",\"@id\":\"https:\/\/peoplesphere.be\/fr\/nombre-dentreprises-attendront-fin-de-lete-organiser-retour-travail-malgre-mesures-dassouplissement\/\",\"url\":\"https:\/\/peoplesphere.be\/fr\/nombre-dentreprises-attendront-fin-de-lete-organiser-retour-travail-malgre-mesures-dassouplissement\/\",\"name\":\"Nombre d'entreprises attendront la fin de l'\u00e9t\u00e9 pour organiser le retour au travail malgr\u00e9 les mesures d'assouplissement. - Peoplesphere\",\"isPartOf\":{\"@id\":\"https:\/\/peoplesphere.be\/fr\/#website\"},\"datePublished\":\"2021-06-15T04:38:07+00:00\",\"dateModified\":\"2021-06-15T04:38:07+00:00\",\"breadcrumb\":{\"@id\":\"https:\/\/peoplesphere.be\/fr\/nombre-dentreprises-attendront-fin-de-lete-organiser-retour-travail-malgre-mesures-dassouplissement\/#breadcrumb\"},\"inLanguage\":\"fr-FR\",\"potentialAction\":[{\"@type\":\"ReadAction\",\"target\":[\"https:\/\/peoplesphere.be\/fr\/nombre-dentreprises-attendront-fin-de-lete-organiser-retour-travail-malgre-mesures-dassouplissement\/\"]}]},{\"@type\":\"BreadcrumbList\",\"@id\":\"https:\/\/peoplesphere.be\/fr\/nombre-dentreprises-attendront-fin-de-lete-organiser-retour-travail-malgre-mesures-dassouplissement\/#breadcrumb\",\"itemListElement\":[{\"@type\":\"ListItem\",\"position\":1,\"name\":\"Accueil\",\"item\":\"https:\/\/peoplesphere.be\/fr\/\"},{\"@type\":\"ListItem\",\"position\":2,\"name\":\"Nombre d&rsquo;entreprises attendront la fin de l&rsquo;\u00e9t\u00e9 pour organiser le retour au travail malgr\u00e9 les mesures d&rsquo;assouplissement.\"}]},{\"@type\":\"WebSite\",\"@id\":\"https:\/\/peoplesphere.be\/fr\/#website\",\"url\":\"https:\/\/peoplesphere.be\/fr\/\",\"name\":\"Peoplesphere\",\"description\":\"The People Managers Magazine\",\"publisher\":{\"@id\":\"https:\/\/peoplesphere.be\/fr\/#organization\"},\"potentialAction\":[{\"@type\":\"SearchAction\",\"target\":{\"@type\":\"EntryPoint\",\"urlTemplate\":\"https:\/\/peoplesphere.be\/fr\/?s={search_term_string}\"},\"query-input\":\"required name=search_term_string\"}],\"inLanguage\":\"fr-FR\"},{\"@type\":\"Organization\",\"@id\":\"https:\/\/peoplesphere.be\/fr\/#organization\",\"name\":\"Peoplesphere Company srl\",\"url\":\"https:\/\/peoplesphere.be\/fr\/\",\"logo\":{\"@type\":\"ImageObject\",\"inLanguage\":\"fr-FR\",\"@id\":\"https:\/\/peoplesphere.be\/fr\/#\/schema\/logo\/image\/\",\"url\":\"https:\/\/peoplesphere.be\/fr\/wp-content\/uploads\/2023\/07\/peoplesphere-lgo-new-generik.jpg\",\"contentUrl\":\"https:\/\/peoplesphere.be\/fr\/wp-content\/uploads\/2023\/07\/peoplesphere-lgo-new-generik.jpg\",\"width\":1031,\"height\":1479,\"caption\":\"Peoplesphere Company srl\"},\"image\":{\"@id\":\"https:\/\/peoplesphere.be\/fr\/#\/schema\/logo\/image\/\"},\"sameAs\":[\"https:\/\/www.facebook.com\/peoplesphere\",\"https:\/\/twitter.com\/PeoplesphereMag\",\"https:\/\/www.linkedin.com\/company\/7587361?trk\",\"http:\/\/youtube.com\/peoplesphere\"]},{\"@type\":\"Person\",\"@id\":\"https:\/\/peoplesphere.be\/fr\/#\/schema\/person\/7976225ff17988604334abb7b3536a7e\",\"name\":\"Jean-Paul Erhard\",\"image\":{\"@type\":\"ImageObject\",\"inLanguage\":\"fr-FR\",\"@id\":\"https:\/\/peoplesphere.be\/fr\/#\/schema\/person\/image\/\",\"url\":\"https:\/\/secure.gravatar.com\/avatar\/f941e681460179738071629a51574930?s=96&d=mm&r=g\",\"contentUrl\":\"https:\/\/secure.gravatar.com\/avatar\/f941e681460179738071629a51574930?s=96&d=mm&r=g\",\"caption\":\"Jean-Paul Erhard\"},\"url\":\"https:\/\/peoplesphere.be\/fr\/author\/jpe\/\"}]}<\/script>\n<!-- \/ Yoast SEO plugin. -->","yoast_head_json":{"title":"Nombre d'entreprises attendront la fin de l'\u00e9t\u00e9 pour organiser le retour au travail malgr\u00e9 les mesures d'assouplissement. - Peoplesphere","robots":{"index":"index","follow":"follow","max-snippet":"max-snippet:-1","max-image-preview":"max-image-preview:large","max-video-preview":"max-video-preview:-1"},"canonical":"https:\/\/peoplesphere.be\/fr\/nombre-dentreprises-attendront-fin-de-lete-organiser-retour-travail-malgre-mesures-dassouplissement\/","og_locale":"fr_FR","og_type":"article","og_title":"Nombre d'entreprises attendront la fin de l'\u00e9t\u00e9 pour organiser le retour au travail malgr\u00e9 les mesures d'assouplissement. - Peoplesphere","og_description":"La r\u00e9duction progressive du t\u00e9l\u00e9travail obligatoire, pr\u00e9vue par le plan g\u00e9n\u00e9ral \u00e9t\u00e9, a commenc\u00e9. Ce plan vise \u00e0 permettre le retour au bureau avec pour objectif de promouvoir le bien-\u00eatre psychosocial des travailleurs et l&rsquo;esprit d&rsquo;\u00e9quipe. Cependant, tout le monde [&hellip;]","og_url":"https:\/\/peoplesphere.be\/fr\/nombre-dentreprises-attendront-fin-de-lete-organiser-retour-travail-malgre-mesures-dassouplissement\/","og_site_name":"Peoplesphere","article_publisher":"https:\/\/www.facebook.com\/peoplesphere","article_published_time":"2021-06-15T04:38:07+00:00","og_image":[{"width":1425,"height":800,"url":"https:\/\/peoplesphere.be\/fr\/wp-content\/uploads\/2021\/06\/img60c35bb4cac74.jpg","type":"image\/jpeg"}],"author":"Jean-Paul Erhard","twitter_card":"summary_large_image","twitter_creator":"@PeoplesphereMag","twitter_site":"@PeoplesphereMag","twitter_misc":{"\u00c9crit par":"Jean-Paul Erhard","Dur\u00e9e de lecture estim\u00e9e":"4 minutes"},"schema":{"@context":"https:\/\/schema.org","@graph":[{"@type":"Article","@id":"https:\/\/peoplesphere.be\/fr\/nombre-dentreprises-attendront-fin-de-lete-organiser-retour-travail-malgre-mesures-dassouplissement\/#article","isPartOf":{"@id":"https:\/\/peoplesphere.be\/fr\/nombre-dentreprises-attendront-fin-de-lete-organiser-retour-travail-malgre-mesures-dassouplissement\/"},"author":{"name":"Jean-Paul Erhard","@id":"https:\/\/peoplesphere.be\/fr\/#\/schema\/person\/7976225ff17988604334abb7b3536a7e"},"headline":"Nombre d&rsquo;entreprises attendront la fin de l&rsquo;\u00e9t\u00e9 pour organiser le retour au travail malgr\u00e9 les mesures d&rsquo;assouplissement.","datePublished":"2021-06-15T04:38:07+00:00","dateModified":"2021-06-15T04:38:07+00:00","mainEntityOfPage":{"@id":"https:\/\/peoplesphere.be\/fr\/nombre-dentreprises-attendront-fin-de-lete-organiser-retour-travail-malgre-mesures-dassouplissement\/"},"wordCount":753,"publisher":{"@id":"https:\/\/peoplesphere.be\/fr\/#organization"},"keywords":["bien-\u00eatre","bien-\u00eatre psycho-social","coronavirus","Group S","Sant\u00e9","S\u00e9curit\u00e9","t\u00e9l\u00e9travail"],"articleSection":["Actualit\u00e9s","Digital"],"inLanguage":"fr-FR"},{"@type":"WebPage","@id":"https:\/\/peoplesphere.be\/fr\/nombre-dentreprises-attendront-fin-de-lete-organiser-retour-travail-malgre-mesures-dassouplissement\/","url":"https:\/\/peoplesphere.be\/fr\/nombre-dentreprises-attendront-fin-de-lete-organiser-retour-travail-malgre-mesures-dassouplissement\/","name":"Nombre d'entreprises attendront la fin de l'\u00e9t\u00e9 pour organiser le retour au travail malgr\u00e9 les mesures d'assouplissement. - Peoplesphere","isPartOf":{"@id":"https:\/\/peoplesphere.be\/fr\/#website"},"datePublished":"2021-06-15T04:38:07+00:00","dateModified":"2021-06-15T04:38:07+00:00","breadcrumb":{"@id":"https:\/\/peoplesphere.be\/fr\/nombre-dentreprises-attendront-fin-de-lete-organiser-retour-travail-malgre-mesures-dassouplissement\/#breadcrumb"},"inLanguage":"fr-FR","potentialAction":[{"@type":"ReadAction","target":["https:\/\/peoplesphere.be\/fr\/nombre-dentreprises-attendront-fin-de-lete-organiser-retour-travail-malgre-mesures-dassouplissement\/"]}]},{"@type":"BreadcrumbList","@id":"https:\/\/peoplesphere.be\/fr\/nombre-dentreprises-attendront-fin-de-lete-organiser-retour-travail-malgre-mesures-dassouplissement\/#breadcrumb","itemListElement":[{"@type":"ListItem","position":1,"name":"Accueil","item":"https:\/\/peoplesphere.be\/fr\/"},{"@type":"ListItem","position":2,"name":"Nombre d&rsquo;entreprises attendront la fin de l&rsquo;\u00e9t\u00e9 pour organiser le retour au travail malgr\u00e9 les mesures d&rsquo;assouplissement."}]},{"@type":"WebSite","@id":"https:\/\/peoplesphere.be\/fr\/#website","url":"https:\/\/peoplesphere.be\/fr\/","name":"Peoplesphere","description":"The People Managers Magazine","publisher":{"@id":"https:\/\/peoplesphere.be\/fr\/#organization"},"potentialAction":[{"@type":"SearchAction","target":{"@type":"EntryPoint","urlTemplate":"https:\/\/peoplesphere.be\/fr\/?s={search_term_string}"},"query-input":"required name=search_term_string"}],"inLanguage":"fr-FR"},{"@type":"Organization","@id":"https:\/\/peoplesphere.be\/fr\/#organization","name":"Peoplesphere Company srl","url":"https:\/\/peoplesphere.be\/fr\/","logo":{"@type":"ImageObject","inLanguage":"fr-FR","@id":"https:\/\/peoplesphere.be\/fr\/#\/schema\/logo\/image\/","url":"https:\/\/peoplesphere.be\/fr\/wp-content\/uploads\/2023\/07\/peoplesphere-lgo-new-generik.jpg","contentUrl":"https:\/\/peoplesphere.be\/fr\/wp-content\/uploads\/2023\/07\/peoplesphere-lgo-new-generik.jpg","width":1031,"height":1479,"caption":"Peoplesphere Company srl"},"image":{"@id":"https:\/\/peoplesphere.be\/fr\/#\/schema\/logo\/image\/"},"sameAs":["https:\/\/www.facebook.com\/peoplesphere","https:\/\/twitter.com\/PeoplesphereMag","https:\/\/www.linkedin.com\/company\/7587361?trk","http:\/\/youtube.com\/peoplesphere"]},{"@type":"Person","@id":"https:\/\/peoplesphere.be\/fr\/#\/schema\/person\/7976225ff17988604334abb7b3536a7e","name":"Jean-Paul Erhard","image":{"@type":"ImageObject","inLanguage":"fr-FR","@id":"https:\/\/peoplesphere.be\/fr\/#\/schema\/person\/image\/","url":"https:\/\/secure.gravatar.com\/avatar\/f941e681460179738071629a51574930?s=96&d=mm&r=g","contentUrl":"https:\/\/secure.gravatar.com\/avatar\/f941e681460179738071629a51574930?s=96&d=mm&r=g","caption":"Jean-Paul Erhard"},"url":"https:\/\/peoplesphere.be\/fr\/author\/jpe\/"}]}},"_links":{"self":[{"href":"https:\/\/peoplesphere.be\/fr\/wp-json\/wp\/v2\/posts\/11452"}],"collection":[{"href":"https:\/\/peoplesphere.be\/fr\/wp-json\/wp\/v2\/posts"}],"about":[{"href":"https:\/\/peoplesphere.be\/fr\/wp-json\/wp\/v2\/types\/post"}],"author":[{"embeddable":true,"href":"https:\/\/peoplesphere.be\/fr\/wp-json\/wp\/v2\/users\/2"}],"replies":[{"embeddable":true,"href":"https:\/\/peoplesphere.be\/fr\/wp-json\/wp\/v2\/comments?post=11452"}],"version-history":[{"count":1,"href":"https:\/\/peoplesphere.be\/fr\/wp-json\/wp\/v2\/posts\/11452\/revisions"}],"predecessor-version":[{"id":11454,"href":"https:\/\/peoplesphere.be\/fr\/wp-json\/wp\/v2\/posts\/11452\/revisions\/11454"}],"wp:featuredmedia":[{"embeddable":true,"href":"https:\/\/peoplesphere.be\/fr\/wp-json\/wp\/v2\/media\/11453"}],"wp:attachment":[{"href":"https:\/\/peoplesphere.be\/fr\/wp-json\/wp\/v2\/media?parent=11452"}],"wp:term":[{"taxonomy":"category","embeddable":true,"href":"https:\/\/peoplesphere.be\/fr\/wp-json\/wp\/v2\/categories?post=11452"},{"taxonomy":"post_tag","embeddable":true,"href":"https:\/\/peoplesphere.be\/fr\/wp-json\/wp\/v2\/tags?post=11452"}],"curies":[{"name":"wp","href":"https:\/\/api.w.org\/{rel}","templated":true}]}}