









{"id":11468,"date":"2021-06-17T07:57:57","date_gmt":"2021-06-17T05:57:57","guid":{"rendered":"https:\/\/peoplesphere.be\/fr\/?p=11468"},"modified":"2021-06-17T07:57:57","modified_gmt":"2021-06-17T05:57:57","slug":"recul-chomage-temporaire-de-40-mois-de-mai-secteurs-affichent-signes-de-reprise","status":"publish","type":"post","link":"https:\/\/peoplesphere.be\/fr\/recul-chomage-temporaire-de-40-mois-de-mai-secteurs-affichent-signes-de-reprise\/","title":{"rendered":"Recul du ch\u00f4mage temporaire de 40% au mois de mai: tous les secteurs affichent des signes de reprise."},"content":{"rendered":"<p>Un an apr\u00e8s le d\u00e9but de la crise du coronavirus, l\u2019Employment Tracker de SD Worx analyse le statut du ch\u00f4mage temporaire. Les nouvelles sont positives. Durant le mois de mai, nous avons pu assister \u00e0 une baisse du ch\u00f4mage temporaire dans tous les secteurs, dans toutes les r\u00e9gions et aussi bien chez les ouvriers que chez les employ\u00e9s. Nous prenons la bonne direction, m\u00eame si nous ne sommes pas encore sortis de la crise. <!--more--><\/p>\n<p>Le ch\u00f4mage temporaire (depuis le d\u00e9but de la crise) n\u2019a jamais \u00e9t\u00e9 aussi bas qu\u2019en ce mois de mai 2021. Le nombre de jours non-prest\u00e9s a diminu\u00e9 de pr\u00e8s de 40% entre le mois d\u2019avril et le mois de mai. C\u2019est une bonne nouvelle qui concerne toutes les cat\u00e9gories d\u2019\u00e2ge, mais en particulier les moins de 25 ans, puisque c\u2019est l\u00e0 qu\u2019appara\u00eet le plus net recul. Cela repr\u00e9sente pr\u00e8s de 50% de ch\u00f4mage temporaire en moins pour cette tranche d\u2019\u00e2ge, ce qui est une excellente nouvelle puisqu\u2019il s\u2019agissait de la g\u00e9n\u00e9ration la plus touch\u00e9e.<\/p>\n<p>Jean-Luc Vannieuwenhuyse, Expert chez SD Worx: <em>\u00ab\u00a0Nous avons rarement \u00e9t\u00e9 aussi optimistes \u00e0 l\u2019analyse de l\u2019Employment Tracker depuis un an, c\u2019est donc r\u00e9jouis que nous commentons ces chiffres. Le mois de mai a \u00e9t\u00e9 t\u00e9moin d\u2019une am\u00e9lioration dans tous les secteurs, dans toutes les r\u00e9gions, pour toutes les tranches d\u2019\u00e2ge et pour tous les statuts. Nous attendions cette baisse et, au regard des mesures annonc\u00e9es par le gouvernement lors du dernier Comit\u00e9 de concertation, le mois de juin verra cette tendance s\u2019amplifier. Le ch\u00f4mage temporaire est retomb\u00e9 \u00e0 2,27% en Belgique, c\u2019est-\u00e0-dire le taux le plus bas que nous ayons observ\u00e9 depuis le d\u00e9but de cette crise. Pour l&rsquo;ensemble de la Belgique, il s&rsquo;agit d&rsquo;une am\u00e9lioration consid\u00e9rable. Sur la base de nos propres chiffres, nous estimons que pour l&rsquo;ensemble de la Belgique, il y a eu une diminution de plus de 100.000 ch\u00f4meurs temporaires et de 1.250.000 jours de ch\u00f4mage temporaire en mai.\u00a0\u00bb<\/em><\/p>\n<p><strong><em>Le secteur de l\u2019aviation par\u00e9 au d\u00e9collage : r\u00e9duction de moiti\u00e9 des jours de ch\u00f4mage temporaire<\/em><\/strong><\/p>\n<p>Le secteur de l\u2019aviation est l\u2019un des secteurs qui avait le plus souffert de la crise avec ses restrictions de voyage. Depuis quelques semaines, il reprend des couleurs et les feux sont en train de passer au vert. L\u2019autorisation d\u2019effectuer des voyages non-essentiels, en \u00e9vitant n\u00e9anmoins les zones rouges, a permis au secteur de transporter davantage de passagers. SD Worx constate une baisse de plus de 30% de ch\u00f4mage temporaire en mars \u00e0 18% de ch\u00f4mage au mois de mai. C\u2019est presque une r\u00e9duction de moiti\u00e9. Cette tendance positive continuera avec l\u2019approche des vacances d\u2019\u00e9t\u00e9.<br \/>\nLe secteur de l\u2019horeca a \u00e9galement connu une d\u00e9croissance du ch\u00f4mage temporaire en mai. Gr\u00e2ce \u00e0 l\u2019ouverture des terrasses, le ch\u00f4mage temporaire est pass\u00e9 de 50% \u00e0 35%. La r\u00e9ouverture du service en salle offre \u00e9galement une \u00e9volution positive. L\u2019ann\u00e9e derni\u00e8re, le ch\u00f4mage \u00e9tait descendu \u00e0 25%, de bonnes perspectives pour les mois qui viennent.<\/p>\n<p>Jean-Luc Vannieuwenhuyse commente : <em>\u00ab\u00a0Le secteur des coiffeurs et du bien-\u00eatre reste plus \u00e0 la tra\u00eene que les autres. Il y a une l\u00e9g\u00e8re am\u00e9lioration, mais nous constatons qu\u2019il y a encore plus de la moiti\u00e9 des jours (soit 55%) qui sont perdus par le ch\u00f4mage temporaire. Cela contraste avec la r\u00e9duction de moiti\u00e9 du ch\u00f4mage temporaire dans le secteur de l\u2019aviation et la baisse de 1 jour sur 3 de ch\u00f4mage temporaire dans le secteur de l\u2019horeca. Nous sommes n\u00e9anmoins relativement optimistes quant \u00e0 la baisse de ce chiffre dans les mois qui viennent.\u00a0\u00bb<\/em><\/p>\n<p><strong><em>Le Brabant flamand et wallon \u00e0 un rythme diff\u00e9rent<\/em><\/strong><\/p>\n<p>Le ch\u00f4mage temporaire reste plus \u00e9lev\u00e9 en Wallonie qu\u2019en Flandre, avec un pourcentage de 1,45 fois sup\u00e9rieur. La disparit\u00e9 entre les deux Brabant est un exemple frappant. Le Brabant flamand est la quatri\u00e8me province o\u00f9 le taux de ch\u00f4mage temporaire est le plus bas (derri\u00e8re la Flandre orientale, la Flandre occidentale et le Limbourg) avec seulement 2,10% et une baisse remarquable de 46%, qui est le plus grand recul de toutes les provinces du Royaume. Son homonyme wallon est quant \u00e0 lui \u00e0 l\u2019oppos\u00e9 du classement puisqu\u2019il y a encore 4,46% de ch\u00f4mage temporaire dans cette province. Notons cependant que le Brabant wallon a connu une belle diminution de 32% entre avril et mai.<\/p>\n<p>Jean-Luc Vannieuwenhuyse conclut : \u00ab\u00a0<em>Il y a plusieurs facteurs qui expliquent cette divergence entre ces deux r\u00e9gions du pays. L\u2019un d\u2019entre eux est le fait qu\u2019il y ait plus d\u2019ouvriers en Wallonie qu\u2019en Flandre, ce qui fait grimper les chiffres sur la balance. Il n\u2019y a plus qu\u20191,49% de ch\u00f4mage temporaire chez les employ\u00e9s tandis que l\u2019on observe encore 4,03% chez les ouvriers. Le recul a \u00e9t\u00e9 significatif chez ces derniers puisque c\u2019est plus d\u2019un tiers de ch\u00f4mage temporaire en moins si on le compare au mois d\u2019avril. L\u2019assouplissement des mesures du gouvernement aidera \u00e0 r\u00e9tablir petit \u00e0 petit l\u2019\u00e9quilibre.\u00a0\u00bb<\/em><\/p>\n<p><em>Source : &lsquo;Employment Tracker&rsquo; by SD Worx &#8211; Cet outil offre un aper\u00e7u du pourcentage de \u00ab jours ouvr\u00e9s \u00bb, de l\u2019absent\u00e9isme, du ch\u00f4mage temporaire et de la prise de jours de vacances l\u00e9gales. SD Worx se base sur les donn\u00e9es salariales de 70 000 employeurs et de pr\u00e8s d\u2019un million de travailleurs belges, dont un tiers d\u2019ouvriers et deux tiers d\u2019employ\u00e9s, actifs dans divers secteurs et entreprises de tailles diff\u00e9rentes. Ces r\u00e9sultats r\u00e9v\u00e8lent une tendance claire chez les employeurs du secteur priv\u00e9.<\/em><\/p>\n","protected":false},"excerpt":{"rendered":"<p>Un an apr\u00e8s le d\u00e9but de la crise du coronavirus, l\u2019Employment Tracker de SD Worx analyse le statut du ch\u00f4mage temporaire. Les nouvelles sont positives. Durant le mois de mai, nous avons pu assister \u00e0 une baisse du ch\u00f4mage temporaire [&hellip;]<\/p>\n","protected":false},"author":2,"featured_media":0,"comment_status":"closed","ping_status":"open","sticky":false,"template":"","format":"standard","meta":[],"categories":[65,10],"tags":[714,3095,487,671],"yoast_head":"<!-- This site is optimized with the Yoast SEO plugin v21.0 - https:\/\/yoast.com\/wordpress\/plugins\/seo\/ -->\n<title>Recul du ch\u00f4mage temporaire de 40% au mois de mai: tous les secteurs affichent des signes de reprise. - Peoplesphere<\/title>\n<meta name=\"robots\" content=\"index, follow, max-snippet:-1, max-image-preview:large, max-video-preview:-1\" \/>\n<link rel=\"canonical\" href=\"https:\/\/peoplesphere.be\/fr\/recul-chomage-temporaire-de-40-mois-de-mai-secteurs-affichent-signes-de-reprise\/\" \/>\n<meta property=\"og:locale\" content=\"fr_FR\" \/>\n<meta property=\"og:type\" content=\"article\" \/>\n<meta property=\"og:title\" content=\"Recul du ch\u00f4mage temporaire de 40% au mois de mai: tous les secteurs affichent des signes de reprise. - Peoplesphere\" \/>\n<meta property=\"og:description\" content=\"Un an apr\u00e8s le d\u00e9but de la crise du coronavirus, l\u2019Employment Tracker de SD Worx analyse le statut du ch\u00f4mage temporaire. Les nouvelles sont positives. Durant le mois de mai, nous avons pu assister \u00e0 une baisse du ch\u00f4mage temporaire [&hellip;]\" \/>\n<meta property=\"og:url\" content=\"https:\/\/peoplesphere.be\/fr\/recul-chomage-temporaire-de-40-mois-de-mai-secteurs-affichent-signes-de-reprise\/\" \/>\n<meta property=\"og:site_name\" content=\"Peoplesphere\" \/>\n<meta property=\"article:publisher\" content=\"https:\/\/www.facebook.com\/peoplesphere\" \/>\n<meta property=\"article:published_time\" content=\"2021-06-17T05:57:57+00:00\" \/>\n<meta property=\"og:image\" content=\"http:\/\/www.peoplesphere.be\/fr\/wp-content\/uploads\/2016\/07\/facebook-default-posting-1200x628px.jpg\" \/>\n<meta name=\"author\" content=\"Jean-Paul Erhard\" \/>\n<meta name=\"twitter:card\" content=\"summary_large_image\" \/>\n<meta name=\"twitter:creator\" content=\"@PeoplesphereMag\" \/>\n<meta name=\"twitter:site\" content=\"@PeoplesphereMag\" \/>\n<meta name=\"twitter:label1\" content=\"\u00c9crit par\" \/>\n\t<meta name=\"twitter:data1\" content=\"Jean-Paul Erhard\" \/>\n\t<meta name=\"twitter:label2\" content=\"Dur\u00e9e de lecture estim\u00e9e\" \/>\n\t<meta name=\"twitter:data2\" content=\"5 minutes\" \/>\n<script type=\"application\/ld+json\" class=\"yoast-schema-graph\">{\"@context\":\"https:\/\/schema.org\",\"@graph\":[{\"@type\":\"Article\",\"@id\":\"https:\/\/peoplesphere.be\/fr\/recul-chomage-temporaire-de-40-mois-de-mai-secteurs-affichent-signes-de-reprise\/#article\",\"isPartOf\":{\"@id\":\"https:\/\/peoplesphere.be\/fr\/recul-chomage-temporaire-de-40-mois-de-mai-secteurs-affichent-signes-de-reprise\/\"},\"author\":{\"name\":\"Jean-Paul Erhard\",\"@id\":\"https:\/\/peoplesphere.be\/fr\/#\/schema\/person\/7976225ff17988604334abb7b3536a7e\"},\"headline\":\"Recul du ch\u00f4mage temporaire de 40% au mois de mai: tous les secteurs affichent des signes de reprise.\",\"datePublished\":\"2021-06-17T05:57:57+00:00\",\"dateModified\":\"2021-06-17T05:57:57+00:00\",\"mainEntityOfPage\":{\"@id\":\"https:\/\/peoplesphere.be\/fr\/recul-chomage-temporaire-de-40-mois-de-mai-secteurs-affichent-signes-de-reprise\/\"},\"wordCount\":994,\"publisher\":{\"@id\":\"https:\/\/peoplesphere.be\/fr\/#organization\"},\"keywords\":[\"ch\u00f4mage temporaire\",\"Employment Tracker\",\"reprise \u00e9conomique\",\"SD Worx\"],\"articleSection\":[\"Actualit\u00e9s\",\"Digital\"],\"inLanguage\":\"fr-FR\"},{\"@type\":\"WebPage\",\"@id\":\"https:\/\/peoplesphere.be\/fr\/recul-chomage-temporaire-de-40-mois-de-mai-secteurs-affichent-signes-de-reprise\/\",\"url\":\"https:\/\/peoplesphere.be\/fr\/recul-chomage-temporaire-de-40-mois-de-mai-secteurs-affichent-signes-de-reprise\/\",\"name\":\"Recul du ch\u00f4mage temporaire de 40% au mois de mai: tous les secteurs affichent des signes de reprise. - Peoplesphere\",\"isPartOf\":{\"@id\":\"https:\/\/peoplesphere.be\/fr\/#website\"},\"datePublished\":\"2021-06-17T05:57:57+00:00\",\"dateModified\":\"2021-06-17T05:57:57+00:00\",\"breadcrumb\":{\"@id\":\"https:\/\/peoplesphere.be\/fr\/recul-chomage-temporaire-de-40-mois-de-mai-secteurs-affichent-signes-de-reprise\/#breadcrumb\"},\"inLanguage\":\"fr-FR\",\"potentialAction\":[{\"@type\":\"ReadAction\",\"target\":[\"https:\/\/peoplesphere.be\/fr\/recul-chomage-temporaire-de-40-mois-de-mai-secteurs-affichent-signes-de-reprise\/\"]}]},{\"@type\":\"BreadcrumbList\",\"@id\":\"https:\/\/peoplesphere.be\/fr\/recul-chomage-temporaire-de-40-mois-de-mai-secteurs-affichent-signes-de-reprise\/#breadcrumb\",\"itemListElement\":[{\"@type\":\"ListItem\",\"position\":1,\"name\":\"Accueil\",\"item\":\"https:\/\/peoplesphere.be\/fr\/\"},{\"@type\":\"ListItem\",\"position\":2,\"name\":\"Recul du ch\u00f4mage temporaire de 40% au mois de mai: tous les secteurs affichent des signes de reprise.\"}]},{\"@type\":\"WebSite\",\"@id\":\"https:\/\/peoplesphere.be\/fr\/#website\",\"url\":\"https:\/\/peoplesphere.be\/fr\/\",\"name\":\"Peoplesphere\",\"description\":\"The People Managers Magazine\",\"publisher\":{\"@id\":\"https:\/\/peoplesphere.be\/fr\/#organization\"},\"potentialAction\":[{\"@type\":\"SearchAction\",\"target\":{\"@type\":\"EntryPoint\",\"urlTemplate\":\"https:\/\/peoplesphere.be\/fr\/?s={search_term_string}\"},\"query-input\":\"required name=search_term_string\"}],\"inLanguage\":\"fr-FR\"},{\"@type\":\"Organization\",\"@id\":\"https:\/\/peoplesphere.be\/fr\/#organization\",\"name\":\"Peoplesphere Company srl\",\"url\":\"https:\/\/peoplesphere.be\/fr\/\",\"logo\":{\"@type\":\"ImageObject\",\"inLanguage\":\"fr-FR\",\"@id\":\"https:\/\/peoplesphere.be\/fr\/#\/schema\/logo\/image\/\",\"url\":\"https:\/\/peoplesphere.be\/fr\/wp-content\/uploads\/2023\/07\/peoplesphere-lgo-new-generik.jpg\",\"contentUrl\":\"https:\/\/peoplesphere.be\/fr\/wp-content\/uploads\/2023\/07\/peoplesphere-lgo-new-generik.jpg\",\"width\":1031,\"height\":1479,\"caption\":\"Peoplesphere Company srl\"},\"image\":{\"@id\":\"https:\/\/peoplesphere.be\/fr\/#\/schema\/logo\/image\/\"},\"sameAs\":[\"https:\/\/www.facebook.com\/peoplesphere\",\"https:\/\/twitter.com\/PeoplesphereMag\",\"https:\/\/www.linkedin.com\/company\/7587361?trk\",\"http:\/\/youtube.com\/peoplesphere\"]},{\"@type\":\"Person\",\"@id\":\"https:\/\/peoplesphere.be\/fr\/#\/schema\/person\/7976225ff17988604334abb7b3536a7e\",\"name\":\"Jean-Paul Erhard\",\"image\":{\"@type\":\"ImageObject\",\"inLanguage\":\"fr-FR\",\"@id\":\"https:\/\/peoplesphere.be\/fr\/#\/schema\/person\/image\/\",\"url\":\"https:\/\/secure.gravatar.com\/avatar\/f941e681460179738071629a51574930?s=96&d=mm&r=g\",\"contentUrl\":\"https:\/\/secure.gravatar.com\/avatar\/f941e681460179738071629a51574930?s=96&d=mm&r=g\",\"caption\":\"Jean-Paul Erhard\"},\"url\":\"https:\/\/peoplesphere.be\/fr\/author\/jpe\/\"}]}<\/script>\n<!-- \/ Yoast SEO plugin. -->","yoast_head_json":{"title":"Recul du ch\u00f4mage temporaire de 40% au mois de mai: tous les secteurs affichent des signes de reprise. - Peoplesphere","robots":{"index":"index","follow":"follow","max-snippet":"max-snippet:-1","max-image-preview":"max-image-preview:large","max-video-preview":"max-video-preview:-1"},"canonical":"https:\/\/peoplesphere.be\/fr\/recul-chomage-temporaire-de-40-mois-de-mai-secteurs-affichent-signes-de-reprise\/","og_locale":"fr_FR","og_type":"article","og_title":"Recul du ch\u00f4mage temporaire de 40% au mois de mai: tous les secteurs affichent des signes de reprise. - Peoplesphere","og_description":"Un an apr\u00e8s le d\u00e9but de la crise du coronavirus, l\u2019Employment Tracker de SD Worx analyse le statut du ch\u00f4mage temporaire. Les nouvelles sont positives. Durant le mois de mai, nous avons pu assister \u00e0 une baisse du ch\u00f4mage temporaire [&hellip;]","og_url":"https:\/\/peoplesphere.be\/fr\/recul-chomage-temporaire-de-40-mois-de-mai-secteurs-affichent-signes-de-reprise\/","og_site_name":"Peoplesphere","article_publisher":"https:\/\/www.facebook.com\/peoplesphere","article_published_time":"2021-06-17T05:57:57+00:00","og_image":[{"url":"http:\/\/www.peoplesphere.be\/fr\/wp-content\/uploads\/2016\/07\/facebook-default-posting-1200x628px.jpg"}],"author":"Jean-Paul Erhard","twitter_card":"summary_large_image","twitter_creator":"@PeoplesphereMag","twitter_site":"@PeoplesphereMag","twitter_misc":{"\u00c9crit par":"Jean-Paul Erhard","Dur\u00e9e de lecture estim\u00e9e":"5 minutes"},"schema":{"@context":"https:\/\/schema.org","@graph":[{"@type":"Article","@id":"https:\/\/peoplesphere.be\/fr\/recul-chomage-temporaire-de-40-mois-de-mai-secteurs-affichent-signes-de-reprise\/#article","isPartOf":{"@id":"https:\/\/peoplesphere.be\/fr\/recul-chomage-temporaire-de-40-mois-de-mai-secteurs-affichent-signes-de-reprise\/"},"author":{"name":"Jean-Paul Erhard","@id":"https:\/\/peoplesphere.be\/fr\/#\/schema\/person\/7976225ff17988604334abb7b3536a7e"},"headline":"Recul du ch\u00f4mage temporaire de 40% au mois de mai: tous les secteurs affichent des signes de reprise.","datePublished":"2021-06-17T05:57:57+00:00","dateModified":"2021-06-17T05:57:57+00:00","mainEntityOfPage":{"@id":"https:\/\/peoplesphere.be\/fr\/recul-chomage-temporaire-de-40-mois-de-mai-secteurs-affichent-signes-de-reprise\/"},"wordCount":994,"publisher":{"@id":"https:\/\/peoplesphere.be\/fr\/#organization"},"keywords":["ch\u00f4mage temporaire","Employment Tracker","reprise \u00e9conomique","SD Worx"],"articleSection":["Actualit\u00e9s","Digital"],"inLanguage":"fr-FR"},{"@type":"WebPage","@id":"https:\/\/peoplesphere.be\/fr\/recul-chomage-temporaire-de-40-mois-de-mai-secteurs-affichent-signes-de-reprise\/","url":"https:\/\/peoplesphere.be\/fr\/recul-chomage-temporaire-de-40-mois-de-mai-secteurs-affichent-signes-de-reprise\/","name":"Recul du ch\u00f4mage temporaire de 40% au mois de mai: tous les secteurs affichent des signes de reprise. - Peoplesphere","isPartOf":{"@id":"https:\/\/peoplesphere.be\/fr\/#website"},"datePublished":"2021-06-17T05:57:57+00:00","dateModified":"2021-06-17T05:57:57+00:00","breadcrumb":{"@id":"https:\/\/peoplesphere.be\/fr\/recul-chomage-temporaire-de-40-mois-de-mai-secteurs-affichent-signes-de-reprise\/#breadcrumb"},"inLanguage":"fr-FR","potentialAction":[{"@type":"ReadAction","target":["https:\/\/peoplesphere.be\/fr\/recul-chomage-temporaire-de-40-mois-de-mai-secteurs-affichent-signes-de-reprise\/"]}]},{"@type":"BreadcrumbList","@id":"https:\/\/peoplesphere.be\/fr\/recul-chomage-temporaire-de-40-mois-de-mai-secteurs-affichent-signes-de-reprise\/#breadcrumb","itemListElement":[{"@type":"ListItem","position":1,"name":"Accueil","item":"https:\/\/peoplesphere.be\/fr\/"},{"@type":"ListItem","position":2,"name":"Recul du ch\u00f4mage temporaire de 40% au mois de mai: tous les secteurs affichent des signes de reprise."}]},{"@type":"WebSite","@id":"https:\/\/peoplesphere.be\/fr\/#website","url":"https:\/\/peoplesphere.be\/fr\/","name":"Peoplesphere","description":"The People Managers Magazine","publisher":{"@id":"https:\/\/peoplesphere.be\/fr\/#organization"},"potentialAction":[{"@type":"SearchAction","target":{"@type":"EntryPoint","urlTemplate":"https:\/\/peoplesphere.be\/fr\/?s={search_term_string}"},"query-input":"required name=search_term_string"}],"inLanguage":"fr-FR"},{"@type":"Organization","@id":"https:\/\/peoplesphere.be\/fr\/#organization","name":"Peoplesphere Company srl","url":"https:\/\/peoplesphere.be\/fr\/","logo":{"@type":"ImageObject","inLanguage":"fr-FR","@id":"https:\/\/peoplesphere.be\/fr\/#\/schema\/logo\/image\/","url":"https:\/\/peoplesphere.be\/fr\/wp-content\/uploads\/2023\/07\/peoplesphere-lgo-new-generik.jpg","contentUrl":"https:\/\/peoplesphere.be\/fr\/wp-content\/uploads\/2023\/07\/peoplesphere-lgo-new-generik.jpg","width":1031,"height":1479,"caption":"Peoplesphere Company srl"},"image":{"@id":"https:\/\/peoplesphere.be\/fr\/#\/schema\/logo\/image\/"},"sameAs":["https:\/\/www.facebook.com\/peoplesphere","https:\/\/twitter.com\/PeoplesphereMag","https:\/\/www.linkedin.com\/company\/7587361?trk","http:\/\/youtube.com\/peoplesphere"]},{"@type":"Person","@id":"https:\/\/peoplesphere.be\/fr\/#\/schema\/person\/7976225ff17988604334abb7b3536a7e","name":"Jean-Paul Erhard","image":{"@type":"ImageObject","inLanguage":"fr-FR","@id":"https:\/\/peoplesphere.be\/fr\/#\/schema\/person\/image\/","url":"https:\/\/secure.gravatar.com\/avatar\/f941e681460179738071629a51574930?s=96&d=mm&r=g","contentUrl":"https:\/\/secure.gravatar.com\/avatar\/f941e681460179738071629a51574930?s=96&d=mm&r=g","caption":"Jean-Paul Erhard"},"url":"https:\/\/peoplesphere.be\/fr\/author\/jpe\/"}]}},"_links":{"self":[{"href":"https:\/\/peoplesphere.be\/fr\/wp-json\/wp\/v2\/posts\/11468"}],"collection":[{"href":"https:\/\/peoplesphere.be\/fr\/wp-json\/wp\/v2\/posts"}],"about":[{"href":"https:\/\/peoplesphere.be\/fr\/wp-json\/wp\/v2\/types\/post"}],"author":[{"embeddable":true,"href":"https:\/\/peoplesphere.be\/fr\/wp-json\/wp\/v2\/users\/2"}],"replies":[{"embeddable":true,"href":"https:\/\/peoplesphere.be\/fr\/wp-json\/wp\/v2\/comments?post=11468"}],"version-history":[{"count":1,"href":"https:\/\/peoplesphere.be\/fr\/wp-json\/wp\/v2\/posts\/11468\/revisions"}],"predecessor-version":[{"id":11469,"href":"https:\/\/peoplesphere.be\/fr\/wp-json\/wp\/v2\/posts\/11468\/revisions\/11469"}],"wp:attachment":[{"href":"https:\/\/peoplesphere.be\/fr\/wp-json\/wp\/v2\/media?parent=11468"}],"wp:term":[{"taxonomy":"category","embeddable":true,"href":"https:\/\/peoplesphere.be\/fr\/wp-json\/wp\/v2\/categories?post=11468"},{"taxonomy":"post_tag","embeddable":true,"href":"https:\/\/peoplesphere.be\/fr\/wp-json\/wp\/v2\/tags?post=11468"}],"curies":[{"name":"wp","href":"https:\/\/api.w.org\/{rel}","templated":true}]}}