









{"id":11486,"date":"2021-06-22T11:43:28","date_gmt":"2021-06-22T09:43:28","guid":{"rendered":"https:\/\/peoplesphere.be\/fr\/?p=11486"},"modified":"2021-06-22T11:44:03","modified_gmt":"2021-06-22T09:44:03","slug":"seeds-for-the-future-huawei-veut-former-jeunes-talents-belges-de-linformatique","status":"publish","type":"post","link":"https:\/\/peoplesphere.be\/fr\/seeds-for-the-future-huawei-veut-former-jeunes-talents-belges-de-linformatique\/","title":{"rendered":"&lsquo;Seeds for the future&rsquo;: Huawei veut former les jeunes talents belges de l&rsquo;informatique."},"content":{"rendered":"<p>Les \u00e9tudiants en Sciences, Technologies, Engineering et Math\u00e9matiques (STEM) des universit\u00e9s belges peuvent d\u00e8s maintenant s\u2019inscrire \u00e0 \u2018Seeds for the Future\u2019, le programme international d&rsquo;apprentissage et de d\u00e9veloppement de Huawei. Ce programme donne aux \u00e9tudiants l&rsquo;occasion de mieux conna\u00eetre le secteur des TIC. Le programme propose des formations sur l&rsquo;IA, le Cloud Computing, l&rsquo;Internet des objets et la transformation num\u00e9rique, ainsi qu&rsquo;une formation au leadership et des visites virtuelles des campus de Huawei.\u00a0<!--more--><\/p>\n<p>En tant qu\u2019acteur mondial dans le secteur technologique, Huawei s\u2019engage \u00e0 donner aux jeunes passionn\u00e9s d\u2019innovation l\u2019opportunit\u00e9 d\u2019apprendre aupr\u00e8s d\u2019experts internationaux.<\/p>\n<p>Le programme \u2018Seeds for the Future\u2019 a \u00e9t\u00e9 lanc\u00e9 en Europe en 2011 et chaque ann\u00e9e depuis 2014, Huawei Belgique invite des \u00e9tudiants \u00e0 y participer. Ce programme de formation est une exp\u00e9rience unique qui relie l&rsquo;Europe et la Chine, soutient le d\u00e9veloppement des talents en TIC et s\u2019attaque au d\u00e9ficit de comp\u00e9tences num\u00e9riques en Europe. Pr\u00e8s de 9 000 \u00e9tudiants du monde entier ont d\u00e9j\u00e0 pu profiter de cette exp\u00e9rience.<\/p>\n<p>Tout comme l&rsquo;ann\u00e9e derni\u00e8re, \u00ab\u00a0Seeds for the Future\u00a0\u00bb se tiendra en ligne. Pendant huit jours, les \u00e9tudiants s\u00e9lectionn\u00e9s seront immerg\u00e9s dans les derni\u00e8res innovations du secteur des TIC, par le biais de divers modules en ligne, sessions en direct et ateliers.<\/p>\n<p>Les participants pourront faire une visite virtuelle des campus de Huawei, analyser les solutions apport\u00e9es par Huawei \u00e0 une vari\u00e9t\u00e9 de d\u00e9fis, assister \u00e0 des formations sur les derniers d\u00e9veloppements en mati\u00e8re de villes intelligentes, d&rsquo;IA, de Cloud Computing, de 5G et d&rsquo;Internet des objets, et suivre des conf\u00e9rences sur la transformation num\u00e9rique, les technologies durables et le leadership strat\u00e9gique donn\u00e9es par des ing\u00e9nieurs de Huawei et des conf\u00e9renciers invit\u00e9s. Le tout entour\u00e9s d\u2019\u00e9tudiants du monde entier.<\/p>\n<p>Avec cette \u00e9dition 2021 de \u2018Seeds for the Future\u2019, Wentao Zhang, CEO de Huawei Belgique, d\u00e9sire stimuler les talents des STIM en Belgique :\u00a0<em>\u00ab\u00a0Avec ce programme, nous voulons enseigner aux \u00e9tudiants en STIM les bonnes comp\u00e9tences pour se lancer dans le monde du travail du futur. Les entreprises technologiques ont un r\u00f4le important \u00e0 jouer pour encourager les \u00e9tudiants \u00e0 choisir des emplois dans le domaine des STIM. Nous sommes fiers de contribuer \u00e0 les pr\u00e9parer \u00e0 ce choix de la meilleure fa\u00e7on possible.\u00a0\u00bb<\/em><\/p>\n<p>De nombreux \u00e9tudiants de l&rsquo;Universit\u00e9 d&rsquo;Anvers y ont particip\u00e9 ces derni\u00e8res ann\u00e9es. Koen Vandenbempt (Doyen de la Facult\u00e9 de Commerce et d&rsquo;Economie) :\u00a0<em>\u00ab\u00a0Nous pr\u00e9parons les \u00e9tudiants \u00e0 leur avenir, sur le march\u00e9 du travail, mais aussi au-del\u00e0. Il est important pour eux d&rsquo;avoir une vision globale, leur permettant de r\u00e9pondre rapidement \u00e0 des d\u00e9fis en constante \u00e9volution. Gr\u00e2ce \u00e0 \u2019Seeds for the Future\u2019, nous leur donnons \u00e9galement la possibilit\u00e9 de d\u00e9couvrir les derni\u00e8res \u00e9volutions num\u00e9riques par l&rsquo;interm\u00e9diaire de l&rsquo;une des plus grandes entreprises technologiques au monde. Ils y gagnent une exp\u00e9rience pratique suppl\u00e9mentaire, qui a en plus une dimension internationale.\u201d<\/em><\/p>\n<p>\u2018Seeds for the Future\u2019 aura lieu du 6 au 13 septembre 2021 et durera huit jours.\u00a0Les \u00e9tudiants peuvent s&rsquo;inscrire au programme en envoyant leur CV \u00e0 <a href=\"mailto:futureseedsbel@huawei.com\">futureseedsbel@huawei.com<\/a>.<\/p>\n<p>La date limite de d\u00e9p\u00f4t des candidatures est fix\u00e9e au 30 juin.<\/p>\n","protected":false},"excerpt":{"rendered":"<p>Les \u00e9tudiants en Sciences, Technologies, Engineering et Math\u00e9matiques (STEM) des universit\u00e9s belges peuvent d\u00e8s maintenant s\u2019inscrire \u00e0 \u2018Seeds for the Future\u2019, le programme international d&rsquo;apprentissage et de d\u00e9veloppement de Huawei. Ce programme donne aux \u00e9tudiants l&rsquo;occasion de mieux conna\u00eetre le [&hellip;]<\/p>\n","protected":false},"author":2,"featured_media":11487,"comment_status":"closed","ping_status":"open","sticky":false,"template":"","format":"standard","meta":[],"categories":[65,10],"tags":[210,48,72,1568],"yoast_head":"<!-- This site is optimized with the Yoast SEO plugin v21.0 - https:\/\/yoast.com\/wordpress\/plugins\/seo\/ -->\n<title>&#039;Seeds for the future&#039;: Huawei veut former les jeunes talents belges de l&#039;informatique. - Peoplesphere<\/title>\n<meta name=\"robots\" content=\"index, follow, max-snippet:-1, max-image-preview:large, max-video-preview:-1\" \/>\n<link rel=\"canonical\" href=\"https:\/\/peoplesphere.be\/fr\/seeds-for-the-future-huawei-veut-former-jeunes-talents-belges-de-linformatique\/\" \/>\n<meta property=\"og:locale\" content=\"fr_FR\" \/>\n<meta property=\"og:type\" content=\"article\" \/>\n<meta property=\"og:title\" content=\"&#039;Seeds for the future&#039;: Huawei veut former les jeunes talents belges de l&#039;informatique. - Peoplesphere\" \/>\n<meta property=\"og:description\" content=\"Les \u00e9tudiants en Sciences, Technologies, Engineering et Math\u00e9matiques (STEM) des universit\u00e9s belges peuvent d\u00e8s maintenant s\u2019inscrire \u00e0 \u2018Seeds for the Future\u2019, le programme international d&rsquo;apprentissage et de d\u00e9veloppement de Huawei. Ce programme donne aux \u00e9tudiants l&rsquo;occasion de mieux conna\u00eetre le [&hellip;]\" \/>\n<meta property=\"og:url\" content=\"https:\/\/peoplesphere.be\/fr\/seeds-for-the-future-huawei-veut-former-jeunes-talents-belges-de-linformatique\/\" \/>\n<meta property=\"og:site_name\" content=\"Peoplesphere\" \/>\n<meta property=\"article:publisher\" content=\"https:\/\/www.facebook.com\/peoplesphere\" \/>\n<meta property=\"article:published_time\" content=\"2021-06-22T09:43:28+00:00\" \/>\n<meta property=\"article:modified_time\" content=\"2021-06-22T09:44:03+00:00\" \/>\n<meta property=\"og:image\" content=\"https:\/\/peoplesphere.be\/fr\/wp-content\/uploads\/2021\/06\/huawei.jpeg\" \/>\n\t<meta property=\"og:image:width\" content=\"580\" \/>\n\t<meta property=\"og:image:height\" content=\"263\" \/>\n\t<meta property=\"og:image:type\" content=\"image\/jpeg\" \/>\n<meta name=\"author\" content=\"Jean-Paul Erhard\" \/>\n<meta name=\"twitter:card\" content=\"summary_large_image\" \/>\n<meta name=\"twitter:creator\" content=\"@PeoplesphereMag\" \/>\n<meta name=\"twitter:site\" content=\"@PeoplesphereMag\" \/>\n<meta name=\"twitter:label1\" content=\"\u00c9crit par\" \/>\n\t<meta name=\"twitter:data1\" content=\"Jean-Paul Erhard\" \/>\n\t<meta name=\"twitter:label2\" content=\"Dur\u00e9e de lecture estim\u00e9e\" \/>\n\t<meta name=\"twitter:data2\" content=\"3 minutes\" \/>\n<script type=\"application\/ld+json\" class=\"yoast-schema-graph\">{\"@context\":\"https:\/\/schema.org\",\"@graph\":[{\"@type\":\"Article\",\"@id\":\"https:\/\/peoplesphere.be\/fr\/seeds-for-the-future-huawei-veut-former-jeunes-talents-belges-de-linformatique\/#article\",\"isPartOf\":{\"@id\":\"https:\/\/peoplesphere.be\/fr\/seeds-for-the-future-huawei-veut-former-jeunes-talents-belges-de-linformatique\/\"},\"author\":{\"name\":\"Jean-Paul Erhard\",\"@id\":\"https:\/\/peoplesphere.be\/fr\/#\/schema\/person\/7976225ff17988604334abb7b3536a7e\"},\"headline\":\"&lsquo;Seeds for the future&rsquo;: Huawei veut former les jeunes talents belges de l&rsquo;informatique.\",\"datePublished\":\"2021-06-22T09:43:28+00:00\",\"dateModified\":\"2021-06-22T09:44:03+00:00\",\"mainEntityOfPage\":{\"@id\":\"https:\/\/peoplesphere.be\/fr\/seeds-for-the-future-huawei-veut-former-jeunes-talents-belges-de-linformatique\/\"},\"wordCount\":565,\"publisher\":{\"@id\":\"https:\/\/peoplesphere.be\/fr\/#organization\"},\"keywords\":[\"employer branding\",\"Formation\",\"recrutement\",\"STEM\"],\"articleSection\":[\"Actualit\u00e9s\",\"Digital\"],\"inLanguage\":\"fr-FR\"},{\"@type\":\"WebPage\",\"@id\":\"https:\/\/peoplesphere.be\/fr\/seeds-for-the-future-huawei-veut-former-jeunes-talents-belges-de-linformatique\/\",\"url\":\"https:\/\/peoplesphere.be\/fr\/seeds-for-the-future-huawei-veut-former-jeunes-talents-belges-de-linformatique\/\",\"name\":\"'Seeds for the future': Huawei veut former les jeunes talents belges de l'informatique. - Peoplesphere\",\"isPartOf\":{\"@id\":\"https:\/\/peoplesphere.be\/fr\/#website\"},\"datePublished\":\"2021-06-22T09:43:28+00:00\",\"dateModified\":\"2021-06-22T09:44:03+00:00\",\"breadcrumb\":{\"@id\":\"https:\/\/peoplesphere.be\/fr\/seeds-for-the-future-huawei-veut-former-jeunes-talents-belges-de-linformatique\/#breadcrumb\"},\"inLanguage\":\"fr-FR\",\"potentialAction\":[{\"@type\":\"ReadAction\",\"target\":[\"https:\/\/peoplesphere.be\/fr\/seeds-for-the-future-huawei-veut-former-jeunes-talents-belges-de-linformatique\/\"]}]},{\"@type\":\"BreadcrumbList\",\"@id\":\"https:\/\/peoplesphere.be\/fr\/seeds-for-the-future-huawei-veut-former-jeunes-talents-belges-de-linformatique\/#breadcrumb\",\"itemListElement\":[{\"@type\":\"ListItem\",\"position\":1,\"name\":\"Accueil\",\"item\":\"https:\/\/peoplesphere.be\/fr\/\"},{\"@type\":\"ListItem\",\"position\":2,\"name\":\"&lsquo;Seeds for the future&rsquo;: Huawei veut former les jeunes talents belges de l&rsquo;informatique.\"}]},{\"@type\":\"WebSite\",\"@id\":\"https:\/\/peoplesphere.be\/fr\/#website\",\"url\":\"https:\/\/peoplesphere.be\/fr\/\",\"name\":\"Peoplesphere\",\"description\":\"The People Managers Magazine\",\"publisher\":{\"@id\":\"https:\/\/peoplesphere.be\/fr\/#organization\"},\"potentialAction\":[{\"@type\":\"SearchAction\",\"target\":{\"@type\":\"EntryPoint\",\"urlTemplate\":\"https:\/\/peoplesphere.be\/fr\/?s={search_term_string}\"},\"query-input\":\"required name=search_term_string\"}],\"inLanguage\":\"fr-FR\"},{\"@type\":\"Organization\",\"@id\":\"https:\/\/peoplesphere.be\/fr\/#organization\",\"name\":\"Peoplesphere Company srl\",\"url\":\"https:\/\/peoplesphere.be\/fr\/\",\"logo\":{\"@type\":\"ImageObject\",\"inLanguage\":\"fr-FR\",\"@id\":\"https:\/\/peoplesphere.be\/fr\/#\/schema\/logo\/image\/\",\"url\":\"https:\/\/peoplesphere.be\/fr\/wp-content\/uploads\/2023\/07\/peoplesphere-lgo-new-generik.jpg\",\"contentUrl\":\"https:\/\/peoplesphere.be\/fr\/wp-content\/uploads\/2023\/07\/peoplesphere-lgo-new-generik.jpg\",\"width\":1031,\"height\":1479,\"caption\":\"Peoplesphere Company srl\"},\"image\":{\"@id\":\"https:\/\/peoplesphere.be\/fr\/#\/schema\/logo\/image\/\"},\"sameAs\":[\"https:\/\/www.facebook.com\/peoplesphere\",\"https:\/\/twitter.com\/PeoplesphereMag\",\"https:\/\/www.linkedin.com\/company\/7587361?trk\",\"http:\/\/youtube.com\/peoplesphere\"]},{\"@type\":\"Person\",\"@id\":\"https:\/\/peoplesphere.be\/fr\/#\/schema\/person\/7976225ff17988604334abb7b3536a7e\",\"name\":\"Jean-Paul Erhard\",\"image\":{\"@type\":\"ImageObject\",\"inLanguage\":\"fr-FR\",\"@id\":\"https:\/\/peoplesphere.be\/fr\/#\/schema\/person\/image\/\",\"url\":\"https:\/\/secure.gravatar.com\/avatar\/f941e681460179738071629a51574930?s=96&d=mm&r=g\",\"contentUrl\":\"https:\/\/secure.gravatar.com\/avatar\/f941e681460179738071629a51574930?s=96&d=mm&r=g\",\"caption\":\"Jean-Paul Erhard\"},\"url\":\"https:\/\/peoplesphere.be\/fr\/author\/jpe\/\"}]}<\/script>\n<!-- \/ Yoast SEO plugin. -->","yoast_head_json":{"title":"'Seeds for the future': Huawei veut former les jeunes talents belges de l'informatique. - Peoplesphere","robots":{"index":"index","follow":"follow","max-snippet":"max-snippet:-1","max-image-preview":"max-image-preview:large","max-video-preview":"max-video-preview:-1"},"canonical":"https:\/\/peoplesphere.be\/fr\/seeds-for-the-future-huawei-veut-former-jeunes-talents-belges-de-linformatique\/","og_locale":"fr_FR","og_type":"article","og_title":"'Seeds for the future': Huawei veut former les jeunes talents belges de l'informatique. - Peoplesphere","og_description":"Les \u00e9tudiants en Sciences, Technologies, Engineering et Math\u00e9matiques (STEM) des universit\u00e9s belges peuvent d\u00e8s maintenant s\u2019inscrire \u00e0 \u2018Seeds for the Future\u2019, le programme international d&rsquo;apprentissage et de d\u00e9veloppement de Huawei. Ce programme donne aux \u00e9tudiants l&rsquo;occasion de mieux conna\u00eetre le [&hellip;]","og_url":"https:\/\/peoplesphere.be\/fr\/seeds-for-the-future-huawei-veut-former-jeunes-talents-belges-de-linformatique\/","og_site_name":"Peoplesphere","article_publisher":"https:\/\/www.facebook.com\/peoplesphere","article_published_time":"2021-06-22T09:43:28+00:00","article_modified_time":"2021-06-22T09:44:03+00:00","og_image":[{"width":580,"height":263,"url":"https:\/\/peoplesphere.be\/fr\/wp-content\/uploads\/2021\/06\/huawei.jpeg","type":"image\/jpeg"}],"author":"Jean-Paul Erhard","twitter_card":"summary_large_image","twitter_creator":"@PeoplesphereMag","twitter_site":"@PeoplesphereMag","twitter_misc":{"\u00c9crit par":"Jean-Paul Erhard","Dur\u00e9e de lecture estim\u00e9e":"3 minutes"},"schema":{"@context":"https:\/\/schema.org","@graph":[{"@type":"Article","@id":"https:\/\/peoplesphere.be\/fr\/seeds-for-the-future-huawei-veut-former-jeunes-talents-belges-de-linformatique\/#article","isPartOf":{"@id":"https:\/\/peoplesphere.be\/fr\/seeds-for-the-future-huawei-veut-former-jeunes-talents-belges-de-linformatique\/"},"author":{"name":"Jean-Paul Erhard","@id":"https:\/\/peoplesphere.be\/fr\/#\/schema\/person\/7976225ff17988604334abb7b3536a7e"},"headline":"&lsquo;Seeds for the future&rsquo;: Huawei veut former les jeunes talents belges de l&rsquo;informatique.","datePublished":"2021-06-22T09:43:28+00:00","dateModified":"2021-06-22T09:44:03+00:00","mainEntityOfPage":{"@id":"https:\/\/peoplesphere.be\/fr\/seeds-for-the-future-huawei-veut-former-jeunes-talents-belges-de-linformatique\/"},"wordCount":565,"publisher":{"@id":"https:\/\/peoplesphere.be\/fr\/#organization"},"keywords":["employer branding","Formation","recrutement","STEM"],"articleSection":["Actualit\u00e9s","Digital"],"inLanguage":"fr-FR"},{"@type":"WebPage","@id":"https:\/\/peoplesphere.be\/fr\/seeds-for-the-future-huawei-veut-former-jeunes-talents-belges-de-linformatique\/","url":"https:\/\/peoplesphere.be\/fr\/seeds-for-the-future-huawei-veut-former-jeunes-talents-belges-de-linformatique\/","name":"'Seeds for the future': Huawei veut former les jeunes talents belges de l'informatique. - Peoplesphere","isPartOf":{"@id":"https:\/\/peoplesphere.be\/fr\/#website"},"datePublished":"2021-06-22T09:43:28+00:00","dateModified":"2021-06-22T09:44:03+00:00","breadcrumb":{"@id":"https:\/\/peoplesphere.be\/fr\/seeds-for-the-future-huawei-veut-former-jeunes-talents-belges-de-linformatique\/#breadcrumb"},"inLanguage":"fr-FR","potentialAction":[{"@type":"ReadAction","target":["https:\/\/peoplesphere.be\/fr\/seeds-for-the-future-huawei-veut-former-jeunes-talents-belges-de-linformatique\/"]}]},{"@type":"BreadcrumbList","@id":"https:\/\/peoplesphere.be\/fr\/seeds-for-the-future-huawei-veut-former-jeunes-talents-belges-de-linformatique\/#breadcrumb","itemListElement":[{"@type":"ListItem","position":1,"name":"Accueil","item":"https:\/\/peoplesphere.be\/fr\/"},{"@type":"ListItem","position":2,"name":"&lsquo;Seeds for the future&rsquo;: Huawei veut former les jeunes talents belges de l&rsquo;informatique."}]},{"@type":"WebSite","@id":"https:\/\/peoplesphere.be\/fr\/#website","url":"https:\/\/peoplesphere.be\/fr\/","name":"Peoplesphere","description":"The People Managers Magazine","publisher":{"@id":"https:\/\/peoplesphere.be\/fr\/#organization"},"potentialAction":[{"@type":"SearchAction","target":{"@type":"EntryPoint","urlTemplate":"https:\/\/peoplesphere.be\/fr\/?s={search_term_string}"},"query-input":"required name=search_term_string"}],"inLanguage":"fr-FR"},{"@type":"Organization","@id":"https:\/\/peoplesphere.be\/fr\/#organization","name":"Peoplesphere Company srl","url":"https:\/\/peoplesphere.be\/fr\/","logo":{"@type":"ImageObject","inLanguage":"fr-FR","@id":"https:\/\/peoplesphere.be\/fr\/#\/schema\/logo\/image\/","url":"https:\/\/peoplesphere.be\/fr\/wp-content\/uploads\/2023\/07\/peoplesphere-lgo-new-generik.jpg","contentUrl":"https:\/\/peoplesphere.be\/fr\/wp-content\/uploads\/2023\/07\/peoplesphere-lgo-new-generik.jpg","width":1031,"height":1479,"caption":"Peoplesphere Company srl"},"image":{"@id":"https:\/\/peoplesphere.be\/fr\/#\/schema\/logo\/image\/"},"sameAs":["https:\/\/www.facebook.com\/peoplesphere","https:\/\/twitter.com\/PeoplesphereMag","https:\/\/www.linkedin.com\/company\/7587361?trk","http:\/\/youtube.com\/peoplesphere"]},{"@type":"Person","@id":"https:\/\/peoplesphere.be\/fr\/#\/schema\/person\/7976225ff17988604334abb7b3536a7e","name":"Jean-Paul Erhard","image":{"@type":"ImageObject","inLanguage":"fr-FR","@id":"https:\/\/peoplesphere.be\/fr\/#\/schema\/person\/image\/","url":"https:\/\/secure.gravatar.com\/avatar\/f941e681460179738071629a51574930?s=96&d=mm&r=g","contentUrl":"https:\/\/secure.gravatar.com\/avatar\/f941e681460179738071629a51574930?s=96&d=mm&r=g","caption":"Jean-Paul Erhard"},"url":"https:\/\/peoplesphere.be\/fr\/author\/jpe\/"}]}},"_links":{"self":[{"href":"https:\/\/peoplesphere.be\/fr\/wp-json\/wp\/v2\/posts\/11486"}],"collection":[{"href":"https:\/\/peoplesphere.be\/fr\/wp-json\/wp\/v2\/posts"}],"about":[{"href":"https:\/\/peoplesphere.be\/fr\/wp-json\/wp\/v2\/types\/post"}],"author":[{"embeddable":true,"href":"https:\/\/peoplesphere.be\/fr\/wp-json\/wp\/v2\/users\/2"}],"replies":[{"embeddable":true,"href":"https:\/\/peoplesphere.be\/fr\/wp-json\/wp\/v2\/comments?post=11486"}],"version-history":[{"count":3,"href":"https:\/\/peoplesphere.be\/fr\/wp-json\/wp\/v2\/posts\/11486\/revisions"}],"predecessor-version":[{"id":11490,"href":"https:\/\/peoplesphere.be\/fr\/wp-json\/wp\/v2\/posts\/11486\/revisions\/11490"}],"wp:featuredmedia":[{"embeddable":true,"href":"https:\/\/peoplesphere.be\/fr\/wp-json\/wp\/v2\/media\/11487"}],"wp:attachment":[{"href":"https:\/\/peoplesphere.be\/fr\/wp-json\/wp\/v2\/media?parent=11486"}],"wp:term":[{"taxonomy":"category","embeddable":true,"href":"https:\/\/peoplesphere.be\/fr\/wp-json\/wp\/v2\/categories?post=11486"},{"taxonomy":"post_tag","embeddable":true,"href":"https:\/\/peoplesphere.be\/fr\/wp-json\/wp\/v2\/tags?post=11486"}],"curies":[{"name":"wp","href":"https:\/\/api.w.org\/{rel}","templated":true}]}}