









{"id":11506,"date":"2021-06-28T07:08:44","date_gmt":"2021-06-28T05:08:44","guid":{"rendered":"https:\/\/peoplesphere.be\/fr\/?p=11506"},"modified":"2021-06-28T07:08:44","modified_gmt":"2021-06-28T05:08:44","slug":"reprise-statistiques-chomage-indemnise-attestent-dune-diminution-serieuse-nombre-de-demandeurs-demploi","status":"publish","type":"post","link":"https:\/\/peoplesphere.be\/fr\/reprise-statistiques-chomage-indemnise-attestent-dune-diminution-serieuse-nombre-de-demandeurs-demploi\/","title":{"rendered":"La reprise est l\u00e0: les statistiques du ch\u00f4mage indemnis\u00e9 attestent d&rsquo;une diminution s\u00e9rieuse du nombre de demandeurs d&#8217;emploi."},"content":{"rendered":"<p>Selon les statistiques mensuelles de l&rsquo;ONEM, le ch\u00f4mage indemnis\u00e9 diminue de 7,8% en mai 2021 sur une base annuelle. Le ch\u00f4mage temporaire \u00e0 la suite de l\u2019\u00e9pid\u00e9mie de CORONAVIRUS reste encore \u00e9lev\u00e9 en mai 2021, mais diminue. Le ch\u00f4mage complet diminue sur une base annuelle moins vite chez les femmes (-11.150 unit\u00e9s ou -7,1%) que chez les hommes (-16.758 unit\u00e9s ou -8,3%).<!--more--><\/p>\n<p>En mai 2021, 330.241 ch\u00f4meurs complets indemnis\u00e9s demandeurs d&#8217;emploi ont per\u00e7u une allocation, soit 27.908 de moins qu&rsquo;en mai 2020 (-7,8%). Ces 330.241 allocataires se r\u00e9partissent comme suit : 296.384 ch\u00f4meurs complets indemnis\u00e9s demandeurs d&#8217;emploi admis sur la base d&rsquo;un travail \u00e0 temps plein ou admis sur la base des \u00e9tudes, 20.633 ch\u00f4meurs complets indemnis\u00e9s demandeurs d&#8217;emploi admis sur la base d&rsquo;un travail \u00e0 temps partiel volontaire, 10.803 ch\u00f4meurs complets indemnis\u00e9s demandeurs d&#8217;emploi b\u00e9n\u00e9ficiant d&rsquo;un compl\u00e9ment d&rsquo;entreprise et 2.421 allocations de sauvegarde (nouvelle allocation \u00e0 partir d&rsquo;octobre 2020).<\/p>\n<p>Le ch\u00f4mage complet des jeunes (moins de 25 ans) diminue de 17,3% (-4.844 unit\u00e9s). Le ch\u00f4mage des 25 \u00e0 49 ans diminue de 9,7% (-19.990 unit\u00e9s). Dans la classe d&rsquo;\u00e2ge des 50 \u00e0 59 ans, il baisse de 6,6% (-5.144 unit\u00e9s). Par contre, le nombre de ch\u00f4meurs de 60 ans et plus augmente (+ 4,5% ou +2.070 unit\u00e9s). Il importe toutefois de tenir compte de la modification r\u00e9glementaire concernant le rel\u00e8vement de la limite d&rsquo;\u00e2ge pour l&rsquo;obtention d&rsquo;une dispense d&rsquo;inscription comme demandeur d&#8217;emploi. \u00c0 partir de 2020, il n\u2019est possible de demander la dispense que sur la base d&rsquo;une exp\u00e9rience professionnelle d&rsquo;au moins 44 ans, plus sur la base de l&rsquo;\u00e2ge.<\/p>\n<p>En mai 2021, le nombre de ch\u00f4meurs complets sur une base annuelle diminue de 13,0% en R\u00e9gion flamande (-19.247 unit\u00e9s) et de 6,9% en R\u00e9gion wallonne (-9.873 unit\u00e9s). En R\u00e9gion de Bruxelles-Capitale, il y a une augmentation de 1,8% (+1.212 unit\u00e9s). En mai 2021, on d\u00e9nombre en R\u00e9gion flamande, 128.741 ch\u00f4meurs complets, en R\u00e9gion wallonne, 134.082 et en R\u00e9gion de Bruxelles-Capitale, 67.418.<\/p>\n<p>\u00c0 un an d&rsquo;intervalle, le ch\u00f4mage complet de courte dur\u00e9e (&lt; 1 an) diminue de 40.494 unit\u00e9s (-28,8%), mais celui dont la dur\u00e9e est comprise entre 1 et moins de 2 ans augmente: +7.296 unit\u00e9s (+12,4%). Le ch\u00f4mage de tr\u00e8s longue dur\u00e9e (2 ans et plus) augmente de 5.290 unit\u00e9s (+3,3%).<br \/>\nEn mai 2021, on d\u00e9nombre 30,3% de ch\u00f4meurs complets indemnis\u00e9s demandeurs d&#8217;emploi au ch\u00f4mage depuis moins d&rsquo;un an, 20,0% au ch\u00f4mage entre 1 et moins de 2 ans et 49,7% au ch\u00f4mage depuis 2 ans et plus.<\/p>\n<p>En plus, des ch\u00f4meurs complets demandeurs d&#8217;emploi, il y a aussi des paiements \u00e0 des ch\u00f4meurs complets non-demandeurs d&#8217;emploi. Pour les ch\u00f4meurs complets indemnis\u00e9s non-demandeurs d&#8217;emploi, plusieurs mesures ont \u00e9t\u00e9 prises ces derni\u00e8res ann\u00e9es afin de limiter les acc\u00e8s \u00e0 ces r\u00e9gimes. Par cons\u00e9quent, leur nombre se r\u00e9duit progressivement. En mai 2021 il s&rsquo;agit de 25.956 unit\u00e9s, ce qui correspond \u00e0 une diminution de 14.602 (-36,0%) sur une base annuelle. Les 22.442 ch\u00f4meurs complets indemnis\u00e9s b\u00e9n\u00e9ficiant d&rsquo;un compl\u00e9ment d&rsquo;entreprise repr\u00e9sentent le plus grand groupe de cette population.<br \/>\nSur un total de 356.197 ch\u00f4meurs complets indemnis\u00e9s (demandeurs et non-demandeurs d&#8217;emploi ensemble), le ratio des demandeurs d&#8217;emploi est de 92,7%.<\/p>\n<p>Pour conclure, le ch\u00f4mage temporaire diminue de 701.629 unit\u00e9s sur base annuelle, soit de 63,2%. Il faut \u00e0 cet \u00e9gard rappeler qu\u2019en mai 2020 le nombre de ch\u00f4meurs temporaires \u00e9tait encore exceptionnellement \u00e9lev\u00e9 par suite de la premi\u00e8re vague de la pand\u00e9mie. Le nombre de travailleurs en ch\u00f4mage temporaire s&rsquo;\u00e9l\u00e8ve \u00e0 408.831 unit\u00e9s physiques en mai 2021, ce qui correspond \u00e0 112.712 unit\u00e9s budg\u00e9taires compte tenu du nombre limit\u00e9 de jours de ch\u00f4mage au cours du mois.<\/p>\n<p><em>Source: ONEM<\/em><\/p>\n","protected":false},"excerpt":{"rendered":"<p>Selon les statistiques mensuelles de l&rsquo;ONEM, le ch\u00f4mage indemnis\u00e9 diminue de 7,8% en mai 2021 sur une base annuelle. Le ch\u00f4mage temporaire \u00e0 la suite de l\u2019\u00e9pid\u00e9mie de CORONAVIRUS reste encore \u00e9lev\u00e9 en mai 2021, mais diminue. Le ch\u00f4mage complet [&hellip;]<\/p>\n","protected":false},"author":2,"featured_media":0,"comment_status":"closed","ping_status":"open","sticky":false,"template":"","format":"standard","meta":[],"categories":[65,10],"tags":[92,714,397,44],"yoast_head":"<!-- This site is optimized with the Yoast SEO plugin v21.0 - https:\/\/yoast.com\/wordpress\/plugins\/seo\/ -->\n<title>La reprise est l\u00e0: les statistiques du ch\u00f4mage indemnis\u00e9 attestent d&#039;une diminution s\u00e9rieuse du nombre de demandeurs d&#039;emploi. - Peoplesphere<\/title>\n<meta name=\"robots\" content=\"index, follow, max-snippet:-1, max-image-preview:large, max-video-preview:-1\" \/>\n<link rel=\"canonical\" href=\"https:\/\/peoplesphere.be\/fr\/reprise-statistiques-chomage-indemnise-attestent-dune-diminution-serieuse-nombre-de-demandeurs-demploi\/\" \/>\n<meta property=\"og:locale\" content=\"fr_FR\" \/>\n<meta property=\"og:type\" content=\"article\" \/>\n<meta property=\"og:title\" content=\"La reprise est l\u00e0: les statistiques du ch\u00f4mage indemnis\u00e9 attestent d&#039;une diminution s\u00e9rieuse du nombre de demandeurs d&#039;emploi. - Peoplesphere\" \/>\n<meta property=\"og:description\" content=\"Selon les statistiques mensuelles de l&rsquo;ONEM, le ch\u00f4mage indemnis\u00e9 diminue de 7,8% en mai 2021 sur une base annuelle. Le ch\u00f4mage temporaire \u00e0 la suite de l\u2019\u00e9pid\u00e9mie de CORONAVIRUS reste encore \u00e9lev\u00e9 en mai 2021, mais diminue. Le ch\u00f4mage complet [&hellip;]\" \/>\n<meta property=\"og:url\" content=\"https:\/\/peoplesphere.be\/fr\/reprise-statistiques-chomage-indemnise-attestent-dune-diminution-serieuse-nombre-de-demandeurs-demploi\/\" \/>\n<meta property=\"og:site_name\" content=\"Peoplesphere\" \/>\n<meta property=\"article:publisher\" content=\"https:\/\/www.facebook.com\/peoplesphere\" \/>\n<meta property=\"article:published_time\" content=\"2021-06-28T05:08:44+00:00\" \/>\n<meta property=\"og:image\" content=\"http:\/\/www.peoplesphere.be\/fr\/wp-content\/uploads\/2016\/07\/facebook-default-posting-1200x628px.jpg\" \/>\n<meta name=\"author\" content=\"Jean-Paul Erhard\" \/>\n<meta name=\"twitter:card\" content=\"summary_large_image\" \/>\n<meta name=\"twitter:creator\" content=\"@PeoplesphereMag\" \/>\n<meta name=\"twitter:site\" content=\"@PeoplesphereMag\" \/>\n<meta name=\"twitter:label1\" content=\"\u00c9crit par\" \/>\n\t<meta name=\"twitter:data1\" content=\"Jean-Paul Erhard\" \/>\n\t<meta name=\"twitter:label2\" content=\"Dur\u00e9e de lecture estim\u00e9e\" \/>\n\t<meta name=\"twitter:data2\" content=\"3 minutes\" \/>\n<script type=\"application\/ld+json\" class=\"yoast-schema-graph\">{\"@context\":\"https:\/\/schema.org\",\"@graph\":[{\"@type\":\"Article\",\"@id\":\"https:\/\/peoplesphere.be\/fr\/reprise-statistiques-chomage-indemnise-attestent-dune-diminution-serieuse-nombre-de-demandeurs-demploi\/#article\",\"isPartOf\":{\"@id\":\"https:\/\/peoplesphere.be\/fr\/reprise-statistiques-chomage-indemnise-attestent-dune-diminution-serieuse-nombre-de-demandeurs-demploi\/\"},\"author\":{\"name\":\"Jean-Paul Erhard\",\"@id\":\"https:\/\/peoplesphere.be\/fr\/#\/schema\/person\/7976225ff17988604334abb7b3536a7e\"},\"headline\":\"La reprise est l\u00e0: les statistiques du ch\u00f4mage indemnis\u00e9 attestent d&rsquo;une diminution s\u00e9rieuse du nombre de demandeurs d&#8217;emploi.\",\"datePublished\":\"2021-06-28T05:08:44+00:00\",\"dateModified\":\"2021-06-28T05:08:44+00:00\",\"mainEntityOfPage\":{\"@id\":\"https:\/\/peoplesphere.be\/fr\/reprise-statistiques-chomage-indemnise-attestent-dune-diminution-serieuse-nombre-de-demandeurs-demploi\/\"},\"wordCount\":632,\"publisher\":{\"@id\":\"https:\/\/peoplesphere.be\/fr\/#organization\"},\"keywords\":[\"ch\u00f4mage\",\"ch\u00f4mage temporaire\",\"ONEM\",\"Statistiques\"],\"articleSection\":[\"Actualit\u00e9s\",\"Digital\"],\"inLanguage\":\"fr-FR\"},{\"@type\":\"WebPage\",\"@id\":\"https:\/\/peoplesphere.be\/fr\/reprise-statistiques-chomage-indemnise-attestent-dune-diminution-serieuse-nombre-de-demandeurs-demploi\/\",\"url\":\"https:\/\/peoplesphere.be\/fr\/reprise-statistiques-chomage-indemnise-attestent-dune-diminution-serieuse-nombre-de-demandeurs-demploi\/\",\"name\":\"La reprise est l\u00e0: les statistiques du ch\u00f4mage indemnis\u00e9 attestent d'une diminution s\u00e9rieuse du nombre de demandeurs d'emploi. - Peoplesphere\",\"isPartOf\":{\"@id\":\"https:\/\/peoplesphere.be\/fr\/#website\"},\"datePublished\":\"2021-06-28T05:08:44+00:00\",\"dateModified\":\"2021-06-28T05:08:44+00:00\",\"breadcrumb\":{\"@id\":\"https:\/\/peoplesphere.be\/fr\/reprise-statistiques-chomage-indemnise-attestent-dune-diminution-serieuse-nombre-de-demandeurs-demploi\/#breadcrumb\"},\"inLanguage\":\"fr-FR\",\"potentialAction\":[{\"@type\":\"ReadAction\",\"target\":[\"https:\/\/peoplesphere.be\/fr\/reprise-statistiques-chomage-indemnise-attestent-dune-diminution-serieuse-nombre-de-demandeurs-demploi\/\"]}]},{\"@type\":\"BreadcrumbList\",\"@id\":\"https:\/\/peoplesphere.be\/fr\/reprise-statistiques-chomage-indemnise-attestent-dune-diminution-serieuse-nombre-de-demandeurs-demploi\/#breadcrumb\",\"itemListElement\":[{\"@type\":\"ListItem\",\"position\":1,\"name\":\"Accueil\",\"item\":\"https:\/\/peoplesphere.be\/fr\/\"},{\"@type\":\"ListItem\",\"position\":2,\"name\":\"La reprise est l\u00e0: les statistiques du ch\u00f4mage indemnis\u00e9 attestent d&rsquo;une diminution s\u00e9rieuse du nombre de demandeurs d&#8217;emploi.\"}]},{\"@type\":\"WebSite\",\"@id\":\"https:\/\/peoplesphere.be\/fr\/#website\",\"url\":\"https:\/\/peoplesphere.be\/fr\/\",\"name\":\"Peoplesphere\",\"description\":\"The People Managers Magazine\",\"publisher\":{\"@id\":\"https:\/\/peoplesphere.be\/fr\/#organization\"},\"potentialAction\":[{\"@type\":\"SearchAction\",\"target\":{\"@type\":\"EntryPoint\",\"urlTemplate\":\"https:\/\/peoplesphere.be\/fr\/?s={search_term_string}\"},\"query-input\":\"required name=search_term_string\"}],\"inLanguage\":\"fr-FR\"},{\"@type\":\"Organization\",\"@id\":\"https:\/\/peoplesphere.be\/fr\/#organization\",\"name\":\"Peoplesphere Company srl\",\"url\":\"https:\/\/peoplesphere.be\/fr\/\",\"logo\":{\"@type\":\"ImageObject\",\"inLanguage\":\"fr-FR\",\"@id\":\"https:\/\/peoplesphere.be\/fr\/#\/schema\/logo\/image\/\",\"url\":\"https:\/\/peoplesphere.be\/fr\/wp-content\/uploads\/2023\/07\/peoplesphere-lgo-new-generik.jpg\",\"contentUrl\":\"https:\/\/peoplesphere.be\/fr\/wp-content\/uploads\/2023\/07\/peoplesphere-lgo-new-generik.jpg\",\"width\":1031,\"height\":1479,\"caption\":\"Peoplesphere Company srl\"},\"image\":{\"@id\":\"https:\/\/peoplesphere.be\/fr\/#\/schema\/logo\/image\/\"},\"sameAs\":[\"https:\/\/www.facebook.com\/peoplesphere\",\"https:\/\/twitter.com\/PeoplesphereMag\",\"https:\/\/www.linkedin.com\/company\/7587361?trk\",\"http:\/\/youtube.com\/peoplesphere\"]},{\"@type\":\"Person\",\"@id\":\"https:\/\/peoplesphere.be\/fr\/#\/schema\/person\/7976225ff17988604334abb7b3536a7e\",\"name\":\"Jean-Paul Erhard\",\"image\":{\"@type\":\"ImageObject\",\"inLanguage\":\"fr-FR\",\"@id\":\"https:\/\/peoplesphere.be\/fr\/#\/schema\/person\/image\/\",\"url\":\"https:\/\/secure.gravatar.com\/avatar\/f941e681460179738071629a51574930?s=96&d=mm&r=g\",\"contentUrl\":\"https:\/\/secure.gravatar.com\/avatar\/f941e681460179738071629a51574930?s=96&d=mm&r=g\",\"caption\":\"Jean-Paul Erhard\"},\"url\":\"https:\/\/peoplesphere.be\/fr\/author\/jpe\/\"}]}<\/script>\n<!-- \/ Yoast SEO plugin. -->","yoast_head_json":{"title":"La reprise est l\u00e0: les statistiques du ch\u00f4mage indemnis\u00e9 attestent d'une diminution s\u00e9rieuse du nombre de demandeurs d'emploi. - Peoplesphere","robots":{"index":"index","follow":"follow","max-snippet":"max-snippet:-1","max-image-preview":"max-image-preview:large","max-video-preview":"max-video-preview:-1"},"canonical":"https:\/\/peoplesphere.be\/fr\/reprise-statistiques-chomage-indemnise-attestent-dune-diminution-serieuse-nombre-de-demandeurs-demploi\/","og_locale":"fr_FR","og_type":"article","og_title":"La reprise est l\u00e0: les statistiques du ch\u00f4mage indemnis\u00e9 attestent d'une diminution s\u00e9rieuse du nombre de demandeurs d'emploi. - Peoplesphere","og_description":"Selon les statistiques mensuelles de l&rsquo;ONEM, le ch\u00f4mage indemnis\u00e9 diminue de 7,8% en mai 2021 sur une base annuelle. Le ch\u00f4mage temporaire \u00e0 la suite de l\u2019\u00e9pid\u00e9mie de CORONAVIRUS reste encore \u00e9lev\u00e9 en mai 2021, mais diminue. Le ch\u00f4mage complet [&hellip;]","og_url":"https:\/\/peoplesphere.be\/fr\/reprise-statistiques-chomage-indemnise-attestent-dune-diminution-serieuse-nombre-de-demandeurs-demploi\/","og_site_name":"Peoplesphere","article_publisher":"https:\/\/www.facebook.com\/peoplesphere","article_published_time":"2021-06-28T05:08:44+00:00","og_image":[{"url":"http:\/\/www.peoplesphere.be\/fr\/wp-content\/uploads\/2016\/07\/facebook-default-posting-1200x628px.jpg"}],"author":"Jean-Paul Erhard","twitter_card":"summary_large_image","twitter_creator":"@PeoplesphereMag","twitter_site":"@PeoplesphereMag","twitter_misc":{"\u00c9crit par":"Jean-Paul Erhard","Dur\u00e9e de lecture estim\u00e9e":"3 minutes"},"schema":{"@context":"https:\/\/schema.org","@graph":[{"@type":"Article","@id":"https:\/\/peoplesphere.be\/fr\/reprise-statistiques-chomage-indemnise-attestent-dune-diminution-serieuse-nombre-de-demandeurs-demploi\/#article","isPartOf":{"@id":"https:\/\/peoplesphere.be\/fr\/reprise-statistiques-chomage-indemnise-attestent-dune-diminution-serieuse-nombre-de-demandeurs-demploi\/"},"author":{"name":"Jean-Paul Erhard","@id":"https:\/\/peoplesphere.be\/fr\/#\/schema\/person\/7976225ff17988604334abb7b3536a7e"},"headline":"La reprise est l\u00e0: les statistiques du ch\u00f4mage indemnis\u00e9 attestent d&rsquo;une diminution s\u00e9rieuse du nombre de demandeurs d&#8217;emploi.","datePublished":"2021-06-28T05:08:44+00:00","dateModified":"2021-06-28T05:08:44+00:00","mainEntityOfPage":{"@id":"https:\/\/peoplesphere.be\/fr\/reprise-statistiques-chomage-indemnise-attestent-dune-diminution-serieuse-nombre-de-demandeurs-demploi\/"},"wordCount":632,"publisher":{"@id":"https:\/\/peoplesphere.be\/fr\/#organization"},"keywords":["ch\u00f4mage","ch\u00f4mage temporaire","ONEM","Statistiques"],"articleSection":["Actualit\u00e9s","Digital"],"inLanguage":"fr-FR"},{"@type":"WebPage","@id":"https:\/\/peoplesphere.be\/fr\/reprise-statistiques-chomage-indemnise-attestent-dune-diminution-serieuse-nombre-de-demandeurs-demploi\/","url":"https:\/\/peoplesphere.be\/fr\/reprise-statistiques-chomage-indemnise-attestent-dune-diminution-serieuse-nombre-de-demandeurs-demploi\/","name":"La reprise est l\u00e0: les statistiques du ch\u00f4mage indemnis\u00e9 attestent d'une diminution s\u00e9rieuse du nombre de demandeurs d'emploi. - Peoplesphere","isPartOf":{"@id":"https:\/\/peoplesphere.be\/fr\/#website"},"datePublished":"2021-06-28T05:08:44+00:00","dateModified":"2021-06-28T05:08:44+00:00","breadcrumb":{"@id":"https:\/\/peoplesphere.be\/fr\/reprise-statistiques-chomage-indemnise-attestent-dune-diminution-serieuse-nombre-de-demandeurs-demploi\/#breadcrumb"},"inLanguage":"fr-FR","potentialAction":[{"@type":"ReadAction","target":["https:\/\/peoplesphere.be\/fr\/reprise-statistiques-chomage-indemnise-attestent-dune-diminution-serieuse-nombre-de-demandeurs-demploi\/"]}]},{"@type":"BreadcrumbList","@id":"https:\/\/peoplesphere.be\/fr\/reprise-statistiques-chomage-indemnise-attestent-dune-diminution-serieuse-nombre-de-demandeurs-demploi\/#breadcrumb","itemListElement":[{"@type":"ListItem","position":1,"name":"Accueil","item":"https:\/\/peoplesphere.be\/fr\/"},{"@type":"ListItem","position":2,"name":"La reprise est l\u00e0: les statistiques du ch\u00f4mage indemnis\u00e9 attestent d&rsquo;une diminution s\u00e9rieuse du nombre de demandeurs d&#8217;emploi."}]},{"@type":"WebSite","@id":"https:\/\/peoplesphere.be\/fr\/#website","url":"https:\/\/peoplesphere.be\/fr\/","name":"Peoplesphere","description":"The People Managers Magazine","publisher":{"@id":"https:\/\/peoplesphere.be\/fr\/#organization"},"potentialAction":[{"@type":"SearchAction","target":{"@type":"EntryPoint","urlTemplate":"https:\/\/peoplesphere.be\/fr\/?s={search_term_string}"},"query-input":"required name=search_term_string"}],"inLanguage":"fr-FR"},{"@type":"Organization","@id":"https:\/\/peoplesphere.be\/fr\/#organization","name":"Peoplesphere Company srl","url":"https:\/\/peoplesphere.be\/fr\/","logo":{"@type":"ImageObject","inLanguage":"fr-FR","@id":"https:\/\/peoplesphere.be\/fr\/#\/schema\/logo\/image\/","url":"https:\/\/peoplesphere.be\/fr\/wp-content\/uploads\/2023\/07\/peoplesphere-lgo-new-generik.jpg","contentUrl":"https:\/\/peoplesphere.be\/fr\/wp-content\/uploads\/2023\/07\/peoplesphere-lgo-new-generik.jpg","width":1031,"height":1479,"caption":"Peoplesphere Company srl"},"image":{"@id":"https:\/\/peoplesphere.be\/fr\/#\/schema\/logo\/image\/"},"sameAs":["https:\/\/www.facebook.com\/peoplesphere","https:\/\/twitter.com\/PeoplesphereMag","https:\/\/www.linkedin.com\/company\/7587361?trk","http:\/\/youtube.com\/peoplesphere"]},{"@type":"Person","@id":"https:\/\/peoplesphere.be\/fr\/#\/schema\/person\/7976225ff17988604334abb7b3536a7e","name":"Jean-Paul Erhard","image":{"@type":"ImageObject","inLanguage":"fr-FR","@id":"https:\/\/peoplesphere.be\/fr\/#\/schema\/person\/image\/","url":"https:\/\/secure.gravatar.com\/avatar\/f941e681460179738071629a51574930?s=96&d=mm&r=g","contentUrl":"https:\/\/secure.gravatar.com\/avatar\/f941e681460179738071629a51574930?s=96&d=mm&r=g","caption":"Jean-Paul Erhard"},"url":"https:\/\/peoplesphere.be\/fr\/author\/jpe\/"}]}},"_links":{"self":[{"href":"https:\/\/peoplesphere.be\/fr\/wp-json\/wp\/v2\/posts\/11506"}],"collection":[{"href":"https:\/\/peoplesphere.be\/fr\/wp-json\/wp\/v2\/posts"}],"about":[{"href":"https:\/\/peoplesphere.be\/fr\/wp-json\/wp\/v2\/types\/post"}],"author":[{"embeddable":true,"href":"https:\/\/peoplesphere.be\/fr\/wp-json\/wp\/v2\/users\/2"}],"replies":[{"embeddable":true,"href":"https:\/\/peoplesphere.be\/fr\/wp-json\/wp\/v2\/comments?post=11506"}],"version-history":[{"count":1,"href":"https:\/\/peoplesphere.be\/fr\/wp-json\/wp\/v2\/posts\/11506\/revisions"}],"predecessor-version":[{"id":11507,"href":"https:\/\/peoplesphere.be\/fr\/wp-json\/wp\/v2\/posts\/11506\/revisions\/11507"}],"wp:attachment":[{"href":"https:\/\/peoplesphere.be\/fr\/wp-json\/wp\/v2\/media?parent=11506"}],"wp:term":[{"taxonomy":"category","embeddable":true,"href":"https:\/\/peoplesphere.be\/fr\/wp-json\/wp\/v2\/categories?post=11506"},{"taxonomy":"post_tag","embeddable":true,"href":"https:\/\/peoplesphere.be\/fr\/wp-json\/wp\/v2\/tags?post=11506"}],"curies":[{"name":"wp","href":"https:\/\/api.w.org\/{rel}","templated":true}]}}