









{"id":11541,"date":"2021-07-05T14:12:31","date_gmt":"2021-07-05T12:12:31","guid":{"rendered":"https:\/\/peoplesphere.be\/fr\/?p=11541"},"modified":"2021-07-05T14:12:31","modified_gmt":"2021-07-05T12:12:31","slug":"mobilite-teletravail-spf-bosa-met-a-disposition-de-fonctionnaires-abonnement-de-train-plus-flexible","status":"publish","type":"post","link":"https:\/\/peoplesphere.be\/fr\/mobilite-teletravail-spf-bosa-met-a-disposition-de-fonctionnaires-abonnement-de-train-plus-flexible\/","title":{"rendered":"Mobilit\u00e9 et t\u00e9l\u00e9travail: le SPF BOSA met \u00e0 disposition de ses fonctionnaires un abonnement de train plus flexible."},"content":{"rendered":"<p>Dans le cadre d\u2019un projet-pilote de la SNCB, le SPF BOSA (Service Public F\u00e9d\u00e9ral Strat\u00e9gie et Appui) va permettre d\u00e8s aujourd\u2019hui \u00e0 ses employ\u00e9.e.s de pouvoir tester des abonnements de train SNCB plus flexibles, les \u00abFlex Abonnements\u00bb. Une d\u00e9marche qui r\u00e9pond aux nouveaux besoins de mobilit\u00e9 des travailleurs suite \u00e0 la g\u00e9n\u00e9ralisation du t\u00e9l\u00e9travail, salu\u00e9e par les ministres Petra De Sutter et Georges Gilkinet. <!--more--><\/p>\n<p>La crise du Coronavirus a eu un impact important sur la fa\u00e7on de travailler de tous les Belges, et le t\u00e9l\u00e9travail s\u2019est g\u00e9n\u00e9ralis\u00e9. Les besoins en termes de mobilit\u00e9 entre le lieu de travail et le domicile ont par cons\u00e9quent fortement \u00e9volu\u00e9s, puisque les travailleuses et travailleurs se rendent beaucoup moins fr\u00e9quemment sur leur lieu de travail. Le SPF BOSA proposera d\u00e8s lors \u00e0 partir de ce lundi \u00e0 ses fonctionnaires cette offre de la SNCB lanc\u00e9e au mois de juin et en cours de test, le \u00ab\u00a0Flex Abonnement\u00a0\u00bb. Il s\u2019agit d\u2019un titre de transport flexible et attractif, qui r\u00e9pond \u00e0 la demande de se rendre en train sur un lieu de travail fixe \u00e0 hauteur de 2 \u00e0 3 fois par semaine.<\/p>\n<p>Petra De Sutter, ministre f\u00e9d\u00e9rale de la Fonction publique : \u00ab\u00a0<em>En proposant cette nouvelle formule d\u2019abonnement de train plus flexible \u00e0 ses fonctionnaires, le SPF BOSA r\u00e9pond aux nouvelles r\u00e9alit\u00e9s de notre soci\u00e9t\u00e9 et aux nouvelles fa\u00e7ons de travailler et de t\u00e9l\u00e9travailler. Une d\u00e9marche qui favorise une mobilit\u00e9 plus efficiente et multimodale. Une d\u00e9marche qu\u2019il faut saluer, et on peut imaginer que, si ce projet-pilote est concluant, d\u2019autres SPF pourraient embo\u00eeter le pas du SPF BOSA.\u00a0\u00bb<\/em><\/p>\n<p>Le \u00ab\u00a0Flex Abonnement\u00a0\u00bb a plusieurs avantages : il permet une gestion administrative des abonnements plus simple, et il s\u2019inscrit dans une d\u00e9marche d\u2019une mobilit\u00e9 multimodale, tout en rendant les d\u00e9placements entre le lieu de travail et le domicile en transport en commun plus attrayants. Cet abonnement pourra par ailleurs \u00eatre combin\u00e9 avec une indemnit\u00e9 v\u00e9lo, ce qui n\u2019\u00e9tait pas possible avec les autres formules.<\/p>\n<p>Georges Gilkinet, Ministre f\u00e9d\u00e9ral de la Mobilit\u00e9 : <em>\u00ab\u00a0Je me r\u00e9jouis de voir ma coll\u00e8gue Petra De Sutter et le SPF BOSA emprunter cette voie vers la mobilit\u00e9 de demain. Oui, les d\u00e9placements domicile-travail ont fortement \u00e9volu\u00e9s ces derni\u00e8res ann\u00e9es, avec une acc\u00e9l\u00e9ration du t\u00e9l\u00e9travail suite \u00e0 la pand\u00e9mie. La SNCB a r\u00e9pondu avec le projet-pilote \u00ab Flex Abonnement \u00bb \u00e0 la demande grandissante de nombreux utilisateurs du train et des entreprises. Cet abonnement flexible permettra aux fonctionnaires effectuant r\u00e9guli\u00e8rement du t\u00e9l\u00e9travail de b\u00e9n\u00e9ficier d\u2019une formule adapt\u00e9e \u00e0 leurs besoins. Je suis convaincu que cette nouvelle offre test\u00e9e actuellement rendra la mobilit\u00e9 des usager.\u00e8re.s +libre et +agr\u00e9able pour tou.te.s\u00a0\u00bb<\/em><\/p>\n<p>Concr\u00e8tement, le \u00ab\u00a0Flex Abonnement\u00a0\u00bb propos\u00e9 en test par la SNCB permettra d\u2019effectuer la navette domicile-travail entre deux gares d\u00e9termin\u00e9es soit 80 ou 120 jours au choix sur une p\u00e9riode de 12 mois, soit 6 ou 10 jours par mois. L&rsquo;abonnement sera disponible via l\u2019application SNCB et sera simple d\u2019utilisation : chaque fois que le voyageur prendra le train, il s\u00e9lectionnera en amont le jour qui sera ensuite scann\u00e9 par l\u2019accompagnateur de train via un QR code.<\/p>\n<p>Le SPF BOSA a d\u00e9cid\u00e9 de participer au projet-pilote de la SNCB lanc\u00e9 au mois de juin, et qui permet \u00e0 quelques grands employeurs priv\u00e9s et publics du pays de tester ce \u00ab\u00a0Flex Abonnement\u00a0\u00bb. Ce test sera \u00e9valu\u00e9 en fin d\u2019ann\u00e9e 2021. Si les retours du projet-pilote sont positifs, le produit devrait ensuite \u00eatre d\u00e9ploy\u00e9 au d\u00e9but de l\u2019ann\u00e9e 2022 tant pour les particuliers que pour les entreprises et institutions de tous les secteurs, publics et priv\u00e9s.<\/p>\n<p>&nbsp;<\/p>\n<p><em>Source : SPF BOSA<\/em><\/p>\n","protected":false},"excerpt":{"rendered":"<p>Dans le cadre d\u2019un projet-pilote de la SNCB, le SPF BOSA (Service Public F\u00e9d\u00e9ral Strat\u00e9gie et Appui) va permettre d\u00e8s aujourd\u2019hui \u00e0 ses employ\u00e9.e.s de pouvoir tester des abonnements de train SNCB plus flexibles, les \u00abFlex Abonnements\u00bb. Une d\u00e9marche qui [&hellip;]<\/p>\n","protected":false},"author":2,"featured_media":0,"comment_status":"closed","ping_status":"open","sticky":false,"template":"","format":"standard","meta":[],"categories":[65,10],"tags":[3420,823,136,267,2777,3054],"yoast_head":"<!-- This site is optimized with the Yoast SEO plugin v21.0 - https:\/\/yoast.com\/wordpress\/plugins\/seo\/ -->\n<title>Mobilit\u00e9 et t\u00e9l\u00e9travail: le SPF BOSA met \u00e0 disposition de ses fonctionnaires un abonnement de train plus flexible. - Peoplesphere<\/title>\n<meta name=\"robots\" content=\"index, follow, max-snippet:-1, max-image-preview:large, max-video-preview:-1\" \/>\n<link rel=\"canonical\" href=\"https:\/\/peoplesphere.be\/fr\/mobilite-teletravail-spf-bosa-met-a-disposition-de-fonctionnaires-abonnement-de-train-plus-flexible\/\" \/>\n<meta property=\"og:locale\" content=\"fr_FR\" \/>\n<meta property=\"og:type\" content=\"article\" \/>\n<meta property=\"og:title\" content=\"Mobilit\u00e9 et t\u00e9l\u00e9travail: le SPF BOSA met \u00e0 disposition de ses fonctionnaires un abonnement de train plus flexible. - Peoplesphere\" \/>\n<meta property=\"og:description\" content=\"Dans le cadre d\u2019un projet-pilote de la SNCB, le SPF BOSA (Service Public F\u00e9d\u00e9ral Strat\u00e9gie et Appui) va permettre d\u00e8s aujourd\u2019hui \u00e0 ses employ\u00e9.e.s de pouvoir tester des abonnements de train SNCB plus flexibles, les \u00abFlex Abonnements\u00bb. Une d\u00e9marche qui [&hellip;]\" \/>\n<meta property=\"og:url\" content=\"https:\/\/peoplesphere.be\/fr\/mobilite-teletravail-spf-bosa-met-a-disposition-de-fonctionnaires-abonnement-de-train-plus-flexible\/\" \/>\n<meta property=\"og:site_name\" content=\"Peoplesphere\" \/>\n<meta property=\"article:publisher\" content=\"https:\/\/www.facebook.com\/peoplesphere\" \/>\n<meta property=\"article:published_time\" content=\"2021-07-05T12:12:31+00:00\" \/>\n<meta property=\"og:image\" content=\"http:\/\/www.peoplesphere.be\/fr\/wp-content\/uploads\/2016\/07\/facebook-default-posting-1200x628px.jpg\" \/>\n<meta name=\"author\" content=\"Jean-Paul Erhard\" \/>\n<meta name=\"twitter:card\" content=\"summary_large_image\" \/>\n<meta name=\"twitter:creator\" content=\"@PeoplesphereMag\" \/>\n<meta name=\"twitter:site\" content=\"@PeoplesphereMag\" \/>\n<meta name=\"twitter:label1\" content=\"\u00c9crit par\" \/>\n\t<meta name=\"twitter:data1\" content=\"Jean-Paul Erhard\" \/>\n\t<meta name=\"twitter:label2\" content=\"Dur\u00e9e de lecture estim\u00e9e\" \/>\n\t<meta name=\"twitter:data2\" content=\"3 minutes\" \/>\n<script type=\"application\/ld+json\" class=\"yoast-schema-graph\">{\"@context\":\"https:\/\/schema.org\",\"@graph\":[{\"@type\":\"Article\",\"@id\":\"https:\/\/peoplesphere.be\/fr\/mobilite-teletravail-spf-bosa-met-a-disposition-de-fonctionnaires-abonnement-de-train-plus-flexible\/#article\",\"isPartOf\":{\"@id\":\"https:\/\/peoplesphere.be\/fr\/mobilite-teletravail-spf-bosa-met-a-disposition-de-fonctionnaires-abonnement-de-train-plus-flexible\/\"},\"author\":{\"name\":\"Jean-Paul Erhard\",\"@id\":\"https:\/\/peoplesphere.be\/fr\/#\/schema\/person\/7976225ff17988604334abb7b3536a7e\"},\"headline\":\"Mobilit\u00e9 et t\u00e9l\u00e9travail: le SPF BOSA met \u00e0 disposition de ses fonctionnaires un abonnement de train plus flexible.\",\"datePublished\":\"2021-07-05T12:12:31+00:00\",\"dateModified\":\"2021-07-05T12:12:31+00:00\",\"mainEntityOfPage\":{\"@id\":\"https:\/\/peoplesphere.be\/fr\/mobilite-teletravail-spf-bosa-met-a-disposition-de-fonctionnaires-abonnement-de-train-plus-flexible\/\"},\"wordCount\":681,\"publisher\":{\"@id\":\"https:\/\/peoplesphere.be\/fr\/#organization\"},\"keywords\":[\"abonnement flex\",\"d\u00e9veloppement durable\",\"mobilit\u00e9\",\"secteur public\",\"SNCB\",\"SPF Bosa\"],\"articleSection\":[\"Actualit\u00e9s\",\"Digital\"],\"inLanguage\":\"fr-FR\"},{\"@type\":\"WebPage\",\"@id\":\"https:\/\/peoplesphere.be\/fr\/mobilite-teletravail-spf-bosa-met-a-disposition-de-fonctionnaires-abonnement-de-train-plus-flexible\/\",\"url\":\"https:\/\/peoplesphere.be\/fr\/mobilite-teletravail-spf-bosa-met-a-disposition-de-fonctionnaires-abonnement-de-train-plus-flexible\/\",\"name\":\"Mobilit\u00e9 et t\u00e9l\u00e9travail: le SPF BOSA met \u00e0 disposition de ses fonctionnaires un abonnement de train plus flexible. - Peoplesphere\",\"isPartOf\":{\"@id\":\"https:\/\/peoplesphere.be\/fr\/#website\"},\"datePublished\":\"2021-07-05T12:12:31+00:00\",\"dateModified\":\"2021-07-05T12:12:31+00:00\",\"breadcrumb\":{\"@id\":\"https:\/\/peoplesphere.be\/fr\/mobilite-teletravail-spf-bosa-met-a-disposition-de-fonctionnaires-abonnement-de-train-plus-flexible\/#breadcrumb\"},\"inLanguage\":\"fr-FR\",\"potentialAction\":[{\"@type\":\"ReadAction\",\"target\":[\"https:\/\/peoplesphere.be\/fr\/mobilite-teletravail-spf-bosa-met-a-disposition-de-fonctionnaires-abonnement-de-train-plus-flexible\/\"]}]},{\"@type\":\"BreadcrumbList\",\"@id\":\"https:\/\/peoplesphere.be\/fr\/mobilite-teletravail-spf-bosa-met-a-disposition-de-fonctionnaires-abonnement-de-train-plus-flexible\/#breadcrumb\",\"itemListElement\":[{\"@type\":\"ListItem\",\"position\":1,\"name\":\"Accueil\",\"item\":\"https:\/\/peoplesphere.be\/fr\/\"},{\"@type\":\"ListItem\",\"position\":2,\"name\":\"Mobilit\u00e9 et t\u00e9l\u00e9travail: le SPF BOSA met \u00e0 disposition de ses fonctionnaires un abonnement de train plus flexible.\"}]},{\"@type\":\"WebSite\",\"@id\":\"https:\/\/peoplesphere.be\/fr\/#website\",\"url\":\"https:\/\/peoplesphere.be\/fr\/\",\"name\":\"Peoplesphere\",\"description\":\"The People Managers Magazine\",\"publisher\":{\"@id\":\"https:\/\/peoplesphere.be\/fr\/#organization\"},\"potentialAction\":[{\"@type\":\"SearchAction\",\"target\":{\"@type\":\"EntryPoint\",\"urlTemplate\":\"https:\/\/peoplesphere.be\/fr\/?s={search_term_string}\"},\"query-input\":\"required name=search_term_string\"}],\"inLanguage\":\"fr-FR\"},{\"@type\":\"Organization\",\"@id\":\"https:\/\/peoplesphere.be\/fr\/#organization\",\"name\":\"Peoplesphere Company srl\",\"url\":\"https:\/\/peoplesphere.be\/fr\/\",\"logo\":{\"@type\":\"ImageObject\",\"inLanguage\":\"fr-FR\",\"@id\":\"https:\/\/peoplesphere.be\/fr\/#\/schema\/logo\/image\/\",\"url\":\"https:\/\/peoplesphere.be\/fr\/wp-content\/uploads\/2023\/07\/peoplesphere-lgo-new-generik.jpg\",\"contentUrl\":\"https:\/\/peoplesphere.be\/fr\/wp-content\/uploads\/2023\/07\/peoplesphere-lgo-new-generik.jpg\",\"width\":1031,\"height\":1479,\"caption\":\"Peoplesphere Company srl\"},\"image\":{\"@id\":\"https:\/\/peoplesphere.be\/fr\/#\/schema\/logo\/image\/\"},\"sameAs\":[\"https:\/\/www.facebook.com\/peoplesphere\",\"https:\/\/twitter.com\/PeoplesphereMag\",\"https:\/\/www.linkedin.com\/company\/7587361?trk\",\"http:\/\/youtube.com\/peoplesphere\"]},{\"@type\":\"Person\",\"@id\":\"https:\/\/peoplesphere.be\/fr\/#\/schema\/person\/7976225ff17988604334abb7b3536a7e\",\"name\":\"Jean-Paul Erhard\",\"image\":{\"@type\":\"ImageObject\",\"inLanguage\":\"fr-FR\",\"@id\":\"https:\/\/peoplesphere.be\/fr\/#\/schema\/person\/image\/\",\"url\":\"https:\/\/secure.gravatar.com\/avatar\/f941e681460179738071629a51574930?s=96&d=mm&r=g\",\"contentUrl\":\"https:\/\/secure.gravatar.com\/avatar\/f941e681460179738071629a51574930?s=96&d=mm&r=g\",\"caption\":\"Jean-Paul Erhard\"},\"url\":\"https:\/\/peoplesphere.be\/fr\/author\/jpe\/\"}]}<\/script>\n<!-- \/ Yoast SEO plugin. -->","yoast_head_json":{"title":"Mobilit\u00e9 et t\u00e9l\u00e9travail: le SPF BOSA met \u00e0 disposition de ses fonctionnaires un abonnement de train plus flexible. - Peoplesphere","robots":{"index":"index","follow":"follow","max-snippet":"max-snippet:-1","max-image-preview":"max-image-preview:large","max-video-preview":"max-video-preview:-1"},"canonical":"https:\/\/peoplesphere.be\/fr\/mobilite-teletravail-spf-bosa-met-a-disposition-de-fonctionnaires-abonnement-de-train-plus-flexible\/","og_locale":"fr_FR","og_type":"article","og_title":"Mobilit\u00e9 et t\u00e9l\u00e9travail: le SPF BOSA met \u00e0 disposition de ses fonctionnaires un abonnement de train plus flexible. - Peoplesphere","og_description":"Dans le cadre d\u2019un projet-pilote de la SNCB, le SPF BOSA (Service Public F\u00e9d\u00e9ral Strat\u00e9gie et Appui) va permettre d\u00e8s aujourd\u2019hui \u00e0 ses employ\u00e9.e.s de pouvoir tester des abonnements de train SNCB plus flexibles, les \u00abFlex Abonnements\u00bb. Une d\u00e9marche qui [&hellip;]","og_url":"https:\/\/peoplesphere.be\/fr\/mobilite-teletravail-spf-bosa-met-a-disposition-de-fonctionnaires-abonnement-de-train-plus-flexible\/","og_site_name":"Peoplesphere","article_publisher":"https:\/\/www.facebook.com\/peoplesphere","article_published_time":"2021-07-05T12:12:31+00:00","og_image":[{"url":"http:\/\/www.peoplesphere.be\/fr\/wp-content\/uploads\/2016\/07\/facebook-default-posting-1200x628px.jpg"}],"author":"Jean-Paul Erhard","twitter_card":"summary_large_image","twitter_creator":"@PeoplesphereMag","twitter_site":"@PeoplesphereMag","twitter_misc":{"\u00c9crit par":"Jean-Paul Erhard","Dur\u00e9e de lecture estim\u00e9e":"3 minutes"},"schema":{"@context":"https:\/\/schema.org","@graph":[{"@type":"Article","@id":"https:\/\/peoplesphere.be\/fr\/mobilite-teletravail-spf-bosa-met-a-disposition-de-fonctionnaires-abonnement-de-train-plus-flexible\/#article","isPartOf":{"@id":"https:\/\/peoplesphere.be\/fr\/mobilite-teletravail-spf-bosa-met-a-disposition-de-fonctionnaires-abonnement-de-train-plus-flexible\/"},"author":{"name":"Jean-Paul Erhard","@id":"https:\/\/peoplesphere.be\/fr\/#\/schema\/person\/7976225ff17988604334abb7b3536a7e"},"headline":"Mobilit\u00e9 et t\u00e9l\u00e9travail: le SPF BOSA met \u00e0 disposition de ses fonctionnaires un abonnement de train plus flexible.","datePublished":"2021-07-05T12:12:31+00:00","dateModified":"2021-07-05T12:12:31+00:00","mainEntityOfPage":{"@id":"https:\/\/peoplesphere.be\/fr\/mobilite-teletravail-spf-bosa-met-a-disposition-de-fonctionnaires-abonnement-de-train-plus-flexible\/"},"wordCount":681,"publisher":{"@id":"https:\/\/peoplesphere.be\/fr\/#organization"},"keywords":["abonnement flex","d\u00e9veloppement durable","mobilit\u00e9","secteur public","SNCB","SPF Bosa"],"articleSection":["Actualit\u00e9s","Digital"],"inLanguage":"fr-FR"},{"@type":"WebPage","@id":"https:\/\/peoplesphere.be\/fr\/mobilite-teletravail-spf-bosa-met-a-disposition-de-fonctionnaires-abonnement-de-train-plus-flexible\/","url":"https:\/\/peoplesphere.be\/fr\/mobilite-teletravail-spf-bosa-met-a-disposition-de-fonctionnaires-abonnement-de-train-plus-flexible\/","name":"Mobilit\u00e9 et t\u00e9l\u00e9travail: le SPF BOSA met \u00e0 disposition de ses fonctionnaires un abonnement de train plus flexible. - Peoplesphere","isPartOf":{"@id":"https:\/\/peoplesphere.be\/fr\/#website"},"datePublished":"2021-07-05T12:12:31+00:00","dateModified":"2021-07-05T12:12:31+00:00","breadcrumb":{"@id":"https:\/\/peoplesphere.be\/fr\/mobilite-teletravail-spf-bosa-met-a-disposition-de-fonctionnaires-abonnement-de-train-plus-flexible\/#breadcrumb"},"inLanguage":"fr-FR","potentialAction":[{"@type":"ReadAction","target":["https:\/\/peoplesphere.be\/fr\/mobilite-teletravail-spf-bosa-met-a-disposition-de-fonctionnaires-abonnement-de-train-plus-flexible\/"]}]},{"@type":"BreadcrumbList","@id":"https:\/\/peoplesphere.be\/fr\/mobilite-teletravail-spf-bosa-met-a-disposition-de-fonctionnaires-abonnement-de-train-plus-flexible\/#breadcrumb","itemListElement":[{"@type":"ListItem","position":1,"name":"Accueil","item":"https:\/\/peoplesphere.be\/fr\/"},{"@type":"ListItem","position":2,"name":"Mobilit\u00e9 et t\u00e9l\u00e9travail: le SPF BOSA met \u00e0 disposition de ses fonctionnaires un abonnement de train plus flexible."}]},{"@type":"WebSite","@id":"https:\/\/peoplesphere.be\/fr\/#website","url":"https:\/\/peoplesphere.be\/fr\/","name":"Peoplesphere","description":"The People Managers Magazine","publisher":{"@id":"https:\/\/peoplesphere.be\/fr\/#organization"},"potentialAction":[{"@type":"SearchAction","target":{"@type":"EntryPoint","urlTemplate":"https:\/\/peoplesphere.be\/fr\/?s={search_term_string}"},"query-input":"required name=search_term_string"}],"inLanguage":"fr-FR"},{"@type":"Organization","@id":"https:\/\/peoplesphere.be\/fr\/#organization","name":"Peoplesphere Company srl","url":"https:\/\/peoplesphere.be\/fr\/","logo":{"@type":"ImageObject","inLanguage":"fr-FR","@id":"https:\/\/peoplesphere.be\/fr\/#\/schema\/logo\/image\/","url":"https:\/\/peoplesphere.be\/fr\/wp-content\/uploads\/2023\/07\/peoplesphere-lgo-new-generik.jpg","contentUrl":"https:\/\/peoplesphere.be\/fr\/wp-content\/uploads\/2023\/07\/peoplesphere-lgo-new-generik.jpg","width":1031,"height":1479,"caption":"Peoplesphere Company srl"},"image":{"@id":"https:\/\/peoplesphere.be\/fr\/#\/schema\/logo\/image\/"},"sameAs":["https:\/\/www.facebook.com\/peoplesphere","https:\/\/twitter.com\/PeoplesphereMag","https:\/\/www.linkedin.com\/company\/7587361?trk","http:\/\/youtube.com\/peoplesphere"]},{"@type":"Person","@id":"https:\/\/peoplesphere.be\/fr\/#\/schema\/person\/7976225ff17988604334abb7b3536a7e","name":"Jean-Paul Erhard","image":{"@type":"ImageObject","inLanguage":"fr-FR","@id":"https:\/\/peoplesphere.be\/fr\/#\/schema\/person\/image\/","url":"https:\/\/secure.gravatar.com\/avatar\/f941e681460179738071629a51574930?s=96&d=mm&r=g","contentUrl":"https:\/\/secure.gravatar.com\/avatar\/f941e681460179738071629a51574930?s=96&d=mm&r=g","caption":"Jean-Paul Erhard"},"url":"https:\/\/peoplesphere.be\/fr\/author\/jpe\/"}]}},"_links":{"self":[{"href":"https:\/\/peoplesphere.be\/fr\/wp-json\/wp\/v2\/posts\/11541"}],"collection":[{"href":"https:\/\/peoplesphere.be\/fr\/wp-json\/wp\/v2\/posts"}],"about":[{"href":"https:\/\/peoplesphere.be\/fr\/wp-json\/wp\/v2\/types\/post"}],"author":[{"embeddable":true,"href":"https:\/\/peoplesphere.be\/fr\/wp-json\/wp\/v2\/users\/2"}],"replies":[{"embeddable":true,"href":"https:\/\/peoplesphere.be\/fr\/wp-json\/wp\/v2\/comments?post=11541"}],"version-history":[{"count":1,"href":"https:\/\/peoplesphere.be\/fr\/wp-json\/wp\/v2\/posts\/11541\/revisions"}],"predecessor-version":[{"id":11542,"href":"https:\/\/peoplesphere.be\/fr\/wp-json\/wp\/v2\/posts\/11541\/revisions\/11542"}],"wp:attachment":[{"href":"https:\/\/peoplesphere.be\/fr\/wp-json\/wp\/v2\/media?parent=11541"}],"wp:term":[{"taxonomy":"category","embeddable":true,"href":"https:\/\/peoplesphere.be\/fr\/wp-json\/wp\/v2\/categories?post=11541"},{"taxonomy":"post_tag","embeddable":true,"href":"https:\/\/peoplesphere.be\/fr\/wp-json\/wp\/v2\/tags?post=11541"}],"curies":[{"name":"wp","href":"https:\/\/api.w.org\/{rel}","templated":true}]}}