









{"id":11543,"date":"2021-07-06T04:46:19","date_gmt":"2021-07-06T02:46:19","guid":{"rendered":"https:\/\/peoplesphere.be\/fr\/?p=11543"},"modified":"2021-07-06T04:46:19","modified_gmt":"2021-07-06T02:46:19","slug":"epanouissement-travail-20-jeunes-de-de-35-ans-envisagent-de-changer-demploi-2021","status":"publish","type":"post","link":"https:\/\/peoplesphere.be\/fr\/epanouissement-travail-20-jeunes-de-de-35-ans-envisagent-de-changer-demploi-2021\/","title":{"rendered":"Epanouissement au travail : 20% des jeunes de moins de 35 ans envisagent de changer d&#8217;emploi en 2021."},"content":{"rendered":"<p>Les jeunes sont extr\u00eamement importants pour le march\u00e9 du travail et pour l&rsquo;\u00e9conomie. Nous avons d\u00e9sesp\u00e9r\u00e9ment besoin des jeunes travailleurs d&rsquo;aujourd&rsquo;hui pour garantir l&rsquo;avenir de nos entreprises. Malheureusement, ils ne sont pas enti\u00e8rement heureux sur leur lieu de travail. Un jeune sur cinq envisage m\u00eame de changer d&#8217;emploi cette ann\u00e9e. C&rsquo;est ce qui ressort d&rsquo;une \u00e9tude1 r\u00e9alis\u00e9e par Hallelujah en collaboration avec iVOX.<!--more--><\/p>\n<p>La bonne nouvelle est que 56 % des personnes interrog\u00e9es, quel que soit leur \u00e2ge, sont assez ou tr\u00e8s satisfaites de leur emploi actuel. Cependant, il existe de grandes diff\u00e9rences dans le niveau de satisfaction entre les cat\u00e9gories d&rsquo;\u00e2ge. Pr\u00e8s de 66 % des employ\u00e9s de plus de 55 ans ont une note de satisfaction de 8 ou plus sur 10. Pour les employ\u00e9s de moins de 35 ans, ce pourcentage n&rsquo;est que de 46 %. La moins bonne nouvelle est que 10 % des personnes interrog\u00e9es, \u00e2g\u00e9es de moins de 35 ans, ont indiqu\u00e9 qu&rsquo;elles \u00e9taient rarement ou jamais motiv\u00e9es au travail. C&rsquo;est deux fois plus que pour les salari\u00e9s de plus de 35 ans.<\/p>\n<p>Lors de l&rsquo;analyse de la recherche, les employ\u00e9s ont \u00e9t\u00e9 divis\u00e9s en 3 groupes d&rsquo;\u00e2ge : les employ\u00e9s de moins de 35 ans, les employ\u00e9s entre 35 et 54 ans et enfin les employ\u00e9s de 55 ans et plus. Il est clair que le groupe le plus \u00e2g\u00e9 est satisfait de son emploi et aime aller au travail. Ils trouvent que leur travail a du sens, peuvent \u00eatre eux-m\u00eames sur leur lieu de travail et se sentent comp\u00e9tents.<\/p>\n<p><em>\u00ab\u00a0Les personnes \u00e2g\u00e9es se sentent mieux dans leur peau, savent mieux ce qu&rsquo;elles veulent et, au fil des ans, ont r\u00e9ussi \u00e0 mieux adapter leur travail \u00e0 leurs talents et \u00e0 leurs besoins\u00a0\u00bb<\/em>, explique Karolien Hendrikx, docteur \u00e0 l&rsquo;universit\u00e9 d&rsquo;Hasselt et responsable scientifique d&rsquo;Hallelujah.<\/p>\n<p><strong><em>A la recherche d&rsquo;un nouvel emploi ?<\/em><\/strong><\/p>\n<p>Pas moins d&rsquo;un travailleur de moins de 35 ans sur cinq envisage \u00e9galement de changer d&#8217;emploi en 2021. Ce pourcentage est plus de deux fois sup\u00e9rieur \u00e0 celui des personnes \u00e2g\u00e9es de 55 ans et plus, dont seulement 10 % environ souhaitent changer d&#8217;emploi en 2021.<\/p>\n<p>Karolien Hendrikx met en garde : <em>\u00ab\u00a0Pendant la crise du coronavirus, beaucoup de gens ont eu le temps de r\u00e9fl\u00e9chir davantage au contenu de leur emploi actuel. Les entreprises qui recherchent de nouveaux talents ne doivent pas oublier de continuer \u00e0 cultiver et \u00e0 valoriser leurs talents actuels. Bien s\u00fbr, cela implique les diff\u00e9rentes g\u00e9n\u00e9rations sur le lieu de travail, car les jeunes employ\u00e9s ont des besoins diff\u00e9rents de ceux des employ\u00e9s plus \u00e2g\u00e9s\u00a0\u00bb.<\/em><\/p>\n<p>Quels sont donc les besoins des jeunes employ\u00e9s ? L\u2019\u00e9tude r\u00e9alis\u00e9e par Hallelujah r\u00e9v\u00e8le qu&rsquo;ils accordent une importance primordiale au d\u00e9veloppement personnel : ils veulent avoir la possibilit\u00e9 d&rsquo;\u00e9voluer dans leur emploi actuel. En tant que manager, que pouvez-vous faire d&rsquo;autre pour engager vos employ\u00e9s et augmenter la fid\u00e9lisation ?<\/p>\n<p><em>\u00ab\u00a0Trouver le bonheur au travail peut d\u00e9pendre de nombreux \u00e9l\u00e9ments et est diff\u00e9rent selon les employ\u00e9s dans ce qu&rsquo;ils consid\u00e8rent comme important\u00a0\u00bb,<\/em> explique Dieter De Vos, directeur d&rsquo;Hallelujah. <em>\u00ab\u00a0Les employ\u00e9s, quel que soit leur \u00e2ge, trouvent important la reconnaissance de leur travail. Il est \u00e9galement important pour les entreprises de mettre au point un plan de fid\u00e9lisation qui fait le point sur les diff\u00e9rentes g\u00e9n\u00e9rations. Nous savons d\u00e9j\u00e0 que le d\u00e9veloppement personnel est l&rsquo;un des facteurs de motivation les plus importants pour le groupe des jeunes employ\u00e9s. Les employ\u00e9s plus \u00e2g\u00e9s, en revanche, attachent plus d&rsquo;importance \u00e0 un lieu de travail adapt\u00e9\u00a0\u00bb.<\/em><\/p>\n<p>&nbsp;<\/p>\n<p><em>Source : \u00e9tude r\u00e9alis\u00e9e par Hallelujah en collaboration avec iVOX. Dans cette \u00e9tude, tant les employ\u00e9s que les employeurs ont \u00e9t\u00e9 interrog\u00e9s dans des organisations comptant au moins 10 employ\u00e9s. Du c\u00f4t\u00e9 des employ\u00e9s, un \u00e9chantillon repr\u00e9sentatif de 1 080 Belges actifs, d&rsquo;\u00e2ges et de milieux diff\u00e9rents et actifs dans divers secteurs, a \u00e9t\u00e9 interrog\u00e9. Du c\u00f4t\u00e9 des employeurs, nous avons interrog\u00e9 un \u00e9chantillon de 251 membres de la direction ayant un pouvoir de d\u00e9cision strat\u00e9gique important dans le domaine de la politique RH.<\/em><\/p>\n","protected":false},"excerpt":{"rendered":"<p>Les jeunes sont extr\u00eamement importants pour le march\u00e9 du travail et pour l&rsquo;\u00e9conomie. Nous avons d\u00e9sesp\u00e9r\u00e9ment besoin des jeunes travailleurs d&rsquo;aujourd&rsquo;hui pour garantir l&rsquo;avenir de nos entreprises. Malheureusement, ils ne sont pas enti\u00e8rement heureux sur leur lieu de travail. Un [&hellip;]<\/p>\n","protected":false},"author":2,"featured_media":0,"comment_status":"closed","ping_status":"open","sticky":false,"template":"","format":"standard","meta":[],"categories":[65,10],"tags":[1253,153,1379,299],"yoast_head":"<!-- This site is optimized with the Yoast SEO plugin v21.0 - https:\/\/yoast.com\/wordpress\/plugins\/seo\/ -->\n<title>Epanouissement au travail : 20% des jeunes de moins de 35 ans envisagent de changer d&#039;emploi en 2021. - Peoplesphere<\/title>\n<meta name=\"robots\" content=\"index, follow, max-snippet:-1, max-image-preview:large, max-video-preview:-1\" \/>\n<link rel=\"canonical\" href=\"https:\/\/peoplesphere.be\/fr\/epanouissement-travail-20-jeunes-de-de-35-ans-envisagent-de-changer-demploi-2021\/\" \/>\n<meta property=\"og:locale\" content=\"fr_FR\" \/>\n<meta property=\"og:type\" content=\"article\" \/>\n<meta property=\"og:title\" content=\"Epanouissement au travail : 20% des jeunes de moins de 35 ans envisagent de changer d&#039;emploi en 2021. - Peoplesphere\" \/>\n<meta property=\"og:description\" content=\"Les jeunes sont extr\u00eamement importants pour le march\u00e9 du travail et pour l&rsquo;\u00e9conomie. Nous avons d\u00e9sesp\u00e9r\u00e9ment besoin des jeunes travailleurs d&rsquo;aujourd&rsquo;hui pour garantir l&rsquo;avenir de nos entreprises. Malheureusement, ils ne sont pas enti\u00e8rement heureux sur leur lieu de travail. Un [&hellip;]\" \/>\n<meta property=\"og:url\" content=\"https:\/\/peoplesphere.be\/fr\/epanouissement-travail-20-jeunes-de-de-35-ans-envisagent-de-changer-demploi-2021\/\" \/>\n<meta property=\"og:site_name\" content=\"Peoplesphere\" \/>\n<meta property=\"article:publisher\" content=\"https:\/\/www.facebook.com\/peoplesphere\" \/>\n<meta property=\"article:published_time\" content=\"2021-07-06T02:46:19+00:00\" \/>\n<meta property=\"og:image\" content=\"http:\/\/www.peoplesphere.be\/fr\/wp-content\/uploads\/2016\/07\/facebook-default-posting-1200x628px.jpg\" \/>\n<meta name=\"author\" content=\"Jean-Paul Erhard\" \/>\n<meta name=\"twitter:card\" content=\"summary_large_image\" \/>\n<meta name=\"twitter:creator\" content=\"@PeoplesphereMag\" \/>\n<meta name=\"twitter:site\" content=\"@PeoplesphereMag\" \/>\n<meta name=\"twitter:label1\" content=\"\u00c9crit par\" \/>\n\t<meta name=\"twitter:data1\" content=\"Jean-Paul Erhard\" \/>\n\t<meta name=\"twitter:label2\" content=\"Dur\u00e9e de lecture estim\u00e9e\" \/>\n\t<meta name=\"twitter:data2\" content=\"4 minutes\" \/>\n<script type=\"application\/ld+json\" class=\"yoast-schema-graph\">{\"@context\":\"https:\/\/schema.org\",\"@graph\":[{\"@type\":\"Article\",\"@id\":\"https:\/\/peoplesphere.be\/fr\/epanouissement-travail-20-jeunes-de-de-35-ans-envisagent-de-changer-demploi-2021\/#article\",\"isPartOf\":{\"@id\":\"https:\/\/peoplesphere.be\/fr\/epanouissement-travail-20-jeunes-de-de-35-ans-envisagent-de-changer-demploi-2021\/\"},\"author\":{\"name\":\"Jean-Paul Erhard\",\"@id\":\"https:\/\/peoplesphere.be\/fr\/#\/schema\/person\/7976225ff17988604334abb7b3536a7e\"},\"headline\":\"Epanouissement au travail : 20% des jeunes de moins de 35 ans envisagent de changer d&#8217;emploi en 2021.\",\"datePublished\":\"2021-07-06T02:46:19+00:00\",\"dateModified\":\"2021-07-06T02:46:19+00:00\",\"mainEntityOfPage\":{\"@id\":\"https:\/\/peoplesphere.be\/fr\/epanouissement-travail-20-jeunes-de-de-35-ans-envisagent-de-changer-demploi-2021\/\"},\"wordCount\":717,\"publisher\":{\"@id\":\"https:\/\/peoplesphere.be\/fr\/#organization\"},\"keywords\":[\"bien-\u00eatre au travail\",\"bonheur au travail\",\"mobilit\u00e9 professionnelle\",\"r\u00e9tention\"],\"articleSection\":[\"Actualit\u00e9s\",\"Digital\"],\"inLanguage\":\"fr-FR\"},{\"@type\":\"WebPage\",\"@id\":\"https:\/\/peoplesphere.be\/fr\/epanouissement-travail-20-jeunes-de-de-35-ans-envisagent-de-changer-demploi-2021\/\",\"url\":\"https:\/\/peoplesphere.be\/fr\/epanouissement-travail-20-jeunes-de-de-35-ans-envisagent-de-changer-demploi-2021\/\",\"name\":\"Epanouissement au travail : 20% des jeunes de moins de 35 ans envisagent de changer d'emploi en 2021. - Peoplesphere\",\"isPartOf\":{\"@id\":\"https:\/\/peoplesphere.be\/fr\/#website\"},\"datePublished\":\"2021-07-06T02:46:19+00:00\",\"dateModified\":\"2021-07-06T02:46:19+00:00\",\"breadcrumb\":{\"@id\":\"https:\/\/peoplesphere.be\/fr\/epanouissement-travail-20-jeunes-de-de-35-ans-envisagent-de-changer-demploi-2021\/#breadcrumb\"},\"inLanguage\":\"fr-FR\",\"potentialAction\":[{\"@type\":\"ReadAction\",\"target\":[\"https:\/\/peoplesphere.be\/fr\/epanouissement-travail-20-jeunes-de-de-35-ans-envisagent-de-changer-demploi-2021\/\"]}]},{\"@type\":\"BreadcrumbList\",\"@id\":\"https:\/\/peoplesphere.be\/fr\/epanouissement-travail-20-jeunes-de-de-35-ans-envisagent-de-changer-demploi-2021\/#breadcrumb\",\"itemListElement\":[{\"@type\":\"ListItem\",\"position\":1,\"name\":\"Accueil\",\"item\":\"https:\/\/peoplesphere.be\/fr\/\"},{\"@type\":\"ListItem\",\"position\":2,\"name\":\"Epanouissement au travail : 20% des jeunes de moins de 35 ans envisagent de changer d&#8217;emploi en 2021.\"}]},{\"@type\":\"WebSite\",\"@id\":\"https:\/\/peoplesphere.be\/fr\/#website\",\"url\":\"https:\/\/peoplesphere.be\/fr\/\",\"name\":\"Peoplesphere\",\"description\":\"The People Managers Magazine\",\"publisher\":{\"@id\":\"https:\/\/peoplesphere.be\/fr\/#organization\"},\"potentialAction\":[{\"@type\":\"SearchAction\",\"target\":{\"@type\":\"EntryPoint\",\"urlTemplate\":\"https:\/\/peoplesphere.be\/fr\/?s={search_term_string}\"},\"query-input\":\"required name=search_term_string\"}],\"inLanguage\":\"fr-FR\"},{\"@type\":\"Organization\",\"@id\":\"https:\/\/peoplesphere.be\/fr\/#organization\",\"name\":\"Peoplesphere Company srl\",\"url\":\"https:\/\/peoplesphere.be\/fr\/\",\"logo\":{\"@type\":\"ImageObject\",\"inLanguage\":\"fr-FR\",\"@id\":\"https:\/\/peoplesphere.be\/fr\/#\/schema\/logo\/image\/\",\"url\":\"https:\/\/peoplesphere.be\/fr\/wp-content\/uploads\/2023\/07\/peoplesphere-lgo-new-generik.jpg\",\"contentUrl\":\"https:\/\/peoplesphere.be\/fr\/wp-content\/uploads\/2023\/07\/peoplesphere-lgo-new-generik.jpg\",\"width\":1031,\"height\":1479,\"caption\":\"Peoplesphere Company srl\"},\"image\":{\"@id\":\"https:\/\/peoplesphere.be\/fr\/#\/schema\/logo\/image\/\"},\"sameAs\":[\"https:\/\/www.facebook.com\/peoplesphere\",\"https:\/\/twitter.com\/PeoplesphereMag\",\"https:\/\/www.linkedin.com\/company\/7587361?trk\",\"http:\/\/youtube.com\/peoplesphere\"]},{\"@type\":\"Person\",\"@id\":\"https:\/\/peoplesphere.be\/fr\/#\/schema\/person\/7976225ff17988604334abb7b3536a7e\",\"name\":\"Jean-Paul Erhard\",\"image\":{\"@type\":\"ImageObject\",\"inLanguage\":\"fr-FR\",\"@id\":\"https:\/\/peoplesphere.be\/fr\/#\/schema\/person\/image\/\",\"url\":\"https:\/\/secure.gravatar.com\/avatar\/f941e681460179738071629a51574930?s=96&d=mm&r=g\",\"contentUrl\":\"https:\/\/secure.gravatar.com\/avatar\/f941e681460179738071629a51574930?s=96&d=mm&r=g\",\"caption\":\"Jean-Paul Erhard\"},\"url\":\"https:\/\/peoplesphere.be\/fr\/author\/jpe\/\"}]}<\/script>\n<!-- \/ Yoast SEO plugin. -->","yoast_head_json":{"title":"Epanouissement au travail : 20% des jeunes de moins de 35 ans envisagent de changer d'emploi en 2021. - Peoplesphere","robots":{"index":"index","follow":"follow","max-snippet":"max-snippet:-1","max-image-preview":"max-image-preview:large","max-video-preview":"max-video-preview:-1"},"canonical":"https:\/\/peoplesphere.be\/fr\/epanouissement-travail-20-jeunes-de-de-35-ans-envisagent-de-changer-demploi-2021\/","og_locale":"fr_FR","og_type":"article","og_title":"Epanouissement au travail : 20% des jeunes de moins de 35 ans envisagent de changer d'emploi en 2021. - Peoplesphere","og_description":"Les jeunes sont extr\u00eamement importants pour le march\u00e9 du travail et pour l&rsquo;\u00e9conomie. Nous avons d\u00e9sesp\u00e9r\u00e9ment besoin des jeunes travailleurs d&rsquo;aujourd&rsquo;hui pour garantir l&rsquo;avenir de nos entreprises. Malheureusement, ils ne sont pas enti\u00e8rement heureux sur leur lieu de travail. Un [&hellip;]","og_url":"https:\/\/peoplesphere.be\/fr\/epanouissement-travail-20-jeunes-de-de-35-ans-envisagent-de-changer-demploi-2021\/","og_site_name":"Peoplesphere","article_publisher":"https:\/\/www.facebook.com\/peoplesphere","article_published_time":"2021-07-06T02:46:19+00:00","og_image":[{"url":"http:\/\/www.peoplesphere.be\/fr\/wp-content\/uploads\/2016\/07\/facebook-default-posting-1200x628px.jpg"}],"author":"Jean-Paul Erhard","twitter_card":"summary_large_image","twitter_creator":"@PeoplesphereMag","twitter_site":"@PeoplesphereMag","twitter_misc":{"\u00c9crit par":"Jean-Paul Erhard","Dur\u00e9e de lecture estim\u00e9e":"4 minutes"},"schema":{"@context":"https:\/\/schema.org","@graph":[{"@type":"Article","@id":"https:\/\/peoplesphere.be\/fr\/epanouissement-travail-20-jeunes-de-de-35-ans-envisagent-de-changer-demploi-2021\/#article","isPartOf":{"@id":"https:\/\/peoplesphere.be\/fr\/epanouissement-travail-20-jeunes-de-de-35-ans-envisagent-de-changer-demploi-2021\/"},"author":{"name":"Jean-Paul Erhard","@id":"https:\/\/peoplesphere.be\/fr\/#\/schema\/person\/7976225ff17988604334abb7b3536a7e"},"headline":"Epanouissement au travail : 20% des jeunes de moins de 35 ans envisagent de changer d&#8217;emploi en 2021.","datePublished":"2021-07-06T02:46:19+00:00","dateModified":"2021-07-06T02:46:19+00:00","mainEntityOfPage":{"@id":"https:\/\/peoplesphere.be\/fr\/epanouissement-travail-20-jeunes-de-de-35-ans-envisagent-de-changer-demploi-2021\/"},"wordCount":717,"publisher":{"@id":"https:\/\/peoplesphere.be\/fr\/#organization"},"keywords":["bien-\u00eatre au travail","bonheur au travail","mobilit\u00e9 professionnelle","r\u00e9tention"],"articleSection":["Actualit\u00e9s","Digital"],"inLanguage":"fr-FR"},{"@type":"WebPage","@id":"https:\/\/peoplesphere.be\/fr\/epanouissement-travail-20-jeunes-de-de-35-ans-envisagent-de-changer-demploi-2021\/","url":"https:\/\/peoplesphere.be\/fr\/epanouissement-travail-20-jeunes-de-de-35-ans-envisagent-de-changer-demploi-2021\/","name":"Epanouissement au travail : 20% des jeunes de moins de 35 ans envisagent de changer d'emploi en 2021. - Peoplesphere","isPartOf":{"@id":"https:\/\/peoplesphere.be\/fr\/#website"},"datePublished":"2021-07-06T02:46:19+00:00","dateModified":"2021-07-06T02:46:19+00:00","breadcrumb":{"@id":"https:\/\/peoplesphere.be\/fr\/epanouissement-travail-20-jeunes-de-de-35-ans-envisagent-de-changer-demploi-2021\/#breadcrumb"},"inLanguage":"fr-FR","potentialAction":[{"@type":"ReadAction","target":["https:\/\/peoplesphere.be\/fr\/epanouissement-travail-20-jeunes-de-de-35-ans-envisagent-de-changer-demploi-2021\/"]}]},{"@type":"BreadcrumbList","@id":"https:\/\/peoplesphere.be\/fr\/epanouissement-travail-20-jeunes-de-de-35-ans-envisagent-de-changer-demploi-2021\/#breadcrumb","itemListElement":[{"@type":"ListItem","position":1,"name":"Accueil","item":"https:\/\/peoplesphere.be\/fr\/"},{"@type":"ListItem","position":2,"name":"Epanouissement au travail : 20% des jeunes de moins de 35 ans envisagent de changer d&#8217;emploi en 2021."}]},{"@type":"WebSite","@id":"https:\/\/peoplesphere.be\/fr\/#website","url":"https:\/\/peoplesphere.be\/fr\/","name":"Peoplesphere","description":"The People Managers Magazine","publisher":{"@id":"https:\/\/peoplesphere.be\/fr\/#organization"},"potentialAction":[{"@type":"SearchAction","target":{"@type":"EntryPoint","urlTemplate":"https:\/\/peoplesphere.be\/fr\/?s={search_term_string}"},"query-input":"required name=search_term_string"}],"inLanguage":"fr-FR"},{"@type":"Organization","@id":"https:\/\/peoplesphere.be\/fr\/#organization","name":"Peoplesphere Company srl","url":"https:\/\/peoplesphere.be\/fr\/","logo":{"@type":"ImageObject","inLanguage":"fr-FR","@id":"https:\/\/peoplesphere.be\/fr\/#\/schema\/logo\/image\/","url":"https:\/\/peoplesphere.be\/fr\/wp-content\/uploads\/2023\/07\/peoplesphere-lgo-new-generik.jpg","contentUrl":"https:\/\/peoplesphere.be\/fr\/wp-content\/uploads\/2023\/07\/peoplesphere-lgo-new-generik.jpg","width":1031,"height":1479,"caption":"Peoplesphere Company srl"},"image":{"@id":"https:\/\/peoplesphere.be\/fr\/#\/schema\/logo\/image\/"},"sameAs":["https:\/\/www.facebook.com\/peoplesphere","https:\/\/twitter.com\/PeoplesphereMag","https:\/\/www.linkedin.com\/company\/7587361?trk","http:\/\/youtube.com\/peoplesphere"]},{"@type":"Person","@id":"https:\/\/peoplesphere.be\/fr\/#\/schema\/person\/7976225ff17988604334abb7b3536a7e","name":"Jean-Paul Erhard","image":{"@type":"ImageObject","inLanguage":"fr-FR","@id":"https:\/\/peoplesphere.be\/fr\/#\/schema\/person\/image\/","url":"https:\/\/secure.gravatar.com\/avatar\/f941e681460179738071629a51574930?s=96&d=mm&r=g","contentUrl":"https:\/\/secure.gravatar.com\/avatar\/f941e681460179738071629a51574930?s=96&d=mm&r=g","caption":"Jean-Paul Erhard"},"url":"https:\/\/peoplesphere.be\/fr\/author\/jpe\/"}]}},"_links":{"self":[{"href":"https:\/\/peoplesphere.be\/fr\/wp-json\/wp\/v2\/posts\/11543"}],"collection":[{"href":"https:\/\/peoplesphere.be\/fr\/wp-json\/wp\/v2\/posts"}],"about":[{"href":"https:\/\/peoplesphere.be\/fr\/wp-json\/wp\/v2\/types\/post"}],"author":[{"embeddable":true,"href":"https:\/\/peoplesphere.be\/fr\/wp-json\/wp\/v2\/users\/2"}],"replies":[{"embeddable":true,"href":"https:\/\/peoplesphere.be\/fr\/wp-json\/wp\/v2\/comments?post=11543"}],"version-history":[{"count":1,"href":"https:\/\/peoplesphere.be\/fr\/wp-json\/wp\/v2\/posts\/11543\/revisions"}],"predecessor-version":[{"id":11544,"href":"https:\/\/peoplesphere.be\/fr\/wp-json\/wp\/v2\/posts\/11543\/revisions\/11544"}],"wp:attachment":[{"href":"https:\/\/peoplesphere.be\/fr\/wp-json\/wp\/v2\/media?parent=11543"}],"wp:term":[{"taxonomy":"category","embeddable":true,"href":"https:\/\/peoplesphere.be\/fr\/wp-json\/wp\/v2\/categories?post=11543"},{"taxonomy":"post_tag","embeddable":true,"href":"https:\/\/peoplesphere.be\/fr\/wp-json\/wp\/v2\/tags?post=11543"}],"curies":[{"name":"wp","href":"https:\/\/api.w.org\/{rel}","templated":true}]}}