









{"id":11610,"date":"2021-07-21T17:32:25","date_gmt":"2021-07-21T15:32:25","guid":{"rendered":"https:\/\/peoplesphere.be\/fr\/?p=11610"},"modified":"2021-07-21T17:32:25","modified_gmt":"2021-07-21T15:32:25","slug":"prolongation-extension-de-mesure-de-crise-120-heures-supplementaires-volontaires","status":"publish","type":"post","link":"https:\/\/peoplesphere.be\/fr\/prolongation-extension-de-mesure-de-crise-120-heures-supplementaires-volontaires\/","title":{"rendered":"Prolongation et extension de la mesure de crise des 120 heures suppl\u00e9mentaires volontaires."},"content":{"rendered":"<p>Sur proposition du ministre des Affaires sociales Frank Vandenbroucke, le Conseil des ministres a approuv\u00e9 un projet d&rsquo;arr\u00eat\u00e9 royal qui vise \u00e0 prolonger, et \u00e0 \u00e9tendre aux secteurs non essentiels, la mesure de crise des 120 heures suppl\u00e9mentaires volontaires pour les secteurs essentiels.<!--more--><\/p>\n<p>Le projet vise \u00e0 prolonger la mesure de crise des 120 heures suppl\u00e9mentaires volontaires pour les secteurs essentiels et \u00e0 l&rsquo;\u00e9tendre aux secteurs non essentiels. Les heures suppl\u00e9mentaires volontaires, demand\u00e9es sur la base de l&rsquo;accord social du 25 juin 2021, sont appel\u00e9es \u00ab\u00a0heures de relance\u00a0\u00bb.<\/p>\n<p>Pour 2021, sont exclues de la notion de r\u00e9mun\u00e9ration en s\u00e9curit\u00e9 sociale :<\/p>\n<ul>\n<li>les 120 heures suppl\u00e9mentaires volontaires effectu\u00e9es au quatri\u00e8me trimestre de 2021 dans les secteurs essentiels. Toutefois, il ne s&rsquo;agit que du solde des heures suppl\u00e9mentaires volontaires. Les heures suppl\u00e9mentaires volontaires d\u00e9j\u00e0 effectu\u00e9es dans ce cadre en 2021 doivent \u00eatre d\u00e9duites du contingent d&rsquo;heures suppl\u00e9mentaires volontaires restant \u00e0 effectuer en 2021<\/li>\n<li>les 120 heures suppl\u00e9mentaires volontaires effectu\u00e9es \u00e0 partir du 1er juillet 2021 dans les secteurs non-essentiels<\/li>\n<\/ul>\n<p>Pour 2022, les 120 heures suppl\u00e9mentaires volontaires effectu\u00e9es jusqu\u2019au 31 d\u00e9cembre 2022 inclus dans tous les secteurs, sans distinction entre les secteurs essentiels et non-essentiels, sont exclues de la notion de r\u00e9mun\u00e9ration en s\u00e9curit\u00e9 sociale.<\/p>\n<p>Le projet est transmis pour avis au Conseil d&rsquo;Etat.<\/p>\n<p><em>Source : Cabinet de Frank Vandenbroucke, Vice-Premier ministre et ministre des Affaires sociales et de la Sant\u00e9 publique &#8211; Projet d\u2019arr\u00eat\u00e9 royal portant modification de l\u2019article 19, \u00a7 2, de l\u2019arr\u00eat\u00e9 royal du 28 novembre 1969 pris en ex\u00e9cution de la loi du 27 juin 1969 r\u00e9visant l\u2019arr\u00eat\u00e9-loi du 28 d\u00e9cembre 1944 concernant la s\u00e9curit\u00e9 sociale des travailleurs<\/em><\/p>\n","protected":false},"excerpt":{"rendered":"<p>Sur proposition du ministre des Affaires sociales Frank Vandenbroucke, le Conseil des ministres a approuv\u00e9 un projet d&rsquo;arr\u00eat\u00e9 royal qui vise \u00e0 prolonger, et \u00e0 \u00e9tendre aux secteurs non essentiels, la mesure de crise des 120 heures suppl\u00e9mentaires volontaires pour [&hellip;]<\/p>\n","protected":false},"author":2,"featured_media":0,"comment_status":"closed","ping_status":"open","sticky":false,"template":"","format":"standard","meta":[],"categories":[65,10],"tags":[2947,915,30],"yoast_head":"<!-- This site is optimized with the Yoast SEO plugin v21.0 - https:\/\/yoast.com\/wordpress\/plugins\/seo\/ -->\n<title>Prolongation et extension de la mesure de crise des 120 heures suppl\u00e9mentaires volontaires. - Peoplesphere<\/title>\n<meta name=\"robots\" content=\"index, follow, max-snippet:-1, max-image-preview:large, max-video-preview:-1\" \/>\n<link rel=\"canonical\" href=\"https:\/\/peoplesphere.be\/fr\/prolongation-extension-de-mesure-de-crise-120-heures-supplementaires-volontaires\/\" \/>\n<meta property=\"og:locale\" content=\"fr_FR\" \/>\n<meta property=\"og:type\" content=\"article\" \/>\n<meta property=\"og:title\" content=\"Prolongation et extension de la mesure de crise des 120 heures suppl\u00e9mentaires volontaires. - Peoplesphere\" \/>\n<meta property=\"og:description\" content=\"Sur proposition du ministre des Affaires sociales Frank Vandenbroucke, le Conseil des ministres a approuv\u00e9 un projet d&rsquo;arr\u00eat\u00e9 royal qui vise \u00e0 prolonger, et \u00e0 \u00e9tendre aux secteurs non essentiels, la mesure de crise des 120 heures suppl\u00e9mentaires volontaires pour [&hellip;]\" \/>\n<meta property=\"og:url\" content=\"https:\/\/peoplesphere.be\/fr\/prolongation-extension-de-mesure-de-crise-120-heures-supplementaires-volontaires\/\" \/>\n<meta property=\"og:site_name\" content=\"Peoplesphere\" \/>\n<meta property=\"article:publisher\" content=\"https:\/\/www.facebook.com\/peoplesphere\" \/>\n<meta property=\"article:published_time\" content=\"2021-07-21T15:32:25+00:00\" \/>\n<meta property=\"og:image\" content=\"http:\/\/www.peoplesphere.be\/fr\/wp-content\/uploads\/2016\/07\/facebook-default-posting-1200x628px.jpg\" \/>\n<meta name=\"author\" content=\"Jean-Paul Erhard\" \/>\n<meta name=\"twitter:card\" content=\"summary_large_image\" \/>\n<meta name=\"twitter:creator\" content=\"@PeoplesphereMag\" \/>\n<meta name=\"twitter:site\" content=\"@PeoplesphereMag\" \/>\n<meta name=\"twitter:label1\" content=\"\u00c9crit par\" \/>\n\t<meta name=\"twitter:data1\" content=\"Jean-Paul Erhard\" \/>\n\t<meta name=\"twitter:label2\" content=\"Dur\u00e9e de lecture estim\u00e9e\" \/>\n\t<meta name=\"twitter:data2\" content=\"1 minute\" \/>\n<script type=\"application\/ld+json\" class=\"yoast-schema-graph\">{\"@context\":\"https:\/\/schema.org\",\"@graph\":[{\"@type\":\"Article\",\"@id\":\"https:\/\/peoplesphere.be\/fr\/prolongation-extension-de-mesure-de-crise-120-heures-supplementaires-volontaires\/#article\",\"isPartOf\":{\"@id\":\"https:\/\/peoplesphere.be\/fr\/prolongation-extension-de-mesure-de-crise-120-heures-supplementaires-volontaires\/\"},\"author\":{\"name\":\"Jean-Paul Erhard\",\"@id\":\"https:\/\/peoplesphere.be\/fr\/#\/schema\/person\/7976225ff17988604334abb7b3536a7e\"},\"headline\":\"Prolongation et extension de la mesure de crise des 120 heures suppl\u00e9mentaires volontaires.\",\"datePublished\":\"2021-07-21T15:32:25+00:00\",\"dateModified\":\"2021-07-21T15:32:25+00:00\",\"mainEntityOfPage\":{\"@id\":\"https:\/\/peoplesphere.be\/fr\/prolongation-extension-de-mesure-de-crise-120-heures-supplementaires-volontaires\/\"},\"wordCount\":290,\"publisher\":{\"@id\":\"https:\/\/peoplesphere.be\/fr\/#organization\"},\"keywords\":[\"coronavirus\",\"heures suppl\u00e9mentaires\",\"r\u00e9mun\u00e9ration\"],\"articleSection\":[\"Actualit\u00e9s\",\"Digital\"],\"inLanguage\":\"fr-FR\"},{\"@type\":\"WebPage\",\"@id\":\"https:\/\/peoplesphere.be\/fr\/prolongation-extension-de-mesure-de-crise-120-heures-supplementaires-volontaires\/\",\"url\":\"https:\/\/peoplesphere.be\/fr\/prolongation-extension-de-mesure-de-crise-120-heures-supplementaires-volontaires\/\",\"name\":\"Prolongation et extension de la mesure de crise des 120 heures suppl\u00e9mentaires volontaires. - Peoplesphere\",\"isPartOf\":{\"@id\":\"https:\/\/peoplesphere.be\/fr\/#website\"},\"datePublished\":\"2021-07-21T15:32:25+00:00\",\"dateModified\":\"2021-07-21T15:32:25+00:00\",\"breadcrumb\":{\"@id\":\"https:\/\/peoplesphere.be\/fr\/prolongation-extension-de-mesure-de-crise-120-heures-supplementaires-volontaires\/#breadcrumb\"},\"inLanguage\":\"fr-FR\",\"potentialAction\":[{\"@type\":\"ReadAction\",\"target\":[\"https:\/\/peoplesphere.be\/fr\/prolongation-extension-de-mesure-de-crise-120-heures-supplementaires-volontaires\/\"]}]},{\"@type\":\"BreadcrumbList\",\"@id\":\"https:\/\/peoplesphere.be\/fr\/prolongation-extension-de-mesure-de-crise-120-heures-supplementaires-volontaires\/#breadcrumb\",\"itemListElement\":[{\"@type\":\"ListItem\",\"position\":1,\"name\":\"Accueil\",\"item\":\"https:\/\/peoplesphere.be\/fr\/\"},{\"@type\":\"ListItem\",\"position\":2,\"name\":\"Prolongation et extension de la mesure de crise des 120 heures suppl\u00e9mentaires volontaires.\"}]},{\"@type\":\"WebSite\",\"@id\":\"https:\/\/peoplesphere.be\/fr\/#website\",\"url\":\"https:\/\/peoplesphere.be\/fr\/\",\"name\":\"Peoplesphere\",\"description\":\"The People Managers Magazine\",\"publisher\":{\"@id\":\"https:\/\/peoplesphere.be\/fr\/#organization\"},\"potentialAction\":[{\"@type\":\"SearchAction\",\"target\":{\"@type\":\"EntryPoint\",\"urlTemplate\":\"https:\/\/peoplesphere.be\/fr\/?s={search_term_string}\"},\"query-input\":\"required name=search_term_string\"}],\"inLanguage\":\"fr-FR\"},{\"@type\":\"Organization\",\"@id\":\"https:\/\/peoplesphere.be\/fr\/#organization\",\"name\":\"Peoplesphere Company srl\",\"url\":\"https:\/\/peoplesphere.be\/fr\/\",\"logo\":{\"@type\":\"ImageObject\",\"inLanguage\":\"fr-FR\",\"@id\":\"https:\/\/peoplesphere.be\/fr\/#\/schema\/logo\/image\/\",\"url\":\"https:\/\/peoplesphere.be\/fr\/wp-content\/uploads\/2023\/07\/peoplesphere-lgo-new-generik.jpg\",\"contentUrl\":\"https:\/\/peoplesphere.be\/fr\/wp-content\/uploads\/2023\/07\/peoplesphere-lgo-new-generik.jpg\",\"width\":1031,\"height\":1479,\"caption\":\"Peoplesphere Company srl\"},\"image\":{\"@id\":\"https:\/\/peoplesphere.be\/fr\/#\/schema\/logo\/image\/\"},\"sameAs\":[\"https:\/\/www.facebook.com\/peoplesphere\",\"https:\/\/twitter.com\/PeoplesphereMag\",\"https:\/\/www.linkedin.com\/company\/7587361?trk\",\"http:\/\/youtube.com\/peoplesphere\"]},{\"@type\":\"Person\",\"@id\":\"https:\/\/peoplesphere.be\/fr\/#\/schema\/person\/7976225ff17988604334abb7b3536a7e\",\"name\":\"Jean-Paul Erhard\",\"image\":{\"@type\":\"ImageObject\",\"inLanguage\":\"fr-FR\",\"@id\":\"https:\/\/peoplesphere.be\/fr\/#\/schema\/person\/image\/\",\"url\":\"https:\/\/secure.gravatar.com\/avatar\/f941e681460179738071629a51574930?s=96&d=mm&r=g\",\"contentUrl\":\"https:\/\/secure.gravatar.com\/avatar\/f941e681460179738071629a51574930?s=96&d=mm&r=g\",\"caption\":\"Jean-Paul Erhard\"},\"url\":\"https:\/\/peoplesphere.be\/fr\/author\/jpe\/\"}]}<\/script>\n<!-- \/ Yoast SEO plugin. -->","yoast_head_json":{"title":"Prolongation et extension de la mesure de crise des 120 heures suppl\u00e9mentaires volontaires. - Peoplesphere","robots":{"index":"index","follow":"follow","max-snippet":"max-snippet:-1","max-image-preview":"max-image-preview:large","max-video-preview":"max-video-preview:-1"},"canonical":"https:\/\/peoplesphere.be\/fr\/prolongation-extension-de-mesure-de-crise-120-heures-supplementaires-volontaires\/","og_locale":"fr_FR","og_type":"article","og_title":"Prolongation et extension de la mesure de crise des 120 heures suppl\u00e9mentaires volontaires. - Peoplesphere","og_description":"Sur proposition du ministre des Affaires sociales Frank Vandenbroucke, le Conseil des ministres a approuv\u00e9 un projet d&rsquo;arr\u00eat\u00e9 royal qui vise \u00e0 prolonger, et \u00e0 \u00e9tendre aux secteurs non essentiels, la mesure de crise des 120 heures suppl\u00e9mentaires volontaires pour [&hellip;]","og_url":"https:\/\/peoplesphere.be\/fr\/prolongation-extension-de-mesure-de-crise-120-heures-supplementaires-volontaires\/","og_site_name":"Peoplesphere","article_publisher":"https:\/\/www.facebook.com\/peoplesphere","article_published_time":"2021-07-21T15:32:25+00:00","og_image":[{"url":"http:\/\/www.peoplesphere.be\/fr\/wp-content\/uploads\/2016\/07\/facebook-default-posting-1200x628px.jpg"}],"author":"Jean-Paul Erhard","twitter_card":"summary_large_image","twitter_creator":"@PeoplesphereMag","twitter_site":"@PeoplesphereMag","twitter_misc":{"\u00c9crit par":"Jean-Paul Erhard","Dur\u00e9e de lecture estim\u00e9e":"1 minute"},"schema":{"@context":"https:\/\/schema.org","@graph":[{"@type":"Article","@id":"https:\/\/peoplesphere.be\/fr\/prolongation-extension-de-mesure-de-crise-120-heures-supplementaires-volontaires\/#article","isPartOf":{"@id":"https:\/\/peoplesphere.be\/fr\/prolongation-extension-de-mesure-de-crise-120-heures-supplementaires-volontaires\/"},"author":{"name":"Jean-Paul Erhard","@id":"https:\/\/peoplesphere.be\/fr\/#\/schema\/person\/7976225ff17988604334abb7b3536a7e"},"headline":"Prolongation et extension de la mesure de crise des 120 heures suppl\u00e9mentaires volontaires.","datePublished":"2021-07-21T15:32:25+00:00","dateModified":"2021-07-21T15:32:25+00:00","mainEntityOfPage":{"@id":"https:\/\/peoplesphere.be\/fr\/prolongation-extension-de-mesure-de-crise-120-heures-supplementaires-volontaires\/"},"wordCount":290,"publisher":{"@id":"https:\/\/peoplesphere.be\/fr\/#organization"},"keywords":["coronavirus","heures suppl\u00e9mentaires","r\u00e9mun\u00e9ration"],"articleSection":["Actualit\u00e9s","Digital"],"inLanguage":"fr-FR"},{"@type":"WebPage","@id":"https:\/\/peoplesphere.be\/fr\/prolongation-extension-de-mesure-de-crise-120-heures-supplementaires-volontaires\/","url":"https:\/\/peoplesphere.be\/fr\/prolongation-extension-de-mesure-de-crise-120-heures-supplementaires-volontaires\/","name":"Prolongation et extension de la mesure de crise des 120 heures suppl\u00e9mentaires volontaires. - Peoplesphere","isPartOf":{"@id":"https:\/\/peoplesphere.be\/fr\/#website"},"datePublished":"2021-07-21T15:32:25+00:00","dateModified":"2021-07-21T15:32:25+00:00","breadcrumb":{"@id":"https:\/\/peoplesphere.be\/fr\/prolongation-extension-de-mesure-de-crise-120-heures-supplementaires-volontaires\/#breadcrumb"},"inLanguage":"fr-FR","potentialAction":[{"@type":"ReadAction","target":["https:\/\/peoplesphere.be\/fr\/prolongation-extension-de-mesure-de-crise-120-heures-supplementaires-volontaires\/"]}]},{"@type":"BreadcrumbList","@id":"https:\/\/peoplesphere.be\/fr\/prolongation-extension-de-mesure-de-crise-120-heures-supplementaires-volontaires\/#breadcrumb","itemListElement":[{"@type":"ListItem","position":1,"name":"Accueil","item":"https:\/\/peoplesphere.be\/fr\/"},{"@type":"ListItem","position":2,"name":"Prolongation et extension de la mesure de crise des 120 heures suppl\u00e9mentaires volontaires."}]},{"@type":"WebSite","@id":"https:\/\/peoplesphere.be\/fr\/#website","url":"https:\/\/peoplesphere.be\/fr\/","name":"Peoplesphere","description":"The People Managers Magazine","publisher":{"@id":"https:\/\/peoplesphere.be\/fr\/#organization"},"potentialAction":[{"@type":"SearchAction","target":{"@type":"EntryPoint","urlTemplate":"https:\/\/peoplesphere.be\/fr\/?s={search_term_string}"},"query-input":"required name=search_term_string"}],"inLanguage":"fr-FR"},{"@type":"Organization","@id":"https:\/\/peoplesphere.be\/fr\/#organization","name":"Peoplesphere Company srl","url":"https:\/\/peoplesphere.be\/fr\/","logo":{"@type":"ImageObject","inLanguage":"fr-FR","@id":"https:\/\/peoplesphere.be\/fr\/#\/schema\/logo\/image\/","url":"https:\/\/peoplesphere.be\/fr\/wp-content\/uploads\/2023\/07\/peoplesphere-lgo-new-generik.jpg","contentUrl":"https:\/\/peoplesphere.be\/fr\/wp-content\/uploads\/2023\/07\/peoplesphere-lgo-new-generik.jpg","width":1031,"height":1479,"caption":"Peoplesphere Company srl"},"image":{"@id":"https:\/\/peoplesphere.be\/fr\/#\/schema\/logo\/image\/"},"sameAs":["https:\/\/www.facebook.com\/peoplesphere","https:\/\/twitter.com\/PeoplesphereMag","https:\/\/www.linkedin.com\/company\/7587361?trk","http:\/\/youtube.com\/peoplesphere"]},{"@type":"Person","@id":"https:\/\/peoplesphere.be\/fr\/#\/schema\/person\/7976225ff17988604334abb7b3536a7e","name":"Jean-Paul Erhard","image":{"@type":"ImageObject","inLanguage":"fr-FR","@id":"https:\/\/peoplesphere.be\/fr\/#\/schema\/person\/image\/","url":"https:\/\/secure.gravatar.com\/avatar\/f941e681460179738071629a51574930?s=96&d=mm&r=g","contentUrl":"https:\/\/secure.gravatar.com\/avatar\/f941e681460179738071629a51574930?s=96&d=mm&r=g","caption":"Jean-Paul Erhard"},"url":"https:\/\/peoplesphere.be\/fr\/author\/jpe\/"}]}},"_links":{"self":[{"href":"https:\/\/peoplesphere.be\/fr\/wp-json\/wp\/v2\/posts\/11610"}],"collection":[{"href":"https:\/\/peoplesphere.be\/fr\/wp-json\/wp\/v2\/posts"}],"about":[{"href":"https:\/\/peoplesphere.be\/fr\/wp-json\/wp\/v2\/types\/post"}],"author":[{"embeddable":true,"href":"https:\/\/peoplesphere.be\/fr\/wp-json\/wp\/v2\/users\/2"}],"replies":[{"embeddable":true,"href":"https:\/\/peoplesphere.be\/fr\/wp-json\/wp\/v2\/comments?post=11610"}],"version-history":[{"count":1,"href":"https:\/\/peoplesphere.be\/fr\/wp-json\/wp\/v2\/posts\/11610\/revisions"}],"predecessor-version":[{"id":11611,"href":"https:\/\/peoplesphere.be\/fr\/wp-json\/wp\/v2\/posts\/11610\/revisions\/11611"}],"wp:attachment":[{"href":"https:\/\/peoplesphere.be\/fr\/wp-json\/wp\/v2\/media?parent=11610"}],"wp:term":[{"taxonomy":"category","embeddable":true,"href":"https:\/\/peoplesphere.be\/fr\/wp-json\/wp\/v2\/categories?post=11610"},{"taxonomy":"post_tag","embeddable":true,"href":"https:\/\/peoplesphere.be\/fr\/wp-json\/wp\/v2\/tags?post=11610"}],"curies":[{"name":"wp","href":"https:\/\/api.w.org\/{rel}","templated":true}]}}