









{"id":11644,"date":"2021-07-27T04:47:17","date_gmt":"2021-07-27T02:47:17","guid":{"rendered":"https:\/\/peoplesphere.be\/fr\/?p=11644"},"modified":"2021-07-27T04:47:17","modified_gmt":"2021-07-27T02:47:17","slug":"chomage-temporaire-force-majeure-dapplication-travailleurs-sinistres-a-suite-intemperies","status":"publish","type":"post","link":"https:\/\/peoplesphere.be\/fr\/chomage-temporaire-force-majeure-dapplication-travailleurs-sinistres-a-suite-intemperies\/","title":{"rendered":"Le ch\u00f4mage temporaire force majeure est d&rsquo;application pour les travailleurs sinistr\u00e9s \u00e0 la suite des intemp\u00e9ries."},"content":{"rendered":"<p>Ce lundi, le ministre f\u00e9d\u00e9ral du Travail Pierre-Yves Dermagne a annonc\u00e9 que les travailleurs sinistr\u00e9s \u00e0 la suite des inondations peuvent pr\u00e9tendre au ch\u00f4mage temporaire force majeure, ce qui leur permet de conserver 70 % de leur r\u00e9mun\u00e9ration, en plus de 5,63 euros quotidiens. Chaque travailleuse ou travailleur sinistr\u00e9 pourra en faire la demande \u00e0 son employeur.<!--more--><\/p>\n<p>La RTBF rappelle qui est concern\u00e9 par le dispositif: la travailleuse ou le travailleur qui a subi des pertes ou des d\u00e9g\u00e2ts s\u00e9v\u00e8res et qui se trouve de facto dans l&rsquo;impossibilit\u00e9 d&rsquo;aller travailler parce qu&rsquo;il doit donner la priorit\u00e9 \u00e0 la recherche d&rsquo;un nouveau logement, au nettoyage ou \u00e0 la r\u00e9paration de son habitation ou au r\u00e8glement de son dossier de sinistre.\u00a0<em>\u00ab\u00a0Les victimes de ces inondations historiques ne peuvent pas se voir infliger une double peine\u00a0\u00bb,<\/em> a comment\u00e9 M. Dermagne, par voie de communiqu\u00e9 <em>\u00ab\u00a0L&rsquo;impact mat\u00e9riel des d\u00e9g\u00e2ts des eaux implique un stress d\u00e9cupl\u00e9. Il fallait faire un geste envers les travailleurs qui ont tout perdu. Tout le monde n&rsquo;est pas en mesure de r\u00e9pondre pr\u00e9sent au travail le jour d&rsquo;apr\u00e8s, apr\u00e8s avoir vu sa vie basculer et alors qu&rsquo;il faut parfois tout reconstruire.\u00a0\u00bb<\/em><\/p>\n<p>Il est \u00e9galement \u00e0 noter que tous les sinistr\u00e9s, b\u00e9n\u00e9ficiaires du ch\u00f4mage comme chef de famille ou isol\u00e9s, ne seront pas p\u00e9nalis\u00e9s. Les citoyens concern\u00e9s qui auront d\u00fb quitter leur domicile dans l&rsquo;urgence pour trouver un autre toit conserveront leur statut.<\/p>\n<p>Le b\u00e9n\u00e9ficiaire du ch\u00f4mage comme chef de famille ou isol\u00e9, qui habite provisoirement \u00e0 une autre adresse, ne devra pas en faire mention \u00e0 l&rsquo;ONEM. Toujours selon Pierre-Yves Dermagne, il ou elle conservera ses droits en tant que personne sinistr\u00e9e. Cette mesure n&rsquo;aura pas plus d&rsquo;impact pour la personne qui l&rsquo;accueille chez elle.<\/p>\n<p>Enfin, les ch\u00f4meurs complets et les ch\u00f4meurs temporaires sont dispens\u00e9s de d\u00e9clarer les activit\u00e9s b\u00e9n\u00e9voles qu&rsquo;ils effectuent dans le cadre du nettoyage des r\u00e9gions sinistr\u00e9es ou de l&rsquo;aide \u00e0 la population touch\u00e9e.<\/p>\n<p><em>Source : RTBF<\/em><\/p>\n","protected":false},"excerpt":{"rendered":"<p>Ce lundi, le ministre f\u00e9d\u00e9ral du Travail Pierre-Yves Dermagne a annonc\u00e9 que les travailleurs sinistr\u00e9s \u00e0 la suite des inondations peuvent pr\u00e9tendre au ch\u00f4mage temporaire force majeure, ce qui leur permet de conserver 70 % de leur r\u00e9mun\u00e9ration, en plus [&hellip;]<\/p>\n","protected":false},"author":2,"featured_media":0,"comment_status":"closed","ping_status":"open","sticky":false,"template":"","format":"standard","meta":[],"categories":[65,10],"tags":[3433,455,522,3428,3434],"yoast_head":"<!-- This site is optimized with the Yoast SEO plugin v21.0 - https:\/\/yoast.com\/wordpress\/plugins\/seo\/ -->\n<title>Le ch\u00f4mage temporaire force majeure est d&#039;application pour les travailleurs sinistr\u00e9s \u00e0 la suite des intemp\u00e9ries. - Peoplesphere<\/title>\n<meta name=\"robots\" content=\"index, follow, max-snippet:-1, max-image-preview:large, max-video-preview:-1\" \/>\n<link rel=\"canonical\" href=\"https:\/\/peoplesphere.be\/fr\/chomage-temporaire-force-majeure-dapplication-travailleurs-sinistres-a-suite-intemperies\/\" \/>\n<meta property=\"og:locale\" content=\"fr_FR\" \/>\n<meta property=\"og:type\" content=\"article\" \/>\n<meta property=\"og:title\" content=\"Le ch\u00f4mage temporaire force majeure est d&#039;application pour les travailleurs sinistr\u00e9s \u00e0 la suite des intemp\u00e9ries. - Peoplesphere\" \/>\n<meta property=\"og:description\" content=\"Ce lundi, le ministre f\u00e9d\u00e9ral du Travail Pierre-Yves Dermagne a annonc\u00e9 que les travailleurs sinistr\u00e9s \u00e0 la suite des inondations peuvent pr\u00e9tendre au ch\u00f4mage temporaire force majeure, ce qui leur permet de conserver 70 % de leur r\u00e9mun\u00e9ration, en plus [&hellip;]\" \/>\n<meta property=\"og:url\" content=\"https:\/\/peoplesphere.be\/fr\/chomage-temporaire-force-majeure-dapplication-travailleurs-sinistres-a-suite-intemperies\/\" \/>\n<meta property=\"og:site_name\" content=\"Peoplesphere\" \/>\n<meta property=\"article:publisher\" content=\"https:\/\/www.facebook.com\/peoplesphere\" \/>\n<meta property=\"article:published_time\" content=\"2021-07-27T02:47:17+00:00\" \/>\n<meta property=\"og:image\" content=\"http:\/\/www.peoplesphere.be\/fr\/wp-content\/uploads\/2016\/07\/facebook-default-posting-1200x628px.jpg\" \/>\n<meta name=\"author\" content=\"Jean-Paul Erhard\" \/>\n<meta name=\"twitter:card\" content=\"summary_large_image\" \/>\n<meta name=\"twitter:creator\" content=\"@PeoplesphereMag\" \/>\n<meta name=\"twitter:site\" content=\"@PeoplesphereMag\" \/>\n<meta name=\"twitter:label1\" content=\"\u00c9crit par\" \/>\n\t<meta name=\"twitter:data1\" content=\"Jean-Paul Erhard\" \/>\n\t<meta name=\"twitter:label2\" content=\"Dur\u00e9e de lecture estim\u00e9e\" \/>\n\t<meta name=\"twitter:data2\" content=\"2 minutes\" \/>\n<script type=\"application\/ld+json\" class=\"yoast-schema-graph\">{\"@context\":\"https:\/\/schema.org\",\"@graph\":[{\"@type\":\"Article\",\"@id\":\"https:\/\/peoplesphere.be\/fr\/chomage-temporaire-force-majeure-dapplication-travailleurs-sinistres-a-suite-intemperies\/#article\",\"isPartOf\":{\"@id\":\"https:\/\/peoplesphere.be\/fr\/chomage-temporaire-force-majeure-dapplication-travailleurs-sinistres-a-suite-intemperies\/\"},\"author\":{\"name\":\"Jean-Paul Erhard\",\"@id\":\"https:\/\/peoplesphere.be\/fr\/#\/schema\/person\/7976225ff17988604334abb7b3536a7e\"},\"headline\":\"Le ch\u00f4mage temporaire force majeure est d&rsquo;application pour les travailleurs sinistr\u00e9s \u00e0 la suite des intemp\u00e9ries.\",\"datePublished\":\"2021-07-27T02:47:17+00:00\",\"dateModified\":\"2021-07-27T02:47:17+00:00\",\"mainEntityOfPage\":{\"@id\":\"https:\/\/peoplesphere.be\/fr\/chomage-temporaire-force-majeure-dapplication-travailleurs-sinistres-a-suite-intemperies\/\"},\"wordCount\":370,\"publisher\":{\"@id\":\"https:\/\/peoplesphere.be\/fr\/#organization\"},\"keywords\":[\"codage temporaire\",\"force majeure\",\"indemnit\u00e9s\",\"intemp\u00e9ries\",\"Pierre-Yves Dermagne\"],\"articleSection\":[\"Actualit\u00e9s\",\"Digital\"],\"inLanguage\":\"fr-FR\"},{\"@type\":\"WebPage\",\"@id\":\"https:\/\/peoplesphere.be\/fr\/chomage-temporaire-force-majeure-dapplication-travailleurs-sinistres-a-suite-intemperies\/\",\"url\":\"https:\/\/peoplesphere.be\/fr\/chomage-temporaire-force-majeure-dapplication-travailleurs-sinistres-a-suite-intemperies\/\",\"name\":\"Le ch\u00f4mage temporaire force majeure est d'application pour les travailleurs sinistr\u00e9s \u00e0 la suite des intemp\u00e9ries. - Peoplesphere\",\"isPartOf\":{\"@id\":\"https:\/\/peoplesphere.be\/fr\/#website\"},\"datePublished\":\"2021-07-27T02:47:17+00:00\",\"dateModified\":\"2021-07-27T02:47:17+00:00\",\"breadcrumb\":{\"@id\":\"https:\/\/peoplesphere.be\/fr\/chomage-temporaire-force-majeure-dapplication-travailleurs-sinistres-a-suite-intemperies\/#breadcrumb\"},\"inLanguage\":\"fr-FR\",\"potentialAction\":[{\"@type\":\"ReadAction\",\"target\":[\"https:\/\/peoplesphere.be\/fr\/chomage-temporaire-force-majeure-dapplication-travailleurs-sinistres-a-suite-intemperies\/\"]}]},{\"@type\":\"BreadcrumbList\",\"@id\":\"https:\/\/peoplesphere.be\/fr\/chomage-temporaire-force-majeure-dapplication-travailleurs-sinistres-a-suite-intemperies\/#breadcrumb\",\"itemListElement\":[{\"@type\":\"ListItem\",\"position\":1,\"name\":\"Accueil\",\"item\":\"https:\/\/peoplesphere.be\/fr\/\"},{\"@type\":\"ListItem\",\"position\":2,\"name\":\"Le ch\u00f4mage temporaire force majeure est d&rsquo;application pour les travailleurs sinistr\u00e9s \u00e0 la suite des intemp\u00e9ries.\"}]},{\"@type\":\"WebSite\",\"@id\":\"https:\/\/peoplesphere.be\/fr\/#website\",\"url\":\"https:\/\/peoplesphere.be\/fr\/\",\"name\":\"Peoplesphere\",\"description\":\"The People Managers Magazine\",\"publisher\":{\"@id\":\"https:\/\/peoplesphere.be\/fr\/#organization\"},\"potentialAction\":[{\"@type\":\"SearchAction\",\"target\":{\"@type\":\"EntryPoint\",\"urlTemplate\":\"https:\/\/peoplesphere.be\/fr\/?s={search_term_string}\"},\"query-input\":\"required name=search_term_string\"}],\"inLanguage\":\"fr-FR\"},{\"@type\":\"Organization\",\"@id\":\"https:\/\/peoplesphere.be\/fr\/#organization\",\"name\":\"Peoplesphere Company srl\",\"url\":\"https:\/\/peoplesphere.be\/fr\/\",\"logo\":{\"@type\":\"ImageObject\",\"inLanguage\":\"fr-FR\",\"@id\":\"https:\/\/peoplesphere.be\/fr\/#\/schema\/logo\/image\/\",\"url\":\"https:\/\/peoplesphere.be\/fr\/wp-content\/uploads\/2023\/07\/peoplesphere-lgo-new-generik.jpg\",\"contentUrl\":\"https:\/\/peoplesphere.be\/fr\/wp-content\/uploads\/2023\/07\/peoplesphere-lgo-new-generik.jpg\",\"width\":1031,\"height\":1479,\"caption\":\"Peoplesphere Company srl\"},\"image\":{\"@id\":\"https:\/\/peoplesphere.be\/fr\/#\/schema\/logo\/image\/\"},\"sameAs\":[\"https:\/\/www.facebook.com\/peoplesphere\",\"https:\/\/twitter.com\/PeoplesphereMag\",\"https:\/\/www.linkedin.com\/company\/7587361?trk\",\"http:\/\/youtube.com\/peoplesphere\"]},{\"@type\":\"Person\",\"@id\":\"https:\/\/peoplesphere.be\/fr\/#\/schema\/person\/7976225ff17988604334abb7b3536a7e\",\"name\":\"Jean-Paul Erhard\",\"image\":{\"@type\":\"ImageObject\",\"inLanguage\":\"fr-FR\",\"@id\":\"https:\/\/peoplesphere.be\/fr\/#\/schema\/person\/image\/\",\"url\":\"https:\/\/secure.gravatar.com\/avatar\/f941e681460179738071629a51574930?s=96&d=mm&r=g\",\"contentUrl\":\"https:\/\/secure.gravatar.com\/avatar\/f941e681460179738071629a51574930?s=96&d=mm&r=g\",\"caption\":\"Jean-Paul Erhard\"},\"url\":\"https:\/\/peoplesphere.be\/fr\/author\/jpe\/\"}]}<\/script>\n<!-- \/ Yoast SEO plugin. -->","yoast_head_json":{"title":"Le ch\u00f4mage temporaire force majeure est d'application pour les travailleurs sinistr\u00e9s \u00e0 la suite des intemp\u00e9ries. - Peoplesphere","robots":{"index":"index","follow":"follow","max-snippet":"max-snippet:-1","max-image-preview":"max-image-preview:large","max-video-preview":"max-video-preview:-1"},"canonical":"https:\/\/peoplesphere.be\/fr\/chomage-temporaire-force-majeure-dapplication-travailleurs-sinistres-a-suite-intemperies\/","og_locale":"fr_FR","og_type":"article","og_title":"Le ch\u00f4mage temporaire force majeure est d'application pour les travailleurs sinistr\u00e9s \u00e0 la suite des intemp\u00e9ries. - Peoplesphere","og_description":"Ce lundi, le ministre f\u00e9d\u00e9ral du Travail Pierre-Yves Dermagne a annonc\u00e9 que les travailleurs sinistr\u00e9s \u00e0 la suite des inondations peuvent pr\u00e9tendre au ch\u00f4mage temporaire force majeure, ce qui leur permet de conserver 70 % de leur r\u00e9mun\u00e9ration, en plus [&hellip;]","og_url":"https:\/\/peoplesphere.be\/fr\/chomage-temporaire-force-majeure-dapplication-travailleurs-sinistres-a-suite-intemperies\/","og_site_name":"Peoplesphere","article_publisher":"https:\/\/www.facebook.com\/peoplesphere","article_published_time":"2021-07-27T02:47:17+00:00","og_image":[{"url":"http:\/\/www.peoplesphere.be\/fr\/wp-content\/uploads\/2016\/07\/facebook-default-posting-1200x628px.jpg"}],"author":"Jean-Paul Erhard","twitter_card":"summary_large_image","twitter_creator":"@PeoplesphereMag","twitter_site":"@PeoplesphereMag","twitter_misc":{"\u00c9crit par":"Jean-Paul Erhard","Dur\u00e9e de lecture estim\u00e9e":"2 minutes"},"schema":{"@context":"https:\/\/schema.org","@graph":[{"@type":"Article","@id":"https:\/\/peoplesphere.be\/fr\/chomage-temporaire-force-majeure-dapplication-travailleurs-sinistres-a-suite-intemperies\/#article","isPartOf":{"@id":"https:\/\/peoplesphere.be\/fr\/chomage-temporaire-force-majeure-dapplication-travailleurs-sinistres-a-suite-intemperies\/"},"author":{"name":"Jean-Paul Erhard","@id":"https:\/\/peoplesphere.be\/fr\/#\/schema\/person\/7976225ff17988604334abb7b3536a7e"},"headline":"Le ch\u00f4mage temporaire force majeure est d&rsquo;application pour les travailleurs sinistr\u00e9s \u00e0 la suite des intemp\u00e9ries.","datePublished":"2021-07-27T02:47:17+00:00","dateModified":"2021-07-27T02:47:17+00:00","mainEntityOfPage":{"@id":"https:\/\/peoplesphere.be\/fr\/chomage-temporaire-force-majeure-dapplication-travailleurs-sinistres-a-suite-intemperies\/"},"wordCount":370,"publisher":{"@id":"https:\/\/peoplesphere.be\/fr\/#organization"},"keywords":["codage temporaire","force majeure","indemnit\u00e9s","intemp\u00e9ries","Pierre-Yves Dermagne"],"articleSection":["Actualit\u00e9s","Digital"],"inLanguage":"fr-FR"},{"@type":"WebPage","@id":"https:\/\/peoplesphere.be\/fr\/chomage-temporaire-force-majeure-dapplication-travailleurs-sinistres-a-suite-intemperies\/","url":"https:\/\/peoplesphere.be\/fr\/chomage-temporaire-force-majeure-dapplication-travailleurs-sinistres-a-suite-intemperies\/","name":"Le ch\u00f4mage temporaire force majeure est d'application pour les travailleurs sinistr\u00e9s \u00e0 la suite des intemp\u00e9ries. - Peoplesphere","isPartOf":{"@id":"https:\/\/peoplesphere.be\/fr\/#website"},"datePublished":"2021-07-27T02:47:17+00:00","dateModified":"2021-07-27T02:47:17+00:00","breadcrumb":{"@id":"https:\/\/peoplesphere.be\/fr\/chomage-temporaire-force-majeure-dapplication-travailleurs-sinistres-a-suite-intemperies\/#breadcrumb"},"inLanguage":"fr-FR","potentialAction":[{"@type":"ReadAction","target":["https:\/\/peoplesphere.be\/fr\/chomage-temporaire-force-majeure-dapplication-travailleurs-sinistres-a-suite-intemperies\/"]}]},{"@type":"BreadcrumbList","@id":"https:\/\/peoplesphere.be\/fr\/chomage-temporaire-force-majeure-dapplication-travailleurs-sinistres-a-suite-intemperies\/#breadcrumb","itemListElement":[{"@type":"ListItem","position":1,"name":"Accueil","item":"https:\/\/peoplesphere.be\/fr\/"},{"@type":"ListItem","position":2,"name":"Le ch\u00f4mage temporaire force majeure est d&rsquo;application pour les travailleurs sinistr\u00e9s \u00e0 la suite des intemp\u00e9ries."}]},{"@type":"WebSite","@id":"https:\/\/peoplesphere.be\/fr\/#website","url":"https:\/\/peoplesphere.be\/fr\/","name":"Peoplesphere","description":"The People Managers Magazine","publisher":{"@id":"https:\/\/peoplesphere.be\/fr\/#organization"},"potentialAction":[{"@type":"SearchAction","target":{"@type":"EntryPoint","urlTemplate":"https:\/\/peoplesphere.be\/fr\/?s={search_term_string}"},"query-input":"required name=search_term_string"}],"inLanguage":"fr-FR"},{"@type":"Organization","@id":"https:\/\/peoplesphere.be\/fr\/#organization","name":"Peoplesphere Company srl","url":"https:\/\/peoplesphere.be\/fr\/","logo":{"@type":"ImageObject","inLanguage":"fr-FR","@id":"https:\/\/peoplesphere.be\/fr\/#\/schema\/logo\/image\/","url":"https:\/\/peoplesphere.be\/fr\/wp-content\/uploads\/2023\/07\/peoplesphere-lgo-new-generik.jpg","contentUrl":"https:\/\/peoplesphere.be\/fr\/wp-content\/uploads\/2023\/07\/peoplesphere-lgo-new-generik.jpg","width":1031,"height":1479,"caption":"Peoplesphere Company srl"},"image":{"@id":"https:\/\/peoplesphere.be\/fr\/#\/schema\/logo\/image\/"},"sameAs":["https:\/\/www.facebook.com\/peoplesphere","https:\/\/twitter.com\/PeoplesphereMag","https:\/\/www.linkedin.com\/company\/7587361?trk","http:\/\/youtube.com\/peoplesphere"]},{"@type":"Person","@id":"https:\/\/peoplesphere.be\/fr\/#\/schema\/person\/7976225ff17988604334abb7b3536a7e","name":"Jean-Paul Erhard","image":{"@type":"ImageObject","inLanguage":"fr-FR","@id":"https:\/\/peoplesphere.be\/fr\/#\/schema\/person\/image\/","url":"https:\/\/secure.gravatar.com\/avatar\/f941e681460179738071629a51574930?s=96&d=mm&r=g","contentUrl":"https:\/\/secure.gravatar.com\/avatar\/f941e681460179738071629a51574930?s=96&d=mm&r=g","caption":"Jean-Paul Erhard"},"url":"https:\/\/peoplesphere.be\/fr\/author\/jpe\/"}]}},"_links":{"self":[{"href":"https:\/\/peoplesphere.be\/fr\/wp-json\/wp\/v2\/posts\/11644"}],"collection":[{"href":"https:\/\/peoplesphere.be\/fr\/wp-json\/wp\/v2\/posts"}],"about":[{"href":"https:\/\/peoplesphere.be\/fr\/wp-json\/wp\/v2\/types\/post"}],"author":[{"embeddable":true,"href":"https:\/\/peoplesphere.be\/fr\/wp-json\/wp\/v2\/users\/2"}],"replies":[{"embeddable":true,"href":"https:\/\/peoplesphere.be\/fr\/wp-json\/wp\/v2\/comments?post=11644"}],"version-history":[{"count":1,"href":"https:\/\/peoplesphere.be\/fr\/wp-json\/wp\/v2\/posts\/11644\/revisions"}],"predecessor-version":[{"id":11645,"href":"https:\/\/peoplesphere.be\/fr\/wp-json\/wp\/v2\/posts\/11644\/revisions\/11645"}],"wp:attachment":[{"href":"https:\/\/peoplesphere.be\/fr\/wp-json\/wp\/v2\/media?parent=11644"}],"wp:term":[{"taxonomy":"category","embeddable":true,"href":"https:\/\/peoplesphere.be\/fr\/wp-json\/wp\/v2\/categories?post=11644"},{"taxonomy":"post_tag","embeddable":true,"href":"https:\/\/peoplesphere.be\/fr\/wp-json\/wp\/v2\/tags?post=11644"}],"curies":[{"name":"wp","href":"https:\/\/api.w.org\/{rel}","templated":true}]}}