









{"id":11654,"date":"2021-07-29T09:04:56","date_gmt":"2021-07-29T07:04:56","guid":{"rendered":"https:\/\/peoplesphere.be\/fr\/?p=11654"},"modified":"2021-07-29T09:04:56","modified_gmt":"2021-07-29T07:04:56","slug":"fonctions-temporaires-se-multiplient-2021-75-doffres-demploi-cours-premier-semestre","status":"publish","type":"post","link":"https:\/\/peoplesphere.be\/fr\/fonctions-temporaires-se-multiplient-2021-75-doffres-demploi-cours-premier-semestre\/","title":{"rendered":"Les fonctions temporaires se multiplient en 2021: +75% d&rsquo;offres d&#8217;emploi au cours du premier semestre."},"content":{"rendered":"<p>Depuis la fin de l&rsquo;ann\u00e9e derni\u00e8re, les entreprises misent de plus en plus sur l&#8217;embauche de personnel temporaire, selon le sp\u00e9cialiste du recrutement Robert Half. Dans un march\u00e9 du travail fluctuant, le recrutement de profils temporaires pr\u00e9sente de nombreux avantages. Une \u00e9tude pr\u00e9c\u00e9dente men\u00e9e par Robert Half en avril 2021 montrait d\u00e9j\u00e0 que de nombreuses entreprises belges pr\u00e9voyaient d&#8217;embaucher davantage de travailleurs temporaires. <!--more--><\/p>\n<p>Si l&rsquo;on se r\u00e9f\u00e8re au second semestre 2020 et au premier semestre de cette ann\u00e9e, il appara\u00eet que le nombre d&rsquo;offres d&#8217;emploi pour des postes temporaires a augment\u00e9 de pas moins de 75%. Et cette tendance \u00e0 la hausse semble se poursuivre pour le troisi\u00e8me trimestre de 2021. <em>\u00ab\u00a0En raison de leur flexibilit\u00e9 et de leur disponibilit\u00e9 imm\u00e9diate, il peut \u00eatre plus int\u00e9ressant pour les employeurs de prendre sous contrat des profils temporaires plut\u00f4t que d\u2019engager des employ\u00e9s sur une base permanente dans certaines situations\u00a0\u00bb<\/em> d\u00e9clare Jo\u00ebl Poilvache, Director chez Robert Half.<\/p>\n<p><strong><em>Rapidit\u00e9 du recrutement<\/em><\/strong><\/p>\n<p>La flexibilit\u00e9 offerte par les employ\u00e9s temporaires est particuli\u00e8rement int\u00e9ressante pour les entreprises. Gr\u00e2ce \u00e0 ces profils qui peuvent souvent entrer en fonction imm\u00e9diatement, les managers peuvent r\u00e9pondre rapidement \u00e0 des besoins ponctuels. Ils peuvent \u00e9galement assurer la continuit\u00e9 du travail pendant les p\u00e9riodes d&rsquo;absences plus fr\u00e9quentes, comme les vacances. Ces profils constituent \u00e9galement une excellente solution lorsqu&rsquo;un soutien \u00e0 l\u2019activit\u00e9 est n\u00e9cessaire, mais qu&rsquo;un recrutement permanent ne peut avoir lieu.<\/p>\n<p><em>\u00ab\u00a0Lorsque nous parlons d&#8217;emplois temporaires, cela va des \u00e9tudiants jobistes aux int\u00e9rim managers exp\u00e9riment\u00e9s. Cette vari\u00e9t\u00e9 de profils permet aux entreprises de faire appel au profil sp\u00e9cifique dont elles ont besoin pour une p\u00e9riode ou un projet donn\u00e9\u00a0\u00bb<\/em> explique Jo\u00ebl Poilvache de Robert Half.<\/p>\n<p>Les emplois temporaires sont populaires dans de nombreux secteurs. Au cours des derniers mois, les offres d&#8217;emploi temporaire ont \u00e9t\u00e9 particuli\u00e8rement nombreuses dans les secteurs suivants :<\/p>\n<ul>\n<li>Comptabilit\u00e9<\/li>\n<li>Logistique<\/li>\n<li>Commerce de d\u00e9tail<\/li>\n<li>Alimentation et transformation alimentaire<\/li>\n<li>Industrie manufacturi\u00e8re.<\/li>\n<\/ul>\n<p><strong><em>Le temporaire devient permanent<\/em><\/strong><\/p>\n<p>Parall\u00e8lement \u00e0 cette tendance, on observe \u00e9galement une sensible augmentation du nombre de postes temporaires qui d\u00e9bouchent sur des emplois permanents. Un emploi temporaire donne \u00e0 l&#8217;employeur et \u00e0 l&#8217;employ\u00e9 l&rsquo;occasion de voir s&rsquo;ils sont compatibles, sans s&rsquo;engager mutuellement tout de suite pour le long terme.<\/p>\n<p><em>\u00ab\u00a0Les emplois temporaires sont id\u00e9aux pour les personnes qui cherchent encore ce qu&rsquo;elles veulent faire. Elles peuvent apprendre \u00e0 conna\u00eetre une fonction ou une entreprise sans s&rsquo;engager imm\u00e9diatement dans un poste permanent. Pour l&#8217;employeur, c&rsquo;est aussi une bonne occasion de voir si quelqu&rsquo;un convient \u00e0 une fonction vacante et s&rsquo;int\u00e8gre \u00e0 la culture de l&rsquo;entreprise avant de passer \u00e0 un emploi permanent,\u00a0\u00bb<\/em> pr\u00e9cise encore Jo\u00ebl Poilvache.<\/p>\n<p>&nbsp;<\/p>\n<p><em>Source : l&rsquo;\u00e9tude repose sur une analyse du nombre de candidatures pour des emplois temporaires chez Robert Half, pour la p\u00e9riode de juillet 2020 \u00e0 juillet 2021, compl\u00e9t\u00e9e par une enqu\u00eate aupr\u00e8s de 1 800 managers en utilisant une m\u00e9thode de collecte de donn\u00e9es en ligne en avril 2021. Il s&rsquo;agissait de 300 entretiens respectivement en Belgique, aux Pays-Bas, en Allemagne, au Br\u00e9sil, en France ainsi qu\u2019au Royaume-Uni. Les r\u00e9pondants \u00e9taient des Managers G\u00e9n\u00e9raux, des CFO\u2019s et des CIO\u2019s ayant des responsabilit\u00e9s en mati\u00e8re de recrutement dans des petites (50-249 employ\u00e9s), moyennes (250-499) et grandes (500+ employ\u00e9s) entreprises, cot\u00e9es en bourse et du secteur public dans les six march\u00e9s.<\/em><\/p>\n","protected":false},"excerpt":{"rendered":"<p>Depuis la fin de l&rsquo;ann\u00e9e derni\u00e8re, les entreprises misent de plus en plus sur l&#8217;embauche de personnel temporaire, selon le sp\u00e9cialiste du recrutement Robert Half. Dans un march\u00e9 du travail fluctuant, le recrutement de profils temporaires pr\u00e9sente de nombreux avantages. [&hellip;]<\/p>\n","protected":false},"author":2,"featured_media":0,"comment_status":"closed","ping_status":"open","sticky":false,"template":"","format":"standard","meta":[],"categories":[65,10],"tags":[220,12,72,3162,1756],"yoast_head":"<!-- This site is optimized with the Yoast SEO plugin v21.0 - https:\/\/yoast.com\/wordpress\/plugins\/seo\/ -->\n<title>Les fonctions temporaires se multiplient en 2021: +75% d&#039;offres d&#039;emploi au cours du premier semestre. - Peoplesphere<\/title>\n<meta name=\"robots\" content=\"index, follow, max-snippet:-1, max-image-preview:large, max-video-preview:-1\" \/>\n<link rel=\"canonical\" href=\"https:\/\/peoplesphere.be\/fr\/fonctions-temporaires-se-multiplient-2021-75-doffres-demploi-cours-premier-semestre\/\" \/>\n<meta property=\"og:locale\" content=\"fr_FR\" \/>\n<meta property=\"og:type\" content=\"article\" \/>\n<meta property=\"og:title\" content=\"Les fonctions temporaires se multiplient en 2021: +75% d&#039;offres d&#039;emploi au cours du premier semestre. - Peoplesphere\" \/>\n<meta property=\"og:description\" content=\"Depuis la fin de l&rsquo;ann\u00e9e derni\u00e8re, les entreprises misent de plus en plus sur l&#8217;embauche de personnel temporaire, selon le sp\u00e9cialiste du recrutement Robert Half. Dans un march\u00e9 du travail fluctuant, le recrutement de profils temporaires pr\u00e9sente de nombreux avantages. [&hellip;]\" \/>\n<meta property=\"og:url\" content=\"https:\/\/peoplesphere.be\/fr\/fonctions-temporaires-se-multiplient-2021-75-doffres-demploi-cours-premier-semestre\/\" \/>\n<meta property=\"og:site_name\" content=\"Peoplesphere\" \/>\n<meta property=\"article:publisher\" content=\"https:\/\/www.facebook.com\/peoplesphere\" \/>\n<meta property=\"article:published_time\" content=\"2021-07-29T07:04:56+00:00\" \/>\n<meta property=\"og:image\" content=\"http:\/\/www.peoplesphere.be\/fr\/wp-content\/uploads\/2016\/07\/facebook-default-posting-1200x628px.jpg\" \/>\n<meta name=\"author\" content=\"Jean-Paul Erhard\" \/>\n<meta name=\"twitter:card\" content=\"summary_large_image\" \/>\n<meta name=\"twitter:creator\" content=\"@PeoplesphereMag\" \/>\n<meta name=\"twitter:site\" content=\"@PeoplesphereMag\" \/>\n<meta name=\"twitter:label1\" content=\"\u00c9crit par\" \/>\n\t<meta name=\"twitter:data1\" content=\"Jean-Paul Erhard\" \/>\n\t<meta name=\"twitter:label2\" content=\"Dur\u00e9e de lecture estim\u00e9e\" \/>\n\t<meta name=\"twitter:data2\" content=\"3 minutes\" \/>\n<script type=\"application\/ld+json\" class=\"yoast-schema-graph\">{\"@context\":\"https:\/\/schema.org\",\"@graph\":[{\"@type\":\"Article\",\"@id\":\"https:\/\/peoplesphere.be\/fr\/fonctions-temporaires-se-multiplient-2021-75-doffres-demploi-cours-premier-semestre\/#article\",\"isPartOf\":{\"@id\":\"https:\/\/peoplesphere.be\/fr\/fonctions-temporaires-se-multiplient-2021-75-doffres-demploi-cours-premier-semestre\/\"},\"author\":{\"name\":\"Jean-Paul Erhard\",\"@id\":\"https:\/\/peoplesphere.be\/fr\/#\/schema\/person\/7976225ff17988604334abb7b3536a7e\"},\"headline\":\"Les fonctions temporaires se multiplient en 2021: +75% d&rsquo;offres d&#8217;emploi au cours du premier semestre.\",\"datePublished\":\"2021-07-29T07:04:56+00:00\",\"dateModified\":\"2021-07-29T07:04:56+00:00\",\"mainEntityOfPage\":{\"@id\":\"https:\/\/peoplesphere.be\/fr\/fonctions-temporaires-se-multiplient-2021-75-doffres-demploi-cours-premier-semestre\/\"},\"wordCount\":595,\"publisher\":{\"@id\":\"https:\/\/peoplesphere.be\/fr\/#organization\"},\"keywords\":[\"flexibilit\u00e9\",\"int\u00e9rim\",\"recrutement\",\"Robert Half\",\"temporaire\"],\"articleSection\":[\"Actualit\u00e9s\",\"Digital\"],\"inLanguage\":\"fr-FR\"},{\"@type\":\"WebPage\",\"@id\":\"https:\/\/peoplesphere.be\/fr\/fonctions-temporaires-se-multiplient-2021-75-doffres-demploi-cours-premier-semestre\/\",\"url\":\"https:\/\/peoplesphere.be\/fr\/fonctions-temporaires-se-multiplient-2021-75-doffres-demploi-cours-premier-semestre\/\",\"name\":\"Les fonctions temporaires se multiplient en 2021: +75% d'offres d'emploi au cours du premier semestre. - Peoplesphere\",\"isPartOf\":{\"@id\":\"https:\/\/peoplesphere.be\/fr\/#website\"},\"datePublished\":\"2021-07-29T07:04:56+00:00\",\"dateModified\":\"2021-07-29T07:04:56+00:00\",\"breadcrumb\":{\"@id\":\"https:\/\/peoplesphere.be\/fr\/fonctions-temporaires-se-multiplient-2021-75-doffres-demploi-cours-premier-semestre\/#breadcrumb\"},\"inLanguage\":\"fr-FR\",\"potentialAction\":[{\"@type\":\"ReadAction\",\"target\":[\"https:\/\/peoplesphere.be\/fr\/fonctions-temporaires-se-multiplient-2021-75-doffres-demploi-cours-premier-semestre\/\"]}]},{\"@type\":\"BreadcrumbList\",\"@id\":\"https:\/\/peoplesphere.be\/fr\/fonctions-temporaires-se-multiplient-2021-75-doffres-demploi-cours-premier-semestre\/#breadcrumb\",\"itemListElement\":[{\"@type\":\"ListItem\",\"position\":1,\"name\":\"Accueil\",\"item\":\"https:\/\/peoplesphere.be\/fr\/\"},{\"@type\":\"ListItem\",\"position\":2,\"name\":\"Les fonctions temporaires se multiplient en 2021: +75% d&rsquo;offres d&#8217;emploi au cours du premier semestre.\"}]},{\"@type\":\"WebSite\",\"@id\":\"https:\/\/peoplesphere.be\/fr\/#website\",\"url\":\"https:\/\/peoplesphere.be\/fr\/\",\"name\":\"Peoplesphere\",\"description\":\"The People Managers Magazine\",\"publisher\":{\"@id\":\"https:\/\/peoplesphere.be\/fr\/#organization\"},\"potentialAction\":[{\"@type\":\"SearchAction\",\"target\":{\"@type\":\"EntryPoint\",\"urlTemplate\":\"https:\/\/peoplesphere.be\/fr\/?s={search_term_string}\"},\"query-input\":\"required name=search_term_string\"}],\"inLanguage\":\"fr-FR\"},{\"@type\":\"Organization\",\"@id\":\"https:\/\/peoplesphere.be\/fr\/#organization\",\"name\":\"Peoplesphere Company srl\",\"url\":\"https:\/\/peoplesphere.be\/fr\/\",\"logo\":{\"@type\":\"ImageObject\",\"inLanguage\":\"fr-FR\",\"@id\":\"https:\/\/peoplesphere.be\/fr\/#\/schema\/logo\/image\/\",\"url\":\"https:\/\/peoplesphere.be\/fr\/wp-content\/uploads\/2023\/07\/peoplesphere-lgo-new-generik.jpg\",\"contentUrl\":\"https:\/\/peoplesphere.be\/fr\/wp-content\/uploads\/2023\/07\/peoplesphere-lgo-new-generik.jpg\",\"width\":1031,\"height\":1479,\"caption\":\"Peoplesphere Company srl\"},\"image\":{\"@id\":\"https:\/\/peoplesphere.be\/fr\/#\/schema\/logo\/image\/\"},\"sameAs\":[\"https:\/\/www.facebook.com\/peoplesphere\",\"https:\/\/twitter.com\/PeoplesphereMag\",\"https:\/\/www.linkedin.com\/company\/7587361?trk\",\"http:\/\/youtube.com\/peoplesphere\"]},{\"@type\":\"Person\",\"@id\":\"https:\/\/peoplesphere.be\/fr\/#\/schema\/person\/7976225ff17988604334abb7b3536a7e\",\"name\":\"Jean-Paul Erhard\",\"image\":{\"@type\":\"ImageObject\",\"inLanguage\":\"fr-FR\",\"@id\":\"https:\/\/peoplesphere.be\/fr\/#\/schema\/person\/image\/\",\"url\":\"https:\/\/secure.gravatar.com\/avatar\/f941e681460179738071629a51574930?s=96&d=mm&r=g\",\"contentUrl\":\"https:\/\/secure.gravatar.com\/avatar\/f941e681460179738071629a51574930?s=96&d=mm&r=g\",\"caption\":\"Jean-Paul Erhard\"},\"url\":\"https:\/\/peoplesphere.be\/fr\/author\/jpe\/\"}]}<\/script>\n<!-- \/ Yoast SEO plugin. -->","yoast_head_json":{"title":"Les fonctions temporaires se multiplient en 2021: +75% d'offres d'emploi au cours du premier semestre. - Peoplesphere","robots":{"index":"index","follow":"follow","max-snippet":"max-snippet:-1","max-image-preview":"max-image-preview:large","max-video-preview":"max-video-preview:-1"},"canonical":"https:\/\/peoplesphere.be\/fr\/fonctions-temporaires-se-multiplient-2021-75-doffres-demploi-cours-premier-semestre\/","og_locale":"fr_FR","og_type":"article","og_title":"Les fonctions temporaires se multiplient en 2021: +75% d'offres d'emploi au cours du premier semestre. - Peoplesphere","og_description":"Depuis la fin de l&rsquo;ann\u00e9e derni\u00e8re, les entreprises misent de plus en plus sur l&#8217;embauche de personnel temporaire, selon le sp\u00e9cialiste du recrutement Robert Half. Dans un march\u00e9 du travail fluctuant, le recrutement de profils temporaires pr\u00e9sente de nombreux avantages. [&hellip;]","og_url":"https:\/\/peoplesphere.be\/fr\/fonctions-temporaires-se-multiplient-2021-75-doffres-demploi-cours-premier-semestre\/","og_site_name":"Peoplesphere","article_publisher":"https:\/\/www.facebook.com\/peoplesphere","article_published_time":"2021-07-29T07:04:56+00:00","og_image":[{"url":"http:\/\/www.peoplesphere.be\/fr\/wp-content\/uploads\/2016\/07\/facebook-default-posting-1200x628px.jpg"}],"author":"Jean-Paul Erhard","twitter_card":"summary_large_image","twitter_creator":"@PeoplesphereMag","twitter_site":"@PeoplesphereMag","twitter_misc":{"\u00c9crit par":"Jean-Paul Erhard","Dur\u00e9e de lecture estim\u00e9e":"3 minutes"},"schema":{"@context":"https:\/\/schema.org","@graph":[{"@type":"Article","@id":"https:\/\/peoplesphere.be\/fr\/fonctions-temporaires-se-multiplient-2021-75-doffres-demploi-cours-premier-semestre\/#article","isPartOf":{"@id":"https:\/\/peoplesphere.be\/fr\/fonctions-temporaires-se-multiplient-2021-75-doffres-demploi-cours-premier-semestre\/"},"author":{"name":"Jean-Paul Erhard","@id":"https:\/\/peoplesphere.be\/fr\/#\/schema\/person\/7976225ff17988604334abb7b3536a7e"},"headline":"Les fonctions temporaires se multiplient en 2021: +75% d&rsquo;offres d&#8217;emploi au cours du premier semestre.","datePublished":"2021-07-29T07:04:56+00:00","dateModified":"2021-07-29T07:04:56+00:00","mainEntityOfPage":{"@id":"https:\/\/peoplesphere.be\/fr\/fonctions-temporaires-se-multiplient-2021-75-doffres-demploi-cours-premier-semestre\/"},"wordCount":595,"publisher":{"@id":"https:\/\/peoplesphere.be\/fr\/#organization"},"keywords":["flexibilit\u00e9","int\u00e9rim","recrutement","Robert Half","temporaire"],"articleSection":["Actualit\u00e9s","Digital"],"inLanguage":"fr-FR"},{"@type":"WebPage","@id":"https:\/\/peoplesphere.be\/fr\/fonctions-temporaires-se-multiplient-2021-75-doffres-demploi-cours-premier-semestre\/","url":"https:\/\/peoplesphere.be\/fr\/fonctions-temporaires-se-multiplient-2021-75-doffres-demploi-cours-premier-semestre\/","name":"Les fonctions temporaires se multiplient en 2021: +75% d'offres d'emploi au cours du premier semestre. - Peoplesphere","isPartOf":{"@id":"https:\/\/peoplesphere.be\/fr\/#website"},"datePublished":"2021-07-29T07:04:56+00:00","dateModified":"2021-07-29T07:04:56+00:00","breadcrumb":{"@id":"https:\/\/peoplesphere.be\/fr\/fonctions-temporaires-se-multiplient-2021-75-doffres-demploi-cours-premier-semestre\/#breadcrumb"},"inLanguage":"fr-FR","potentialAction":[{"@type":"ReadAction","target":["https:\/\/peoplesphere.be\/fr\/fonctions-temporaires-se-multiplient-2021-75-doffres-demploi-cours-premier-semestre\/"]}]},{"@type":"BreadcrumbList","@id":"https:\/\/peoplesphere.be\/fr\/fonctions-temporaires-se-multiplient-2021-75-doffres-demploi-cours-premier-semestre\/#breadcrumb","itemListElement":[{"@type":"ListItem","position":1,"name":"Accueil","item":"https:\/\/peoplesphere.be\/fr\/"},{"@type":"ListItem","position":2,"name":"Les fonctions temporaires se multiplient en 2021: +75% d&rsquo;offres d&#8217;emploi au cours du premier semestre."}]},{"@type":"WebSite","@id":"https:\/\/peoplesphere.be\/fr\/#website","url":"https:\/\/peoplesphere.be\/fr\/","name":"Peoplesphere","description":"The People Managers Magazine","publisher":{"@id":"https:\/\/peoplesphere.be\/fr\/#organization"},"potentialAction":[{"@type":"SearchAction","target":{"@type":"EntryPoint","urlTemplate":"https:\/\/peoplesphere.be\/fr\/?s={search_term_string}"},"query-input":"required name=search_term_string"}],"inLanguage":"fr-FR"},{"@type":"Organization","@id":"https:\/\/peoplesphere.be\/fr\/#organization","name":"Peoplesphere Company srl","url":"https:\/\/peoplesphere.be\/fr\/","logo":{"@type":"ImageObject","inLanguage":"fr-FR","@id":"https:\/\/peoplesphere.be\/fr\/#\/schema\/logo\/image\/","url":"https:\/\/peoplesphere.be\/fr\/wp-content\/uploads\/2023\/07\/peoplesphere-lgo-new-generik.jpg","contentUrl":"https:\/\/peoplesphere.be\/fr\/wp-content\/uploads\/2023\/07\/peoplesphere-lgo-new-generik.jpg","width":1031,"height":1479,"caption":"Peoplesphere Company srl"},"image":{"@id":"https:\/\/peoplesphere.be\/fr\/#\/schema\/logo\/image\/"},"sameAs":["https:\/\/www.facebook.com\/peoplesphere","https:\/\/twitter.com\/PeoplesphereMag","https:\/\/www.linkedin.com\/company\/7587361?trk","http:\/\/youtube.com\/peoplesphere"]},{"@type":"Person","@id":"https:\/\/peoplesphere.be\/fr\/#\/schema\/person\/7976225ff17988604334abb7b3536a7e","name":"Jean-Paul Erhard","image":{"@type":"ImageObject","inLanguage":"fr-FR","@id":"https:\/\/peoplesphere.be\/fr\/#\/schema\/person\/image\/","url":"https:\/\/secure.gravatar.com\/avatar\/f941e681460179738071629a51574930?s=96&d=mm&r=g","contentUrl":"https:\/\/secure.gravatar.com\/avatar\/f941e681460179738071629a51574930?s=96&d=mm&r=g","caption":"Jean-Paul Erhard"},"url":"https:\/\/peoplesphere.be\/fr\/author\/jpe\/"}]}},"_links":{"self":[{"href":"https:\/\/peoplesphere.be\/fr\/wp-json\/wp\/v2\/posts\/11654"}],"collection":[{"href":"https:\/\/peoplesphere.be\/fr\/wp-json\/wp\/v2\/posts"}],"about":[{"href":"https:\/\/peoplesphere.be\/fr\/wp-json\/wp\/v2\/types\/post"}],"author":[{"embeddable":true,"href":"https:\/\/peoplesphere.be\/fr\/wp-json\/wp\/v2\/users\/2"}],"replies":[{"embeddable":true,"href":"https:\/\/peoplesphere.be\/fr\/wp-json\/wp\/v2\/comments?post=11654"}],"version-history":[{"count":1,"href":"https:\/\/peoplesphere.be\/fr\/wp-json\/wp\/v2\/posts\/11654\/revisions"}],"predecessor-version":[{"id":11655,"href":"https:\/\/peoplesphere.be\/fr\/wp-json\/wp\/v2\/posts\/11654\/revisions\/11655"}],"wp:attachment":[{"href":"https:\/\/peoplesphere.be\/fr\/wp-json\/wp\/v2\/media?parent=11654"}],"wp:term":[{"taxonomy":"category","embeddable":true,"href":"https:\/\/peoplesphere.be\/fr\/wp-json\/wp\/v2\/categories?post=11654"},{"taxonomy":"post_tag","embeddable":true,"href":"https:\/\/peoplesphere.be\/fr\/wp-json\/wp\/v2\/tags?post=11654"}],"curies":[{"name":"wp","href":"https:\/\/api.w.org\/{rel}","templated":true}]}}