









{"id":11671,"date":"2021-08-03T14:15:46","date_gmt":"2021-08-03T12:15:46","guid":{"rendered":"https:\/\/peoplesphere.be\/fr\/?p=11671"},"modified":"2021-08-03T14:15:46","modified_gmt":"2021-08-03T12:15:46","slug":"45-doffres-demploi-plus-diffusees-forem-recul-nombre-de-demandeurs-demploi-wallonie","status":"publish","type":"post","link":"https:\/\/peoplesphere.be\/fr\/45-doffres-demploi-plus-diffusees-forem-recul-nombre-de-demandeurs-demploi-wallonie\/","title":{"rendered":"45 % d\u2019offres d\u2019emploi en plus diffus\u00e9es par le Forem et recul du nombre de demandeurs d\u2019emploi en Wallonie."},"content":{"rendered":"<p>En juillet 2021, le Forem a diffus\u00e9 45 % d\u2019offres d\u2019emploi de plus qu\u2019en juillet 2020, ce qui porte \u00e0 36.035 le nombre total d\u2019offres d\u2019emploi ouvertes au cours du dernier mois. De plus, pour le 5e mois cons\u00e9cutif, le niveau de la demande d\u2019emploi se r\u00e9duit en Wallonie : le nombre de demandeurs d\u2019emploi inoccup\u00e9s (DEI) a diminu\u00e9 de 5,4 % entre juillet 2020 et juillet 2021. Cette baisse est particuli\u00e8rement perceptible parmi les plus jeunes : elle est de 9,4 % parmi les moins de 25 ans et de 9,0 % parmi les personnes \u00e2g\u00e9es de 25 \u00e0 moins de 30 ans.<!--more--><\/p>\n<p>Fin juillet, la Wallonie comptait 207.540 DEI. Ce chiffre r\u00e9sulte de l\u2019addition de 134.733 demandeurs d\u2019emploi demandeurs d\u2019allocations (dont 1.639 en Communaut\u00e9 germanophone) et de 32.627 jeunes en stage d\u2019insertion professionnelle (dont 202 en Communaut\u00e9 germanophone), ainsi que de 29.796 demandeurs d\u2019emploi inscrits obligatoirement et de 10.384 demandeurs d\u2019emploi inscrits librement.<\/p>\n<p>Le taux de la demande d\u2019emploi est descendu \u00e0 12,9 % de la population active wallonne. A titre de comparaison, il \u00e9tait de 13,7 % il y a un an et de 13,2 % il y a deux ans (fin juillet 2019).<\/p>\n<p><strong><em>Hausse saisonni\u00e8re des DEI entre juin et juillet<\/em><\/strong><\/p>\n<p>2021 n\u2019y coupe pas : le nombre de DEI a augment\u00e9 de 7,3 % depuis la fin du mois de juin dernier, soit 14.156 personnes en plus dans la demande d\u2019emploi. Une augmentation de cet ordre n\u2019est pas \u00e9tonnante car elle a lieu chaque ann\u00e9e \u00e0 cette p\u00e9riode pour deux raisons principales :<\/p>\n<ul>\n<li>c\u2019est \u00e0 cette p\u00e9riode que des jeunes sortis des \u00e9tudes viennent s\u2019inscrire au Forem et d\u00e9butent leur stage d\u2019insertion professionnelle ;<\/li>\n<li>des travailleurs de l\u2019enseignement engag\u00e9s sous contrat temporaire durant l\u2019ann\u00e9e acad\u00e9mique (re)viennent dans la demande d\u2019emploi en d\u00e9but d\u2019\u00e9t\u00e9.<\/li>\n<\/ul>\n<p><strong><em>11.918 demandeurs d\u2019emploi de moins qu\u2019\u00e0 fin juillet 2020<\/em><\/strong><\/p>\n<p>Ind\u00e9pendamment de la hausse saisonni\u00e8re cit\u00e9e plus haut, la demande d\u2019emploi poursuit sa d\u00e9crue entam\u00e9e en mars dernier. Les diminutions se succ\u00e8dent chaque mois, en comparant l\u2019effectif de DEI \u00e0 celui du m\u00eame mois de l\u2019ann\u00e9e pr\u00e9c\u00e9dente. Ainsi, la baisse du nombre de DEI est de 5,4 % \u00e0 un an d\u2019\u00e9cart, soit un recul net de 11.918 personnes.<\/p>\n<p>Les personnes le plus r\u00e9cemment arriv\u00e9es dans la demande d\u2019emploi voient leur nombre se r\u00e9duire : &#8211; 10,8% pour les personnes dont l\u2019inoccupation est inf\u00e9rieure \u00e0 six mois, et m\u00eame &#8211; 25,8% pour les personnes inoccup\u00e9es depuis six mois \u00e0 moins d\u2019un an. Par ailleurs, si la demande d\u2019emploi diminue \u00e0 nouveau dans toutes les classes d\u2019\u00e2ge, c\u2019est particuli\u00e8rement parmi les plus jeunes que les reculs sont les plus prononc\u00e9s : l\u2019ensemble des DEI \u00e2g\u00e9s de moins de 25 ans voit son effectif diminuer de 9,4% et la baisse est de &#8211; 9,0% parmi les personnes \u00e2g\u00e9es de 25 \u00e0 moins de 30 ans.<\/p>\n<p>N\u00e9anmoins, notons que le nombre de DEI comptant au moins un an d\u2019inoccupation continue \u00e0 cro\u00eetre \u00e0 un an d\u2019\u00e9cart. Ces tendances oppos\u00e9es en termes de dur\u00e9e d\u2019inoccupation restent le marqueur de l\u2019allongement progressif, au fil de la crise, de l\u2019inoccupation de certaines personnes en demande d\u2019emploi, malgr\u00e9 la tendance globale \u00e0 la baisse. Par rapport \u00e0 juillet 2020, une hausse de 4,1% s\u2019observe parmi les personnes inoccup\u00e9es depuis un an \u00e0 moins de deux ans, et de 9,1% parmi celles inoccup\u00e9es depuis deux ans \u00e0 moins de cinq ans. Une exception : le nombre de personnes inoccup\u00e9es depuis cinq ans et plus diminue de 1,9% \u00e0 un an d\u2019\u00e9cart.<\/p>\n<p><strong><em>45 % d\u2019offres d\u2019emploi en plus diffus\u00e9es par le Forem<\/em><\/strong><\/p>\n<p>En juillet 2021, le Forem a diffus\u00e9 36.035 offres d\u2019emploi, soit 45% de plus qu\u2019au cours du mois de juillet 2020. A ces offres s\u2019ajoutent 9.635 offres re\u00e7ues d\u2019un autre Service public de l\u2019Emploi et publi\u00e9es sur le site du Forem.<\/p>\n<p>Le secteur de l\u2019Horeca connait \u00e0 nouveau une forte croissance relative : +135%, soit 873 postes de plus qu\u2019en juillet 2020. Pour r\u00e9pondre rapidement \u00e0 ce besoin de main-d\u2019\u0153uvre, le Forem a mis sur pied durant l\u2019\u00e9t\u00e9 des JobShots (salons de l\u2019emploi d\u00e9di\u00e9s \u00e0 l\u2019Horeca) en collaboration avec l\u2019IFAPME et l\u2019UCM, partout en Wallonie.<\/p>\n<p>D\u2019autres secteurs connaissent \u00e9galement une forte croissance :<\/p>\n<ul>\n<li>les services collectifs, sociaux et personnels (+108%, soit 549 opportunit\u00e9s d\u2019emploi suppl\u00e9mentaires),<\/li>\n<li>le secteur de l\u2019eau, du gaz et de l\u2019\u00e9lectricit\u00e9 (+108%, soit +336 opportunit\u00e9s).<\/li>\n<li>l\u2019industrie textile et de l\u2019habillement (+239%, soit +141 opportunit\u00e9s),<\/li>\n<li>es industries agroalimentaires (+96%, soit +470 opportunit\u00e9s),<\/li>\n<\/ul>\n<p>Le secteur du transport et de l\u2019entreposage cherche \u00e0 pourvoir 1.015 postes de plus qu\u2019il y a un an (soit une croissance de 94%). Le secteur du commerce enregistre quant \u00e0 lui la plus forte hausse nette des besoins de recrutement, avec 1.231 postes de plus qu\u2019en juillet 2020 (soit une hausse de 55%). D\u2019autres hausses sont \u00e0 relever, dans les services aux entreprises dont l\u2019immobilier et les activit\u00e9s de location (+860 postes, soit +46%), et dans le secteur de la sant\u00e9 et de l\u2019action sociale qui continue \u00e0 embaucher (+571 postes, soit + 41%).<\/p>\n<p>Source: Forem<\/p>\n","protected":false},"excerpt":{"rendered":"<p>En juillet 2021, le Forem a diffus\u00e9 45 % d\u2019offres d\u2019emploi de plus qu\u2019en juillet 2020, ce qui porte \u00e0 36.035 le nombre total d\u2019offres d\u2019emploi ouvertes au cours du dernier mois. De plus, pour le 5e mois cons\u00e9cutif, le [&hellip;]<\/p>\n","protected":false},"author":2,"featured_media":0,"comment_status":"closed","ping_status":"open","sticky":false,"template":"","format":"standard","meta":[],"categories":[65,10],"tags":[331,105,703,28],"yoast_head":"<!-- This site is optimized with the Yoast SEO plugin v21.0 - https:\/\/yoast.com\/wordpress\/plugins\/seo\/ -->\n<title>45 % d\u2019offres d\u2019emploi en plus diffus\u00e9es par le Forem et recul du nombre de demandeurs d\u2019emploi en Wallonie. - Peoplesphere<\/title>\n<meta name=\"robots\" content=\"index, follow, max-snippet:-1, max-image-preview:large, max-video-preview:-1\" \/>\n<link rel=\"canonical\" href=\"https:\/\/peoplesphere.be\/fr\/45-doffres-demploi-plus-diffusees-forem-recul-nombre-de-demandeurs-demploi-wallonie\/\" \/>\n<meta property=\"og:locale\" content=\"fr_FR\" \/>\n<meta property=\"og:type\" content=\"article\" \/>\n<meta property=\"og:title\" content=\"45 % d\u2019offres d\u2019emploi en plus diffus\u00e9es par le Forem et recul du nombre de demandeurs d\u2019emploi en Wallonie. - Peoplesphere\" \/>\n<meta property=\"og:description\" content=\"En juillet 2021, le Forem a diffus\u00e9 45 % d\u2019offres d\u2019emploi de plus qu\u2019en juillet 2020, ce qui porte \u00e0 36.035 le nombre total d\u2019offres d\u2019emploi ouvertes au cours du dernier mois. De plus, pour le 5e mois cons\u00e9cutif, le [&hellip;]\" \/>\n<meta property=\"og:url\" content=\"https:\/\/peoplesphere.be\/fr\/45-doffres-demploi-plus-diffusees-forem-recul-nombre-de-demandeurs-demploi-wallonie\/\" \/>\n<meta property=\"og:site_name\" content=\"Peoplesphere\" \/>\n<meta property=\"article:publisher\" content=\"https:\/\/www.facebook.com\/peoplesphere\" \/>\n<meta property=\"article:published_time\" content=\"2021-08-03T12:15:46+00:00\" \/>\n<meta property=\"og:image\" content=\"http:\/\/www.peoplesphere.be\/fr\/wp-content\/uploads\/2016\/07\/facebook-default-posting-1200x628px.jpg\" \/>\n<meta name=\"author\" content=\"Jean-Paul Erhard\" \/>\n<meta name=\"twitter:card\" content=\"summary_large_image\" \/>\n<meta name=\"twitter:creator\" content=\"@PeoplesphereMag\" \/>\n<meta name=\"twitter:site\" content=\"@PeoplesphereMag\" \/>\n<meta name=\"twitter:label1\" content=\"\u00c9crit par\" \/>\n\t<meta name=\"twitter:data1\" content=\"Jean-Paul Erhard\" \/>\n\t<meta name=\"twitter:label2\" content=\"Dur\u00e9e de lecture estim\u00e9e\" \/>\n\t<meta name=\"twitter:data2\" content=\"4 minutes\" \/>\n<script type=\"application\/ld+json\" class=\"yoast-schema-graph\">{\"@context\":\"https:\/\/schema.org\",\"@graph\":[{\"@type\":\"Article\",\"@id\":\"https:\/\/peoplesphere.be\/fr\/45-doffres-demploi-plus-diffusees-forem-recul-nombre-de-demandeurs-demploi-wallonie\/#article\",\"isPartOf\":{\"@id\":\"https:\/\/peoplesphere.be\/fr\/45-doffres-demploi-plus-diffusees-forem-recul-nombre-de-demandeurs-demploi-wallonie\/\"},\"author\":{\"name\":\"Jean-Paul Erhard\",\"@id\":\"https:\/\/peoplesphere.be\/fr\/#\/schema\/person\/7976225ff17988604334abb7b3536a7e\"},\"headline\":\"45 % d\u2019offres d\u2019emploi en plus diffus\u00e9es par le Forem et recul du nombre de demandeurs d\u2019emploi en Wallonie.\",\"datePublished\":\"2021-08-03T12:15:46+00:00\",\"dateModified\":\"2021-08-03T12:15:46+00:00\",\"mainEntityOfPage\":{\"@id\":\"https:\/\/peoplesphere.be\/fr\/45-doffres-demploi-plus-diffusees-forem-recul-nombre-de-demandeurs-demploi-wallonie\/\"},\"wordCount\":865,\"publisher\":{\"@id\":\"https:\/\/peoplesphere.be\/fr\/#organization\"},\"keywords\":[\"forem\",\"offres d'emploi\",\"taux de ch\u00f4mage\",\"Wallonie\"],\"articleSection\":[\"Actualit\u00e9s\",\"Digital\"],\"inLanguage\":\"fr-FR\"},{\"@type\":\"WebPage\",\"@id\":\"https:\/\/peoplesphere.be\/fr\/45-doffres-demploi-plus-diffusees-forem-recul-nombre-de-demandeurs-demploi-wallonie\/\",\"url\":\"https:\/\/peoplesphere.be\/fr\/45-doffres-demploi-plus-diffusees-forem-recul-nombre-de-demandeurs-demploi-wallonie\/\",\"name\":\"45 % d\u2019offres d\u2019emploi en plus diffus\u00e9es par le Forem et recul du nombre de demandeurs d\u2019emploi en Wallonie. - Peoplesphere\",\"isPartOf\":{\"@id\":\"https:\/\/peoplesphere.be\/fr\/#website\"},\"datePublished\":\"2021-08-03T12:15:46+00:00\",\"dateModified\":\"2021-08-03T12:15:46+00:00\",\"breadcrumb\":{\"@id\":\"https:\/\/peoplesphere.be\/fr\/45-doffres-demploi-plus-diffusees-forem-recul-nombre-de-demandeurs-demploi-wallonie\/#breadcrumb\"},\"inLanguage\":\"fr-FR\",\"potentialAction\":[{\"@type\":\"ReadAction\",\"target\":[\"https:\/\/peoplesphere.be\/fr\/45-doffres-demploi-plus-diffusees-forem-recul-nombre-de-demandeurs-demploi-wallonie\/\"]}]},{\"@type\":\"BreadcrumbList\",\"@id\":\"https:\/\/peoplesphere.be\/fr\/45-doffres-demploi-plus-diffusees-forem-recul-nombre-de-demandeurs-demploi-wallonie\/#breadcrumb\",\"itemListElement\":[{\"@type\":\"ListItem\",\"position\":1,\"name\":\"Accueil\",\"item\":\"https:\/\/peoplesphere.be\/fr\/\"},{\"@type\":\"ListItem\",\"position\":2,\"name\":\"45 % d\u2019offres d\u2019emploi en plus diffus\u00e9es par le Forem et recul du nombre de demandeurs d\u2019emploi en Wallonie.\"}]},{\"@type\":\"WebSite\",\"@id\":\"https:\/\/peoplesphere.be\/fr\/#website\",\"url\":\"https:\/\/peoplesphere.be\/fr\/\",\"name\":\"Peoplesphere\",\"description\":\"The People Managers Magazine\",\"publisher\":{\"@id\":\"https:\/\/peoplesphere.be\/fr\/#organization\"},\"potentialAction\":[{\"@type\":\"SearchAction\",\"target\":{\"@type\":\"EntryPoint\",\"urlTemplate\":\"https:\/\/peoplesphere.be\/fr\/?s={search_term_string}\"},\"query-input\":\"required name=search_term_string\"}],\"inLanguage\":\"fr-FR\"},{\"@type\":\"Organization\",\"@id\":\"https:\/\/peoplesphere.be\/fr\/#organization\",\"name\":\"Peoplesphere Company srl\",\"url\":\"https:\/\/peoplesphere.be\/fr\/\",\"logo\":{\"@type\":\"ImageObject\",\"inLanguage\":\"fr-FR\",\"@id\":\"https:\/\/peoplesphere.be\/fr\/#\/schema\/logo\/image\/\",\"url\":\"https:\/\/peoplesphere.be\/fr\/wp-content\/uploads\/2023\/07\/peoplesphere-lgo-new-generik.jpg\",\"contentUrl\":\"https:\/\/peoplesphere.be\/fr\/wp-content\/uploads\/2023\/07\/peoplesphere-lgo-new-generik.jpg\",\"width\":1031,\"height\":1479,\"caption\":\"Peoplesphere Company srl\"},\"image\":{\"@id\":\"https:\/\/peoplesphere.be\/fr\/#\/schema\/logo\/image\/\"},\"sameAs\":[\"https:\/\/www.facebook.com\/peoplesphere\",\"https:\/\/twitter.com\/PeoplesphereMag\",\"https:\/\/www.linkedin.com\/company\/7587361?trk\",\"http:\/\/youtube.com\/peoplesphere\"]},{\"@type\":\"Person\",\"@id\":\"https:\/\/peoplesphere.be\/fr\/#\/schema\/person\/7976225ff17988604334abb7b3536a7e\",\"name\":\"Jean-Paul Erhard\",\"image\":{\"@type\":\"ImageObject\",\"inLanguage\":\"fr-FR\",\"@id\":\"https:\/\/peoplesphere.be\/fr\/#\/schema\/person\/image\/\",\"url\":\"https:\/\/secure.gravatar.com\/avatar\/f941e681460179738071629a51574930?s=96&d=mm&r=g\",\"contentUrl\":\"https:\/\/secure.gravatar.com\/avatar\/f941e681460179738071629a51574930?s=96&d=mm&r=g\",\"caption\":\"Jean-Paul Erhard\"},\"url\":\"https:\/\/peoplesphere.be\/fr\/author\/jpe\/\"}]}<\/script>\n<!-- \/ Yoast SEO plugin. -->","yoast_head_json":{"title":"45 % d\u2019offres d\u2019emploi en plus diffus\u00e9es par le Forem et recul du nombre de demandeurs d\u2019emploi en Wallonie. - Peoplesphere","robots":{"index":"index","follow":"follow","max-snippet":"max-snippet:-1","max-image-preview":"max-image-preview:large","max-video-preview":"max-video-preview:-1"},"canonical":"https:\/\/peoplesphere.be\/fr\/45-doffres-demploi-plus-diffusees-forem-recul-nombre-de-demandeurs-demploi-wallonie\/","og_locale":"fr_FR","og_type":"article","og_title":"45 % d\u2019offres d\u2019emploi en plus diffus\u00e9es par le Forem et recul du nombre de demandeurs d\u2019emploi en Wallonie. - Peoplesphere","og_description":"En juillet 2021, le Forem a diffus\u00e9 45 % d\u2019offres d\u2019emploi de plus qu\u2019en juillet 2020, ce qui porte \u00e0 36.035 le nombre total d\u2019offres d\u2019emploi ouvertes au cours du dernier mois. De plus, pour le 5e mois cons\u00e9cutif, le [&hellip;]","og_url":"https:\/\/peoplesphere.be\/fr\/45-doffres-demploi-plus-diffusees-forem-recul-nombre-de-demandeurs-demploi-wallonie\/","og_site_name":"Peoplesphere","article_publisher":"https:\/\/www.facebook.com\/peoplesphere","article_published_time":"2021-08-03T12:15:46+00:00","og_image":[{"url":"http:\/\/www.peoplesphere.be\/fr\/wp-content\/uploads\/2016\/07\/facebook-default-posting-1200x628px.jpg"}],"author":"Jean-Paul Erhard","twitter_card":"summary_large_image","twitter_creator":"@PeoplesphereMag","twitter_site":"@PeoplesphereMag","twitter_misc":{"\u00c9crit par":"Jean-Paul Erhard","Dur\u00e9e de lecture estim\u00e9e":"4 minutes"},"schema":{"@context":"https:\/\/schema.org","@graph":[{"@type":"Article","@id":"https:\/\/peoplesphere.be\/fr\/45-doffres-demploi-plus-diffusees-forem-recul-nombre-de-demandeurs-demploi-wallonie\/#article","isPartOf":{"@id":"https:\/\/peoplesphere.be\/fr\/45-doffres-demploi-plus-diffusees-forem-recul-nombre-de-demandeurs-demploi-wallonie\/"},"author":{"name":"Jean-Paul Erhard","@id":"https:\/\/peoplesphere.be\/fr\/#\/schema\/person\/7976225ff17988604334abb7b3536a7e"},"headline":"45 % d\u2019offres d\u2019emploi en plus diffus\u00e9es par le Forem et recul du nombre de demandeurs d\u2019emploi en Wallonie.","datePublished":"2021-08-03T12:15:46+00:00","dateModified":"2021-08-03T12:15:46+00:00","mainEntityOfPage":{"@id":"https:\/\/peoplesphere.be\/fr\/45-doffres-demploi-plus-diffusees-forem-recul-nombre-de-demandeurs-demploi-wallonie\/"},"wordCount":865,"publisher":{"@id":"https:\/\/peoplesphere.be\/fr\/#organization"},"keywords":["forem","offres d'emploi","taux de ch\u00f4mage","Wallonie"],"articleSection":["Actualit\u00e9s","Digital"],"inLanguage":"fr-FR"},{"@type":"WebPage","@id":"https:\/\/peoplesphere.be\/fr\/45-doffres-demploi-plus-diffusees-forem-recul-nombre-de-demandeurs-demploi-wallonie\/","url":"https:\/\/peoplesphere.be\/fr\/45-doffres-demploi-plus-diffusees-forem-recul-nombre-de-demandeurs-demploi-wallonie\/","name":"45 % d\u2019offres d\u2019emploi en plus diffus\u00e9es par le Forem et recul du nombre de demandeurs d\u2019emploi en Wallonie. - Peoplesphere","isPartOf":{"@id":"https:\/\/peoplesphere.be\/fr\/#website"},"datePublished":"2021-08-03T12:15:46+00:00","dateModified":"2021-08-03T12:15:46+00:00","breadcrumb":{"@id":"https:\/\/peoplesphere.be\/fr\/45-doffres-demploi-plus-diffusees-forem-recul-nombre-de-demandeurs-demploi-wallonie\/#breadcrumb"},"inLanguage":"fr-FR","potentialAction":[{"@type":"ReadAction","target":["https:\/\/peoplesphere.be\/fr\/45-doffres-demploi-plus-diffusees-forem-recul-nombre-de-demandeurs-demploi-wallonie\/"]}]},{"@type":"BreadcrumbList","@id":"https:\/\/peoplesphere.be\/fr\/45-doffres-demploi-plus-diffusees-forem-recul-nombre-de-demandeurs-demploi-wallonie\/#breadcrumb","itemListElement":[{"@type":"ListItem","position":1,"name":"Accueil","item":"https:\/\/peoplesphere.be\/fr\/"},{"@type":"ListItem","position":2,"name":"45 % d\u2019offres d\u2019emploi en plus diffus\u00e9es par le Forem et recul du nombre de demandeurs d\u2019emploi en Wallonie."}]},{"@type":"WebSite","@id":"https:\/\/peoplesphere.be\/fr\/#website","url":"https:\/\/peoplesphere.be\/fr\/","name":"Peoplesphere","description":"The People Managers Magazine","publisher":{"@id":"https:\/\/peoplesphere.be\/fr\/#organization"},"potentialAction":[{"@type":"SearchAction","target":{"@type":"EntryPoint","urlTemplate":"https:\/\/peoplesphere.be\/fr\/?s={search_term_string}"},"query-input":"required name=search_term_string"}],"inLanguage":"fr-FR"},{"@type":"Organization","@id":"https:\/\/peoplesphere.be\/fr\/#organization","name":"Peoplesphere Company srl","url":"https:\/\/peoplesphere.be\/fr\/","logo":{"@type":"ImageObject","inLanguage":"fr-FR","@id":"https:\/\/peoplesphere.be\/fr\/#\/schema\/logo\/image\/","url":"https:\/\/peoplesphere.be\/fr\/wp-content\/uploads\/2023\/07\/peoplesphere-lgo-new-generik.jpg","contentUrl":"https:\/\/peoplesphere.be\/fr\/wp-content\/uploads\/2023\/07\/peoplesphere-lgo-new-generik.jpg","width":1031,"height":1479,"caption":"Peoplesphere Company srl"},"image":{"@id":"https:\/\/peoplesphere.be\/fr\/#\/schema\/logo\/image\/"},"sameAs":["https:\/\/www.facebook.com\/peoplesphere","https:\/\/twitter.com\/PeoplesphereMag","https:\/\/www.linkedin.com\/company\/7587361?trk","http:\/\/youtube.com\/peoplesphere"]},{"@type":"Person","@id":"https:\/\/peoplesphere.be\/fr\/#\/schema\/person\/7976225ff17988604334abb7b3536a7e","name":"Jean-Paul Erhard","image":{"@type":"ImageObject","inLanguage":"fr-FR","@id":"https:\/\/peoplesphere.be\/fr\/#\/schema\/person\/image\/","url":"https:\/\/secure.gravatar.com\/avatar\/f941e681460179738071629a51574930?s=96&d=mm&r=g","contentUrl":"https:\/\/secure.gravatar.com\/avatar\/f941e681460179738071629a51574930?s=96&d=mm&r=g","caption":"Jean-Paul Erhard"},"url":"https:\/\/peoplesphere.be\/fr\/author\/jpe\/"}]}},"_links":{"self":[{"href":"https:\/\/peoplesphere.be\/fr\/wp-json\/wp\/v2\/posts\/11671"}],"collection":[{"href":"https:\/\/peoplesphere.be\/fr\/wp-json\/wp\/v2\/posts"}],"about":[{"href":"https:\/\/peoplesphere.be\/fr\/wp-json\/wp\/v2\/types\/post"}],"author":[{"embeddable":true,"href":"https:\/\/peoplesphere.be\/fr\/wp-json\/wp\/v2\/users\/2"}],"replies":[{"embeddable":true,"href":"https:\/\/peoplesphere.be\/fr\/wp-json\/wp\/v2\/comments?post=11671"}],"version-history":[{"count":1,"href":"https:\/\/peoplesphere.be\/fr\/wp-json\/wp\/v2\/posts\/11671\/revisions"}],"predecessor-version":[{"id":11672,"href":"https:\/\/peoplesphere.be\/fr\/wp-json\/wp\/v2\/posts\/11671\/revisions\/11672"}],"wp:attachment":[{"href":"https:\/\/peoplesphere.be\/fr\/wp-json\/wp\/v2\/media?parent=11671"}],"wp:term":[{"taxonomy":"category","embeddable":true,"href":"https:\/\/peoplesphere.be\/fr\/wp-json\/wp\/v2\/categories?post=11671"},{"taxonomy":"post_tag","embeddable":true,"href":"https:\/\/peoplesphere.be\/fr\/wp-json\/wp\/v2\/tags?post=11671"}],"curies":[{"name":"wp","href":"https:\/\/api.w.org\/{rel}","templated":true}]}}