









{"id":11681,"date":"2021-08-11T06:44:18","date_gmt":"2021-08-11T04:44:18","guid":{"rendered":"https:\/\/peoplesphere.be\/fr\/?p=11681"},"modified":"2021-08-11T08:57:47","modified_gmt":"2021-08-11T06:57:47","slug":"reprise-se-confirme-egalement-via-retour-force-travail-etudiant","status":"publish","type":"post","link":"https:\/\/peoplesphere.be\/fr\/reprise-se-confirme-egalement-via-retour-force-travail-etudiant\/","title":{"rendered":"La reprise se confirme \u00e9galement via le retour en force du travail \u00e9tudiant."},"content":{"rendered":"<p>L&rsquo;\u00e9t\u00e9 est traditionnellement la p\u00e9riode la plus importante pour le travail \u00e9tudiant. Avec une baisse de 24% (\u00e0 la fois en heures et en nombre d\u2019\u00e9tudiants), le premier mois des vacances d&rsquo;\u00e9t\u00e9 de l&rsquo;ann\u00e9e derni\u00e8re a encore \u00e9t\u00e9 fortement impact\u00e9 par la pand\u00e9mie de corona. Et m\u00eame lors des derni\u00e8res vacances de P\u00e2ques, malgr\u00e9 une forte reprise, le travail \u00e9tudiant restait \u00e0 la tra\u00eene. Cette perte est maintenant effac\u00e9e. Le nombre d&rsquo;\u00e9tudiants qui travaillent est de retour au niveau pr\u00e9-corona. <!--more--><\/p>\n<p>D&rsquo;apr\u00e8s l&rsquo;analyse men\u00e9ee par Randstad Research bas\u00e9e sur le nombre d&rsquo;\u00e9tudiants travaillant chez le prestataire de services RH Randstad Group, le nombre d&rsquo;\u00e9tudiants qui travaillent retrouvent quasiment son niveau de 2019. Le nombre moyen d\u2019heures travaill\u00e9es reste inf\u00e9rieur.<\/p>\n<p>Les chiffres du mois de juillet t\u00e9moignent un double constat : d&rsquo;une part, le nombre d&rsquo;\u00e9tudiants actifs est quasiment revenu au niveau de l&rsquo;ann\u00e9e record 2019 (-1%). C&rsquo;est une augmentation de 21% par rapport \u00e0 juillet de l&rsquo;ann\u00e9e derni\u00e8re. En revanche, au niveau du nombre d&rsquo;heures travaill\u00e9es, on constate encore une baisse de 10 % par rapport \u00e0 2019. Il s&rsquo;agit toutefois d&rsquo;une augmentation de 23% par rapport \u00e0 l&rsquo;an dernier.<\/p>\n<p>Concr\u00e8tement : les \u00e9tudiants qui travaillaient en juillet ont r\u00e9alis\u00e9 en moyenne une demi-heure de plus avec 21 heures par individu par rapport \u00e0 2020 (20,5 heures) et 2 heures de moins qu&rsquo;en 2019 (23 heures).<\/p>\n<p><em>\u00ab\u00a0Lors des derni\u00e8res vacances de P\u00e2ques, nous avons d\u00e9j\u00e0 pu constater une forte reprise. \u00c0 cette \u00e9poque, il y avait plus de deux fois plus d&rsquo;\u00e9tudiants qui travaillaient par rapport aux semaines de P\u00e2ques catastrophiques de l&rsquo;ann\u00e9e derni\u00e8re. Cette reprise s&rsquo;est maintenant \u00e9galement poursuivie au cours du premier mois de juillet, nous rapprochant du niveau de l&rsquo;ann\u00e9e record 2019. La r\u00e9cup\u00e9ration en nombre d&rsquo;heures est l\u00e9g\u00e8rement plus lente. Cela est principalement d\u00fb au fait que les secteurs qui emploient traditionnellement de nombreux \u00e9tudiants ne fonctionnent pas encore \u00e0 pleine capacit\u00e9. Il suffit de penser aux parcs d&rsquo;attractions, au secteur \u00e9v\u00e9nementiel et \u00e0 la restauration\u00a0\u00bb<\/em>, explique S\u00e9bastien Cosentino, porte-parole de Randstad Group. <em>\u00ab\u00a0De plus, la crise corona n\u2019est pas la seule d\u00e9ception. Le mauvais temps en juillet joue aussi, bien s\u00fbr. Car plus il fait beau, plus l\u2019affluence se marque en bord de mer.\u00a0\u00bb<\/em><\/p>\n<p>De nombreux \u00e9tudiants ont \u00e9galement trouv\u00e9 un emploi \u00e9tudiant li\u00e9 au corona dans un centre de d\u00e9pistage ou de vaccination. Par exemple, Randstad Group employait en moyenne plusieurs centaines d\u2019\u00e9tudiants dans les centres de vaccination sur l\u2019ensemble du territoire.<\/p>\n","protected":false},"excerpt":{"rendered":"<p>L&rsquo;\u00e9t\u00e9 est traditionnellement la p\u00e9riode la plus importante pour le travail \u00e9tudiant. Avec une baisse de 24% (\u00e0 la fois en heures et en nombre d\u2019\u00e9tudiants), le premier mois des vacances d&rsquo;\u00e9t\u00e9 de l&rsquo;ann\u00e9e derni\u00e8re a encore \u00e9t\u00e9 fortement impact\u00e9 [&hellip;]<\/p>\n","protected":false},"author":2,"featured_media":0,"comment_status":"closed","ping_status":"open","sticky":false,"template":"","format":"standard","meta":[],"categories":[65,10],"tags":[872,124,774],"yoast_head":"<!-- This site is optimized with the Yoast SEO plugin v21.0 - https:\/\/yoast.com\/wordpress\/plugins\/seo\/ -->\n<title>La reprise se confirme \u00e9galement via le retour en force du travail \u00e9tudiant. - Peoplesphere<\/title>\n<meta name=\"robots\" content=\"index, follow, max-snippet:-1, max-image-preview:large, max-video-preview:-1\" \/>\n<link rel=\"canonical\" href=\"https:\/\/peoplesphere.be\/fr\/reprise-se-confirme-egalement-via-retour-force-travail-etudiant\/\" \/>\n<meta property=\"og:locale\" content=\"fr_FR\" \/>\n<meta property=\"og:type\" content=\"article\" \/>\n<meta property=\"og:title\" content=\"La reprise se confirme \u00e9galement via le retour en force du travail \u00e9tudiant. - Peoplesphere\" \/>\n<meta property=\"og:description\" content=\"L&rsquo;\u00e9t\u00e9 est traditionnellement la p\u00e9riode la plus importante pour le travail \u00e9tudiant. Avec une baisse de 24% (\u00e0 la fois en heures et en nombre d\u2019\u00e9tudiants), le premier mois des vacances d&rsquo;\u00e9t\u00e9 de l&rsquo;ann\u00e9e derni\u00e8re a encore \u00e9t\u00e9 fortement impact\u00e9 [&hellip;]\" \/>\n<meta property=\"og:url\" content=\"https:\/\/peoplesphere.be\/fr\/reprise-se-confirme-egalement-via-retour-force-travail-etudiant\/\" \/>\n<meta property=\"og:site_name\" content=\"Peoplesphere\" \/>\n<meta property=\"article:publisher\" content=\"https:\/\/www.facebook.com\/peoplesphere\" \/>\n<meta property=\"article:published_time\" content=\"2021-08-11T04:44:18+00:00\" \/>\n<meta property=\"article:modified_time\" content=\"2021-08-11T06:57:47+00:00\" \/>\n<meta property=\"og:image\" content=\"http:\/\/www.peoplesphere.be\/fr\/wp-content\/uploads\/2016\/07\/facebook-default-posting-1200x628px.jpg\" \/>\n<meta name=\"author\" content=\"Jean-Paul Erhard\" \/>\n<meta name=\"twitter:card\" content=\"summary_large_image\" \/>\n<meta name=\"twitter:creator\" content=\"@PeoplesphereMag\" \/>\n<meta name=\"twitter:site\" content=\"@PeoplesphereMag\" \/>\n<meta name=\"twitter:label1\" content=\"\u00c9crit par\" \/>\n\t<meta name=\"twitter:data1\" content=\"Jean-Paul Erhard\" \/>\n\t<meta name=\"twitter:label2\" content=\"Dur\u00e9e de lecture estim\u00e9e\" \/>\n\t<meta name=\"twitter:data2\" content=\"2 minutes\" \/>\n<script type=\"application\/ld+json\" class=\"yoast-schema-graph\">{\"@context\":\"https:\/\/schema.org\",\"@graph\":[{\"@type\":\"Article\",\"@id\":\"https:\/\/peoplesphere.be\/fr\/reprise-se-confirme-egalement-via-retour-force-travail-etudiant\/#article\",\"isPartOf\":{\"@id\":\"https:\/\/peoplesphere.be\/fr\/reprise-se-confirme-egalement-via-retour-force-travail-etudiant\/\"},\"author\":{\"name\":\"Jean-Paul Erhard\",\"@id\":\"https:\/\/peoplesphere.be\/fr\/#\/schema\/person\/7976225ff17988604334abb7b3536a7e\"},\"headline\":\"La reprise se confirme \u00e9galement via le retour en force du travail \u00e9tudiant.\",\"datePublished\":\"2021-08-11T04:44:18+00:00\",\"dateModified\":\"2021-08-11T06:57:47+00:00\",\"mainEntityOfPage\":{\"@id\":\"https:\/\/peoplesphere.be\/fr\/reprise-se-confirme-egalement-via-retour-force-travail-etudiant\/\"},\"wordCount\":445,\"publisher\":{\"@id\":\"https:\/\/peoplesphere.be\/fr\/#organization\"},\"keywords\":[\"randstad\",\"reprise\",\"travail \u00e9tudiant\"],\"articleSection\":[\"Actualit\u00e9s\",\"Digital\"],\"inLanguage\":\"fr-FR\"},{\"@type\":\"WebPage\",\"@id\":\"https:\/\/peoplesphere.be\/fr\/reprise-se-confirme-egalement-via-retour-force-travail-etudiant\/\",\"url\":\"https:\/\/peoplesphere.be\/fr\/reprise-se-confirme-egalement-via-retour-force-travail-etudiant\/\",\"name\":\"La reprise se confirme \u00e9galement via le retour en force du travail \u00e9tudiant. - Peoplesphere\",\"isPartOf\":{\"@id\":\"https:\/\/peoplesphere.be\/fr\/#website\"},\"datePublished\":\"2021-08-11T04:44:18+00:00\",\"dateModified\":\"2021-08-11T06:57:47+00:00\",\"breadcrumb\":{\"@id\":\"https:\/\/peoplesphere.be\/fr\/reprise-se-confirme-egalement-via-retour-force-travail-etudiant\/#breadcrumb\"},\"inLanguage\":\"fr-FR\",\"potentialAction\":[{\"@type\":\"ReadAction\",\"target\":[\"https:\/\/peoplesphere.be\/fr\/reprise-se-confirme-egalement-via-retour-force-travail-etudiant\/\"]}]},{\"@type\":\"BreadcrumbList\",\"@id\":\"https:\/\/peoplesphere.be\/fr\/reprise-se-confirme-egalement-via-retour-force-travail-etudiant\/#breadcrumb\",\"itemListElement\":[{\"@type\":\"ListItem\",\"position\":1,\"name\":\"Accueil\",\"item\":\"https:\/\/peoplesphere.be\/fr\/\"},{\"@type\":\"ListItem\",\"position\":2,\"name\":\"La reprise se confirme \u00e9galement via le retour en force du travail \u00e9tudiant.\"}]},{\"@type\":\"WebSite\",\"@id\":\"https:\/\/peoplesphere.be\/fr\/#website\",\"url\":\"https:\/\/peoplesphere.be\/fr\/\",\"name\":\"Peoplesphere\",\"description\":\"The People Managers Magazine\",\"publisher\":{\"@id\":\"https:\/\/peoplesphere.be\/fr\/#organization\"},\"potentialAction\":[{\"@type\":\"SearchAction\",\"target\":{\"@type\":\"EntryPoint\",\"urlTemplate\":\"https:\/\/peoplesphere.be\/fr\/?s={search_term_string}\"},\"query-input\":\"required name=search_term_string\"}],\"inLanguage\":\"fr-FR\"},{\"@type\":\"Organization\",\"@id\":\"https:\/\/peoplesphere.be\/fr\/#organization\",\"name\":\"Peoplesphere Company srl\",\"url\":\"https:\/\/peoplesphere.be\/fr\/\",\"logo\":{\"@type\":\"ImageObject\",\"inLanguage\":\"fr-FR\",\"@id\":\"https:\/\/peoplesphere.be\/fr\/#\/schema\/logo\/image\/\",\"url\":\"https:\/\/peoplesphere.be\/fr\/wp-content\/uploads\/2023\/07\/peoplesphere-lgo-new-generik.jpg\",\"contentUrl\":\"https:\/\/peoplesphere.be\/fr\/wp-content\/uploads\/2023\/07\/peoplesphere-lgo-new-generik.jpg\",\"width\":1031,\"height\":1479,\"caption\":\"Peoplesphere Company srl\"},\"image\":{\"@id\":\"https:\/\/peoplesphere.be\/fr\/#\/schema\/logo\/image\/\"},\"sameAs\":[\"https:\/\/www.facebook.com\/peoplesphere\",\"https:\/\/twitter.com\/PeoplesphereMag\",\"https:\/\/www.linkedin.com\/company\/7587361?trk\",\"http:\/\/youtube.com\/peoplesphere\"]},{\"@type\":\"Person\",\"@id\":\"https:\/\/peoplesphere.be\/fr\/#\/schema\/person\/7976225ff17988604334abb7b3536a7e\",\"name\":\"Jean-Paul Erhard\",\"image\":{\"@type\":\"ImageObject\",\"inLanguage\":\"fr-FR\",\"@id\":\"https:\/\/peoplesphere.be\/fr\/#\/schema\/person\/image\/\",\"url\":\"https:\/\/secure.gravatar.com\/avatar\/f941e681460179738071629a51574930?s=96&d=mm&r=g\",\"contentUrl\":\"https:\/\/secure.gravatar.com\/avatar\/f941e681460179738071629a51574930?s=96&d=mm&r=g\",\"caption\":\"Jean-Paul Erhard\"},\"url\":\"https:\/\/peoplesphere.be\/fr\/author\/jpe\/\"}]}<\/script>\n<!-- \/ Yoast SEO plugin. -->","yoast_head_json":{"title":"La reprise se confirme \u00e9galement via le retour en force du travail \u00e9tudiant. - Peoplesphere","robots":{"index":"index","follow":"follow","max-snippet":"max-snippet:-1","max-image-preview":"max-image-preview:large","max-video-preview":"max-video-preview:-1"},"canonical":"https:\/\/peoplesphere.be\/fr\/reprise-se-confirme-egalement-via-retour-force-travail-etudiant\/","og_locale":"fr_FR","og_type":"article","og_title":"La reprise se confirme \u00e9galement via le retour en force du travail \u00e9tudiant. - Peoplesphere","og_description":"L&rsquo;\u00e9t\u00e9 est traditionnellement la p\u00e9riode la plus importante pour le travail \u00e9tudiant. Avec une baisse de 24% (\u00e0 la fois en heures et en nombre d\u2019\u00e9tudiants), le premier mois des vacances d&rsquo;\u00e9t\u00e9 de l&rsquo;ann\u00e9e derni\u00e8re a encore \u00e9t\u00e9 fortement impact\u00e9 [&hellip;]","og_url":"https:\/\/peoplesphere.be\/fr\/reprise-se-confirme-egalement-via-retour-force-travail-etudiant\/","og_site_name":"Peoplesphere","article_publisher":"https:\/\/www.facebook.com\/peoplesphere","article_published_time":"2021-08-11T04:44:18+00:00","article_modified_time":"2021-08-11T06:57:47+00:00","og_image":[{"url":"http:\/\/www.peoplesphere.be\/fr\/wp-content\/uploads\/2016\/07\/facebook-default-posting-1200x628px.jpg"}],"author":"Jean-Paul Erhard","twitter_card":"summary_large_image","twitter_creator":"@PeoplesphereMag","twitter_site":"@PeoplesphereMag","twitter_misc":{"\u00c9crit par":"Jean-Paul Erhard","Dur\u00e9e de lecture estim\u00e9e":"2 minutes"},"schema":{"@context":"https:\/\/schema.org","@graph":[{"@type":"Article","@id":"https:\/\/peoplesphere.be\/fr\/reprise-se-confirme-egalement-via-retour-force-travail-etudiant\/#article","isPartOf":{"@id":"https:\/\/peoplesphere.be\/fr\/reprise-se-confirme-egalement-via-retour-force-travail-etudiant\/"},"author":{"name":"Jean-Paul Erhard","@id":"https:\/\/peoplesphere.be\/fr\/#\/schema\/person\/7976225ff17988604334abb7b3536a7e"},"headline":"La reprise se confirme \u00e9galement via le retour en force du travail \u00e9tudiant.","datePublished":"2021-08-11T04:44:18+00:00","dateModified":"2021-08-11T06:57:47+00:00","mainEntityOfPage":{"@id":"https:\/\/peoplesphere.be\/fr\/reprise-se-confirme-egalement-via-retour-force-travail-etudiant\/"},"wordCount":445,"publisher":{"@id":"https:\/\/peoplesphere.be\/fr\/#organization"},"keywords":["randstad","reprise","travail \u00e9tudiant"],"articleSection":["Actualit\u00e9s","Digital"],"inLanguage":"fr-FR"},{"@type":"WebPage","@id":"https:\/\/peoplesphere.be\/fr\/reprise-se-confirme-egalement-via-retour-force-travail-etudiant\/","url":"https:\/\/peoplesphere.be\/fr\/reprise-se-confirme-egalement-via-retour-force-travail-etudiant\/","name":"La reprise se confirme \u00e9galement via le retour en force du travail \u00e9tudiant. - Peoplesphere","isPartOf":{"@id":"https:\/\/peoplesphere.be\/fr\/#website"},"datePublished":"2021-08-11T04:44:18+00:00","dateModified":"2021-08-11T06:57:47+00:00","breadcrumb":{"@id":"https:\/\/peoplesphere.be\/fr\/reprise-se-confirme-egalement-via-retour-force-travail-etudiant\/#breadcrumb"},"inLanguage":"fr-FR","potentialAction":[{"@type":"ReadAction","target":["https:\/\/peoplesphere.be\/fr\/reprise-se-confirme-egalement-via-retour-force-travail-etudiant\/"]}]},{"@type":"BreadcrumbList","@id":"https:\/\/peoplesphere.be\/fr\/reprise-se-confirme-egalement-via-retour-force-travail-etudiant\/#breadcrumb","itemListElement":[{"@type":"ListItem","position":1,"name":"Accueil","item":"https:\/\/peoplesphere.be\/fr\/"},{"@type":"ListItem","position":2,"name":"La reprise se confirme \u00e9galement via le retour en force du travail \u00e9tudiant."}]},{"@type":"WebSite","@id":"https:\/\/peoplesphere.be\/fr\/#website","url":"https:\/\/peoplesphere.be\/fr\/","name":"Peoplesphere","description":"The People Managers Magazine","publisher":{"@id":"https:\/\/peoplesphere.be\/fr\/#organization"},"potentialAction":[{"@type":"SearchAction","target":{"@type":"EntryPoint","urlTemplate":"https:\/\/peoplesphere.be\/fr\/?s={search_term_string}"},"query-input":"required name=search_term_string"}],"inLanguage":"fr-FR"},{"@type":"Organization","@id":"https:\/\/peoplesphere.be\/fr\/#organization","name":"Peoplesphere Company srl","url":"https:\/\/peoplesphere.be\/fr\/","logo":{"@type":"ImageObject","inLanguage":"fr-FR","@id":"https:\/\/peoplesphere.be\/fr\/#\/schema\/logo\/image\/","url":"https:\/\/peoplesphere.be\/fr\/wp-content\/uploads\/2023\/07\/peoplesphere-lgo-new-generik.jpg","contentUrl":"https:\/\/peoplesphere.be\/fr\/wp-content\/uploads\/2023\/07\/peoplesphere-lgo-new-generik.jpg","width":1031,"height":1479,"caption":"Peoplesphere Company srl"},"image":{"@id":"https:\/\/peoplesphere.be\/fr\/#\/schema\/logo\/image\/"},"sameAs":["https:\/\/www.facebook.com\/peoplesphere","https:\/\/twitter.com\/PeoplesphereMag","https:\/\/www.linkedin.com\/company\/7587361?trk","http:\/\/youtube.com\/peoplesphere"]},{"@type":"Person","@id":"https:\/\/peoplesphere.be\/fr\/#\/schema\/person\/7976225ff17988604334abb7b3536a7e","name":"Jean-Paul Erhard","image":{"@type":"ImageObject","inLanguage":"fr-FR","@id":"https:\/\/peoplesphere.be\/fr\/#\/schema\/person\/image\/","url":"https:\/\/secure.gravatar.com\/avatar\/f941e681460179738071629a51574930?s=96&d=mm&r=g","contentUrl":"https:\/\/secure.gravatar.com\/avatar\/f941e681460179738071629a51574930?s=96&d=mm&r=g","caption":"Jean-Paul Erhard"},"url":"https:\/\/peoplesphere.be\/fr\/author\/jpe\/"}]}},"_links":{"self":[{"href":"https:\/\/peoplesphere.be\/fr\/wp-json\/wp\/v2\/posts\/11681"}],"collection":[{"href":"https:\/\/peoplesphere.be\/fr\/wp-json\/wp\/v2\/posts"}],"about":[{"href":"https:\/\/peoplesphere.be\/fr\/wp-json\/wp\/v2\/types\/post"}],"author":[{"embeddable":true,"href":"https:\/\/peoplesphere.be\/fr\/wp-json\/wp\/v2\/users\/2"}],"replies":[{"embeddable":true,"href":"https:\/\/peoplesphere.be\/fr\/wp-json\/wp\/v2\/comments?post=11681"}],"version-history":[{"count":2,"href":"https:\/\/peoplesphere.be\/fr\/wp-json\/wp\/v2\/posts\/11681\/revisions"}],"predecessor-version":[{"id":11683,"href":"https:\/\/peoplesphere.be\/fr\/wp-json\/wp\/v2\/posts\/11681\/revisions\/11683"}],"wp:attachment":[{"href":"https:\/\/peoplesphere.be\/fr\/wp-json\/wp\/v2\/media?parent=11681"}],"wp:term":[{"taxonomy":"category","embeddable":true,"href":"https:\/\/peoplesphere.be\/fr\/wp-json\/wp\/v2\/categories?post=11681"},{"taxonomy":"post_tag","embeddable":true,"href":"https:\/\/peoplesphere.be\/fr\/wp-json\/wp\/v2\/tags?post=11681"}],"curies":[{"name":"wp","href":"https:\/\/api.w.org\/{rel}","templated":true}]}}