









{"id":11709,"date":"2021-08-18T08:59:51","date_gmt":"2021-08-18T06:59:51","guid":{"rendered":"https:\/\/peoplesphere.be\/fr\/?p=11709"},"modified":"2021-08-18T08:59:51","modified_gmt":"2021-08-18T06:59:51","slug":"repondre-aux-souhaits-travailleurs-matiere-de-flexibilite-quatre-pme-dix-autoriseront-minimum-deux-jours-de-teletravail-semaine","status":"publish","type":"post","link":"https:\/\/peoplesphere.be\/fr\/repondre-aux-souhaits-travailleurs-matiere-de-flexibilite-quatre-pme-dix-autoriseront-minimum-deux-jours-de-teletravail-semaine\/","title":{"rendered":"Pour r\u00e9pondre aux souhaits des travailleurs en mati\u00e8re de flexibilit\u00e9, quatre PME sur dix autoriseront au minimum deux jours de t\u00e9l\u00e9travail par semaine."},"content":{"rendered":"<p>M\u00eame apr\u00e8s le coronavirus, quatre PME sur dix autoriseront leurs collaborateurs \u00e0 travailler \u00e0 domicile (au maximum) deux, trois, quatre ou m\u00eame cinq jours par semaine. C\u2019est ce qui ressort d\u2019une r\u00e9cente enqu\u00eate men\u00e9e \u00e0 la demande de SD Worx aupr\u00e8s de 615 dirigeants de PME et responsables du personnel.<!--more--><\/p>\n<p>La plupart des PME (15,6%) opteront pour maximum deux jours ; environ une PME sur dix (9,2%) autorisera trois jours, 5,6% autoriseront quatre jours et une PME sur dix (9,6%) autorisera maximum cinq jours de t\u00e9l\u00e9travail par semaine. Finalement, pr\u00e8s de la moiti\u00e9 (48,3%) des PME autoriseront au moins un jour par semaine, pour ceux qui le souhaitent. Seules 8% ne permettront pas le t\u00e9l\u00e9travail, m\u00eame s&rsquo;il est possible. En moyenne, une PME sur trois indique que le t\u00e9l\u00e9travail ne fonctionne pas. Plus de la moiti\u00e9 d\u2019entre elles sont convaincues que le t\u00e9l\u00e9travail contribue, dans une mesure raisonnable \u00e0 (tr\u00e8s) importante, \u00e0 attirer et \u00e0 conserver du personnel. La n\u00e9cessit\u00e9 d\u2019une flexibilit\u00e9 suppl\u00e9mentaire ressort \u00e9galement de l\u2019enqu\u00eate men\u00e9e aupr\u00e8s des travailleurs ; les points de vue se rejoignent. Les employeurs et les travailleurs \u00e9voluent dans la m\u00eame direction.<\/p>\n<p><strong><em>Les avis quant au bien-fond\u00e9 du t\u00e9l\u00e9travail sont partag\u00e9s en Wallonie<\/em><\/strong><\/p>\n<p>Plus de la moiti\u00e9 des PME flamandes (53,4%) et bruxelloises (53,3%) sont convaincues que le t\u00e9l\u00e9travail contribue, dans une mesure raisonnable \u00e0 (tr\u00e8s) importante, \u00e0 attirer et \u00e0 conserver du personnel. \u00c0 Anvers et en Flandre orientale, ce score est encore plus \u00e9lev\u00e9 dans les PME (60,8% et 56,0%). Les PME de Flandre occidentale sont moins convaincues, 59,2% d\u2019entre elles d\u00e9clarant que le t\u00e9l\u00e9travail ne contribue pas ou peu \u00e0 cet objectif. Les PME wallonnes semblent les moins convaincues, avec une majorit\u00e9 de 62,3% qui affirment que cela n&rsquo;a que peu ou pas d&rsquo;influence. Les avis sont toutefois partag\u00e9s, car 37,7% de PME wallonnes indiquent que cela contribue, dans une mesure raisonnable \u00e0 (tr\u00e8s) importante, \u00e0 la conservation du personnel.<\/p>\n<p><strong><em>R\u00e9pondre aux besoins des collaborateurs<\/em><\/strong><\/p>\n<p>Une \u00e9tude men\u00e9e par SD Worx en juin de cette ann\u00e9e aupr\u00e8s de 1 000 Belges actifs d\u00e9montre que les intentions des employeurs sont conformes aux attentes des travailleurs, m\u00eame s\u2019il y a certainement des diff\u00e9rences selon la r\u00e9gion o\u00f9 l\u2019on travaille. Le sexe, l\u2019\u00e2ge, le r\u00e9gime de travail, la taille de l\u2019organisation et les t\u00e2ches jouent \u00e9galement un r\u00f4le. En moyenne, une personne sur dix souhaite pouvoir travailler \u00e0 domicile une fois par semaine ; le double (pr\u00e8s d\u2019une personne sur cinq ou 20%) esp\u00e8re pouvoir travailler \u00e0 domicile plusieurs fois par semaine et seuls 5% souhaitent pouvoir le faire quotidiennement.<\/p>\n<p>Tulay Kasap, conseill\u00e8re juridique chez SD Worx, explique les intentions :<em> \u00ab\u00a0M\u00eame apr\u00e8s le coronavirus, les PME autoriseront davantage de t\u00e9l\u00e9travail structurel : la moiti\u00e9 pour au moins 1 jour. Pour quatre PME sur dix, il s\u2019agira de plusieurs jours par semaine, \u00e0 savoir deux ou plus. La majeure partie (15%) des PME d\u00e9clarent qu&rsquo;elles autoriseront au maximum deux jours de travail \u00e0 domicile. Une PME sur dix accordera m\u00eame un maximum de cinq jours ; une PME sur dix optera pour trois jours. Il s\u2019agit toujours d\u2019un maximum, jamais d\u2019une obligation. Pour une PME sur trois (30,3%), le t\u00e9l\u00e9travail ne sera pas possible. Seules 8% ne le permettront pas m\u00eame s&rsquo;il est possible. La majorit\u00e9 des PME flamandes et bruxelloises semblent toujours convaincues que cette mesure contribue raisonnablement \u00e0 attirer et \u00e0 conserver du personnel.\u00a0\u00bb<\/em> La sp\u00e9cialiste indique que c\u2019est important : <em>\u00ab\u00a0C\u2019est \u00e9galement vrai si nous analysons notre enqu\u00eate aupr\u00e8s des travailleurs. Les employeurs qui \u00e9laborent une politique de t\u00e9l\u00e9travail claire peuvent aussi jouer cette carte pour attirer de nouveaux talents : pour au moins un Belge sur trois, cela repr\u00e9sente un des trois facteurs d\u00e9terminants dans le choix d&rsquo;un nouvel employeur. Une \u00e9tude men\u00e9e aupr\u00e8s de travailleurs belges r\u00e9v\u00e8le \u00e9galement que pr\u00e8s d\u2019un cinqui\u00e8me des r\u00e9pondants (18,9%) souhaitent travailler \u00e0 domicile plusieurs jours par semaine. \u00c0 partir de septembre, les employeurs \u00e9volueront vers un nouvel \u00e9quilibre structurel. Les entreprises recherchent la simplicit\u00e9 et la clart\u00e9 dans leur politique de retour au bureau, mais veulent tenir compte des pr\u00e9f\u00e9rences de leurs collaborateurs. Ces chiffres confirment qu\u2019il n\u2019existe pas d\u2019approche universelle. Les entreprises sont confront\u00e9es \u00e0 un exercice d\u2019\u00e9quilibre o\u00f9 une politique de retour au bureau va de pair avec une politique de travail \u00e0 domicile. Des accords clairs sont indispensables, mais il est \u00e9vident que la plupart des PME pr\u00e9voient de proposer une flexibilit\u00e9 suppl\u00e9mentaire.\u00a0\u00bb<\/em><\/p>\n<p><em>\u00ab\u00a0La nouvelle politique mettra \u00e9galement l\u2019accent sur les raisons pour lesquelles chacun vient au bureau : pour tisser des liens, s&rsquo;inspirer mutuellement ou laisser libre cours \u00e0 un processus cr\u00e9atif. Pour le travail n\u00e9cessitant de la concentration, il y a plus de marge: cela peut se faire \u00e0 la maison ou au bureau en fonction des besoins individuels. Ainsi, le travailleur sera lui-m\u00eame aux commandes\u00a0\u00bb<\/em>, conclut SD Worx.<\/p>\n<p><strong><em>M\u00eame s\u2019il y a aussi des diff\u00e9rences r\u00e9gionales<\/em><\/strong><\/p>\n<p>Les dirigeants de PME \u00e0 Bruxelles et dans le Brabant flamand sont les plus fervents partisans du t\u00e9l\u00e9travail, avec respectivement 63,5% et 61,0% des PME qui permettent de travailler au moins 1 jour \u00e0 domicile. Mieux encore : une PME bruxelloise sur cinq permet de travailler cinq jours \u00e0 domicile.<\/p>\n<p><strong><em>Cela correspond-il \u00e0 l\u2019enqu\u00eate aupr\u00e8s des travailleurs ?<\/em><\/strong><\/p>\n<p>Pr\u00e8s de la moiti\u00e9 (46%) des personnes qui travaillent \u00e0 Bruxelles comptent travailler \u00e0 domicile au moins un jour par semaine. Il s&rsquo;agit du pourcentage le plus \u00e9lev\u00e9. Le top cinq est compl\u00e9t\u00e9 par les collaborateurs des entreprises du Brabant flamand (44%), de Flandre orientale (36%) et du Limbourg (35%), o\u00f9 un travailleur sur trois au moins souhaite travailler \u00e0 distance chaque semaine. C&rsquo;est en Flandre occidentale (23%) et au Luxembourg (19%) que l&rsquo;on retrouve la disposition la plus faible \u00e0 travailler \u00e0 domicile une fois par semaine.<\/p>\n<p>&nbsp;<\/p>\n<p><em>Source : pour ses pr\u00e9visions d\u2019emploi trimestrielles, SD Worx a interrog\u00e9 pour la 45e fois un nombre repr\u00e9sentatif de PME belges sur leurs attentes en mati\u00e8re d\u2019emploi. 615 entreprises de 1 \u00e0 250 travailleurs y ont particip\u00e9 entre le 1er et le 15 juin. Il s\u2019agit d\u2019une enqu\u00eate en ligne men\u00e9e aupr\u00e8s des PME en Belgique sur la base d\u2019un \u00e9chantillon repr\u00e9sentatif et par laquelle le bureau d\u2019\u00e9tudes CityD-WES s\u2019adresse aux personnes interrog\u00e9es par e-mail. L\u2019\u00e9tude est r\u00e9p\u00e9t\u00e9e tous les trimestres. La pond\u00e9ration se fait selon la r\u00e9gion et la taille de l\u2019organisation en fonction de la population des PME. Les r\u00e9sultats sont repr\u00e9sentatifs de toutes les PME en Belgique. La pond\u00e9ration est g\u00e9n\u00e9ralement largement inf\u00e9rieure \u00e0 2, sauf pour les PME wallonnes (2,7). Pour l\u2019ensemble de l\u2019\u00e9chantillon, la marge d\u2019erreur est de 3,9% (intervalle de confiance de 95%).<\/em><\/p>\n","protected":false},"excerpt":{"rendered":"<p>M\u00eame apr\u00e8s le coronavirus, quatre PME sur dix autoriseront leurs collaborateurs \u00e0 travailler \u00e0 domicile (au maximum) deux, trois, quatre ou m\u00eame cinq jours par semaine. C\u2019est ce qui ressort d\u2019une r\u00e9cente enqu\u00eate men\u00e9e \u00e0 la demande de SD Worx [&hellip;]<\/p>\n","protected":false},"author":2,"featured_media":0,"comment_status":"closed","ping_status":"open","sticky":false,"template":"","format":"standard","meta":[],"categories":[65,10],"tags":[2998,220,671,219],"yoast_head":"<!-- This site is optimized with the Yoast SEO plugin v21.0 - https:\/\/yoast.com\/wordpress\/plugins\/seo\/ -->\n<title>Pour r\u00e9pondre aux souhaits des travailleurs en mati\u00e8re de flexibilit\u00e9, quatre PME sur dix autoriseront au minimum deux jours de t\u00e9l\u00e9travail par semaine. - Peoplesphere<\/title>\n<meta name=\"robots\" content=\"index, follow, max-snippet:-1, max-image-preview:large, max-video-preview:-1\" \/>\n<link rel=\"canonical\" href=\"https:\/\/peoplesphere.be\/fr\/repondre-aux-souhaits-travailleurs-matiere-de-flexibilite-quatre-pme-dix-autoriseront-minimum-deux-jours-de-teletravail-semaine\/\" \/>\n<meta property=\"og:locale\" content=\"fr_FR\" \/>\n<meta property=\"og:type\" content=\"article\" \/>\n<meta property=\"og:title\" content=\"Pour r\u00e9pondre aux souhaits des travailleurs en mati\u00e8re de flexibilit\u00e9, quatre PME sur dix autoriseront au minimum deux jours de t\u00e9l\u00e9travail par semaine. - Peoplesphere\" \/>\n<meta property=\"og:description\" content=\"M\u00eame apr\u00e8s le coronavirus, quatre PME sur dix autoriseront leurs collaborateurs \u00e0 travailler \u00e0 domicile (au maximum) deux, trois, quatre ou m\u00eame cinq jours par semaine. C\u2019est ce qui ressort d\u2019une r\u00e9cente enqu\u00eate men\u00e9e \u00e0 la demande de SD Worx [&hellip;]\" \/>\n<meta property=\"og:url\" content=\"https:\/\/peoplesphere.be\/fr\/repondre-aux-souhaits-travailleurs-matiere-de-flexibilite-quatre-pme-dix-autoriseront-minimum-deux-jours-de-teletravail-semaine\/\" \/>\n<meta property=\"og:site_name\" content=\"Peoplesphere\" \/>\n<meta property=\"article:publisher\" content=\"https:\/\/www.facebook.com\/peoplesphere\" \/>\n<meta property=\"article:published_time\" content=\"2021-08-18T06:59:51+00:00\" \/>\n<meta property=\"og:image\" content=\"http:\/\/www.peoplesphere.be\/fr\/wp-content\/uploads\/2016\/07\/facebook-default-posting-1200x628px.jpg\" \/>\n<meta name=\"author\" content=\"Jean-Paul Erhard\" \/>\n<meta name=\"twitter:card\" content=\"summary_large_image\" \/>\n<meta name=\"twitter:creator\" content=\"@PeoplesphereMag\" \/>\n<meta name=\"twitter:site\" content=\"@PeoplesphereMag\" \/>\n<meta name=\"twitter:label1\" content=\"\u00c9crit par\" \/>\n\t<meta name=\"twitter:data1\" content=\"Jean-Paul Erhard\" \/>\n\t<meta name=\"twitter:label2\" content=\"Dur\u00e9e de lecture estim\u00e9e\" \/>\n\t<meta name=\"twitter:data2\" content=\"6 minutes\" \/>\n<script type=\"application\/ld+json\" class=\"yoast-schema-graph\">{\"@context\":\"https:\/\/schema.org\",\"@graph\":[{\"@type\":\"Article\",\"@id\":\"https:\/\/peoplesphere.be\/fr\/repondre-aux-souhaits-travailleurs-matiere-de-flexibilite-quatre-pme-dix-autoriseront-minimum-deux-jours-de-teletravail-semaine\/#article\",\"isPartOf\":{\"@id\":\"https:\/\/peoplesphere.be\/fr\/repondre-aux-souhaits-travailleurs-matiere-de-flexibilite-quatre-pme-dix-autoriseront-minimum-deux-jours-de-teletravail-semaine\/\"},\"author\":{\"name\":\"Jean-Paul Erhard\",\"@id\":\"https:\/\/peoplesphere.be\/fr\/#\/schema\/person\/7976225ff17988604334abb7b3536a7e\"},\"headline\":\"Pour r\u00e9pondre aux souhaits des travailleurs en mati\u00e8re de flexibilit\u00e9, quatre PME sur dix autoriseront au minimum deux jours de t\u00e9l\u00e9travail par semaine.\",\"datePublished\":\"2021-08-18T06:59:51+00:00\",\"dateModified\":\"2021-08-18T06:59:51+00:00\",\"mainEntityOfPage\":{\"@id\":\"https:\/\/peoplesphere.be\/fr\/repondre-aux-souhaits-travailleurs-matiere-de-flexibilite-quatre-pme-dix-autoriseront-minimum-deux-jours-de-teletravail-semaine\/\"},\"wordCount\":1179,\"publisher\":{\"@id\":\"https:\/\/peoplesphere.be\/fr\/#organization\"},\"keywords\":[\"covid-19\",\"flexibilit\u00e9\",\"SD Worx\",\"t\u00e9l\u00e9travail\"],\"articleSection\":[\"Actualit\u00e9s\",\"Digital\"],\"inLanguage\":\"fr-FR\"},{\"@type\":\"WebPage\",\"@id\":\"https:\/\/peoplesphere.be\/fr\/repondre-aux-souhaits-travailleurs-matiere-de-flexibilite-quatre-pme-dix-autoriseront-minimum-deux-jours-de-teletravail-semaine\/\",\"url\":\"https:\/\/peoplesphere.be\/fr\/repondre-aux-souhaits-travailleurs-matiere-de-flexibilite-quatre-pme-dix-autoriseront-minimum-deux-jours-de-teletravail-semaine\/\",\"name\":\"Pour r\u00e9pondre aux souhaits des travailleurs en mati\u00e8re de flexibilit\u00e9, quatre PME sur dix autoriseront au minimum deux jours de t\u00e9l\u00e9travail par semaine. - Peoplesphere\",\"isPartOf\":{\"@id\":\"https:\/\/peoplesphere.be\/fr\/#website\"},\"datePublished\":\"2021-08-18T06:59:51+00:00\",\"dateModified\":\"2021-08-18T06:59:51+00:00\",\"breadcrumb\":{\"@id\":\"https:\/\/peoplesphere.be\/fr\/repondre-aux-souhaits-travailleurs-matiere-de-flexibilite-quatre-pme-dix-autoriseront-minimum-deux-jours-de-teletravail-semaine\/#breadcrumb\"},\"inLanguage\":\"fr-FR\",\"potentialAction\":[{\"@type\":\"ReadAction\",\"target\":[\"https:\/\/peoplesphere.be\/fr\/repondre-aux-souhaits-travailleurs-matiere-de-flexibilite-quatre-pme-dix-autoriseront-minimum-deux-jours-de-teletravail-semaine\/\"]}]},{\"@type\":\"BreadcrumbList\",\"@id\":\"https:\/\/peoplesphere.be\/fr\/repondre-aux-souhaits-travailleurs-matiere-de-flexibilite-quatre-pme-dix-autoriseront-minimum-deux-jours-de-teletravail-semaine\/#breadcrumb\",\"itemListElement\":[{\"@type\":\"ListItem\",\"position\":1,\"name\":\"Accueil\",\"item\":\"https:\/\/peoplesphere.be\/fr\/\"},{\"@type\":\"ListItem\",\"position\":2,\"name\":\"Pour r\u00e9pondre aux souhaits des travailleurs en mati\u00e8re de flexibilit\u00e9, quatre PME sur dix autoriseront au minimum deux jours de t\u00e9l\u00e9travail par semaine.\"}]},{\"@type\":\"WebSite\",\"@id\":\"https:\/\/peoplesphere.be\/fr\/#website\",\"url\":\"https:\/\/peoplesphere.be\/fr\/\",\"name\":\"Peoplesphere\",\"description\":\"The People Managers Magazine\",\"publisher\":{\"@id\":\"https:\/\/peoplesphere.be\/fr\/#organization\"},\"potentialAction\":[{\"@type\":\"SearchAction\",\"target\":{\"@type\":\"EntryPoint\",\"urlTemplate\":\"https:\/\/peoplesphere.be\/fr\/?s={search_term_string}\"},\"query-input\":\"required name=search_term_string\"}],\"inLanguage\":\"fr-FR\"},{\"@type\":\"Organization\",\"@id\":\"https:\/\/peoplesphere.be\/fr\/#organization\",\"name\":\"Peoplesphere Company srl\",\"url\":\"https:\/\/peoplesphere.be\/fr\/\",\"logo\":{\"@type\":\"ImageObject\",\"inLanguage\":\"fr-FR\",\"@id\":\"https:\/\/peoplesphere.be\/fr\/#\/schema\/logo\/image\/\",\"url\":\"https:\/\/peoplesphere.be\/fr\/wp-content\/uploads\/2023\/07\/peoplesphere-lgo-new-generik.jpg\",\"contentUrl\":\"https:\/\/peoplesphere.be\/fr\/wp-content\/uploads\/2023\/07\/peoplesphere-lgo-new-generik.jpg\",\"width\":1031,\"height\":1479,\"caption\":\"Peoplesphere Company srl\"},\"image\":{\"@id\":\"https:\/\/peoplesphere.be\/fr\/#\/schema\/logo\/image\/\"},\"sameAs\":[\"https:\/\/www.facebook.com\/peoplesphere\",\"https:\/\/twitter.com\/PeoplesphereMag\",\"https:\/\/www.linkedin.com\/company\/7587361?trk\",\"http:\/\/youtube.com\/peoplesphere\"]},{\"@type\":\"Person\",\"@id\":\"https:\/\/peoplesphere.be\/fr\/#\/schema\/person\/7976225ff17988604334abb7b3536a7e\",\"name\":\"Jean-Paul Erhard\",\"image\":{\"@type\":\"ImageObject\",\"inLanguage\":\"fr-FR\",\"@id\":\"https:\/\/peoplesphere.be\/fr\/#\/schema\/person\/image\/\",\"url\":\"https:\/\/secure.gravatar.com\/avatar\/f941e681460179738071629a51574930?s=96&d=mm&r=g\",\"contentUrl\":\"https:\/\/secure.gravatar.com\/avatar\/f941e681460179738071629a51574930?s=96&d=mm&r=g\",\"caption\":\"Jean-Paul Erhard\"},\"url\":\"https:\/\/peoplesphere.be\/fr\/author\/jpe\/\"}]}<\/script>\n<!-- \/ Yoast SEO plugin. -->","yoast_head_json":{"title":"Pour r\u00e9pondre aux souhaits des travailleurs en mati\u00e8re de flexibilit\u00e9, quatre PME sur dix autoriseront au minimum deux jours de t\u00e9l\u00e9travail par semaine. - Peoplesphere","robots":{"index":"index","follow":"follow","max-snippet":"max-snippet:-1","max-image-preview":"max-image-preview:large","max-video-preview":"max-video-preview:-1"},"canonical":"https:\/\/peoplesphere.be\/fr\/repondre-aux-souhaits-travailleurs-matiere-de-flexibilite-quatre-pme-dix-autoriseront-minimum-deux-jours-de-teletravail-semaine\/","og_locale":"fr_FR","og_type":"article","og_title":"Pour r\u00e9pondre aux souhaits des travailleurs en mati\u00e8re de flexibilit\u00e9, quatre PME sur dix autoriseront au minimum deux jours de t\u00e9l\u00e9travail par semaine. - Peoplesphere","og_description":"M\u00eame apr\u00e8s le coronavirus, quatre PME sur dix autoriseront leurs collaborateurs \u00e0 travailler \u00e0 domicile (au maximum) deux, trois, quatre ou m\u00eame cinq jours par semaine. C\u2019est ce qui ressort d\u2019une r\u00e9cente enqu\u00eate men\u00e9e \u00e0 la demande de SD Worx [&hellip;]","og_url":"https:\/\/peoplesphere.be\/fr\/repondre-aux-souhaits-travailleurs-matiere-de-flexibilite-quatre-pme-dix-autoriseront-minimum-deux-jours-de-teletravail-semaine\/","og_site_name":"Peoplesphere","article_publisher":"https:\/\/www.facebook.com\/peoplesphere","article_published_time":"2021-08-18T06:59:51+00:00","og_image":[{"url":"http:\/\/www.peoplesphere.be\/fr\/wp-content\/uploads\/2016\/07\/facebook-default-posting-1200x628px.jpg"}],"author":"Jean-Paul Erhard","twitter_card":"summary_large_image","twitter_creator":"@PeoplesphereMag","twitter_site":"@PeoplesphereMag","twitter_misc":{"\u00c9crit par":"Jean-Paul Erhard","Dur\u00e9e de lecture estim\u00e9e":"6 minutes"},"schema":{"@context":"https:\/\/schema.org","@graph":[{"@type":"Article","@id":"https:\/\/peoplesphere.be\/fr\/repondre-aux-souhaits-travailleurs-matiere-de-flexibilite-quatre-pme-dix-autoriseront-minimum-deux-jours-de-teletravail-semaine\/#article","isPartOf":{"@id":"https:\/\/peoplesphere.be\/fr\/repondre-aux-souhaits-travailleurs-matiere-de-flexibilite-quatre-pme-dix-autoriseront-minimum-deux-jours-de-teletravail-semaine\/"},"author":{"name":"Jean-Paul Erhard","@id":"https:\/\/peoplesphere.be\/fr\/#\/schema\/person\/7976225ff17988604334abb7b3536a7e"},"headline":"Pour r\u00e9pondre aux souhaits des travailleurs en mati\u00e8re de flexibilit\u00e9, quatre PME sur dix autoriseront au minimum deux jours de t\u00e9l\u00e9travail par semaine.","datePublished":"2021-08-18T06:59:51+00:00","dateModified":"2021-08-18T06:59:51+00:00","mainEntityOfPage":{"@id":"https:\/\/peoplesphere.be\/fr\/repondre-aux-souhaits-travailleurs-matiere-de-flexibilite-quatre-pme-dix-autoriseront-minimum-deux-jours-de-teletravail-semaine\/"},"wordCount":1179,"publisher":{"@id":"https:\/\/peoplesphere.be\/fr\/#organization"},"keywords":["covid-19","flexibilit\u00e9","SD Worx","t\u00e9l\u00e9travail"],"articleSection":["Actualit\u00e9s","Digital"],"inLanguage":"fr-FR"},{"@type":"WebPage","@id":"https:\/\/peoplesphere.be\/fr\/repondre-aux-souhaits-travailleurs-matiere-de-flexibilite-quatre-pme-dix-autoriseront-minimum-deux-jours-de-teletravail-semaine\/","url":"https:\/\/peoplesphere.be\/fr\/repondre-aux-souhaits-travailleurs-matiere-de-flexibilite-quatre-pme-dix-autoriseront-minimum-deux-jours-de-teletravail-semaine\/","name":"Pour r\u00e9pondre aux souhaits des travailleurs en mati\u00e8re de flexibilit\u00e9, quatre PME sur dix autoriseront au minimum deux jours de t\u00e9l\u00e9travail par semaine. - Peoplesphere","isPartOf":{"@id":"https:\/\/peoplesphere.be\/fr\/#website"},"datePublished":"2021-08-18T06:59:51+00:00","dateModified":"2021-08-18T06:59:51+00:00","breadcrumb":{"@id":"https:\/\/peoplesphere.be\/fr\/repondre-aux-souhaits-travailleurs-matiere-de-flexibilite-quatre-pme-dix-autoriseront-minimum-deux-jours-de-teletravail-semaine\/#breadcrumb"},"inLanguage":"fr-FR","potentialAction":[{"@type":"ReadAction","target":["https:\/\/peoplesphere.be\/fr\/repondre-aux-souhaits-travailleurs-matiere-de-flexibilite-quatre-pme-dix-autoriseront-minimum-deux-jours-de-teletravail-semaine\/"]}]},{"@type":"BreadcrumbList","@id":"https:\/\/peoplesphere.be\/fr\/repondre-aux-souhaits-travailleurs-matiere-de-flexibilite-quatre-pme-dix-autoriseront-minimum-deux-jours-de-teletravail-semaine\/#breadcrumb","itemListElement":[{"@type":"ListItem","position":1,"name":"Accueil","item":"https:\/\/peoplesphere.be\/fr\/"},{"@type":"ListItem","position":2,"name":"Pour r\u00e9pondre aux souhaits des travailleurs en mati\u00e8re de flexibilit\u00e9, quatre PME sur dix autoriseront au minimum deux jours de t\u00e9l\u00e9travail par semaine."}]},{"@type":"WebSite","@id":"https:\/\/peoplesphere.be\/fr\/#website","url":"https:\/\/peoplesphere.be\/fr\/","name":"Peoplesphere","description":"The People Managers Magazine","publisher":{"@id":"https:\/\/peoplesphere.be\/fr\/#organization"},"potentialAction":[{"@type":"SearchAction","target":{"@type":"EntryPoint","urlTemplate":"https:\/\/peoplesphere.be\/fr\/?s={search_term_string}"},"query-input":"required name=search_term_string"}],"inLanguage":"fr-FR"},{"@type":"Organization","@id":"https:\/\/peoplesphere.be\/fr\/#organization","name":"Peoplesphere Company srl","url":"https:\/\/peoplesphere.be\/fr\/","logo":{"@type":"ImageObject","inLanguage":"fr-FR","@id":"https:\/\/peoplesphere.be\/fr\/#\/schema\/logo\/image\/","url":"https:\/\/peoplesphere.be\/fr\/wp-content\/uploads\/2023\/07\/peoplesphere-lgo-new-generik.jpg","contentUrl":"https:\/\/peoplesphere.be\/fr\/wp-content\/uploads\/2023\/07\/peoplesphere-lgo-new-generik.jpg","width":1031,"height":1479,"caption":"Peoplesphere Company srl"},"image":{"@id":"https:\/\/peoplesphere.be\/fr\/#\/schema\/logo\/image\/"},"sameAs":["https:\/\/www.facebook.com\/peoplesphere","https:\/\/twitter.com\/PeoplesphereMag","https:\/\/www.linkedin.com\/company\/7587361?trk","http:\/\/youtube.com\/peoplesphere"]},{"@type":"Person","@id":"https:\/\/peoplesphere.be\/fr\/#\/schema\/person\/7976225ff17988604334abb7b3536a7e","name":"Jean-Paul Erhard","image":{"@type":"ImageObject","inLanguage":"fr-FR","@id":"https:\/\/peoplesphere.be\/fr\/#\/schema\/person\/image\/","url":"https:\/\/secure.gravatar.com\/avatar\/f941e681460179738071629a51574930?s=96&d=mm&r=g","contentUrl":"https:\/\/secure.gravatar.com\/avatar\/f941e681460179738071629a51574930?s=96&d=mm&r=g","caption":"Jean-Paul Erhard"},"url":"https:\/\/peoplesphere.be\/fr\/author\/jpe\/"}]}},"_links":{"self":[{"href":"https:\/\/peoplesphere.be\/fr\/wp-json\/wp\/v2\/posts\/11709"}],"collection":[{"href":"https:\/\/peoplesphere.be\/fr\/wp-json\/wp\/v2\/posts"}],"about":[{"href":"https:\/\/peoplesphere.be\/fr\/wp-json\/wp\/v2\/types\/post"}],"author":[{"embeddable":true,"href":"https:\/\/peoplesphere.be\/fr\/wp-json\/wp\/v2\/users\/2"}],"replies":[{"embeddable":true,"href":"https:\/\/peoplesphere.be\/fr\/wp-json\/wp\/v2\/comments?post=11709"}],"version-history":[{"count":1,"href":"https:\/\/peoplesphere.be\/fr\/wp-json\/wp\/v2\/posts\/11709\/revisions"}],"predecessor-version":[{"id":11710,"href":"https:\/\/peoplesphere.be\/fr\/wp-json\/wp\/v2\/posts\/11709\/revisions\/11710"}],"wp:attachment":[{"href":"https:\/\/peoplesphere.be\/fr\/wp-json\/wp\/v2\/media?parent=11709"}],"wp:term":[{"taxonomy":"category","embeddable":true,"href":"https:\/\/peoplesphere.be\/fr\/wp-json\/wp\/v2\/categories?post=11709"},{"taxonomy":"post_tag","embeddable":true,"href":"https:\/\/peoplesphere.be\/fr\/wp-json\/wp\/v2\/tags?post=11709"}],"curies":[{"name":"wp","href":"https:\/\/api.w.org\/{rel}","templated":true}]}}