









{"id":11797,"date":"2021-09-09T15:23:30","date_gmt":"2021-09-09T13:23:30","guid":{"rendered":"https:\/\/peoplesphere.be\/fr\/?p=11797"},"modified":"2021-09-09T15:23:49","modified_gmt":"2021-09-09T13:23:49","slug":"lactivite-economique-belgique-croitre-de-18-troisieme-trimestre-de-2021","status":"publish","type":"post","link":"https:\/\/peoplesphere.be\/fr\/lactivite-economique-belgique-croitre-de-18-troisieme-trimestre-de-2021\/","title":{"rendered":"L\u2019activit\u00e9 \u00e9conomique en Belgique devrait cro\u00eetre de 1,8 % au troisi\u00e8me trimestre de 2021."},"content":{"rendered":"<p>L\u2019activit\u00e9 \u00e9conomique belge continue de se redresser rapidement. D\u2019apr\u00e8s les statistiques r\u00e9vis\u00e9es, le PIB belge s\u2019est accru de 1,7% au deuxi\u00e8me trimestre, un r\u00e9sultat encore meilleur que les estimations r\u00e9alis\u00e9es dans le cadre du pr\u00e9c\u00e9dent Business Cycle Monitor (+1,3%).<!--more--><\/p>\n<p>La croissance trimestrielle en Belgique s\u2019est \u00e9tablie \u00e0 1,7% au deuxi\u00e8me trimestre de 2021, selon les statistiques actuelles. Ce r\u00e9sultat non seulement d\u00e9passe de 0,4 point de pourcentage les estimations du Business Cycle Monitor pr\u00e9c\u00e9dent mais constitue \u00e9galement une r\u00e9vision \u00e0 la hausse significative par rapport \u00e0 l\u2019estimation flash de 1,4% de l\u2019ICN. La ventilation par composante de la demande a \u00e9t\u00e9 conforme \u00e0 nos attentes. La croissance a en effet \u00e9t\u00e9 soutenue par un rebond de la demande int\u00e9rieure et sp\u00e9cialement de la consommation priv\u00e9e, tandis que les exportations nettes ont pes\u00e9 sur la croissance.<\/p>\n<p>La croissance de la consommation priv\u00e9e devrait \u00eatre encore plus \u00e9lev\u00e9e au troisi\u00e8me trimestre, en particulier vu que plusieurs mesures restrictives la freinaient encore dans les premi\u00e8res semaines du deuxi\u00e8me trimestre. La plupart d\u2019entre elles ont \u00e9t\u00e9 lev\u00e9es progressivement apr\u00e8s P\u00e2ques, comme pr\u00e9vu, et le plan de sortie de ces mesures est entr\u00e9 dans sa phase finale en septembre.<\/p>\n<p>Si l\u2019indicateur de confiance des chefs d\u2019entreprise semble avoir atteint un plafond, il demeure bien au\u2011dessus du niveau qu\u2019il affichait avant la crise. L\u2019utilisation des capacit\u00e9s de production est en outre orient\u00e9e \u00e0 la hausse. Les investissements des entreprises devraient d\u00e8s lors pr\u00e9senter une nouvelle acc\u00e9l\u00e9ration au troisi\u00e8me trimestre. Les investissements publics et les investissements en logements poursuivraient, eux aussi, leur progression.<\/p>\n<p>La contribution des exportations nettes \u00e0 la croissance du PIB redeviendrait l\u00e9g\u00e8rement n\u00e9gative au troisi\u00e8me trimestre. En effet, la vigueur de la demande int\u00e9rieure stimulerait les importations, tandis que le ralentissement de la demande de produits manufactur\u00e9s en particulier devrait brider la croissance des exportations \u00e0 court terme.<\/p>\n<p>Le mod\u00e8le de pr\u00e9vision imm\u00e9diate \u00ab BREL \u00bb de la BNB pr\u00e9voit un taux de croissance trimestriel de quelque 1,2 % au troisi\u00e8me trimestre de 2021, l\u00e0 o\u00f9 le mod\u00e8le \u00ab R2D2 \u00bb se montre l\u00e9g\u00e8rement plus optimiste, tablant sur un taux de croissance de 1,4%. L\u2019incertitude entourant ces mod\u00e8les de pr\u00e9vision imm\u00e9diate est exceptionnellement \u00e9lev\u00e9e dans les circonstances actuelles : le choc consid\u00e9rable li\u00e9 \u00e0 la crise du COVID\u201119 constitue un d\u00e9fi pour l\u2019estimation de mod\u00e8les classiques bas\u00e9s sur des s\u00e9ries temporelles. Par cons\u00e9quent, les estimations fond\u00e9es sur ce type de mod\u00e8les doivent \u00eatre compl\u00e9t\u00e9es par des informations recueillies aupr\u00e8s d\u2019autres sources, ainsi que par des jugements d\u2019experts.<\/p>\n<p>\u00c0 cet \u00e9gard, l\u2019effet de report d\u00fb \u00e0 la forte augmentation de l\u2019activit\u00e9 au cours du deuxi\u00e8me trimestre devrait m\u00e9caniquement pousser \u00e0 la hausse la croissance au troisi\u00e8me trimestre. M\u00eame si l\u2019accroissement de l\u2019activit\u00e9 se serait r\u00e9duit durant la seconde moiti\u00e9 de l\u2019\u00e9t\u00e9, nous estimons que cet effet est suffisamment important pour maintenir la croissance trimestrielle \u00e0 un rythme comparable \u00e0 celui du trimestre pr\u00e9c\u00e9dent.<\/p>\n<p>Au total, en tenant compte d\u2019autres informations, nous estimons \u00e0 l\u2019heure actuelle que l\u2019activit\u00e9 \u00e9conomique en Belgique augmentera de 1,8% au troisi\u00e8me trimestre.<\/p>\n<p>&nbsp;<\/p>\n<p><em>Source: Banque Nationale de Belgique<\/em><\/p>\n","protected":false},"excerpt":{"rendered":"<p>L\u2019activit\u00e9 \u00e9conomique belge continue de se redresser rapidement. D\u2019apr\u00e8s les statistiques r\u00e9vis\u00e9es, le PIB belge s\u2019est accru de 1,7% au deuxi\u00e8me trimestre, un r\u00e9sultat encore meilleur que les estimations r\u00e9alis\u00e9es dans le cadre du pr\u00e9c\u00e9dent Business Cycle Monitor (+1,3%).<\/p>\n","protected":false},"author":2,"featured_media":0,"comment_status":"closed","ping_status":"open","sticky":false,"template":"","format":"standard","meta":[],"categories":[65,10],"tags":[1412,636,487],"yoast_head":"<!-- This site is optimized with the Yoast SEO plugin v21.0 - https:\/\/yoast.com\/wordpress\/plugins\/seo\/ -->\n<title>L\u2019activit\u00e9 \u00e9conomique en Belgique devrait cro\u00eetre de 1,8 % au troisi\u00e8me trimestre de 2021. - Peoplesphere<\/title>\n<meta name=\"robots\" content=\"index, follow, max-snippet:-1, max-image-preview:large, max-video-preview:-1\" \/>\n<link rel=\"canonical\" href=\"https:\/\/peoplesphere.be\/fr\/lactivite-economique-belgique-croitre-de-18-troisieme-trimestre-de-2021\/\" \/>\n<meta property=\"og:locale\" content=\"fr_FR\" \/>\n<meta property=\"og:type\" content=\"article\" \/>\n<meta property=\"og:title\" content=\"L\u2019activit\u00e9 \u00e9conomique en Belgique devrait cro\u00eetre de 1,8 % au troisi\u00e8me trimestre de 2021. - Peoplesphere\" \/>\n<meta property=\"og:description\" content=\"L\u2019activit\u00e9 \u00e9conomique belge continue de se redresser rapidement. D\u2019apr\u00e8s les statistiques r\u00e9vis\u00e9es, le PIB belge s\u2019est accru de 1,7% au deuxi\u00e8me trimestre, un r\u00e9sultat encore meilleur que les estimations r\u00e9alis\u00e9es dans le cadre du pr\u00e9c\u00e9dent Business Cycle Monitor (+1,3%).\" \/>\n<meta property=\"og:url\" content=\"https:\/\/peoplesphere.be\/fr\/lactivite-economique-belgique-croitre-de-18-troisieme-trimestre-de-2021\/\" \/>\n<meta property=\"og:site_name\" content=\"Peoplesphere\" \/>\n<meta property=\"article:publisher\" content=\"https:\/\/www.facebook.com\/peoplesphere\" \/>\n<meta property=\"article:published_time\" content=\"2021-09-09T13:23:30+00:00\" \/>\n<meta property=\"article:modified_time\" content=\"2021-09-09T13:23:49+00:00\" \/>\n<meta property=\"og:image\" content=\"http:\/\/www.peoplesphere.be\/fr\/wp-content\/uploads\/2016\/07\/facebook-default-posting-1200x628px.jpg\" \/>\n<meta name=\"author\" content=\"Jean-Paul Erhard\" \/>\n<meta name=\"twitter:card\" content=\"summary_large_image\" \/>\n<meta name=\"twitter:creator\" content=\"@PeoplesphereMag\" \/>\n<meta name=\"twitter:site\" content=\"@PeoplesphereMag\" \/>\n<meta name=\"twitter:label1\" content=\"\u00c9crit par\" \/>\n\t<meta name=\"twitter:data1\" content=\"Jean-Paul Erhard\" \/>\n\t<meta name=\"twitter:label2\" content=\"Dur\u00e9e de lecture estim\u00e9e\" \/>\n\t<meta name=\"twitter:data2\" content=\"3 minutes\" \/>\n<script type=\"application\/ld+json\" class=\"yoast-schema-graph\">{\"@context\":\"https:\/\/schema.org\",\"@graph\":[{\"@type\":\"Article\",\"@id\":\"https:\/\/peoplesphere.be\/fr\/lactivite-economique-belgique-croitre-de-18-troisieme-trimestre-de-2021\/#article\",\"isPartOf\":{\"@id\":\"https:\/\/peoplesphere.be\/fr\/lactivite-economique-belgique-croitre-de-18-troisieme-trimestre-de-2021\/\"},\"author\":{\"name\":\"Jean-Paul Erhard\",\"@id\":\"https:\/\/peoplesphere.be\/fr\/#\/schema\/person\/7976225ff17988604334abb7b3536a7e\"},\"headline\":\"L\u2019activit\u00e9 \u00e9conomique en Belgique devrait cro\u00eetre de 1,8 % au troisi\u00e8me trimestre de 2021.\",\"datePublished\":\"2021-09-09T13:23:30+00:00\",\"dateModified\":\"2021-09-09T13:23:49+00:00\",\"mainEntityOfPage\":{\"@id\":\"https:\/\/peoplesphere.be\/fr\/lactivite-economique-belgique-croitre-de-18-troisieme-trimestre-de-2021\/\"},\"wordCount\":587,\"publisher\":{\"@id\":\"https:\/\/peoplesphere.be\/fr\/#organization\"},\"keywords\":[\"BNB\",\"indicateurs\",\"reprise \u00e9conomique\"],\"articleSection\":[\"Actualit\u00e9s\",\"Digital\"],\"inLanguage\":\"fr-FR\"},{\"@type\":\"WebPage\",\"@id\":\"https:\/\/peoplesphere.be\/fr\/lactivite-economique-belgique-croitre-de-18-troisieme-trimestre-de-2021\/\",\"url\":\"https:\/\/peoplesphere.be\/fr\/lactivite-economique-belgique-croitre-de-18-troisieme-trimestre-de-2021\/\",\"name\":\"L\u2019activit\u00e9 \u00e9conomique en Belgique devrait cro\u00eetre de 1,8 % au troisi\u00e8me trimestre de 2021. - Peoplesphere\",\"isPartOf\":{\"@id\":\"https:\/\/peoplesphere.be\/fr\/#website\"},\"datePublished\":\"2021-09-09T13:23:30+00:00\",\"dateModified\":\"2021-09-09T13:23:49+00:00\",\"breadcrumb\":{\"@id\":\"https:\/\/peoplesphere.be\/fr\/lactivite-economique-belgique-croitre-de-18-troisieme-trimestre-de-2021\/#breadcrumb\"},\"inLanguage\":\"fr-FR\",\"potentialAction\":[{\"@type\":\"ReadAction\",\"target\":[\"https:\/\/peoplesphere.be\/fr\/lactivite-economique-belgique-croitre-de-18-troisieme-trimestre-de-2021\/\"]}]},{\"@type\":\"BreadcrumbList\",\"@id\":\"https:\/\/peoplesphere.be\/fr\/lactivite-economique-belgique-croitre-de-18-troisieme-trimestre-de-2021\/#breadcrumb\",\"itemListElement\":[{\"@type\":\"ListItem\",\"position\":1,\"name\":\"Accueil\",\"item\":\"https:\/\/peoplesphere.be\/fr\/\"},{\"@type\":\"ListItem\",\"position\":2,\"name\":\"L\u2019activit\u00e9 \u00e9conomique en Belgique devrait cro\u00eetre de 1,8 % au troisi\u00e8me trimestre de 2021.\"}]},{\"@type\":\"WebSite\",\"@id\":\"https:\/\/peoplesphere.be\/fr\/#website\",\"url\":\"https:\/\/peoplesphere.be\/fr\/\",\"name\":\"Peoplesphere\",\"description\":\"The People Managers Magazine\",\"publisher\":{\"@id\":\"https:\/\/peoplesphere.be\/fr\/#organization\"},\"potentialAction\":[{\"@type\":\"SearchAction\",\"target\":{\"@type\":\"EntryPoint\",\"urlTemplate\":\"https:\/\/peoplesphere.be\/fr\/?s={search_term_string}\"},\"query-input\":\"required name=search_term_string\"}],\"inLanguage\":\"fr-FR\"},{\"@type\":\"Organization\",\"@id\":\"https:\/\/peoplesphere.be\/fr\/#organization\",\"name\":\"Peoplesphere Company srl\",\"url\":\"https:\/\/peoplesphere.be\/fr\/\",\"logo\":{\"@type\":\"ImageObject\",\"inLanguage\":\"fr-FR\",\"@id\":\"https:\/\/peoplesphere.be\/fr\/#\/schema\/logo\/image\/\",\"url\":\"https:\/\/peoplesphere.be\/fr\/wp-content\/uploads\/2023\/07\/peoplesphere-lgo-new-generik.jpg\",\"contentUrl\":\"https:\/\/peoplesphere.be\/fr\/wp-content\/uploads\/2023\/07\/peoplesphere-lgo-new-generik.jpg\",\"width\":1031,\"height\":1479,\"caption\":\"Peoplesphere Company srl\"},\"image\":{\"@id\":\"https:\/\/peoplesphere.be\/fr\/#\/schema\/logo\/image\/\"},\"sameAs\":[\"https:\/\/www.facebook.com\/peoplesphere\",\"https:\/\/twitter.com\/PeoplesphereMag\",\"https:\/\/www.linkedin.com\/company\/7587361?trk\",\"http:\/\/youtube.com\/peoplesphere\"]},{\"@type\":\"Person\",\"@id\":\"https:\/\/peoplesphere.be\/fr\/#\/schema\/person\/7976225ff17988604334abb7b3536a7e\",\"name\":\"Jean-Paul Erhard\",\"image\":{\"@type\":\"ImageObject\",\"inLanguage\":\"fr-FR\",\"@id\":\"https:\/\/peoplesphere.be\/fr\/#\/schema\/person\/image\/\",\"url\":\"https:\/\/secure.gravatar.com\/avatar\/f941e681460179738071629a51574930?s=96&d=mm&r=g\",\"contentUrl\":\"https:\/\/secure.gravatar.com\/avatar\/f941e681460179738071629a51574930?s=96&d=mm&r=g\",\"caption\":\"Jean-Paul Erhard\"},\"url\":\"https:\/\/peoplesphere.be\/fr\/author\/jpe\/\"}]}<\/script>\n<!-- \/ Yoast SEO plugin. -->","yoast_head_json":{"title":"L\u2019activit\u00e9 \u00e9conomique en Belgique devrait cro\u00eetre de 1,8 % au troisi\u00e8me trimestre de 2021. - Peoplesphere","robots":{"index":"index","follow":"follow","max-snippet":"max-snippet:-1","max-image-preview":"max-image-preview:large","max-video-preview":"max-video-preview:-1"},"canonical":"https:\/\/peoplesphere.be\/fr\/lactivite-economique-belgique-croitre-de-18-troisieme-trimestre-de-2021\/","og_locale":"fr_FR","og_type":"article","og_title":"L\u2019activit\u00e9 \u00e9conomique en Belgique devrait cro\u00eetre de 1,8 % au troisi\u00e8me trimestre de 2021. - Peoplesphere","og_description":"L\u2019activit\u00e9 \u00e9conomique belge continue de se redresser rapidement. D\u2019apr\u00e8s les statistiques r\u00e9vis\u00e9es, le PIB belge s\u2019est accru de 1,7% au deuxi\u00e8me trimestre, un r\u00e9sultat encore meilleur que les estimations r\u00e9alis\u00e9es dans le cadre du pr\u00e9c\u00e9dent Business Cycle Monitor (+1,3%).","og_url":"https:\/\/peoplesphere.be\/fr\/lactivite-economique-belgique-croitre-de-18-troisieme-trimestre-de-2021\/","og_site_name":"Peoplesphere","article_publisher":"https:\/\/www.facebook.com\/peoplesphere","article_published_time":"2021-09-09T13:23:30+00:00","article_modified_time":"2021-09-09T13:23:49+00:00","og_image":[{"url":"http:\/\/www.peoplesphere.be\/fr\/wp-content\/uploads\/2016\/07\/facebook-default-posting-1200x628px.jpg"}],"author":"Jean-Paul Erhard","twitter_card":"summary_large_image","twitter_creator":"@PeoplesphereMag","twitter_site":"@PeoplesphereMag","twitter_misc":{"\u00c9crit par":"Jean-Paul Erhard","Dur\u00e9e de lecture estim\u00e9e":"3 minutes"},"schema":{"@context":"https:\/\/schema.org","@graph":[{"@type":"Article","@id":"https:\/\/peoplesphere.be\/fr\/lactivite-economique-belgique-croitre-de-18-troisieme-trimestre-de-2021\/#article","isPartOf":{"@id":"https:\/\/peoplesphere.be\/fr\/lactivite-economique-belgique-croitre-de-18-troisieme-trimestre-de-2021\/"},"author":{"name":"Jean-Paul Erhard","@id":"https:\/\/peoplesphere.be\/fr\/#\/schema\/person\/7976225ff17988604334abb7b3536a7e"},"headline":"L\u2019activit\u00e9 \u00e9conomique en Belgique devrait cro\u00eetre de 1,8 % au troisi\u00e8me trimestre de 2021.","datePublished":"2021-09-09T13:23:30+00:00","dateModified":"2021-09-09T13:23:49+00:00","mainEntityOfPage":{"@id":"https:\/\/peoplesphere.be\/fr\/lactivite-economique-belgique-croitre-de-18-troisieme-trimestre-de-2021\/"},"wordCount":587,"publisher":{"@id":"https:\/\/peoplesphere.be\/fr\/#organization"},"keywords":["BNB","indicateurs","reprise \u00e9conomique"],"articleSection":["Actualit\u00e9s","Digital"],"inLanguage":"fr-FR"},{"@type":"WebPage","@id":"https:\/\/peoplesphere.be\/fr\/lactivite-economique-belgique-croitre-de-18-troisieme-trimestre-de-2021\/","url":"https:\/\/peoplesphere.be\/fr\/lactivite-economique-belgique-croitre-de-18-troisieme-trimestre-de-2021\/","name":"L\u2019activit\u00e9 \u00e9conomique en Belgique devrait cro\u00eetre de 1,8 % au troisi\u00e8me trimestre de 2021. - Peoplesphere","isPartOf":{"@id":"https:\/\/peoplesphere.be\/fr\/#website"},"datePublished":"2021-09-09T13:23:30+00:00","dateModified":"2021-09-09T13:23:49+00:00","breadcrumb":{"@id":"https:\/\/peoplesphere.be\/fr\/lactivite-economique-belgique-croitre-de-18-troisieme-trimestre-de-2021\/#breadcrumb"},"inLanguage":"fr-FR","potentialAction":[{"@type":"ReadAction","target":["https:\/\/peoplesphere.be\/fr\/lactivite-economique-belgique-croitre-de-18-troisieme-trimestre-de-2021\/"]}]},{"@type":"BreadcrumbList","@id":"https:\/\/peoplesphere.be\/fr\/lactivite-economique-belgique-croitre-de-18-troisieme-trimestre-de-2021\/#breadcrumb","itemListElement":[{"@type":"ListItem","position":1,"name":"Accueil","item":"https:\/\/peoplesphere.be\/fr\/"},{"@type":"ListItem","position":2,"name":"L\u2019activit\u00e9 \u00e9conomique en Belgique devrait cro\u00eetre de 1,8 % au troisi\u00e8me trimestre de 2021."}]},{"@type":"WebSite","@id":"https:\/\/peoplesphere.be\/fr\/#website","url":"https:\/\/peoplesphere.be\/fr\/","name":"Peoplesphere","description":"The People Managers Magazine","publisher":{"@id":"https:\/\/peoplesphere.be\/fr\/#organization"},"potentialAction":[{"@type":"SearchAction","target":{"@type":"EntryPoint","urlTemplate":"https:\/\/peoplesphere.be\/fr\/?s={search_term_string}"},"query-input":"required name=search_term_string"}],"inLanguage":"fr-FR"},{"@type":"Organization","@id":"https:\/\/peoplesphere.be\/fr\/#organization","name":"Peoplesphere Company srl","url":"https:\/\/peoplesphere.be\/fr\/","logo":{"@type":"ImageObject","inLanguage":"fr-FR","@id":"https:\/\/peoplesphere.be\/fr\/#\/schema\/logo\/image\/","url":"https:\/\/peoplesphere.be\/fr\/wp-content\/uploads\/2023\/07\/peoplesphere-lgo-new-generik.jpg","contentUrl":"https:\/\/peoplesphere.be\/fr\/wp-content\/uploads\/2023\/07\/peoplesphere-lgo-new-generik.jpg","width":1031,"height":1479,"caption":"Peoplesphere Company srl"},"image":{"@id":"https:\/\/peoplesphere.be\/fr\/#\/schema\/logo\/image\/"},"sameAs":["https:\/\/www.facebook.com\/peoplesphere","https:\/\/twitter.com\/PeoplesphereMag","https:\/\/www.linkedin.com\/company\/7587361?trk","http:\/\/youtube.com\/peoplesphere"]},{"@type":"Person","@id":"https:\/\/peoplesphere.be\/fr\/#\/schema\/person\/7976225ff17988604334abb7b3536a7e","name":"Jean-Paul Erhard","image":{"@type":"ImageObject","inLanguage":"fr-FR","@id":"https:\/\/peoplesphere.be\/fr\/#\/schema\/person\/image\/","url":"https:\/\/secure.gravatar.com\/avatar\/f941e681460179738071629a51574930?s=96&d=mm&r=g","contentUrl":"https:\/\/secure.gravatar.com\/avatar\/f941e681460179738071629a51574930?s=96&d=mm&r=g","caption":"Jean-Paul Erhard"},"url":"https:\/\/peoplesphere.be\/fr\/author\/jpe\/"}]}},"_links":{"self":[{"href":"https:\/\/peoplesphere.be\/fr\/wp-json\/wp\/v2\/posts\/11797"}],"collection":[{"href":"https:\/\/peoplesphere.be\/fr\/wp-json\/wp\/v2\/posts"}],"about":[{"href":"https:\/\/peoplesphere.be\/fr\/wp-json\/wp\/v2\/types\/post"}],"author":[{"embeddable":true,"href":"https:\/\/peoplesphere.be\/fr\/wp-json\/wp\/v2\/users\/2"}],"replies":[{"embeddable":true,"href":"https:\/\/peoplesphere.be\/fr\/wp-json\/wp\/v2\/comments?post=11797"}],"version-history":[{"count":2,"href":"https:\/\/peoplesphere.be\/fr\/wp-json\/wp\/v2\/posts\/11797\/revisions"}],"predecessor-version":[{"id":11799,"href":"https:\/\/peoplesphere.be\/fr\/wp-json\/wp\/v2\/posts\/11797\/revisions\/11799"}],"wp:attachment":[{"href":"https:\/\/peoplesphere.be\/fr\/wp-json\/wp\/v2\/media?parent=11797"}],"wp:term":[{"taxonomy":"category","embeddable":true,"href":"https:\/\/peoplesphere.be\/fr\/wp-json\/wp\/v2\/categories?post=11797"},{"taxonomy":"post_tag","embeddable":true,"href":"https:\/\/peoplesphere.be\/fr\/wp-json\/wp\/v2\/tags?post=11797"}],"curies":[{"name":"wp","href":"https:\/\/api.w.org\/{rel}","templated":true}]}}