









{"id":11800,"date":"2021-09-10T14:33:02","date_gmt":"2021-09-10T12:33:02","guid":{"rendered":"https:\/\/peoplesphere.be\/fr\/?p=11800"},"modified":"2021-09-10T14:33:42","modified_gmt":"2021-09-10T12:33:42","slug":"reprise-economique-vigoureuse-se-confirme-a-travers-lensemble-pays-de-locde","status":"publish","type":"post","link":"https:\/\/peoplesphere.be\/fr\/reprise-economique-vigoureuse-se-confirme-a-travers-lensemble-pays-de-locde\/","title":{"rendered":"Taux de ch\u00f4mage en baisse: une reprise \u00e9conomique vigoureuse se confirme \u00e0 travers l&rsquo;ensemble des pays de l&rsquo;OCDE."},"content":{"rendered":"<p>Le taux de ch\u00f4mage de la zone OCDE \u00e9tait en baisse \u00e0 6.2% en juillet 2021, contre 6.4% en juin, 0.9 point de pourcentage au-dessus du taux d\u2019avant la pand\u00e9mie, observ\u00e9 en f\u00e9vrier 2020 . La baisse du taux de ch\u00f4mage de l\u2019OCDE par rapport au pic d\u2019avril 2020 doit \u00eatre interpr\u00e9t\u00e9e avec prudence, \u00e9tant donn\u00e9 qu\u2019elle refl\u00e8te en grande partie le retour au travail de personnes en mise \u00e0 pied temporaire aux \u00c9tats-Unis et au Canada, o\u00f9 elles sont compt\u00e9es comme \u00e9tant au ch\u00f4mage. Le nombre de personnes au ch\u00f4mage dans la zone OCDE \u00e9tait en baisse de 1.6 millions en juillet 2021, atteignant 41.1 millions.<!--more--><\/p>\n<p>Dans la zone euro, le taux de ch\u00f4mage diminuait \u00e0 7.6% en juillet 2021, contre 7.8% en juin, la troisi\u00e8me baisse mensuelle cons\u00e9cutive. Des baisses \u00e9taient observ\u00e9es dans presque tous les pays de la zone euro, la plus forte \u00e9tant enregistr\u00e9e en Espagne, o\u00f9 le taux de ch\u00f4mage diminuait de 0.7 point de pourcentage, \u00e0 14.3%.<\/p>\n<p>En-dehors de l\u2019Europe, des baisses de 0.3 point de pourcentage ou plus \u00e9taient enregistr\u00e9es en juillet 2021 en Australie (\u00e0 4.6%), au Canada (\u00e0 7.5%), en Colombie (\u00e0 13.7%), en Cor\u00e9e (\u00e0 3.3%) et aux \u00c9tats-Unis (\u00e0 5.4%). Le taux de ch\u00f4mage affichait des variations faibles en Isra\u00ebl (\u00e0 5.0%), au Japon (\u00e0 2.8%) et au Mexique (\u00e0 4.2%). Des donn\u00e9es plus r\u00e9centes montrent que le taux de ch\u00f4mage continuait de baisser en ao\u00fbt 2021 aux \u00c9tats-Unis, \u00e0 5.2%, bien que la proportion des ch\u00f4meurs en mise-\u00e0-pied temporaire dans la population active ait \u00e9t\u00e9 globalement stable.<\/p>\n<p>En juillet, le taux de ch\u00f4mage de la zone OCDE dans son ensemble diminuait plus rapidement parmi les jeunes (15-24 ans) femmes (\u00e0 12.5%, contre 12.9% en juin) que parmi les jeunes hommes (\u00e0 12.8%, contre 13.0% en juin), les femmes de 25 ans et plus (\u00e0 5.6%, contre 5.8% en juin) et les hommes de 25 ans et plus (\u00e0 5.2%, contre 5.4% en juin). Le taux de ch\u00f4mage des jeunes femmes est celui qui avait montr\u00e9 la plus forte hausse entre f\u00e9vrier 2020 et le pic d\u2019avril 2020.<\/p>\n<p>Il convient de noter que les statistiques du ch\u00f4mage ne rendent pas compte de la totalit\u00e9 du sous-emploi caus\u00e9 par la pand\u00e9mie, \u00e9tant donn\u00e9 que certaines personnes \u00ab pas en emploi \u00bb peuvent \u00eatre compt\u00e9es comme \u00e9tant \u00ab hors de la population active \u00bb parce qu\u2019elles ne sont pas en mesure de chercher un emploi activement ou bien ne sont pas disponibles pour travailler.<\/p>\n<p><em>Source: OCDE<\/em><\/p>\n","protected":false},"excerpt":{"rendered":"<p>Le taux de ch\u00f4mage de la zone OCDE \u00e9tait en baisse \u00e0 6.2% en juillet 2021, contre 6.4% en juin, 0.9 point de pourcentage au-dessus du taux d\u2019avant la pand\u00e9mie, observ\u00e9 en f\u00e9vrier 2020 . La baisse du taux de [&hellip;]<\/p>\n","protected":false},"author":2,"featured_media":0,"comment_status":"closed","ping_status":"open","sticky":false,"template":"","format":"standard","meta":[],"categories":[65,10],"tags":[11,772,487,703],"yoast_head":"<!-- This site is optimized with the Yoast SEO plugin v21.0 - https:\/\/yoast.com\/wordpress\/plugins\/seo\/ -->\n<title>Taux de ch\u00f4mage en baisse: une reprise \u00e9conomique vigoureuse se confirme \u00e0 travers l&#039;ensemble des pays de l&#039;OCDE. - Peoplesphere<\/title>\n<meta name=\"robots\" content=\"index, follow, max-snippet:-1, max-image-preview:large, max-video-preview:-1\" \/>\n<link rel=\"canonical\" href=\"https:\/\/peoplesphere.be\/fr\/reprise-economique-vigoureuse-se-confirme-a-travers-lensemble-pays-de-locde\/\" \/>\n<meta property=\"og:locale\" content=\"fr_FR\" \/>\n<meta property=\"og:type\" content=\"article\" \/>\n<meta property=\"og:title\" content=\"Taux de ch\u00f4mage en baisse: une reprise \u00e9conomique vigoureuse se confirme \u00e0 travers l&#039;ensemble des pays de l&#039;OCDE. - Peoplesphere\" \/>\n<meta property=\"og:description\" content=\"Le taux de ch\u00f4mage de la zone OCDE \u00e9tait en baisse \u00e0 6.2% en juillet 2021, contre 6.4% en juin, 0.9 point de pourcentage au-dessus du taux d\u2019avant la pand\u00e9mie, observ\u00e9 en f\u00e9vrier 2020 . La baisse du taux de [&hellip;]\" \/>\n<meta property=\"og:url\" content=\"https:\/\/peoplesphere.be\/fr\/reprise-economique-vigoureuse-se-confirme-a-travers-lensemble-pays-de-locde\/\" \/>\n<meta property=\"og:site_name\" content=\"Peoplesphere\" \/>\n<meta property=\"article:publisher\" content=\"https:\/\/www.facebook.com\/peoplesphere\" \/>\n<meta property=\"article:published_time\" content=\"2021-09-10T12:33:02+00:00\" \/>\n<meta property=\"article:modified_time\" content=\"2021-09-10T12:33:42+00:00\" \/>\n<meta property=\"og:image\" content=\"http:\/\/www.peoplesphere.be\/fr\/wp-content\/uploads\/2016\/07\/facebook-default-posting-1200x628px.jpg\" \/>\n<meta name=\"author\" content=\"Jean-Paul Erhard\" \/>\n<meta name=\"twitter:card\" content=\"summary_large_image\" \/>\n<meta name=\"twitter:creator\" content=\"@PeoplesphereMag\" \/>\n<meta name=\"twitter:site\" content=\"@PeoplesphereMag\" \/>\n<meta name=\"twitter:label1\" content=\"\u00c9crit par\" \/>\n\t<meta name=\"twitter:data1\" content=\"Jean-Paul Erhard\" \/>\n\t<meta name=\"twitter:label2\" content=\"Dur\u00e9e de lecture estim\u00e9e\" \/>\n\t<meta name=\"twitter:data2\" content=\"2 minutes\" \/>\n<script type=\"application\/ld+json\" class=\"yoast-schema-graph\">{\"@context\":\"https:\/\/schema.org\",\"@graph\":[{\"@type\":\"Article\",\"@id\":\"https:\/\/peoplesphere.be\/fr\/reprise-economique-vigoureuse-se-confirme-a-travers-lensemble-pays-de-locde\/#article\",\"isPartOf\":{\"@id\":\"https:\/\/peoplesphere.be\/fr\/reprise-economique-vigoureuse-se-confirme-a-travers-lensemble-pays-de-locde\/\"},\"author\":{\"name\":\"Jean-Paul Erhard\",\"@id\":\"https:\/\/peoplesphere.be\/fr\/#\/schema\/person\/7976225ff17988604334abb7b3536a7e\"},\"headline\":\"Taux de ch\u00f4mage en baisse: une reprise \u00e9conomique vigoureuse se confirme \u00e0 travers l&rsquo;ensemble des pays de l&rsquo;OCDE.\",\"datePublished\":\"2021-09-10T12:33:02+00:00\",\"dateModified\":\"2021-09-10T12:33:42+00:00\",\"mainEntityOfPage\":{\"@id\":\"https:\/\/peoplesphere.be\/fr\/reprise-economique-vigoureuse-se-confirme-a-travers-lensemble-pays-de-locde\/\"},\"wordCount\":412,\"publisher\":{\"@id\":\"https:\/\/peoplesphere.be\/fr\/#organization\"},\"keywords\":[\"emploi\",\"OCDE\",\"reprise \u00e9conomique\",\"taux de ch\u00f4mage\"],\"articleSection\":[\"Actualit\u00e9s\",\"Digital\"],\"inLanguage\":\"fr-FR\"},{\"@type\":\"WebPage\",\"@id\":\"https:\/\/peoplesphere.be\/fr\/reprise-economique-vigoureuse-se-confirme-a-travers-lensemble-pays-de-locde\/\",\"url\":\"https:\/\/peoplesphere.be\/fr\/reprise-economique-vigoureuse-se-confirme-a-travers-lensemble-pays-de-locde\/\",\"name\":\"Taux de ch\u00f4mage en baisse: une reprise \u00e9conomique vigoureuse se confirme \u00e0 travers l'ensemble des pays de l'OCDE. - Peoplesphere\",\"isPartOf\":{\"@id\":\"https:\/\/peoplesphere.be\/fr\/#website\"},\"datePublished\":\"2021-09-10T12:33:02+00:00\",\"dateModified\":\"2021-09-10T12:33:42+00:00\",\"breadcrumb\":{\"@id\":\"https:\/\/peoplesphere.be\/fr\/reprise-economique-vigoureuse-se-confirme-a-travers-lensemble-pays-de-locde\/#breadcrumb\"},\"inLanguage\":\"fr-FR\",\"potentialAction\":[{\"@type\":\"ReadAction\",\"target\":[\"https:\/\/peoplesphere.be\/fr\/reprise-economique-vigoureuse-se-confirme-a-travers-lensemble-pays-de-locde\/\"]}]},{\"@type\":\"BreadcrumbList\",\"@id\":\"https:\/\/peoplesphere.be\/fr\/reprise-economique-vigoureuse-se-confirme-a-travers-lensemble-pays-de-locde\/#breadcrumb\",\"itemListElement\":[{\"@type\":\"ListItem\",\"position\":1,\"name\":\"Accueil\",\"item\":\"https:\/\/peoplesphere.be\/fr\/\"},{\"@type\":\"ListItem\",\"position\":2,\"name\":\"Taux de ch\u00f4mage en baisse: une reprise \u00e9conomique vigoureuse se confirme \u00e0 travers l&rsquo;ensemble des pays de l&rsquo;OCDE.\"}]},{\"@type\":\"WebSite\",\"@id\":\"https:\/\/peoplesphere.be\/fr\/#website\",\"url\":\"https:\/\/peoplesphere.be\/fr\/\",\"name\":\"Peoplesphere\",\"description\":\"The People Managers Magazine\",\"publisher\":{\"@id\":\"https:\/\/peoplesphere.be\/fr\/#organization\"},\"potentialAction\":[{\"@type\":\"SearchAction\",\"target\":{\"@type\":\"EntryPoint\",\"urlTemplate\":\"https:\/\/peoplesphere.be\/fr\/?s={search_term_string}\"},\"query-input\":\"required name=search_term_string\"}],\"inLanguage\":\"fr-FR\"},{\"@type\":\"Organization\",\"@id\":\"https:\/\/peoplesphere.be\/fr\/#organization\",\"name\":\"Peoplesphere Company srl\",\"url\":\"https:\/\/peoplesphere.be\/fr\/\",\"logo\":{\"@type\":\"ImageObject\",\"inLanguage\":\"fr-FR\",\"@id\":\"https:\/\/peoplesphere.be\/fr\/#\/schema\/logo\/image\/\",\"url\":\"https:\/\/peoplesphere.be\/fr\/wp-content\/uploads\/2023\/07\/peoplesphere-lgo-new-generik.jpg\",\"contentUrl\":\"https:\/\/peoplesphere.be\/fr\/wp-content\/uploads\/2023\/07\/peoplesphere-lgo-new-generik.jpg\",\"width\":1031,\"height\":1479,\"caption\":\"Peoplesphere Company srl\"},\"image\":{\"@id\":\"https:\/\/peoplesphere.be\/fr\/#\/schema\/logo\/image\/\"},\"sameAs\":[\"https:\/\/www.facebook.com\/peoplesphere\",\"https:\/\/twitter.com\/PeoplesphereMag\",\"https:\/\/www.linkedin.com\/company\/7587361?trk\",\"http:\/\/youtube.com\/peoplesphere\"]},{\"@type\":\"Person\",\"@id\":\"https:\/\/peoplesphere.be\/fr\/#\/schema\/person\/7976225ff17988604334abb7b3536a7e\",\"name\":\"Jean-Paul Erhard\",\"image\":{\"@type\":\"ImageObject\",\"inLanguage\":\"fr-FR\",\"@id\":\"https:\/\/peoplesphere.be\/fr\/#\/schema\/person\/image\/\",\"url\":\"https:\/\/secure.gravatar.com\/avatar\/f941e681460179738071629a51574930?s=96&d=mm&r=g\",\"contentUrl\":\"https:\/\/secure.gravatar.com\/avatar\/f941e681460179738071629a51574930?s=96&d=mm&r=g\",\"caption\":\"Jean-Paul Erhard\"},\"url\":\"https:\/\/peoplesphere.be\/fr\/author\/jpe\/\"}]}<\/script>\n<!-- \/ Yoast SEO plugin. -->","yoast_head_json":{"title":"Taux de ch\u00f4mage en baisse: une reprise \u00e9conomique vigoureuse se confirme \u00e0 travers l'ensemble des pays de l'OCDE. - Peoplesphere","robots":{"index":"index","follow":"follow","max-snippet":"max-snippet:-1","max-image-preview":"max-image-preview:large","max-video-preview":"max-video-preview:-1"},"canonical":"https:\/\/peoplesphere.be\/fr\/reprise-economique-vigoureuse-se-confirme-a-travers-lensemble-pays-de-locde\/","og_locale":"fr_FR","og_type":"article","og_title":"Taux de ch\u00f4mage en baisse: une reprise \u00e9conomique vigoureuse se confirme \u00e0 travers l'ensemble des pays de l'OCDE. - Peoplesphere","og_description":"Le taux de ch\u00f4mage de la zone OCDE \u00e9tait en baisse \u00e0 6.2% en juillet 2021, contre 6.4% en juin, 0.9 point de pourcentage au-dessus du taux d\u2019avant la pand\u00e9mie, observ\u00e9 en f\u00e9vrier 2020 . La baisse du taux de [&hellip;]","og_url":"https:\/\/peoplesphere.be\/fr\/reprise-economique-vigoureuse-se-confirme-a-travers-lensemble-pays-de-locde\/","og_site_name":"Peoplesphere","article_publisher":"https:\/\/www.facebook.com\/peoplesphere","article_published_time":"2021-09-10T12:33:02+00:00","article_modified_time":"2021-09-10T12:33:42+00:00","og_image":[{"url":"http:\/\/www.peoplesphere.be\/fr\/wp-content\/uploads\/2016\/07\/facebook-default-posting-1200x628px.jpg"}],"author":"Jean-Paul Erhard","twitter_card":"summary_large_image","twitter_creator":"@PeoplesphereMag","twitter_site":"@PeoplesphereMag","twitter_misc":{"\u00c9crit par":"Jean-Paul Erhard","Dur\u00e9e de lecture estim\u00e9e":"2 minutes"},"schema":{"@context":"https:\/\/schema.org","@graph":[{"@type":"Article","@id":"https:\/\/peoplesphere.be\/fr\/reprise-economique-vigoureuse-se-confirme-a-travers-lensemble-pays-de-locde\/#article","isPartOf":{"@id":"https:\/\/peoplesphere.be\/fr\/reprise-economique-vigoureuse-se-confirme-a-travers-lensemble-pays-de-locde\/"},"author":{"name":"Jean-Paul Erhard","@id":"https:\/\/peoplesphere.be\/fr\/#\/schema\/person\/7976225ff17988604334abb7b3536a7e"},"headline":"Taux de ch\u00f4mage en baisse: une reprise \u00e9conomique vigoureuse se confirme \u00e0 travers l&rsquo;ensemble des pays de l&rsquo;OCDE.","datePublished":"2021-09-10T12:33:02+00:00","dateModified":"2021-09-10T12:33:42+00:00","mainEntityOfPage":{"@id":"https:\/\/peoplesphere.be\/fr\/reprise-economique-vigoureuse-se-confirme-a-travers-lensemble-pays-de-locde\/"},"wordCount":412,"publisher":{"@id":"https:\/\/peoplesphere.be\/fr\/#organization"},"keywords":["emploi","OCDE","reprise \u00e9conomique","taux de ch\u00f4mage"],"articleSection":["Actualit\u00e9s","Digital"],"inLanguage":"fr-FR"},{"@type":"WebPage","@id":"https:\/\/peoplesphere.be\/fr\/reprise-economique-vigoureuse-se-confirme-a-travers-lensemble-pays-de-locde\/","url":"https:\/\/peoplesphere.be\/fr\/reprise-economique-vigoureuse-se-confirme-a-travers-lensemble-pays-de-locde\/","name":"Taux de ch\u00f4mage en baisse: une reprise \u00e9conomique vigoureuse se confirme \u00e0 travers l'ensemble des pays de l'OCDE. - Peoplesphere","isPartOf":{"@id":"https:\/\/peoplesphere.be\/fr\/#website"},"datePublished":"2021-09-10T12:33:02+00:00","dateModified":"2021-09-10T12:33:42+00:00","breadcrumb":{"@id":"https:\/\/peoplesphere.be\/fr\/reprise-economique-vigoureuse-se-confirme-a-travers-lensemble-pays-de-locde\/#breadcrumb"},"inLanguage":"fr-FR","potentialAction":[{"@type":"ReadAction","target":["https:\/\/peoplesphere.be\/fr\/reprise-economique-vigoureuse-se-confirme-a-travers-lensemble-pays-de-locde\/"]}]},{"@type":"BreadcrumbList","@id":"https:\/\/peoplesphere.be\/fr\/reprise-economique-vigoureuse-se-confirme-a-travers-lensemble-pays-de-locde\/#breadcrumb","itemListElement":[{"@type":"ListItem","position":1,"name":"Accueil","item":"https:\/\/peoplesphere.be\/fr\/"},{"@type":"ListItem","position":2,"name":"Taux de ch\u00f4mage en baisse: une reprise \u00e9conomique vigoureuse se confirme \u00e0 travers l&rsquo;ensemble des pays de l&rsquo;OCDE."}]},{"@type":"WebSite","@id":"https:\/\/peoplesphere.be\/fr\/#website","url":"https:\/\/peoplesphere.be\/fr\/","name":"Peoplesphere","description":"The People Managers Magazine","publisher":{"@id":"https:\/\/peoplesphere.be\/fr\/#organization"},"potentialAction":[{"@type":"SearchAction","target":{"@type":"EntryPoint","urlTemplate":"https:\/\/peoplesphere.be\/fr\/?s={search_term_string}"},"query-input":"required name=search_term_string"}],"inLanguage":"fr-FR"},{"@type":"Organization","@id":"https:\/\/peoplesphere.be\/fr\/#organization","name":"Peoplesphere Company srl","url":"https:\/\/peoplesphere.be\/fr\/","logo":{"@type":"ImageObject","inLanguage":"fr-FR","@id":"https:\/\/peoplesphere.be\/fr\/#\/schema\/logo\/image\/","url":"https:\/\/peoplesphere.be\/fr\/wp-content\/uploads\/2023\/07\/peoplesphere-lgo-new-generik.jpg","contentUrl":"https:\/\/peoplesphere.be\/fr\/wp-content\/uploads\/2023\/07\/peoplesphere-lgo-new-generik.jpg","width":1031,"height":1479,"caption":"Peoplesphere Company srl"},"image":{"@id":"https:\/\/peoplesphere.be\/fr\/#\/schema\/logo\/image\/"},"sameAs":["https:\/\/www.facebook.com\/peoplesphere","https:\/\/twitter.com\/PeoplesphereMag","https:\/\/www.linkedin.com\/company\/7587361?trk","http:\/\/youtube.com\/peoplesphere"]},{"@type":"Person","@id":"https:\/\/peoplesphere.be\/fr\/#\/schema\/person\/7976225ff17988604334abb7b3536a7e","name":"Jean-Paul Erhard","image":{"@type":"ImageObject","inLanguage":"fr-FR","@id":"https:\/\/peoplesphere.be\/fr\/#\/schema\/person\/image\/","url":"https:\/\/secure.gravatar.com\/avatar\/f941e681460179738071629a51574930?s=96&d=mm&r=g","contentUrl":"https:\/\/secure.gravatar.com\/avatar\/f941e681460179738071629a51574930?s=96&d=mm&r=g","caption":"Jean-Paul Erhard"},"url":"https:\/\/peoplesphere.be\/fr\/author\/jpe\/"}]}},"_links":{"self":[{"href":"https:\/\/peoplesphere.be\/fr\/wp-json\/wp\/v2\/posts\/11800"}],"collection":[{"href":"https:\/\/peoplesphere.be\/fr\/wp-json\/wp\/v2\/posts"}],"about":[{"href":"https:\/\/peoplesphere.be\/fr\/wp-json\/wp\/v2\/types\/post"}],"author":[{"embeddable":true,"href":"https:\/\/peoplesphere.be\/fr\/wp-json\/wp\/v2\/users\/2"}],"replies":[{"embeddable":true,"href":"https:\/\/peoplesphere.be\/fr\/wp-json\/wp\/v2\/comments?post=11800"}],"version-history":[{"count":2,"href":"https:\/\/peoplesphere.be\/fr\/wp-json\/wp\/v2\/posts\/11800\/revisions"}],"predecessor-version":[{"id":11802,"href":"https:\/\/peoplesphere.be\/fr\/wp-json\/wp\/v2\/posts\/11800\/revisions\/11802"}],"wp:attachment":[{"href":"https:\/\/peoplesphere.be\/fr\/wp-json\/wp\/v2\/media?parent=11800"}],"wp:term":[{"taxonomy":"category","embeddable":true,"href":"https:\/\/peoplesphere.be\/fr\/wp-json\/wp\/v2\/categories?post=11800"},{"taxonomy":"post_tag","embeddable":true,"href":"https:\/\/peoplesphere.be\/fr\/wp-json\/wp\/v2\/tags?post=11800"}],"curies":[{"name":"wp","href":"https:\/\/api.w.org\/{rel}","templated":true}]}}