









{"id":11815,"date":"2021-09-15T07:17:44","date_gmt":"2021-09-15T05:17:44","guid":{"rendered":"https:\/\/peoplesphere.be\/fr\/?p=11815"},"modified":"2021-09-15T07:17:44","modified_gmt":"2021-09-15T05:17:44","slug":"travail-hybride-chantier-ouvert-points-de-vue-employeurs-travailleurs-ne-alignes","status":"publish","type":"post","link":"https:\/\/peoplesphere.be\/fr\/travail-hybride-chantier-ouvert-points-de-vue-employeurs-travailleurs-ne-alignes\/","title":{"rendered":"Le travail hybride, un chantier ouvert: les points de vue des employeurs et des travailleurs ne sont pas align\u00e9s."},"content":{"rendered":"<p>La nouvelle mani\u00e8re de travailler, \u00e9galement appel\u00e9e travail hybride ou New Way of Working (NWOW), est en plein essor. Le principe est manifestement encore en \u00e9volution: il existe un grand foss\u00e9 entre ce que nous voulons et ce que nous r\u00e9alisons d\u00e9j\u00e0. Jusqu\u2019o\u00f9 les organisations sont-elles pr\u00eates \u00e0 aller ? Dans quelle mesure le NWOW est-il li\u00e9 au bien-\u00eatre de leurs travailleurs ? Et surtout : que veulent r\u00e9ellement les travailleurs ?<!--more--><\/p>\n<p>Pour r\u00e9pondre \u00e0 ces questions, IDEWE a interrog\u00e9 1299 d\u00e9cideurs et travailleurs, essentiellement des employ\u00e9s, compte tenu du sujet de l\u2019\u00e9tude. Le service externe pour la pr\u00e9vention et la protection au travail en a tir\u00e9 quelques enseignements int\u00e9ressants. Les employeurs doivent faire le moins de suppositions possible sur ce que veulent leurs travailleurs.<\/p>\n<p><strong><em>Le travail hybride va de pair avec plus de bien-\u00eatre<\/em><\/strong><\/p>\n<p>L\u2019\u00e9tude montre que les travailleurs pour lesquels l\u2019organisation du travail est essentiellement hybride (c\u2019est-\u00e0-dire une organisation du travail flexible dans laquelle les travailleurs peuvent d\u00e9terminer o\u00f9 et quand ils travaillent, tout en \u00e9tant soutenus par la communication \u00e9lectronique) ont un risque plus faible de burn-out et \u00e9prouvent plus de plaisir \u00e0 travailler. Parmi les personnes qui ne b\u00e9n\u00e9ficient pas ou peu d\u2019une organisation flexible du travail, 7% pr\u00e9sentent un risque accru de burn-out et 78% \u00e9prouvent du plaisir \u00e0 travailler, alors que les personnes disposant d\u2019un am\u00e9nagement de travail fortement hybride obtiennent des r\u00e9sultats nettement meilleurs \u00e0 cet \u00e9gard : seulement 2 % pr\u00e9sentent un risque accru de burn-out et pas moins de 84% \u00e9prouvent du plaisir \u00e0 travailler. De plus, dans cette derni\u00e8re cat\u00e9gorie, les besoins psychologiques fondamentaux d\u2019autonomie et d\u2019appartenance sont satisfaits \u00e0 un degr\u00e9 plus \u00e9lev\u00e9.<\/p>\n<p><em>\u201cCes chiffres ne signifient \u00e9videmment pas que les entreprises qui introduisent le travail hybride verront automatiquement une augmentation du bien-\u00eatre de leurs travailleurs\u00a0\u00bb<\/em>, d\u00e9clare Lode Godderis, CEO d\u2019IDEWE. <em>\u00ab\u00a0Mais nous pouvons affirmer qu\u2019un environnement de travail hybride est aujourd\u2019hui un bon cadre dans lequel nous pouvons optimiser ce bien-\u00eatre de plusieurs mani\u00e8res.\u00a0\u00bb<\/em><\/p>\n<p><strong><em>1 travailleur sur 3 d\u00e9cide lui-m\u00eame de son lieu de travail et de son horaire<\/em><\/strong><\/p>\n<p>L\u2019\u00e9tude montre que le concept de base du travail hybride est en effet d\u00e9j\u00e0 bien \u00e9tabli. Plus de 70% des travailleurs belges interrog\u00e9s d\u00e9clarent utiliser les technologies de l\u2019information (afin de pouvoir travailler de n\u2019importe quel endroit ou \u00e0 n\u2019importe quel moment) pour que le travail puisse \u00eatre effectu\u00e9 r\u00e9guli\u00e8rement \u00e0 distance. Toutefois, c\u2019est beaucoup moins le cas pour certains concepts li\u00e9s. Ainsi, seuls 34% d\u2019entre eux d\u00e9cident eux-m\u00eames o\u00f9 et quand ils travaillent, seuls 30% travaillent de mani\u00e8re bas\u00e9e sur l\u2019activit\u00e9 (ce qui signifie que leur activit\u00e9 d\u00e9termine o\u00f9 ils travaillent) et seuls 32% appliquent le syst\u00e8me de flex desk. Il est int\u00e9ressant de noter qu\u2019il y a une grande volont\u00e9 dans le chef des travailleurs interrog\u00e9s (variant entre 78% et 86%) d\u2019appliquer ces concepts, \u00e0 une exception pr\u00e8s : seuls 36% sont dispos\u00e9s \u00e0 \u00e9changer leur propre bureau contre un syst\u00e8me de flex desk.<\/p>\n<p>Bien que les chiffres des d\u00e9cideurs et employeurs indiquent en grande partie la m\u00eame tendance, certaines diff\u00e9rences sautent aux yeux. Les employeurs sont plus enclins \u00e0 l\u2019introduction du flex desks que les travailleurs (49% contre 36%) et au travail bas\u00e9 sur l\u2019activit\u00e9 (87% contre 78%). L\u2019inverse est vrai pour un syst\u00e8me dans lequel les travailleurs d\u00e9cident eux-m\u00eames o\u00f9 et quand ils travaillent (73% contre 85%).<\/p>\n<p>Lode Godderis explique : <em>\u00ab\u00a0Le travail hybride est v\u00e9ritablement en plein essor. La diff\u00e9rence de volont\u00e9 sur un certain nombre de questions est surprenante, ce qui montre que les employeurs doivent \u00eatre plus prudents avec les suppositions sur ce que souhaitent leurs travailleurs. Les entreprises qui pr\u00e9voient par exemple de passer \u00e0 un syst\u00e8me de flex desk sans consulter l\u2019ensemble de l\u2019\u00e9quipe devraient y r\u00e9fl\u00e9chir \u00e0 deux fois. De surcro\u00eet, le faible nombre de personnes qui effectuent un travail bas\u00e9 sur l\u2019activit\u00e9 est \u00e9galement un point d\u2019attention. Le terme \u00ab hybride \u00bb couvre bien plus que les donn\u00e9es de localisation pures : il est important que nous r\u00e9fl\u00e9chissions aussi \u00e0 ce que nous y faisons, de quelle mani\u00e8re et avec quelle infrastructure.\u00a0\u00bb<\/em><\/p>\n<p><strong><em>\u00c0 peine 5% souhaitent travailler \u00e0 domicile \u00e0 temps plein apr\u00e8s la crise du coronavirus<\/em><\/strong><\/p>\n<p>En ce qui concerne la proportion du temps de travail pass\u00e9 \u00e0 domicile, 55% des participants ont indiqu\u00e9 qu\u2019ils travaillent actuellement 61% ou plus de leur temps de travail \u00e0 domicile. Bien que les pr\u00e9f\u00e9rences \u00e0 cet \u00e9gard diff\u00e8rent grandement d\u2019une personne \u00e0 l\u2019autre, il semble de mani\u00e8re g\u00e9n\u00e9rale que davantage de personnes en ce moment pr\u00e9f\u00e9reraient travailler un peu moins \u00e0 la maison. Aujourd\u2019hui, 16% des travailleurs sont encore pr\u00eats \u00e0 travailler \u00e0 temps plein \u00e0 domicile, alors que ce chiffre chute \u00e0 5% lorsqu\u2019on leur demande s\u2019ils seraient enclins \u00e0 continuer \u00e0 ce rythme apr\u00e8s la crise du coronavirus.<\/p>\n<p><em>\u00ab\u00a0En ce qui concerne le r\u00e9gime de travail (nous n\u2019avons pris en compte que les r\u00e9ponses des travailleurs \u00e0 temps plein), nous constatons que 54 % pr\u00e9f\u00e8rent travailler \u00e0 domicile 2 \u00e0 3 jours par semaine. Toutefois, cela d\u00e9pend de la nature des activit\u00e9s de chaque entreprise. Ici aussi la cl\u00e9 r\u00e9side dans la concertation entre les employeurs et les travailleurs\u00a0\u00bb<\/em>, conclut Lode Godderis.<\/p>\n<p><em>Source: IDEWE<\/em><\/p>\n","protected":false},"excerpt":{"rendered":"<p>La nouvelle mani\u00e8re de travailler, \u00e9galement appel\u00e9e travail hybride ou New Way of Working (NWOW), est en plein essor. Le principe est manifestement encore en \u00e9volution: il existe un grand foss\u00e9 entre ce que nous voulons et ce que nous [&hellip;]<\/p>\n","protected":false},"author":2,"featured_media":0,"comment_status":"closed","ping_status":"open","sticky":false,"template":"","format":"standard","meta":[],"categories":[65,10],"tags":[96,3467,1139,155,21,17,3357],"yoast_head":"<!-- This site is optimized with the Yoast SEO plugin v21.0 - https:\/\/yoast.com\/wordpress\/plugins\/seo\/ -->\n<title>Le travail hybride, un chantier ouvert: les points de vue des employeurs et des travailleurs ne sont pas align\u00e9s. - Peoplesphere<\/title>\n<meta name=\"robots\" content=\"index, follow, max-snippet:-1, max-image-preview:large, max-video-preview:-1\" \/>\n<link rel=\"canonical\" href=\"https:\/\/peoplesphere.be\/fr\/travail-hybride-chantier-ouvert-points-de-vue-employeurs-travailleurs-ne-alignes\/\" \/>\n<meta property=\"og:locale\" content=\"fr_FR\" \/>\n<meta property=\"og:type\" content=\"article\" \/>\n<meta property=\"og:title\" content=\"Le travail hybride, un chantier ouvert: les points de vue des employeurs et des travailleurs ne sont pas align\u00e9s. - Peoplesphere\" \/>\n<meta property=\"og:description\" content=\"La nouvelle mani\u00e8re de travailler, \u00e9galement appel\u00e9e travail hybride ou New Way of Working (NWOW), est en plein essor. Le principe est manifestement encore en \u00e9volution: il existe un grand foss\u00e9 entre ce que nous voulons et ce que nous [&hellip;]\" \/>\n<meta property=\"og:url\" content=\"https:\/\/peoplesphere.be\/fr\/travail-hybride-chantier-ouvert-points-de-vue-employeurs-travailleurs-ne-alignes\/\" \/>\n<meta property=\"og:site_name\" content=\"Peoplesphere\" \/>\n<meta property=\"article:publisher\" content=\"https:\/\/www.facebook.com\/peoplesphere\" \/>\n<meta property=\"article:published_time\" content=\"2021-09-15T05:17:44+00:00\" \/>\n<meta property=\"og:image\" content=\"http:\/\/www.peoplesphere.be\/fr\/wp-content\/uploads\/2016\/07\/facebook-default-posting-1200x628px.jpg\" \/>\n<meta name=\"author\" content=\"Jean-Paul Erhard\" \/>\n<meta name=\"twitter:card\" content=\"summary_large_image\" \/>\n<meta name=\"twitter:creator\" content=\"@PeoplesphereMag\" \/>\n<meta name=\"twitter:site\" content=\"@PeoplesphereMag\" \/>\n<meta name=\"twitter:label1\" content=\"\u00c9crit par\" \/>\n\t<meta name=\"twitter:data1\" content=\"Jean-Paul Erhard\" \/>\n\t<meta name=\"twitter:label2\" content=\"Dur\u00e9e de lecture estim\u00e9e\" \/>\n\t<meta name=\"twitter:data2\" content=\"5 minutes\" \/>\n<script type=\"application\/ld+json\" class=\"yoast-schema-graph\">{\"@context\":\"https:\/\/schema.org\",\"@graph\":[{\"@type\":\"Article\",\"@id\":\"https:\/\/peoplesphere.be\/fr\/travail-hybride-chantier-ouvert-points-de-vue-employeurs-travailleurs-ne-alignes\/#article\",\"isPartOf\":{\"@id\":\"https:\/\/peoplesphere.be\/fr\/travail-hybride-chantier-ouvert-points-de-vue-employeurs-travailleurs-ne-alignes\/\"},\"author\":{\"name\":\"Jean-Paul Erhard\",\"@id\":\"https:\/\/peoplesphere.be\/fr\/#\/schema\/person\/7976225ff17988604334abb7b3536a7e\"},\"headline\":\"Le travail hybride, un chantier ouvert: les points de vue des employeurs et des travailleurs ne sont pas align\u00e9s.\",\"datePublished\":\"2021-09-15T05:17:44+00:00\",\"dateModified\":\"2021-09-15T05:17:44+00:00\",\"mainEntityOfPage\":{\"@id\":\"https:\/\/peoplesphere.be\/fr\/travail-hybride-chantier-ouvert-points-de-vue-employeurs-travailleurs-ne-alignes\/\"},\"wordCount\":920,\"publisher\":{\"@id\":\"https:\/\/peoplesphere.be\/fr\/#organization\"},\"keywords\":[\"bien-\u00eatre\",\"flexdesk\",\"IDEWE\",\"nwow\",\"Organisation\",\"Sant\u00e9\",\"travail hybride\"],\"articleSection\":[\"Actualit\u00e9s\",\"Digital\"],\"inLanguage\":\"fr-FR\"},{\"@type\":\"WebPage\",\"@id\":\"https:\/\/peoplesphere.be\/fr\/travail-hybride-chantier-ouvert-points-de-vue-employeurs-travailleurs-ne-alignes\/\",\"url\":\"https:\/\/peoplesphere.be\/fr\/travail-hybride-chantier-ouvert-points-de-vue-employeurs-travailleurs-ne-alignes\/\",\"name\":\"Le travail hybride, un chantier ouvert: les points de vue des employeurs et des travailleurs ne sont pas align\u00e9s. - Peoplesphere\",\"isPartOf\":{\"@id\":\"https:\/\/peoplesphere.be\/fr\/#website\"},\"datePublished\":\"2021-09-15T05:17:44+00:00\",\"dateModified\":\"2021-09-15T05:17:44+00:00\",\"breadcrumb\":{\"@id\":\"https:\/\/peoplesphere.be\/fr\/travail-hybride-chantier-ouvert-points-de-vue-employeurs-travailleurs-ne-alignes\/#breadcrumb\"},\"inLanguage\":\"fr-FR\",\"potentialAction\":[{\"@type\":\"ReadAction\",\"target\":[\"https:\/\/peoplesphere.be\/fr\/travail-hybride-chantier-ouvert-points-de-vue-employeurs-travailleurs-ne-alignes\/\"]}]},{\"@type\":\"BreadcrumbList\",\"@id\":\"https:\/\/peoplesphere.be\/fr\/travail-hybride-chantier-ouvert-points-de-vue-employeurs-travailleurs-ne-alignes\/#breadcrumb\",\"itemListElement\":[{\"@type\":\"ListItem\",\"position\":1,\"name\":\"Accueil\",\"item\":\"https:\/\/peoplesphere.be\/fr\/\"},{\"@type\":\"ListItem\",\"position\":2,\"name\":\"Le travail hybride, un chantier ouvert: les points de vue des employeurs et des travailleurs ne sont pas align\u00e9s.\"}]},{\"@type\":\"WebSite\",\"@id\":\"https:\/\/peoplesphere.be\/fr\/#website\",\"url\":\"https:\/\/peoplesphere.be\/fr\/\",\"name\":\"Peoplesphere\",\"description\":\"The People Managers Magazine\",\"publisher\":{\"@id\":\"https:\/\/peoplesphere.be\/fr\/#organization\"},\"potentialAction\":[{\"@type\":\"SearchAction\",\"target\":{\"@type\":\"EntryPoint\",\"urlTemplate\":\"https:\/\/peoplesphere.be\/fr\/?s={search_term_string}\"},\"query-input\":\"required name=search_term_string\"}],\"inLanguage\":\"fr-FR\"},{\"@type\":\"Organization\",\"@id\":\"https:\/\/peoplesphere.be\/fr\/#organization\",\"name\":\"Peoplesphere Company srl\",\"url\":\"https:\/\/peoplesphere.be\/fr\/\",\"logo\":{\"@type\":\"ImageObject\",\"inLanguage\":\"fr-FR\",\"@id\":\"https:\/\/peoplesphere.be\/fr\/#\/schema\/logo\/image\/\",\"url\":\"https:\/\/peoplesphere.be\/fr\/wp-content\/uploads\/2023\/07\/peoplesphere-lgo-new-generik.jpg\",\"contentUrl\":\"https:\/\/peoplesphere.be\/fr\/wp-content\/uploads\/2023\/07\/peoplesphere-lgo-new-generik.jpg\",\"width\":1031,\"height\":1479,\"caption\":\"Peoplesphere Company srl\"},\"image\":{\"@id\":\"https:\/\/peoplesphere.be\/fr\/#\/schema\/logo\/image\/\"},\"sameAs\":[\"https:\/\/www.facebook.com\/peoplesphere\",\"https:\/\/twitter.com\/PeoplesphereMag\",\"https:\/\/www.linkedin.com\/company\/7587361?trk\",\"http:\/\/youtube.com\/peoplesphere\"]},{\"@type\":\"Person\",\"@id\":\"https:\/\/peoplesphere.be\/fr\/#\/schema\/person\/7976225ff17988604334abb7b3536a7e\",\"name\":\"Jean-Paul Erhard\",\"image\":{\"@type\":\"ImageObject\",\"inLanguage\":\"fr-FR\",\"@id\":\"https:\/\/peoplesphere.be\/fr\/#\/schema\/person\/image\/\",\"url\":\"https:\/\/secure.gravatar.com\/avatar\/f941e681460179738071629a51574930?s=96&d=mm&r=g\",\"contentUrl\":\"https:\/\/secure.gravatar.com\/avatar\/f941e681460179738071629a51574930?s=96&d=mm&r=g\",\"caption\":\"Jean-Paul Erhard\"},\"url\":\"https:\/\/peoplesphere.be\/fr\/author\/jpe\/\"}]}<\/script>\n<!-- \/ Yoast SEO plugin. -->","yoast_head_json":{"title":"Le travail hybride, un chantier ouvert: les points de vue des employeurs et des travailleurs ne sont pas align\u00e9s. - Peoplesphere","robots":{"index":"index","follow":"follow","max-snippet":"max-snippet:-1","max-image-preview":"max-image-preview:large","max-video-preview":"max-video-preview:-1"},"canonical":"https:\/\/peoplesphere.be\/fr\/travail-hybride-chantier-ouvert-points-de-vue-employeurs-travailleurs-ne-alignes\/","og_locale":"fr_FR","og_type":"article","og_title":"Le travail hybride, un chantier ouvert: les points de vue des employeurs et des travailleurs ne sont pas align\u00e9s. - Peoplesphere","og_description":"La nouvelle mani\u00e8re de travailler, \u00e9galement appel\u00e9e travail hybride ou New Way of Working (NWOW), est en plein essor. Le principe est manifestement encore en \u00e9volution: il existe un grand foss\u00e9 entre ce que nous voulons et ce que nous [&hellip;]","og_url":"https:\/\/peoplesphere.be\/fr\/travail-hybride-chantier-ouvert-points-de-vue-employeurs-travailleurs-ne-alignes\/","og_site_name":"Peoplesphere","article_publisher":"https:\/\/www.facebook.com\/peoplesphere","article_published_time":"2021-09-15T05:17:44+00:00","og_image":[{"url":"http:\/\/www.peoplesphere.be\/fr\/wp-content\/uploads\/2016\/07\/facebook-default-posting-1200x628px.jpg"}],"author":"Jean-Paul Erhard","twitter_card":"summary_large_image","twitter_creator":"@PeoplesphereMag","twitter_site":"@PeoplesphereMag","twitter_misc":{"\u00c9crit par":"Jean-Paul Erhard","Dur\u00e9e de lecture estim\u00e9e":"5 minutes"},"schema":{"@context":"https:\/\/schema.org","@graph":[{"@type":"Article","@id":"https:\/\/peoplesphere.be\/fr\/travail-hybride-chantier-ouvert-points-de-vue-employeurs-travailleurs-ne-alignes\/#article","isPartOf":{"@id":"https:\/\/peoplesphere.be\/fr\/travail-hybride-chantier-ouvert-points-de-vue-employeurs-travailleurs-ne-alignes\/"},"author":{"name":"Jean-Paul Erhard","@id":"https:\/\/peoplesphere.be\/fr\/#\/schema\/person\/7976225ff17988604334abb7b3536a7e"},"headline":"Le travail hybride, un chantier ouvert: les points de vue des employeurs et des travailleurs ne sont pas align\u00e9s.","datePublished":"2021-09-15T05:17:44+00:00","dateModified":"2021-09-15T05:17:44+00:00","mainEntityOfPage":{"@id":"https:\/\/peoplesphere.be\/fr\/travail-hybride-chantier-ouvert-points-de-vue-employeurs-travailleurs-ne-alignes\/"},"wordCount":920,"publisher":{"@id":"https:\/\/peoplesphere.be\/fr\/#organization"},"keywords":["bien-\u00eatre","flexdesk","IDEWE","nwow","Organisation","Sant\u00e9","travail hybride"],"articleSection":["Actualit\u00e9s","Digital"],"inLanguage":"fr-FR"},{"@type":"WebPage","@id":"https:\/\/peoplesphere.be\/fr\/travail-hybride-chantier-ouvert-points-de-vue-employeurs-travailleurs-ne-alignes\/","url":"https:\/\/peoplesphere.be\/fr\/travail-hybride-chantier-ouvert-points-de-vue-employeurs-travailleurs-ne-alignes\/","name":"Le travail hybride, un chantier ouvert: les points de vue des employeurs et des travailleurs ne sont pas align\u00e9s. - Peoplesphere","isPartOf":{"@id":"https:\/\/peoplesphere.be\/fr\/#website"},"datePublished":"2021-09-15T05:17:44+00:00","dateModified":"2021-09-15T05:17:44+00:00","breadcrumb":{"@id":"https:\/\/peoplesphere.be\/fr\/travail-hybride-chantier-ouvert-points-de-vue-employeurs-travailleurs-ne-alignes\/#breadcrumb"},"inLanguage":"fr-FR","potentialAction":[{"@type":"ReadAction","target":["https:\/\/peoplesphere.be\/fr\/travail-hybride-chantier-ouvert-points-de-vue-employeurs-travailleurs-ne-alignes\/"]}]},{"@type":"BreadcrumbList","@id":"https:\/\/peoplesphere.be\/fr\/travail-hybride-chantier-ouvert-points-de-vue-employeurs-travailleurs-ne-alignes\/#breadcrumb","itemListElement":[{"@type":"ListItem","position":1,"name":"Accueil","item":"https:\/\/peoplesphere.be\/fr\/"},{"@type":"ListItem","position":2,"name":"Le travail hybride, un chantier ouvert: les points de vue des employeurs et des travailleurs ne sont pas align\u00e9s."}]},{"@type":"WebSite","@id":"https:\/\/peoplesphere.be\/fr\/#website","url":"https:\/\/peoplesphere.be\/fr\/","name":"Peoplesphere","description":"The People Managers Magazine","publisher":{"@id":"https:\/\/peoplesphere.be\/fr\/#organization"},"potentialAction":[{"@type":"SearchAction","target":{"@type":"EntryPoint","urlTemplate":"https:\/\/peoplesphere.be\/fr\/?s={search_term_string}"},"query-input":"required name=search_term_string"}],"inLanguage":"fr-FR"},{"@type":"Organization","@id":"https:\/\/peoplesphere.be\/fr\/#organization","name":"Peoplesphere Company srl","url":"https:\/\/peoplesphere.be\/fr\/","logo":{"@type":"ImageObject","inLanguage":"fr-FR","@id":"https:\/\/peoplesphere.be\/fr\/#\/schema\/logo\/image\/","url":"https:\/\/peoplesphere.be\/fr\/wp-content\/uploads\/2023\/07\/peoplesphere-lgo-new-generik.jpg","contentUrl":"https:\/\/peoplesphere.be\/fr\/wp-content\/uploads\/2023\/07\/peoplesphere-lgo-new-generik.jpg","width":1031,"height":1479,"caption":"Peoplesphere Company srl"},"image":{"@id":"https:\/\/peoplesphere.be\/fr\/#\/schema\/logo\/image\/"},"sameAs":["https:\/\/www.facebook.com\/peoplesphere","https:\/\/twitter.com\/PeoplesphereMag","https:\/\/www.linkedin.com\/company\/7587361?trk","http:\/\/youtube.com\/peoplesphere"]},{"@type":"Person","@id":"https:\/\/peoplesphere.be\/fr\/#\/schema\/person\/7976225ff17988604334abb7b3536a7e","name":"Jean-Paul Erhard","image":{"@type":"ImageObject","inLanguage":"fr-FR","@id":"https:\/\/peoplesphere.be\/fr\/#\/schema\/person\/image\/","url":"https:\/\/secure.gravatar.com\/avatar\/f941e681460179738071629a51574930?s=96&d=mm&r=g","contentUrl":"https:\/\/secure.gravatar.com\/avatar\/f941e681460179738071629a51574930?s=96&d=mm&r=g","caption":"Jean-Paul Erhard"},"url":"https:\/\/peoplesphere.be\/fr\/author\/jpe\/"}]}},"_links":{"self":[{"href":"https:\/\/peoplesphere.be\/fr\/wp-json\/wp\/v2\/posts\/11815"}],"collection":[{"href":"https:\/\/peoplesphere.be\/fr\/wp-json\/wp\/v2\/posts"}],"about":[{"href":"https:\/\/peoplesphere.be\/fr\/wp-json\/wp\/v2\/types\/post"}],"author":[{"embeddable":true,"href":"https:\/\/peoplesphere.be\/fr\/wp-json\/wp\/v2\/users\/2"}],"replies":[{"embeddable":true,"href":"https:\/\/peoplesphere.be\/fr\/wp-json\/wp\/v2\/comments?post=11815"}],"version-history":[{"count":1,"href":"https:\/\/peoplesphere.be\/fr\/wp-json\/wp\/v2\/posts\/11815\/revisions"}],"predecessor-version":[{"id":11816,"href":"https:\/\/peoplesphere.be\/fr\/wp-json\/wp\/v2\/posts\/11815\/revisions\/11816"}],"wp:attachment":[{"href":"https:\/\/peoplesphere.be\/fr\/wp-json\/wp\/v2\/media?parent=11815"}],"wp:term":[{"taxonomy":"category","embeddable":true,"href":"https:\/\/peoplesphere.be\/fr\/wp-json\/wp\/v2\/categories?post=11815"},{"taxonomy":"post_tag","embeddable":true,"href":"https:\/\/peoplesphere.be\/fr\/wp-json\/wp\/v2\/tags?post=11815"}],"curies":[{"name":"wp","href":"https:\/\/api.w.org\/{rel}","templated":true}]}}