









{"id":11904,"date":"2021-10-01T17:36:36","date_gmt":"2021-10-01T15:36:36","guid":{"rendered":"https:\/\/peoplesphere.be\/fr\/?p=11904"},"modified":"2021-10-01T17:36:36","modified_gmt":"2021-10-01T15:36:36","slug":"enquete-aupres-de-1-000-employeurs-bruxellois-organismes-bruxellois-de-lemploi-de-formation-veulent-co-construire-de-nouvelles-solutions-marche-travail","status":"publish","type":"post","link":"https:\/\/peoplesphere.be\/fr\/enquete-aupres-de-1-000-employeurs-bruxellois-organismes-bruxellois-de-lemploi-de-formation-veulent-co-construire-de-nouvelles-solutions-marche-travail\/","title":{"rendered":"Enqu\u00eate aupr\u00e8s de 1.000 employeurs bruxellois: les organismes bruxellois de l&#8217;emploi et de la formation veulent co-construire de nouvelles solutions pour le march\u00e9 du travail."},"content":{"rendered":"<p>Le coronavirus a compl\u00e8tement boulevers\u00e9 le monde du travail. Opportunit\u00e9s pour les uns, challenges pour les autres. Chaque entreprise a d\u00fb s\u2019adapter. Les besoins des employeurs ont chang\u00e9. Les organismes bruxellois de l&#8217;emploi et de la formation, Actiris, Bruxelles Formation et VDAB Brussel, ont rencontr\u00e9 les f\u00e9d\u00e9rations patronales en pr\u00e9sence du ministre bruxellois, Bernard Clerfayt, pour \u00e9voquer les bouleversements engendr\u00e9s par la crise sur l&#8217;emploi et imaginer les meilleures r\u00e9ponses \u00e0 y apporter.<!--more--><\/p>\n<p>Certains secteurs tels que l&rsquo;Horeca ont \u00e9t\u00e9 ferm\u00e9s pendant plusieurs mois et \u00e9prouvent aujourd&rsquo;hui des difficult\u00e9s \u00e0 trouver du personnel car les travailleurs se sont tourn\u00e9s vers d&rsquo;autres m\u00e9tiers. D&rsquo;autres secteurs ont \u00e9t\u00e9 \u00e9pargn\u00e9s par la crise qui a m\u00eame boost\u00e9 leurs activit\u00e9s mais ne parviennent pas aujourd&rsquo;hui \u00e0 recruter suffisamment de personnel pour suivre le rythme du carnet de commande qui se remplit.<\/p>\n<p>Pour suivre au plus pr\u00e8s toutes ces \u00e9volutions et veiller \u00e0 apporter les r\u00e9ponses les plus ad\u00e9quates aux besoins des employeurs, Actiris a d\u00e9cid\u00e9 d&rsquo;initier une consultation \u00e0 grande \u00e9chelle, en collaboration avec Bruxelles Formation et VDAB Brussel. Une premi\u00e8re rencontre avec une dizaine de f\u00e9d\u00e9rations professionnelles a eu lieu ce jeudi 30 septembre en pr\u00e9sence de Bernard Clerfayt, ministre bruxellois de l&rsquo;Emploi et de la Formation. L&rsquo;occasion pour Actiris et ses partenaires de pr\u00e9senter l&rsquo;enqu\u00eate qui va \u00eatre lanc\u00e9e aupr\u00e8s de 1.000 employeurs bruxellois. Celle-ci a pour objectif d&rsquo;identifier avec pr\u00e9cision les besoins et attentes des employeurs bruxellois en mati\u00e8re de recrutement, de formation, d&rsquo;aides financi\u00e8res et de diversit\u00e9 et d&rsquo;inclusion. Les employeurs bruxellois sont invit\u00e9s \u00e0 participer \u00e0 la consultation d&rsquo;Actiris via le site <a href=\"https:\/\/actiris.brussels\/jepartagemesdefis\">https:\/\/actiris.brussels\/jepartagemesdefis<\/a>. L&rsquo;enqu\u00eate se cl\u00f4turera dans le courant du mois de novembre. De nouvelles rencontres avec des employeurs seront ensuite programm\u00e9es afin de d\u00e9gager des pistes d&rsquo;actions concr\u00e8tes.<\/p>\n<p><em>\u00ab\u00a0Ce processus de consultation marque le lancement de la Garantie Solutions Employeurs. Ce projet vient \u00e0 pic car la crise du Covid a dessin\u00e9 un nouveau march\u00e9 du travail. Les employeurs bruxellois font face \u00e0 de nouveaux d\u00e9fis. Notre r\u00f4le en tant que services publics est de les accompagner au mieux car ce sont eux qui cr\u00e9ent l&#8217;emploi de demain. Il est donc crucial de conna\u00eetre leurs besoins, de v\u00e9rifier que notre offre de services y est adapt\u00e9e et le cas \u00e9ch\u00e9ant imaginer ensemble de nouvelles solutions\u00a0\u00bb<\/em> d\u00e9clare Caroline Mancel, directrice g\u00e9n\u00e9rale ad interim d&rsquo;Actiris.<\/p>\n<p>Bernard Clerfayt, ministre bruxellois de l&rsquo;Emploi et de la Formation, estime que cette Garantie Solutions Employeurs est indispensable. <em>\u00ab\u00a0En 2019, Actiris a re\u00e7u 35.063 offres d\u2019emploi. Un chiffre qui est loin de refl\u00e9ter la r\u00e9alit\u00e9 du march\u00e9 de l\u2019emploi bruxellois et de sa p\u00e9riph\u00e9rie. Pour augmenter ce nombre, il faut qu\u2019Actiris garantisse aussi une solution aux employeurs pour trouver les talents dont ils ont besoin. Et si Actiris offre une garantie solutions aux employeurs, elle sera plus \u00e0 m\u00eame d\u2019offrir une solution aux chercheurs d\u2019emploi. Car l\u2019objectif reste le m\u00eame : mettre plus de Bruxellois \u00e0 l\u2019emploi\u00a0\u00bb,<\/em> explique-t-il.<\/p>\n<p>Pour Laurent Schiltz, secr\u00e9taire g\u00e9n\u00e9ral de la Conf\u00e9d\u00e9ration Construction Bruxelles, cette nouvelle \u00e9tape dans la collaboration entre le secteur public et le priv\u00e9 est plus que bienvenue. <em>\u00ab\u00a0Aujourd&rsquo;hui, mais aussi dans les ann\u00e9es \u00e0 venir, la construction a d\u2019\u00e9normes besoins en mati\u00e8re de main d\u2019\u0153uvre. Il y a un r\u00e9el potentiel pour toute personne, homme ou femme, motiv\u00e9e \u00e0 d\u00e9couvrir un secteur de la construction en pleine mutation aussi bien technologique qu&rsquo;environnementale. Il y a des m\u00e9tiers pour tous les go\u00fbts et de superbes perspectives de carri\u00e8res dans le secteur et dans nos entreprises. C&rsquo;est important qu&rsquo;Actiris et ses partenaires, qui travaillent avec le secteur au sein de Construcity.brussels, soient \u00e0 notre \u00e9coute et v\u00e9hiculent ce message aupr\u00e8s des chercheurs d&#8217;emploi pour nous permettre d&rsquo;attirer plus de candidats.\u00a0\u00bb<\/em><\/p>\n<p><em>\u00ab\u00a0Bruxelles est une ville de talents. Notre secteur a besoin de ces talents qui doivent venir sans crainte car notre HoReCa permet d&rsquo;\u00e9voluer et d&rsquo;aller du bas vers les sommets dirigeant. Ce m\u00e9tier apporte une vie \u00e9conomique et sociale importante pour Bruxelles. Il est important donc que les services publics contribuent \u00e0 le mettre en valeur aux c\u00f4t\u00e9s du secteur\u00a0\u00bb<\/em>, indique pour sa part Fabian Hermans, pr\u00e9sident de la F\u00e9d\u00e9ration Ho.Re.Ca Bruxelles.<\/p>\n<p>Ren\u00e9 Konings, manager d&rsquo;Agoria Brussels abonde dans le m\u00eame sens. \u00ab\u00a0<em>Bruxelles regorge de talents, mais tous ne trouvent pas facilement le chemin vers un emploi. Nous devons atteindre et toucher plus de chercheurs d\u2019emploi et nous devons \u00e9galement investir dans leurs comp\u00e9tences digitales et techniques. Nous savons d\u00e9j\u00e0 pour quels profils il y aura de la demande dans les ann\u00e9es \u00e0 venir. Nous estimons qu\u2019il y aura 12.000 emplois en plus dans le secteur technologique d\u2019ici \u00e0 2030 \u00e0 Bruxelles. Si nous pouvons trouver des moyens en collaboration avec le service public pour r\u00e9pondre \u00e0 cette demande, nous assurons la croissance de Bruxelles et l\u2019emploi des Bruxellois.\u00a0\u00bb<\/em><\/p>\n","protected":false},"excerpt":{"rendered":"<p>Le coronavirus a compl\u00e8tement boulevers\u00e9 le monde du travail. Opportunit\u00e9s pour les uns, challenges pour les autres. Chaque entreprise a d\u00fb s\u2019adapter. Les besoins des employeurs ont chang\u00e9. Les organismes bruxellois de l&#8217;emploi et de la formation, Actiris, Bruxelles Formation [&hellip;]<\/p>\n","protected":false},"author":2,"featured_media":0,"comment_status":"closed","ping_status":"open","sticky":false,"template":"","format":"standard","meta":[],"categories":[65,10],"tags":[226,318,931,653,48,702],"yoast_head":"<!-- This site is optimized with the Yoast SEO plugin v21.0 - https:\/\/yoast.com\/wordpress\/plugins\/seo\/ -->\n<title>Enqu\u00eate aupr\u00e8s de 1.000 employeurs bruxellois: les organismes bruxellois de l&#039;emploi et de la formation veulent co-construire de nouvelles solutions pour le march\u00e9 du travail. - Peoplesphere<\/title>\n<meta name=\"robots\" content=\"index, follow, max-snippet:-1, max-image-preview:large, max-video-preview:-1\" \/>\n<link rel=\"canonical\" href=\"https:\/\/peoplesphere.be\/fr\/enquete-aupres-de-1-000-employeurs-bruxellois-organismes-bruxellois-de-lemploi-de-formation-veulent-co-construire-de-nouvelles-solutions-marche-travail\/\" \/>\n<meta property=\"og:locale\" content=\"fr_FR\" \/>\n<meta property=\"og:type\" content=\"article\" \/>\n<meta property=\"og:title\" content=\"Enqu\u00eate aupr\u00e8s de 1.000 employeurs bruxellois: les organismes bruxellois de l&#039;emploi et de la formation veulent co-construire de nouvelles solutions pour le march\u00e9 du travail. - Peoplesphere\" \/>\n<meta property=\"og:description\" content=\"Le coronavirus a compl\u00e8tement boulevers\u00e9 le monde du travail. Opportunit\u00e9s pour les uns, challenges pour les autres. Chaque entreprise a d\u00fb s\u2019adapter. Les besoins des employeurs ont chang\u00e9. Les organismes bruxellois de l&#8217;emploi et de la formation, Actiris, Bruxelles Formation [&hellip;]\" \/>\n<meta property=\"og:url\" content=\"https:\/\/peoplesphere.be\/fr\/enquete-aupres-de-1-000-employeurs-bruxellois-organismes-bruxellois-de-lemploi-de-formation-veulent-co-construire-de-nouvelles-solutions-marche-travail\/\" \/>\n<meta property=\"og:site_name\" content=\"Peoplesphere\" \/>\n<meta property=\"article:publisher\" content=\"https:\/\/www.facebook.com\/peoplesphere\" \/>\n<meta property=\"article:published_time\" content=\"2021-10-01T15:36:36+00:00\" \/>\n<meta property=\"og:image\" content=\"http:\/\/www.peoplesphere.be\/fr\/wp-content\/uploads\/2016\/07\/facebook-default-posting-1200x628px.jpg\" \/>\n<meta name=\"author\" content=\"Jean-Paul Erhard\" \/>\n<meta name=\"twitter:card\" content=\"summary_large_image\" \/>\n<meta name=\"twitter:creator\" content=\"@PeoplesphereMag\" \/>\n<meta name=\"twitter:site\" content=\"@PeoplesphereMag\" \/>\n<meta name=\"twitter:label1\" content=\"\u00c9crit par\" \/>\n\t<meta name=\"twitter:data1\" content=\"Jean-Paul Erhard\" \/>\n\t<meta name=\"twitter:label2\" content=\"Dur\u00e9e de lecture estim\u00e9e\" \/>\n\t<meta name=\"twitter:data2\" content=\"4 minutes\" \/>\n<script type=\"application\/ld+json\" class=\"yoast-schema-graph\">{\"@context\":\"https:\/\/schema.org\",\"@graph\":[{\"@type\":\"Article\",\"@id\":\"https:\/\/peoplesphere.be\/fr\/enquete-aupres-de-1-000-employeurs-bruxellois-organismes-bruxellois-de-lemploi-de-formation-veulent-co-construire-de-nouvelles-solutions-marche-travail\/#article\",\"isPartOf\":{\"@id\":\"https:\/\/peoplesphere.be\/fr\/enquete-aupres-de-1-000-employeurs-bruxellois-organismes-bruxellois-de-lemploi-de-formation-veulent-co-construire-de-nouvelles-solutions-marche-travail\/\"},\"author\":{\"name\":\"Jean-Paul Erhard\",\"@id\":\"https:\/\/peoplesphere.be\/fr\/#\/schema\/person\/7976225ff17988604334abb7b3536a7e\"},\"headline\":\"Enqu\u00eate aupr\u00e8s de 1.000 employeurs bruxellois: les organismes bruxellois de l&#8217;emploi et de la formation veulent co-construire de nouvelles solutions pour le march\u00e9 du travail.\",\"datePublished\":\"2021-10-01T15:36:36+00:00\",\"dateModified\":\"2021-10-01T15:36:36+00:00\",\"mainEntityOfPage\":{\"@id\":\"https:\/\/peoplesphere.be\/fr\/enquete-aupres-de-1-000-employeurs-bruxellois-organismes-bruxellois-de-lemploi-de-formation-veulent-co-construire-de-nouvelles-solutions-marche-travail\/\"},\"wordCount\":889,\"publisher\":{\"@id\":\"https:\/\/peoplesphere.be\/fr\/#organization\"},\"keywords\":[\"actiris\",\"agoria\",\"bruxelles formation\",\"demandeurs d'emploi\",\"Formation\",\"march\u00e9 de l'emploi\"],\"articleSection\":[\"Actualit\u00e9s\",\"Digital\"],\"inLanguage\":\"fr-FR\"},{\"@type\":\"WebPage\",\"@id\":\"https:\/\/peoplesphere.be\/fr\/enquete-aupres-de-1-000-employeurs-bruxellois-organismes-bruxellois-de-lemploi-de-formation-veulent-co-construire-de-nouvelles-solutions-marche-travail\/\",\"url\":\"https:\/\/peoplesphere.be\/fr\/enquete-aupres-de-1-000-employeurs-bruxellois-organismes-bruxellois-de-lemploi-de-formation-veulent-co-construire-de-nouvelles-solutions-marche-travail\/\",\"name\":\"Enqu\u00eate aupr\u00e8s de 1.000 employeurs bruxellois: les organismes bruxellois de l'emploi et de la formation veulent co-construire de nouvelles solutions pour le march\u00e9 du travail. - Peoplesphere\",\"isPartOf\":{\"@id\":\"https:\/\/peoplesphere.be\/fr\/#website\"},\"datePublished\":\"2021-10-01T15:36:36+00:00\",\"dateModified\":\"2021-10-01T15:36:36+00:00\",\"breadcrumb\":{\"@id\":\"https:\/\/peoplesphere.be\/fr\/enquete-aupres-de-1-000-employeurs-bruxellois-organismes-bruxellois-de-lemploi-de-formation-veulent-co-construire-de-nouvelles-solutions-marche-travail\/#breadcrumb\"},\"inLanguage\":\"fr-FR\",\"potentialAction\":[{\"@type\":\"ReadAction\",\"target\":[\"https:\/\/peoplesphere.be\/fr\/enquete-aupres-de-1-000-employeurs-bruxellois-organismes-bruxellois-de-lemploi-de-formation-veulent-co-construire-de-nouvelles-solutions-marche-travail\/\"]}]},{\"@type\":\"BreadcrumbList\",\"@id\":\"https:\/\/peoplesphere.be\/fr\/enquete-aupres-de-1-000-employeurs-bruxellois-organismes-bruxellois-de-lemploi-de-formation-veulent-co-construire-de-nouvelles-solutions-marche-travail\/#breadcrumb\",\"itemListElement\":[{\"@type\":\"ListItem\",\"position\":1,\"name\":\"Accueil\",\"item\":\"https:\/\/peoplesphere.be\/fr\/\"},{\"@type\":\"ListItem\",\"position\":2,\"name\":\"Enqu\u00eate aupr\u00e8s de 1.000 employeurs bruxellois: les organismes bruxellois de l&#8217;emploi et de la formation veulent co-construire de nouvelles solutions pour le march\u00e9 du travail.\"}]},{\"@type\":\"WebSite\",\"@id\":\"https:\/\/peoplesphere.be\/fr\/#website\",\"url\":\"https:\/\/peoplesphere.be\/fr\/\",\"name\":\"Peoplesphere\",\"description\":\"The People Managers Magazine\",\"publisher\":{\"@id\":\"https:\/\/peoplesphere.be\/fr\/#organization\"},\"potentialAction\":[{\"@type\":\"SearchAction\",\"target\":{\"@type\":\"EntryPoint\",\"urlTemplate\":\"https:\/\/peoplesphere.be\/fr\/?s={search_term_string}\"},\"query-input\":\"required name=search_term_string\"}],\"inLanguage\":\"fr-FR\"},{\"@type\":\"Organization\",\"@id\":\"https:\/\/peoplesphere.be\/fr\/#organization\",\"name\":\"Peoplesphere Company srl\",\"url\":\"https:\/\/peoplesphere.be\/fr\/\",\"logo\":{\"@type\":\"ImageObject\",\"inLanguage\":\"fr-FR\",\"@id\":\"https:\/\/peoplesphere.be\/fr\/#\/schema\/logo\/image\/\",\"url\":\"https:\/\/peoplesphere.be\/fr\/wp-content\/uploads\/2023\/07\/peoplesphere-lgo-new-generik.jpg\",\"contentUrl\":\"https:\/\/peoplesphere.be\/fr\/wp-content\/uploads\/2023\/07\/peoplesphere-lgo-new-generik.jpg\",\"width\":1031,\"height\":1479,\"caption\":\"Peoplesphere Company srl\"},\"image\":{\"@id\":\"https:\/\/peoplesphere.be\/fr\/#\/schema\/logo\/image\/\"},\"sameAs\":[\"https:\/\/www.facebook.com\/peoplesphere\",\"https:\/\/twitter.com\/PeoplesphereMag\",\"https:\/\/www.linkedin.com\/company\/7587361?trk\",\"http:\/\/youtube.com\/peoplesphere\"]},{\"@type\":\"Person\",\"@id\":\"https:\/\/peoplesphere.be\/fr\/#\/schema\/person\/7976225ff17988604334abb7b3536a7e\",\"name\":\"Jean-Paul Erhard\",\"image\":{\"@type\":\"ImageObject\",\"inLanguage\":\"fr-FR\",\"@id\":\"https:\/\/peoplesphere.be\/fr\/#\/schema\/person\/image\/\",\"url\":\"https:\/\/secure.gravatar.com\/avatar\/f941e681460179738071629a51574930?s=96&d=mm&r=g\",\"contentUrl\":\"https:\/\/secure.gravatar.com\/avatar\/f941e681460179738071629a51574930?s=96&d=mm&r=g\",\"caption\":\"Jean-Paul Erhard\"},\"url\":\"https:\/\/peoplesphere.be\/fr\/author\/jpe\/\"}]}<\/script>\n<!-- \/ Yoast SEO plugin. -->","yoast_head_json":{"title":"Enqu\u00eate aupr\u00e8s de 1.000 employeurs bruxellois: les organismes bruxellois de l'emploi et de la formation veulent co-construire de nouvelles solutions pour le march\u00e9 du travail. - Peoplesphere","robots":{"index":"index","follow":"follow","max-snippet":"max-snippet:-1","max-image-preview":"max-image-preview:large","max-video-preview":"max-video-preview:-1"},"canonical":"https:\/\/peoplesphere.be\/fr\/enquete-aupres-de-1-000-employeurs-bruxellois-organismes-bruxellois-de-lemploi-de-formation-veulent-co-construire-de-nouvelles-solutions-marche-travail\/","og_locale":"fr_FR","og_type":"article","og_title":"Enqu\u00eate aupr\u00e8s de 1.000 employeurs bruxellois: les organismes bruxellois de l'emploi et de la formation veulent co-construire de nouvelles solutions pour le march\u00e9 du travail. - Peoplesphere","og_description":"Le coronavirus a compl\u00e8tement boulevers\u00e9 le monde du travail. Opportunit\u00e9s pour les uns, challenges pour les autres. Chaque entreprise a d\u00fb s\u2019adapter. Les besoins des employeurs ont chang\u00e9. Les organismes bruxellois de l&#8217;emploi et de la formation, Actiris, Bruxelles Formation [&hellip;]","og_url":"https:\/\/peoplesphere.be\/fr\/enquete-aupres-de-1-000-employeurs-bruxellois-organismes-bruxellois-de-lemploi-de-formation-veulent-co-construire-de-nouvelles-solutions-marche-travail\/","og_site_name":"Peoplesphere","article_publisher":"https:\/\/www.facebook.com\/peoplesphere","article_published_time":"2021-10-01T15:36:36+00:00","og_image":[{"url":"http:\/\/www.peoplesphere.be\/fr\/wp-content\/uploads\/2016\/07\/facebook-default-posting-1200x628px.jpg"}],"author":"Jean-Paul Erhard","twitter_card":"summary_large_image","twitter_creator":"@PeoplesphereMag","twitter_site":"@PeoplesphereMag","twitter_misc":{"\u00c9crit par":"Jean-Paul Erhard","Dur\u00e9e de lecture estim\u00e9e":"4 minutes"},"schema":{"@context":"https:\/\/schema.org","@graph":[{"@type":"Article","@id":"https:\/\/peoplesphere.be\/fr\/enquete-aupres-de-1-000-employeurs-bruxellois-organismes-bruxellois-de-lemploi-de-formation-veulent-co-construire-de-nouvelles-solutions-marche-travail\/#article","isPartOf":{"@id":"https:\/\/peoplesphere.be\/fr\/enquete-aupres-de-1-000-employeurs-bruxellois-organismes-bruxellois-de-lemploi-de-formation-veulent-co-construire-de-nouvelles-solutions-marche-travail\/"},"author":{"name":"Jean-Paul Erhard","@id":"https:\/\/peoplesphere.be\/fr\/#\/schema\/person\/7976225ff17988604334abb7b3536a7e"},"headline":"Enqu\u00eate aupr\u00e8s de 1.000 employeurs bruxellois: les organismes bruxellois de l&#8217;emploi et de la formation veulent co-construire de nouvelles solutions pour le march\u00e9 du travail.","datePublished":"2021-10-01T15:36:36+00:00","dateModified":"2021-10-01T15:36:36+00:00","mainEntityOfPage":{"@id":"https:\/\/peoplesphere.be\/fr\/enquete-aupres-de-1-000-employeurs-bruxellois-organismes-bruxellois-de-lemploi-de-formation-veulent-co-construire-de-nouvelles-solutions-marche-travail\/"},"wordCount":889,"publisher":{"@id":"https:\/\/peoplesphere.be\/fr\/#organization"},"keywords":["actiris","agoria","bruxelles formation","demandeurs d'emploi","Formation","march\u00e9 de l'emploi"],"articleSection":["Actualit\u00e9s","Digital"],"inLanguage":"fr-FR"},{"@type":"WebPage","@id":"https:\/\/peoplesphere.be\/fr\/enquete-aupres-de-1-000-employeurs-bruxellois-organismes-bruxellois-de-lemploi-de-formation-veulent-co-construire-de-nouvelles-solutions-marche-travail\/","url":"https:\/\/peoplesphere.be\/fr\/enquete-aupres-de-1-000-employeurs-bruxellois-organismes-bruxellois-de-lemploi-de-formation-veulent-co-construire-de-nouvelles-solutions-marche-travail\/","name":"Enqu\u00eate aupr\u00e8s de 1.000 employeurs bruxellois: les organismes bruxellois de l'emploi et de la formation veulent co-construire de nouvelles solutions pour le march\u00e9 du travail. - Peoplesphere","isPartOf":{"@id":"https:\/\/peoplesphere.be\/fr\/#website"},"datePublished":"2021-10-01T15:36:36+00:00","dateModified":"2021-10-01T15:36:36+00:00","breadcrumb":{"@id":"https:\/\/peoplesphere.be\/fr\/enquete-aupres-de-1-000-employeurs-bruxellois-organismes-bruxellois-de-lemploi-de-formation-veulent-co-construire-de-nouvelles-solutions-marche-travail\/#breadcrumb"},"inLanguage":"fr-FR","potentialAction":[{"@type":"ReadAction","target":["https:\/\/peoplesphere.be\/fr\/enquete-aupres-de-1-000-employeurs-bruxellois-organismes-bruxellois-de-lemploi-de-formation-veulent-co-construire-de-nouvelles-solutions-marche-travail\/"]}]},{"@type":"BreadcrumbList","@id":"https:\/\/peoplesphere.be\/fr\/enquete-aupres-de-1-000-employeurs-bruxellois-organismes-bruxellois-de-lemploi-de-formation-veulent-co-construire-de-nouvelles-solutions-marche-travail\/#breadcrumb","itemListElement":[{"@type":"ListItem","position":1,"name":"Accueil","item":"https:\/\/peoplesphere.be\/fr\/"},{"@type":"ListItem","position":2,"name":"Enqu\u00eate aupr\u00e8s de 1.000 employeurs bruxellois: les organismes bruxellois de l&#8217;emploi et de la formation veulent co-construire de nouvelles solutions pour le march\u00e9 du travail."}]},{"@type":"WebSite","@id":"https:\/\/peoplesphere.be\/fr\/#website","url":"https:\/\/peoplesphere.be\/fr\/","name":"Peoplesphere","description":"The People Managers Magazine","publisher":{"@id":"https:\/\/peoplesphere.be\/fr\/#organization"},"potentialAction":[{"@type":"SearchAction","target":{"@type":"EntryPoint","urlTemplate":"https:\/\/peoplesphere.be\/fr\/?s={search_term_string}"},"query-input":"required name=search_term_string"}],"inLanguage":"fr-FR"},{"@type":"Organization","@id":"https:\/\/peoplesphere.be\/fr\/#organization","name":"Peoplesphere Company srl","url":"https:\/\/peoplesphere.be\/fr\/","logo":{"@type":"ImageObject","inLanguage":"fr-FR","@id":"https:\/\/peoplesphere.be\/fr\/#\/schema\/logo\/image\/","url":"https:\/\/peoplesphere.be\/fr\/wp-content\/uploads\/2023\/07\/peoplesphere-lgo-new-generik.jpg","contentUrl":"https:\/\/peoplesphere.be\/fr\/wp-content\/uploads\/2023\/07\/peoplesphere-lgo-new-generik.jpg","width":1031,"height":1479,"caption":"Peoplesphere Company srl"},"image":{"@id":"https:\/\/peoplesphere.be\/fr\/#\/schema\/logo\/image\/"},"sameAs":["https:\/\/www.facebook.com\/peoplesphere","https:\/\/twitter.com\/PeoplesphereMag","https:\/\/www.linkedin.com\/company\/7587361?trk","http:\/\/youtube.com\/peoplesphere"]},{"@type":"Person","@id":"https:\/\/peoplesphere.be\/fr\/#\/schema\/person\/7976225ff17988604334abb7b3536a7e","name":"Jean-Paul Erhard","image":{"@type":"ImageObject","inLanguage":"fr-FR","@id":"https:\/\/peoplesphere.be\/fr\/#\/schema\/person\/image\/","url":"https:\/\/secure.gravatar.com\/avatar\/f941e681460179738071629a51574930?s=96&d=mm&r=g","contentUrl":"https:\/\/secure.gravatar.com\/avatar\/f941e681460179738071629a51574930?s=96&d=mm&r=g","caption":"Jean-Paul Erhard"},"url":"https:\/\/peoplesphere.be\/fr\/author\/jpe\/"}]}},"_links":{"self":[{"href":"https:\/\/peoplesphere.be\/fr\/wp-json\/wp\/v2\/posts\/11904"}],"collection":[{"href":"https:\/\/peoplesphere.be\/fr\/wp-json\/wp\/v2\/posts"}],"about":[{"href":"https:\/\/peoplesphere.be\/fr\/wp-json\/wp\/v2\/types\/post"}],"author":[{"embeddable":true,"href":"https:\/\/peoplesphere.be\/fr\/wp-json\/wp\/v2\/users\/2"}],"replies":[{"embeddable":true,"href":"https:\/\/peoplesphere.be\/fr\/wp-json\/wp\/v2\/comments?post=11904"}],"version-history":[{"count":1,"href":"https:\/\/peoplesphere.be\/fr\/wp-json\/wp\/v2\/posts\/11904\/revisions"}],"predecessor-version":[{"id":11905,"href":"https:\/\/peoplesphere.be\/fr\/wp-json\/wp\/v2\/posts\/11904\/revisions\/11905"}],"wp:attachment":[{"href":"https:\/\/peoplesphere.be\/fr\/wp-json\/wp\/v2\/media?parent=11904"}],"wp:term":[{"taxonomy":"category","embeddable":true,"href":"https:\/\/peoplesphere.be\/fr\/wp-json\/wp\/v2\/categories?post=11904"},{"taxonomy":"post_tag","embeddable":true,"href":"https:\/\/peoplesphere.be\/fr\/wp-json\/wp\/v2\/tags?post=11904"}],"curies":[{"name":"wp","href":"https:\/\/api.w.org\/{rel}","templated":true}]}}