









{"id":11917,"date":"2021-10-04T09:56:15","date_gmt":"2021-10-04T07:56:15","guid":{"rendered":"https:\/\/peoplesphere.be\/fr\/?p=11917"},"modified":"2021-10-04T09:56:50","modified_gmt":"2021-10-04T07:56:50","slug":"doublement-offres-demploi-cho%cc%82mage-baisse-de-presque-4-region-bruxelloise","status":"publish","type":"post","link":"https:\/\/peoplesphere.be\/fr\/doublement-offres-demploi-cho%cc%82mage-baisse-de-presque-4-region-bruxelloise\/","title":{"rendered":"Doublement des offres d&#8217;emploi: le cho\u0302mage en baisse de presque 4% en Re\u0301gion bruxelloise."},"content":{"rendered":"<p>En septembre 2021, la re\u0301gion bruxelloise compte 88.260 chercheurs d\u2019emploi, soit une diminution de 3,9% par rapport au mois de septembre 2020. Le cho\u0302mage chez les jeunes diminue fortement (-10,9%). Actiris a rec\u0327u directement 6.034 offres d\u2019emploi, soit une augmentation de 86,0% par rapport a\u0300 septembre 2020. Un chiffre encourageant qui s\u2019explique a\u0300 la fois par une reprise des activite\u0301s ces derniers mois mais e\u0301galement par une ame\u0301lioration de la capture des offres d\u2019emploi par Actiris.<!--more--><\/p>\n<p>Fin septembre, Bruxelles compte 88.260 chercheurs d\u2019emploi pour un taux de cho\u0302mage de 15,4%. Cela signifie une diminution par rapport a\u0300 l\u2019anne\u0301e pre\u0301ce\u0301dente (-3.625 personnes, -3,9%). En variation mensuelle, on constate une diminution de 2.603 personnes (-2,9%). Le cho\u0302mage des jeunes atteint quant a\u0300 lui un taux de 24,1%. Bruxelles compte 9.311 jeunes chercheurs d\u2019emploi en septembre 2021, soit 1.139 de moins que l\u2019an dernier (-10,9%).<\/p>\n<p>Si les entre\u0301es dans le cho\u0302mage classique n\u2019ont pas beaucoup augmente\u0301, cela s\u2019explique par le fait que pour l\u2019instant l\u2019effet de la crise du Covid-19 s\u2019enregistre surtout au niveau du cho\u0302mage temporaire et du droit passerelle. De tre\u0300s nombreuses entreprises ont du\u0302 recourir au cho\u0302mage temporaire pour faire face a\u0300 l\u2019arre\u0302t de leurs activite\u0301s suite aux mesures de confinement qui ont e\u0301te\u0301 prises d\u2019urgence afin de faire face a\u0300 l\u2019e\u0301pide\u0301mie de Covid-19. Ainsi au maximum de la crise sanitaire soit en avril, on enregistre au niveau de la Belgique environ 1.135.000 travailleurs au cho\u0302mage temporaire dont environ 92.000 bruxellois (environ 27% des salarie\u0301s bruxellois). Pour le droit passerelle, environ 388.000 inde\u0301pendants ont be\u0301ne\u0301ficie\u0301 du droit passerelle e\u0301galement en avril dont pre\u0300s de 49.000 bruxellois (ce qui repre\u0301sente 57% des inde\u0301pendants bruxellois).<br \/>\nDe\u0300s lors, l\u2019incidence sur les chiffres du cho\u0302mage classique est actuellement plus limite\u0301e, puisque le recours au cho\u0302mage temporaire permet aux entreprises de ne pas devoir proce\u0301der a\u0300 des licenciements massifs. Pour be\u0301ne\u0301ficier du cho\u0302mage temporaire, les travailleurs ne doivent pas obligatoirement s\u2019inscrire comme chercheurs d\u2019emploi aupre\u0300s des services publics de l\u2019emploi.<\/p>\n<p><em><strong>Le taux de cho\u0302mage<\/strong><\/em><\/p>\n<p>Fin septembre 2021, le taux de cho\u0302mage en Re\u0301gion bruxelloise s\u2019e\u0301tablit a\u0300 15,4% (14,6% pour les hommes et 16,3% pour les femmes). En septembre 2020, le taux de cho\u0302mage s\u2019e\u0301tablissait a\u0300 16,1%.<br \/>\nLe taux de cho\u0302mage est mesure\u0301 sur la base de la population active la plus re\u0301cente, calcule\u0301e a\u0300 partir des donne\u0301es de la Banque nationale et de l\u2019Enque\u0302te sur les Forces de Travail du SPF E\u0301conomie. Le croisement de ces donne\u0301es nous indique que la population active a, en Re\u0301gion bruxelloise, augmente\u0301 en 2020 de 0,9% par rapport a\u0300 l\u2019anne\u0301e pre\u0301ce\u0301dente.<\/p>\n<p><strong><em>Caracte\u0301ristiques et e\u0301volution du nombre de chercheurs d\u2019emploi<\/em><\/strong><\/p>\n<p>Fin septembre 2021, on de\u0301nombre en Re\u0301gion de Bruxelles-Capitale 88.260 chercheurs d\u2019emploi inoccupe\u0301s (DEI), soit une diminution par rapport a\u0300 l\u2019anne\u0301e pre\u0301ce\u0301dente (-3.625 personnes, -3,9%).<br \/>\nOn compte au cours du mois de septembre 11.519 entre\u0301es dans le cho\u0302mage (7.966 re\u0301inscriptions et 3.553 nouvelles inscriptions) contre 14.122 sorties, soit une diminution sur une base mensuelle du nombre de DEI de 2.603 personnes (-3,9%).<\/p>\n<p>On de\u0301nombre en Re\u0301gion bruxelloise 56.091 chercheurs d\u2019emploi demandeurs d\u2019allocations (DEDA), 5.623 jeunes en stage d\u2019insertion professionnelle et 26.546 autres chercheurs d\u2019emploi inscrits librement ou obligatoirement.<\/p>\n<p>Actiris peut, a\u0300 partir de l\u2019exploitation d\u2019un flux d\u2019information provenant directement du SPP Inte\u0301gration sociale, identifier les CE ayant une ouverture de droit au revenu d\u2019inte\u0301gration sociale ou a\u0300 son e\u0301quivalent, actuellement ou dans un passe\u0301 proche. Ainsi, parmi les 88.260 DEI inscrits en septembre 2021, 10.701 CE sont usagers du CPAS (soit 12,1% du total des DEI). Ce pourcentage est plus e\u0301leve\u0301 parmi les jeunes : sur les 9.311 jeunes DEI, 1.898 sont usagers du CPAS, soit 20,4%.<br \/>\nOn constate une diminution de 6,4% sur une base annuelle du nombre de chercheurs d\u2019emploi indemnise\u0301s (DEDA). On constate aussi une diminution annuelle du nombre de jeunes en stage d\u2019insertion professionnelle (-1.461 unite\u0301s, -20,6%). Le nombre des autres chercheurs d\u2019emploi a augmente\u0301 de 6,7% sur une base annuelle.<\/p>\n<p><em><strong>Augmentation du volume d\u2019offres d\u2019emploi directement rec\u0327ues par Actiris<\/strong><\/em><\/p>\n<p>Actiris a rec\u0327u 6.034 offres d\u2019emploi en septembre 2021. On observe une augmentation de 86,0% du nombre d\u2019OE par rapport au mois de septembre 2020 et de 70,0% par rapport a\u0300 septembre 2019. Sans tenir compte des OE de type inte\u0301rimaire, le niveau reste nettement supe\u0301rieur par rapport au niveau du mois de septembre 2020 (+49,0%) et du mois de septembre 2019 (+23,2%).<br \/>\nSi la crise sanitaire a eu pour effet de re\u0301duire de manie\u0300re importante les OE et particulie\u0300rement dans certains secteurs d\u2019activite\u0301 tels que l\u2019Horeca ou le commerce, on constate depuis quelques mois a\u0300 nouveau une hausse importante des OE.<br \/>\nAu cours de ces derniers mois, on constate en effet que le volume des OE rec\u0327ues directement par Actiris a tre\u0300s fortement augmente\u0301. La principale explication est lie\u0301e a\u0300 une ame\u0301lioration de la capture des OE de type \u00ab inte\u0301rim \u00bb. En septembre, Actiris enregistre 1.785 OE rec\u0327ues de type inte\u0301rimaire alors que l\u2019anne\u0301e passe\u0301e ce volume e\u0301tait de 393 unite\u0301s et de 99 unite\u0301s en septembre 2019. La hausse des OE rec\u0327ues doit donc e\u0302tre interpre\u0301te\u0301 avec re\u0301serve et ne refle\u0300te pour l\u2019instant que partiellement une re\u0301elle reprise des activite\u0301s.<br \/>\nToutefois la hausse du volume des OE rec\u0327ues s\u2019explique aussi par une reprise progressive et de plus en plus nette des activite\u0301s qui a e\u0301te\u0301 observe\u0301 par exemple pour les secteurs de l\u2019horeca, du commerce, du transport ou encore de la construction.<\/p>\n<p>Depuis le mois de septembre, Actiris re\u0301ceptionne les offres d&#8217;emploi du VDAB de fac\u0327on plus large : finie a\u0300 la limitation aux fonctions critiques, aux offres ouvertes depuis plus de 40 jours, et au lieu de travail en Re\u0301gion Bruxelles-Capitale ou dans la pe\u0301riphe\u0301rie. Cela a entrai\u0302ne\u0301 une forte augmentation du nombre d&rsquo;offres d&#8217;emploi rec\u0327ues via le VDAB. En septembre, 103.282 offres d&#8217;emploi ont e\u0301te\u0301 rec\u0327ues, soit dix fois plus qu&rsquo;en septembre 2020.<br \/>\nEn conse\u0301quence, le nombre total d&rsquo;offres d&#8217;emploi (y compris celles rec\u0327ues par le VDAB et le Forem et les sites partenaires) a e\u0301galement fortement augmente\u0301.<\/p>\n<p><em>Source: Actiris &#8211; views.brussels<\/em><\/p>\n","protected":false},"excerpt":{"rendered":"<p>En septembre 2021, la re\u0301gion bruxelloise compte 88.260 chercheurs d\u2019emploi, soit une diminution de 3,9% par rapport au mois de septembre 2020. Le cho\u0302mage chez les jeunes diminue fortement (-10,9%). Actiris a rec\u0327u directement 6.034 offres d\u2019emploi, soit une augmentation [&hellip;]<\/p>\n","protected":false},"author":2,"featured_media":0,"comment_status":"closed","ping_status":"open","sticky":false,"template":"","format":"standard","meta":[],"categories":[65,10],"tags":[226,653,702,105,703],"yoast_head":"<!-- This site is optimized with the Yoast SEO plugin v21.0 - https:\/\/yoast.com\/wordpress\/plugins\/seo\/ -->\n<title>Doublement des offres d&#039;emploi: le cho\u0302mage en baisse de presque 4% en Re\u0301gion bruxelloise. - Peoplesphere<\/title>\n<meta name=\"robots\" content=\"index, follow, max-snippet:-1, max-image-preview:large, max-video-preview:-1\" \/>\n<link rel=\"canonical\" href=\"https:\/\/peoplesphere.be\/fr\/doublement-offres-demploi-cho\u0302mage-baisse-de-presque-4-region-bruxelloise\/\" \/>\n<meta property=\"og:locale\" content=\"fr_FR\" \/>\n<meta property=\"og:type\" content=\"article\" \/>\n<meta property=\"og:title\" content=\"Doublement des offres d&#039;emploi: le cho\u0302mage en baisse de presque 4% en Re\u0301gion bruxelloise. - Peoplesphere\" \/>\n<meta property=\"og:description\" content=\"En septembre 2021, la re\u0301gion bruxelloise compte 88.260 chercheurs d\u2019emploi, soit une diminution de 3,9% par rapport au mois de septembre 2020. Le cho\u0302mage chez les jeunes diminue fortement (-10,9%). Actiris a rec\u0327u directement 6.034 offres d\u2019emploi, soit une augmentation [&hellip;]\" \/>\n<meta property=\"og:url\" content=\"https:\/\/peoplesphere.be\/fr\/doublement-offres-demploi-cho\u0302mage-baisse-de-presque-4-region-bruxelloise\/\" \/>\n<meta property=\"og:site_name\" content=\"Peoplesphere\" \/>\n<meta property=\"article:publisher\" content=\"https:\/\/www.facebook.com\/peoplesphere\" \/>\n<meta property=\"article:published_time\" content=\"2021-10-04T07:56:15+00:00\" \/>\n<meta property=\"article:modified_time\" content=\"2021-10-04T07:56:50+00:00\" \/>\n<meta property=\"og:image\" content=\"http:\/\/www.peoplesphere.be\/fr\/wp-content\/uploads\/2016\/07\/facebook-default-posting-1200x628px.jpg\" \/>\n<meta name=\"author\" content=\"Jean-Paul Erhard\" \/>\n<meta name=\"twitter:card\" content=\"summary_large_image\" \/>\n<meta name=\"twitter:creator\" content=\"@PeoplesphereMag\" \/>\n<meta name=\"twitter:site\" content=\"@PeoplesphereMag\" \/>\n<meta name=\"twitter:label1\" content=\"\u00c9crit par\" \/>\n\t<meta name=\"twitter:data1\" content=\"Jean-Paul Erhard\" \/>\n\t<meta name=\"twitter:label2\" content=\"Dur\u00e9e de lecture estim\u00e9e\" \/>\n\t<meta name=\"twitter:data2\" content=\"5 minutes\" \/>\n<script type=\"application\/ld+json\" class=\"yoast-schema-graph\">{\"@context\":\"https:\/\/schema.org\",\"@graph\":[{\"@type\":\"Article\",\"@id\":\"https:\/\/peoplesphere.be\/fr\/doublement-offres-demploi-cho%cc%82mage-baisse-de-presque-4-region-bruxelloise\/#article\",\"isPartOf\":{\"@id\":\"https:\/\/peoplesphere.be\/fr\/doublement-offres-demploi-cho%cc%82mage-baisse-de-presque-4-region-bruxelloise\/\"},\"author\":{\"name\":\"Jean-Paul Erhard\",\"@id\":\"https:\/\/peoplesphere.be\/fr\/#\/schema\/person\/7976225ff17988604334abb7b3536a7e\"},\"headline\":\"Doublement des offres d&#8217;emploi: le cho\u0302mage en baisse de presque 4% en Re\u0301gion bruxelloise.\",\"datePublished\":\"2021-10-04T07:56:15+00:00\",\"dateModified\":\"2021-10-04T07:56:50+00:00\",\"mainEntityOfPage\":{\"@id\":\"https:\/\/peoplesphere.be\/fr\/doublement-offres-demploi-cho%cc%82mage-baisse-de-presque-4-region-bruxelloise\/\"},\"wordCount\":1103,\"publisher\":{\"@id\":\"https:\/\/peoplesphere.be\/fr\/#organization\"},\"keywords\":[\"actiris\",\"demandeurs d'emploi\",\"march\u00e9 de l'emploi\",\"offres d'emploi\",\"taux de ch\u00f4mage\"],\"articleSection\":[\"Actualit\u00e9s\",\"Digital\"],\"inLanguage\":\"fr-FR\"},{\"@type\":\"WebPage\",\"@id\":\"https:\/\/peoplesphere.be\/fr\/doublement-offres-demploi-cho%cc%82mage-baisse-de-presque-4-region-bruxelloise\/\",\"url\":\"https:\/\/peoplesphere.be\/fr\/doublement-offres-demploi-cho%cc%82mage-baisse-de-presque-4-region-bruxelloise\/\",\"name\":\"Doublement des offres d'emploi: le cho\u0302mage en baisse de presque 4% en Re\u0301gion bruxelloise. - Peoplesphere\",\"isPartOf\":{\"@id\":\"https:\/\/peoplesphere.be\/fr\/#website\"},\"datePublished\":\"2021-10-04T07:56:15+00:00\",\"dateModified\":\"2021-10-04T07:56:50+00:00\",\"breadcrumb\":{\"@id\":\"https:\/\/peoplesphere.be\/fr\/doublement-offres-demploi-cho%cc%82mage-baisse-de-presque-4-region-bruxelloise\/#breadcrumb\"},\"inLanguage\":\"fr-FR\",\"potentialAction\":[{\"@type\":\"ReadAction\",\"target\":[\"https:\/\/peoplesphere.be\/fr\/doublement-offres-demploi-cho%cc%82mage-baisse-de-presque-4-region-bruxelloise\/\"]}]},{\"@type\":\"BreadcrumbList\",\"@id\":\"https:\/\/peoplesphere.be\/fr\/doublement-offres-demploi-cho%cc%82mage-baisse-de-presque-4-region-bruxelloise\/#breadcrumb\",\"itemListElement\":[{\"@type\":\"ListItem\",\"position\":1,\"name\":\"Accueil\",\"item\":\"https:\/\/peoplesphere.be\/fr\/\"},{\"@type\":\"ListItem\",\"position\":2,\"name\":\"Doublement des offres d&#8217;emploi: le cho\u0302mage en baisse de presque 4% en Re\u0301gion bruxelloise.\"}]},{\"@type\":\"WebSite\",\"@id\":\"https:\/\/peoplesphere.be\/fr\/#website\",\"url\":\"https:\/\/peoplesphere.be\/fr\/\",\"name\":\"Peoplesphere\",\"description\":\"The People Managers Magazine\",\"publisher\":{\"@id\":\"https:\/\/peoplesphere.be\/fr\/#organization\"},\"potentialAction\":[{\"@type\":\"SearchAction\",\"target\":{\"@type\":\"EntryPoint\",\"urlTemplate\":\"https:\/\/peoplesphere.be\/fr\/?s={search_term_string}\"},\"query-input\":\"required name=search_term_string\"}],\"inLanguage\":\"fr-FR\"},{\"@type\":\"Organization\",\"@id\":\"https:\/\/peoplesphere.be\/fr\/#organization\",\"name\":\"Peoplesphere Company srl\",\"url\":\"https:\/\/peoplesphere.be\/fr\/\",\"logo\":{\"@type\":\"ImageObject\",\"inLanguage\":\"fr-FR\",\"@id\":\"https:\/\/peoplesphere.be\/fr\/#\/schema\/logo\/image\/\",\"url\":\"https:\/\/peoplesphere.be\/fr\/wp-content\/uploads\/2023\/07\/peoplesphere-lgo-new-generik.jpg\",\"contentUrl\":\"https:\/\/peoplesphere.be\/fr\/wp-content\/uploads\/2023\/07\/peoplesphere-lgo-new-generik.jpg\",\"width\":1031,\"height\":1479,\"caption\":\"Peoplesphere Company srl\"},\"image\":{\"@id\":\"https:\/\/peoplesphere.be\/fr\/#\/schema\/logo\/image\/\"},\"sameAs\":[\"https:\/\/www.facebook.com\/peoplesphere\",\"https:\/\/twitter.com\/PeoplesphereMag\",\"https:\/\/www.linkedin.com\/company\/7587361?trk\",\"http:\/\/youtube.com\/peoplesphere\"]},{\"@type\":\"Person\",\"@id\":\"https:\/\/peoplesphere.be\/fr\/#\/schema\/person\/7976225ff17988604334abb7b3536a7e\",\"name\":\"Jean-Paul Erhard\",\"image\":{\"@type\":\"ImageObject\",\"inLanguage\":\"fr-FR\",\"@id\":\"https:\/\/peoplesphere.be\/fr\/#\/schema\/person\/image\/\",\"url\":\"https:\/\/secure.gravatar.com\/avatar\/f941e681460179738071629a51574930?s=96&d=mm&r=g\",\"contentUrl\":\"https:\/\/secure.gravatar.com\/avatar\/f941e681460179738071629a51574930?s=96&d=mm&r=g\",\"caption\":\"Jean-Paul Erhard\"},\"url\":\"https:\/\/peoplesphere.be\/fr\/author\/jpe\/\"}]}<\/script>\n<!-- \/ Yoast SEO plugin. -->","yoast_head_json":{"title":"Doublement des offres d'emploi: le cho\u0302mage en baisse de presque 4% en Re\u0301gion bruxelloise. - Peoplesphere","robots":{"index":"index","follow":"follow","max-snippet":"max-snippet:-1","max-image-preview":"max-image-preview:large","max-video-preview":"max-video-preview:-1"},"canonical":"https:\/\/peoplesphere.be\/fr\/doublement-offres-demploi-cho\u0302mage-baisse-de-presque-4-region-bruxelloise\/","og_locale":"fr_FR","og_type":"article","og_title":"Doublement des offres d'emploi: le cho\u0302mage en baisse de presque 4% en Re\u0301gion bruxelloise. - Peoplesphere","og_description":"En septembre 2021, la re\u0301gion bruxelloise compte 88.260 chercheurs d\u2019emploi, soit une diminution de 3,9% par rapport au mois de septembre 2020. Le cho\u0302mage chez les jeunes diminue fortement (-10,9%). Actiris a rec\u0327u directement 6.034 offres d\u2019emploi, soit une augmentation [&hellip;]","og_url":"https:\/\/peoplesphere.be\/fr\/doublement-offres-demploi-cho\u0302mage-baisse-de-presque-4-region-bruxelloise\/","og_site_name":"Peoplesphere","article_publisher":"https:\/\/www.facebook.com\/peoplesphere","article_published_time":"2021-10-04T07:56:15+00:00","article_modified_time":"2021-10-04T07:56:50+00:00","og_image":[{"url":"http:\/\/www.peoplesphere.be\/fr\/wp-content\/uploads\/2016\/07\/facebook-default-posting-1200x628px.jpg"}],"author":"Jean-Paul Erhard","twitter_card":"summary_large_image","twitter_creator":"@PeoplesphereMag","twitter_site":"@PeoplesphereMag","twitter_misc":{"\u00c9crit par":"Jean-Paul Erhard","Dur\u00e9e de lecture estim\u00e9e":"5 minutes"},"schema":{"@context":"https:\/\/schema.org","@graph":[{"@type":"Article","@id":"https:\/\/peoplesphere.be\/fr\/doublement-offres-demploi-cho%cc%82mage-baisse-de-presque-4-region-bruxelloise\/#article","isPartOf":{"@id":"https:\/\/peoplesphere.be\/fr\/doublement-offres-demploi-cho%cc%82mage-baisse-de-presque-4-region-bruxelloise\/"},"author":{"name":"Jean-Paul Erhard","@id":"https:\/\/peoplesphere.be\/fr\/#\/schema\/person\/7976225ff17988604334abb7b3536a7e"},"headline":"Doublement des offres d&#8217;emploi: le cho\u0302mage en baisse de presque 4% en Re\u0301gion bruxelloise.","datePublished":"2021-10-04T07:56:15+00:00","dateModified":"2021-10-04T07:56:50+00:00","mainEntityOfPage":{"@id":"https:\/\/peoplesphere.be\/fr\/doublement-offres-demploi-cho%cc%82mage-baisse-de-presque-4-region-bruxelloise\/"},"wordCount":1103,"publisher":{"@id":"https:\/\/peoplesphere.be\/fr\/#organization"},"keywords":["actiris","demandeurs d'emploi","march\u00e9 de l'emploi","offres d'emploi","taux de ch\u00f4mage"],"articleSection":["Actualit\u00e9s","Digital"],"inLanguage":"fr-FR"},{"@type":"WebPage","@id":"https:\/\/peoplesphere.be\/fr\/doublement-offres-demploi-cho%cc%82mage-baisse-de-presque-4-region-bruxelloise\/","url":"https:\/\/peoplesphere.be\/fr\/doublement-offres-demploi-cho%cc%82mage-baisse-de-presque-4-region-bruxelloise\/","name":"Doublement des offres d'emploi: le cho\u0302mage en baisse de presque 4% en Re\u0301gion bruxelloise. - Peoplesphere","isPartOf":{"@id":"https:\/\/peoplesphere.be\/fr\/#website"},"datePublished":"2021-10-04T07:56:15+00:00","dateModified":"2021-10-04T07:56:50+00:00","breadcrumb":{"@id":"https:\/\/peoplesphere.be\/fr\/doublement-offres-demploi-cho%cc%82mage-baisse-de-presque-4-region-bruxelloise\/#breadcrumb"},"inLanguage":"fr-FR","potentialAction":[{"@type":"ReadAction","target":["https:\/\/peoplesphere.be\/fr\/doublement-offres-demploi-cho%cc%82mage-baisse-de-presque-4-region-bruxelloise\/"]}]},{"@type":"BreadcrumbList","@id":"https:\/\/peoplesphere.be\/fr\/doublement-offres-demploi-cho%cc%82mage-baisse-de-presque-4-region-bruxelloise\/#breadcrumb","itemListElement":[{"@type":"ListItem","position":1,"name":"Accueil","item":"https:\/\/peoplesphere.be\/fr\/"},{"@type":"ListItem","position":2,"name":"Doublement des offres d&#8217;emploi: le cho\u0302mage en baisse de presque 4% en Re\u0301gion bruxelloise."}]},{"@type":"WebSite","@id":"https:\/\/peoplesphere.be\/fr\/#website","url":"https:\/\/peoplesphere.be\/fr\/","name":"Peoplesphere","description":"The People Managers Magazine","publisher":{"@id":"https:\/\/peoplesphere.be\/fr\/#organization"},"potentialAction":[{"@type":"SearchAction","target":{"@type":"EntryPoint","urlTemplate":"https:\/\/peoplesphere.be\/fr\/?s={search_term_string}"},"query-input":"required name=search_term_string"}],"inLanguage":"fr-FR"},{"@type":"Organization","@id":"https:\/\/peoplesphere.be\/fr\/#organization","name":"Peoplesphere Company srl","url":"https:\/\/peoplesphere.be\/fr\/","logo":{"@type":"ImageObject","inLanguage":"fr-FR","@id":"https:\/\/peoplesphere.be\/fr\/#\/schema\/logo\/image\/","url":"https:\/\/peoplesphere.be\/fr\/wp-content\/uploads\/2023\/07\/peoplesphere-lgo-new-generik.jpg","contentUrl":"https:\/\/peoplesphere.be\/fr\/wp-content\/uploads\/2023\/07\/peoplesphere-lgo-new-generik.jpg","width":1031,"height":1479,"caption":"Peoplesphere Company srl"},"image":{"@id":"https:\/\/peoplesphere.be\/fr\/#\/schema\/logo\/image\/"},"sameAs":["https:\/\/www.facebook.com\/peoplesphere","https:\/\/twitter.com\/PeoplesphereMag","https:\/\/www.linkedin.com\/company\/7587361?trk","http:\/\/youtube.com\/peoplesphere"]},{"@type":"Person","@id":"https:\/\/peoplesphere.be\/fr\/#\/schema\/person\/7976225ff17988604334abb7b3536a7e","name":"Jean-Paul Erhard","image":{"@type":"ImageObject","inLanguage":"fr-FR","@id":"https:\/\/peoplesphere.be\/fr\/#\/schema\/person\/image\/","url":"https:\/\/secure.gravatar.com\/avatar\/f941e681460179738071629a51574930?s=96&d=mm&r=g","contentUrl":"https:\/\/secure.gravatar.com\/avatar\/f941e681460179738071629a51574930?s=96&d=mm&r=g","caption":"Jean-Paul Erhard"},"url":"https:\/\/peoplesphere.be\/fr\/author\/jpe\/"}]}},"_links":{"self":[{"href":"https:\/\/peoplesphere.be\/fr\/wp-json\/wp\/v2\/posts\/11917"}],"collection":[{"href":"https:\/\/peoplesphere.be\/fr\/wp-json\/wp\/v2\/posts"}],"about":[{"href":"https:\/\/peoplesphere.be\/fr\/wp-json\/wp\/v2\/types\/post"}],"author":[{"embeddable":true,"href":"https:\/\/peoplesphere.be\/fr\/wp-json\/wp\/v2\/users\/2"}],"replies":[{"embeddable":true,"href":"https:\/\/peoplesphere.be\/fr\/wp-json\/wp\/v2\/comments?post=11917"}],"version-history":[{"count":2,"href":"https:\/\/peoplesphere.be\/fr\/wp-json\/wp\/v2\/posts\/11917\/revisions"}],"predecessor-version":[{"id":11919,"href":"https:\/\/peoplesphere.be\/fr\/wp-json\/wp\/v2\/posts\/11917\/revisions\/11919"}],"wp:attachment":[{"href":"https:\/\/peoplesphere.be\/fr\/wp-json\/wp\/v2\/media?parent=11917"}],"wp:term":[{"taxonomy":"category","embeddable":true,"href":"https:\/\/peoplesphere.be\/fr\/wp-json\/wp\/v2\/categories?post=11917"},{"taxonomy":"post_tag","embeddable":true,"href":"https:\/\/peoplesphere.be\/fr\/wp-json\/wp\/v2\/tags?post=11917"}],"curies":[{"name":"wp","href":"https:\/\/api.w.org\/{rel}","templated":true}]}}