









{"id":11920,"date":"2021-10-04T12:30:50","date_gmt":"2021-10-04T10:30:50","guid":{"rendered":"https:\/\/peoplesphere.be\/fr\/?p=11920"},"modified":"2021-10-04T12:30:50","modified_gmt":"2021-10-04T10:30:50","slug":"emploi-wallon-30-doffres-demploi-de-plus-quen-septembre-2020","status":"publish","type":"post","link":"https:\/\/peoplesphere.be\/fr\/emploi-wallon-30-doffres-demploi-de-plus-quen-septembre-2020\/","title":{"rendered":"Emploi wallon: 30 % d\u2019offres d\u2019emploi de plus qu\u2019en septembre 2020."},"content":{"rendered":"<p>En septembre, la demande d\u2019emploi recule \u00e0 nouveau (- 5,4 % par rapport \u00e0 l\u2019ann\u00e9e pass\u00e9e) et se situe m\u00eame sous son niveau de septembre 2019, soit avant le d\u00e9but de la crise sanitaire. Les cat\u00e9gories qui voient le plus fort recul sont les moins de 25 ans (- 7,0 %) et les 25 \u00e0 moins de 30 ans (- 7,4 %). Dans le m\u00eame temps, le nombre d\u2019opportunit\u00e9s d\u2019emploi diffus\u00e9es sur le site du Forem augmente, lui, de 30 % par rapport \u00e0 l\u2019ann\u00e9e pass\u00e9e. Les besoins de main d\u2019\u0153uvre sont en hausse dans presque tous les secteurs d\u2019activit\u00e9.<!--more--><\/p>\n<p>La Wallonie compte 201.797 demandeurs d\u2019emploi inoccup\u00e9s, ce chiffre englobant 124.711 demandeurs d\u2019emploi demandeurs d\u2019allocations (dont 1.498 en Communaut\u00e9 germanophone) et 37.992 jeunes en stage d\u2019insertion professionnelle (dont 217 en Communaut\u00e9 germanophone). S\u2019y ajoutent 28.696 demandeurs d\u2019emploi inscrits obligatoirement et 10.398 demandeurs d\u2019emploi inscrits librement.<\/p>\n<p>Le taux de la demande d\u2019emploi s\u2019\u00e9l\u00e8ve actuellement \u00e0 12,6 % de la population active wallonne. Il est donc sous le taux de septembre 2019 (13 %) et de septembre 2020 (13,3 %).<\/p>\n<p><em><strong>11.624 demandeurs d\u2019emploi de moins qu\u2019un an auparavant<\/strong><\/em><\/p>\n<p>Le recul de 5,4 % du nombre de DEI sur un an correspond \u00e0 11.624 personnes de moins que fin septembre 2020, portant le niveau actuel de la demande d\u2019emploi sous celui de fin septembre 2019, avant l\u2019\u00e9clatement de la crise sanitaire.<\/p>\n<p>Ainsi, la demande d\u2019emploi diminue \u00e0 nouveau dans toutes les classes d\u2019\u00e2ge, particuli\u00e8rement parmi les plus jeunes. Le nombre de personnes \u00e2g\u00e9es de 25 \u00e0 moins de 30 ans diminue de 7,4 %, tandis que le recul est de &#8211; 7,0 % parmi les moins de 25 ans. La demande d\u2019emploi diminue plus discr\u00e8tement \u00e0 mesure que l\u2019\u00e2ge des groupes cro\u00eet.<\/p>\n<p>Concernant les dur\u00e9es d\u2019inoccupation, le constat est plus nuanc\u00e9. A un an d\u2019\u00e9cart, les personnes le plus r\u00e9cemment arriv\u00e9es dans la demande d\u2019emploi voient leur nombre se r\u00e9duire : &#8211; 7,3 % de personnes dont l\u2019inoccupation est inf\u00e9rieure \u00e0 six mois, et &#8211; 29,2 % de personnes inoccup\u00e9es depuis six mois \u00e0 moins d\u2019un an. Le groupe de DEI comptant deux \u00e0 moins de cinq ans d\u2019inoccupation fait figure d\u2019exception \u00e0 la tendance baissi\u00e8re globale, puisque leur effectif augmente de 10,4 % \u00e0 un an d\u2019\u00e9cart.<\/p>\n<p><strong><em>Le nombre de demandeurs d\u2019emploi recule aussi \u00e0 un mois d\u2019\u00e9cart (- 4,7 %)<\/em><\/strong><\/p>\n<p>Le nombre de demandeurs d\u2019emploi inoccup\u00e9s a diminu\u00e9 de 4,7 % entre la fin du mois d\u2019ao\u00fbt et la fin de ce mois de septembre. Cela \u00e9quivaut \u00e0 un recul net de 9.856 personnes inscrites dans la demande d\u2019emploi wallonne. Apr\u00e8s la vague d\u2019inscriptions estivales, le nombre de demandeurs d\u2019emploi inoccup\u00e9s conna\u00eet une diminution cyclique en septembre.<\/p>\n<p><strong><em>30 % d\u2019offres d\u2019emploi de plus qu\u2019en septembre 2020<\/em><\/strong><\/p>\n<p>En septembre 2021, le Forem a diffus\u00e9 39.885 offres d\u2019emploi, soit 30 % de plus qu\u2019au cours du mois de septembre 2020. A ces offres s\u2019ajoutent les 18.535 autres re\u00e7ues d\u2019un autre Service public de l\u2019Emploi.<\/p>\n<p>Les besoins de main-d\u2019\u0153uvre sont donc en hausse et concernent la plupart des secteurs d\u2019activit\u00e9.<\/p>\n<p>Les embauches se poursuivent dans l\u2019Horeca, avec une hausse des opportunit\u00e9s d\u2019emploi propos\u00e9es encore marqu\u00e9e (+ 71 %) par rapport au mois de septembre 2020 &#8211; juste avant la fermeture du secteur. Ce sont 599 postes de plus durant ce mois de septembre 2021.<\/p>\n<p>D\u2019autres secteurs ont \u00e9galement exprim\u00e9 des besoins de recrutement plus importants qu\u2019il y a un an. Citons :<\/p>\n<ul>\n<li>les services collectifs, sociaux et personnels, avec 498 opportunit\u00e9s d\u2019emploi suppl\u00e9mentaires, soit + 68 % ;<\/li>\n<li>les activit\u00e9s financi\u00e8res, avec + 327 opportunit\u00e9s, soit + 61 %,<\/li>\n<li>le secteur du transport et de l\u2019entreposage, avec + 814 opportunit\u00e9s, soit + 57 %,<\/li>\n<li>le secteur manufacturier, tr\u00e8s vari\u00e9 et important en termes d\u2019emploi, qui voit ses besoins augmenter globalement de 51 % \u00e0 un an d\u2019\u00e9cart, dont particuli\u00e8rement dans la fabrication de machines et \u00e9quipements (338 opportunit\u00e9s d\u2019emploi de plus, soit + 108 %), dans l\u2019industrie textile \/ l\u2019habillement (+ 126 opportunit\u00e9s, soit + 108 %), dans les industries agroalimentaires (+ 495 opportunit\u00e9s, soit + 65 % ), dans le travail des m\u00e9taux \/ la m\u00e9tallurgie (+ 290 opportunit\u00e9s, soit + 58 %), ou encore dans la branche de l\u2019industrie chimique (+ 274 opportunit\u00e9s, soit + 49 %).<\/li>\n<\/ul>\n<p>Les plus fortes croissances en volumes de postes \u00e9manent du secteur du commerce (de gros et de d\u00e9tail) d\u2019une part (1.156 opportunit\u00e9s d\u2019emploi de plus qu\u2019en septembre 2020, soit + 41 %), et du secteur diversifi\u00e9 des services aux entreprises d\u2019autre part (+ 1.054 opportunit\u00e9s, soit + 43 %).<\/p>\n<p>Le secteur de la sant\u00e9 et de l\u2019action sociale a diffus\u00e9 2.264 opportunit\u00e9s d\u2019emploi en septembre sur le site du Forem (+ 542 opportunit\u00e9s, soit + 31 % par rapport \u00e0 septembre 2020). Citons encore le secteur de la construction, \u00e0 l\u2019origine de 2.918 postes propos\u00e9s en septembre (+ 532 opportunit\u00e9s, soit + 22 %).<\/p>\n<p>Seuls l\u2019administration publique et le secteur de l\u2019\u00e9ducation ont notifi\u00e9 des besoins de recrutement l\u00e9g\u00e8rement plus faibles qu\u2019il y a un an (respectivement &#8211; 4 % et &#8211; 5 %).<\/p>\n<p><em>Source: Forem<\/em><\/p>\n","protected":false},"excerpt":{"rendered":"<p>En septembre, la demande d\u2019emploi recule \u00e0 nouveau (- 5,4 % par rapport \u00e0 l\u2019ann\u00e9e pass\u00e9e) et se situe m\u00eame sous son niveau de septembre 2019, soit avant le d\u00e9but de la crise sanitaire. Les cat\u00e9gories qui voient le plus [&hellip;]<\/p>\n","protected":false},"author":2,"featured_media":0,"comment_status":"closed","ping_status":"open","sticky":false,"template":"","format":"standard","meta":[],"categories":[65,10],"tags":[653,331,105,72,703],"yoast_head":"<!-- This site is optimized with the Yoast SEO plugin v21.0 - https:\/\/yoast.com\/wordpress\/plugins\/seo\/ -->\n<title>Emploi wallon: 30 % d\u2019offres d\u2019emploi de plus qu\u2019en septembre 2020. - Peoplesphere<\/title>\n<meta name=\"robots\" content=\"index, follow, max-snippet:-1, max-image-preview:large, max-video-preview:-1\" \/>\n<link rel=\"canonical\" href=\"https:\/\/peoplesphere.be\/fr\/emploi-wallon-30-doffres-demploi-de-plus-quen-septembre-2020\/\" \/>\n<meta property=\"og:locale\" content=\"fr_FR\" \/>\n<meta property=\"og:type\" content=\"article\" \/>\n<meta property=\"og:title\" content=\"Emploi wallon: 30 % d\u2019offres d\u2019emploi de plus qu\u2019en septembre 2020. - Peoplesphere\" \/>\n<meta property=\"og:description\" content=\"En septembre, la demande d\u2019emploi recule \u00e0 nouveau (- 5,4 % par rapport \u00e0 l\u2019ann\u00e9e pass\u00e9e) et se situe m\u00eame sous son niveau de septembre 2019, soit avant le d\u00e9but de la crise sanitaire. Les cat\u00e9gories qui voient le plus [&hellip;]\" \/>\n<meta property=\"og:url\" content=\"https:\/\/peoplesphere.be\/fr\/emploi-wallon-30-doffres-demploi-de-plus-quen-septembre-2020\/\" \/>\n<meta property=\"og:site_name\" content=\"Peoplesphere\" \/>\n<meta property=\"article:publisher\" content=\"https:\/\/www.facebook.com\/peoplesphere\" \/>\n<meta property=\"article:published_time\" content=\"2021-10-04T10:30:50+00:00\" \/>\n<meta property=\"og:image\" content=\"http:\/\/www.peoplesphere.be\/fr\/wp-content\/uploads\/2016\/07\/facebook-default-posting-1200x628px.jpg\" \/>\n<meta name=\"author\" content=\"Jean-Paul Erhard\" \/>\n<meta name=\"twitter:card\" content=\"summary_large_image\" \/>\n<meta name=\"twitter:creator\" content=\"@PeoplesphereMag\" \/>\n<meta name=\"twitter:site\" content=\"@PeoplesphereMag\" \/>\n<meta name=\"twitter:label1\" content=\"\u00c9crit par\" \/>\n\t<meta name=\"twitter:data1\" content=\"Jean-Paul Erhard\" \/>\n\t<meta name=\"twitter:label2\" content=\"Dur\u00e9e de lecture estim\u00e9e\" \/>\n\t<meta name=\"twitter:data2\" content=\"4 minutes\" \/>\n<script type=\"application\/ld+json\" class=\"yoast-schema-graph\">{\"@context\":\"https:\/\/schema.org\",\"@graph\":[{\"@type\":\"Article\",\"@id\":\"https:\/\/peoplesphere.be\/fr\/emploi-wallon-30-doffres-demploi-de-plus-quen-septembre-2020\/#article\",\"isPartOf\":{\"@id\":\"https:\/\/peoplesphere.be\/fr\/emploi-wallon-30-doffres-demploi-de-plus-quen-septembre-2020\/\"},\"author\":{\"name\":\"Jean-Paul Erhard\",\"@id\":\"https:\/\/peoplesphere.be\/fr\/#\/schema\/person\/7976225ff17988604334abb7b3536a7e\"},\"headline\":\"Emploi wallon: 30 % d\u2019offres d\u2019emploi de plus qu\u2019en septembre 2020.\",\"datePublished\":\"2021-10-04T10:30:50+00:00\",\"dateModified\":\"2021-10-04T10:30:50+00:00\",\"mainEntityOfPage\":{\"@id\":\"https:\/\/peoplesphere.be\/fr\/emploi-wallon-30-doffres-demploi-de-plus-quen-septembre-2020\/\"},\"wordCount\":821,\"publisher\":{\"@id\":\"https:\/\/peoplesphere.be\/fr\/#organization\"},\"keywords\":[\"demandeurs d'emploi\",\"forem\",\"offres d'emploi\",\"recrutement\",\"taux de ch\u00f4mage\"],\"articleSection\":[\"Actualit\u00e9s\",\"Digital\"],\"inLanguage\":\"fr-FR\"},{\"@type\":\"WebPage\",\"@id\":\"https:\/\/peoplesphere.be\/fr\/emploi-wallon-30-doffres-demploi-de-plus-quen-septembre-2020\/\",\"url\":\"https:\/\/peoplesphere.be\/fr\/emploi-wallon-30-doffres-demploi-de-plus-quen-septembre-2020\/\",\"name\":\"Emploi wallon: 30 % d\u2019offres d\u2019emploi de plus qu\u2019en septembre 2020. - Peoplesphere\",\"isPartOf\":{\"@id\":\"https:\/\/peoplesphere.be\/fr\/#website\"},\"datePublished\":\"2021-10-04T10:30:50+00:00\",\"dateModified\":\"2021-10-04T10:30:50+00:00\",\"breadcrumb\":{\"@id\":\"https:\/\/peoplesphere.be\/fr\/emploi-wallon-30-doffres-demploi-de-plus-quen-septembre-2020\/#breadcrumb\"},\"inLanguage\":\"fr-FR\",\"potentialAction\":[{\"@type\":\"ReadAction\",\"target\":[\"https:\/\/peoplesphere.be\/fr\/emploi-wallon-30-doffres-demploi-de-plus-quen-septembre-2020\/\"]}]},{\"@type\":\"BreadcrumbList\",\"@id\":\"https:\/\/peoplesphere.be\/fr\/emploi-wallon-30-doffres-demploi-de-plus-quen-septembre-2020\/#breadcrumb\",\"itemListElement\":[{\"@type\":\"ListItem\",\"position\":1,\"name\":\"Accueil\",\"item\":\"https:\/\/peoplesphere.be\/fr\/\"},{\"@type\":\"ListItem\",\"position\":2,\"name\":\"Emploi wallon: 30 % d\u2019offres d\u2019emploi de plus qu\u2019en septembre 2020.\"}]},{\"@type\":\"WebSite\",\"@id\":\"https:\/\/peoplesphere.be\/fr\/#website\",\"url\":\"https:\/\/peoplesphere.be\/fr\/\",\"name\":\"Peoplesphere\",\"description\":\"The People Managers Magazine\",\"publisher\":{\"@id\":\"https:\/\/peoplesphere.be\/fr\/#organization\"},\"potentialAction\":[{\"@type\":\"SearchAction\",\"target\":{\"@type\":\"EntryPoint\",\"urlTemplate\":\"https:\/\/peoplesphere.be\/fr\/?s={search_term_string}\"},\"query-input\":\"required name=search_term_string\"}],\"inLanguage\":\"fr-FR\"},{\"@type\":\"Organization\",\"@id\":\"https:\/\/peoplesphere.be\/fr\/#organization\",\"name\":\"Peoplesphere Company srl\",\"url\":\"https:\/\/peoplesphere.be\/fr\/\",\"logo\":{\"@type\":\"ImageObject\",\"inLanguage\":\"fr-FR\",\"@id\":\"https:\/\/peoplesphere.be\/fr\/#\/schema\/logo\/image\/\",\"url\":\"https:\/\/peoplesphere.be\/fr\/wp-content\/uploads\/2023\/07\/peoplesphere-lgo-new-generik.jpg\",\"contentUrl\":\"https:\/\/peoplesphere.be\/fr\/wp-content\/uploads\/2023\/07\/peoplesphere-lgo-new-generik.jpg\",\"width\":1031,\"height\":1479,\"caption\":\"Peoplesphere Company srl\"},\"image\":{\"@id\":\"https:\/\/peoplesphere.be\/fr\/#\/schema\/logo\/image\/\"},\"sameAs\":[\"https:\/\/www.facebook.com\/peoplesphere\",\"https:\/\/twitter.com\/PeoplesphereMag\",\"https:\/\/www.linkedin.com\/company\/7587361?trk\",\"http:\/\/youtube.com\/peoplesphere\"]},{\"@type\":\"Person\",\"@id\":\"https:\/\/peoplesphere.be\/fr\/#\/schema\/person\/7976225ff17988604334abb7b3536a7e\",\"name\":\"Jean-Paul Erhard\",\"image\":{\"@type\":\"ImageObject\",\"inLanguage\":\"fr-FR\",\"@id\":\"https:\/\/peoplesphere.be\/fr\/#\/schema\/person\/image\/\",\"url\":\"https:\/\/secure.gravatar.com\/avatar\/f941e681460179738071629a51574930?s=96&d=mm&r=g\",\"contentUrl\":\"https:\/\/secure.gravatar.com\/avatar\/f941e681460179738071629a51574930?s=96&d=mm&r=g\",\"caption\":\"Jean-Paul Erhard\"},\"url\":\"https:\/\/peoplesphere.be\/fr\/author\/jpe\/\"}]}<\/script>\n<!-- \/ Yoast SEO plugin. -->","yoast_head_json":{"title":"Emploi wallon: 30 % d\u2019offres d\u2019emploi de plus qu\u2019en septembre 2020. - Peoplesphere","robots":{"index":"index","follow":"follow","max-snippet":"max-snippet:-1","max-image-preview":"max-image-preview:large","max-video-preview":"max-video-preview:-1"},"canonical":"https:\/\/peoplesphere.be\/fr\/emploi-wallon-30-doffres-demploi-de-plus-quen-septembre-2020\/","og_locale":"fr_FR","og_type":"article","og_title":"Emploi wallon: 30 % d\u2019offres d\u2019emploi de plus qu\u2019en septembre 2020. - Peoplesphere","og_description":"En septembre, la demande d\u2019emploi recule \u00e0 nouveau (- 5,4 % par rapport \u00e0 l\u2019ann\u00e9e pass\u00e9e) et se situe m\u00eame sous son niveau de septembre 2019, soit avant le d\u00e9but de la crise sanitaire. Les cat\u00e9gories qui voient le plus [&hellip;]","og_url":"https:\/\/peoplesphere.be\/fr\/emploi-wallon-30-doffres-demploi-de-plus-quen-septembre-2020\/","og_site_name":"Peoplesphere","article_publisher":"https:\/\/www.facebook.com\/peoplesphere","article_published_time":"2021-10-04T10:30:50+00:00","og_image":[{"url":"http:\/\/www.peoplesphere.be\/fr\/wp-content\/uploads\/2016\/07\/facebook-default-posting-1200x628px.jpg"}],"author":"Jean-Paul Erhard","twitter_card":"summary_large_image","twitter_creator":"@PeoplesphereMag","twitter_site":"@PeoplesphereMag","twitter_misc":{"\u00c9crit par":"Jean-Paul Erhard","Dur\u00e9e de lecture estim\u00e9e":"4 minutes"},"schema":{"@context":"https:\/\/schema.org","@graph":[{"@type":"Article","@id":"https:\/\/peoplesphere.be\/fr\/emploi-wallon-30-doffres-demploi-de-plus-quen-septembre-2020\/#article","isPartOf":{"@id":"https:\/\/peoplesphere.be\/fr\/emploi-wallon-30-doffres-demploi-de-plus-quen-septembre-2020\/"},"author":{"name":"Jean-Paul Erhard","@id":"https:\/\/peoplesphere.be\/fr\/#\/schema\/person\/7976225ff17988604334abb7b3536a7e"},"headline":"Emploi wallon: 30 % d\u2019offres d\u2019emploi de plus qu\u2019en septembre 2020.","datePublished":"2021-10-04T10:30:50+00:00","dateModified":"2021-10-04T10:30:50+00:00","mainEntityOfPage":{"@id":"https:\/\/peoplesphere.be\/fr\/emploi-wallon-30-doffres-demploi-de-plus-quen-septembre-2020\/"},"wordCount":821,"publisher":{"@id":"https:\/\/peoplesphere.be\/fr\/#organization"},"keywords":["demandeurs d'emploi","forem","offres d'emploi","recrutement","taux de ch\u00f4mage"],"articleSection":["Actualit\u00e9s","Digital"],"inLanguage":"fr-FR"},{"@type":"WebPage","@id":"https:\/\/peoplesphere.be\/fr\/emploi-wallon-30-doffres-demploi-de-plus-quen-septembre-2020\/","url":"https:\/\/peoplesphere.be\/fr\/emploi-wallon-30-doffres-demploi-de-plus-quen-septembre-2020\/","name":"Emploi wallon: 30 % d\u2019offres d\u2019emploi de plus qu\u2019en septembre 2020. - Peoplesphere","isPartOf":{"@id":"https:\/\/peoplesphere.be\/fr\/#website"},"datePublished":"2021-10-04T10:30:50+00:00","dateModified":"2021-10-04T10:30:50+00:00","breadcrumb":{"@id":"https:\/\/peoplesphere.be\/fr\/emploi-wallon-30-doffres-demploi-de-plus-quen-septembre-2020\/#breadcrumb"},"inLanguage":"fr-FR","potentialAction":[{"@type":"ReadAction","target":["https:\/\/peoplesphere.be\/fr\/emploi-wallon-30-doffres-demploi-de-plus-quen-septembre-2020\/"]}]},{"@type":"BreadcrumbList","@id":"https:\/\/peoplesphere.be\/fr\/emploi-wallon-30-doffres-demploi-de-plus-quen-septembre-2020\/#breadcrumb","itemListElement":[{"@type":"ListItem","position":1,"name":"Accueil","item":"https:\/\/peoplesphere.be\/fr\/"},{"@type":"ListItem","position":2,"name":"Emploi wallon: 30 % d\u2019offres d\u2019emploi de plus qu\u2019en septembre 2020."}]},{"@type":"WebSite","@id":"https:\/\/peoplesphere.be\/fr\/#website","url":"https:\/\/peoplesphere.be\/fr\/","name":"Peoplesphere","description":"The People Managers Magazine","publisher":{"@id":"https:\/\/peoplesphere.be\/fr\/#organization"},"potentialAction":[{"@type":"SearchAction","target":{"@type":"EntryPoint","urlTemplate":"https:\/\/peoplesphere.be\/fr\/?s={search_term_string}"},"query-input":"required name=search_term_string"}],"inLanguage":"fr-FR"},{"@type":"Organization","@id":"https:\/\/peoplesphere.be\/fr\/#organization","name":"Peoplesphere Company srl","url":"https:\/\/peoplesphere.be\/fr\/","logo":{"@type":"ImageObject","inLanguage":"fr-FR","@id":"https:\/\/peoplesphere.be\/fr\/#\/schema\/logo\/image\/","url":"https:\/\/peoplesphere.be\/fr\/wp-content\/uploads\/2023\/07\/peoplesphere-lgo-new-generik.jpg","contentUrl":"https:\/\/peoplesphere.be\/fr\/wp-content\/uploads\/2023\/07\/peoplesphere-lgo-new-generik.jpg","width":1031,"height":1479,"caption":"Peoplesphere Company srl"},"image":{"@id":"https:\/\/peoplesphere.be\/fr\/#\/schema\/logo\/image\/"},"sameAs":["https:\/\/www.facebook.com\/peoplesphere","https:\/\/twitter.com\/PeoplesphereMag","https:\/\/www.linkedin.com\/company\/7587361?trk","http:\/\/youtube.com\/peoplesphere"]},{"@type":"Person","@id":"https:\/\/peoplesphere.be\/fr\/#\/schema\/person\/7976225ff17988604334abb7b3536a7e","name":"Jean-Paul Erhard","image":{"@type":"ImageObject","inLanguage":"fr-FR","@id":"https:\/\/peoplesphere.be\/fr\/#\/schema\/person\/image\/","url":"https:\/\/secure.gravatar.com\/avatar\/f941e681460179738071629a51574930?s=96&d=mm&r=g","contentUrl":"https:\/\/secure.gravatar.com\/avatar\/f941e681460179738071629a51574930?s=96&d=mm&r=g","caption":"Jean-Paul Erhard"},"url":"https:\/\/peoplesphere.be\/fr\/author\/jpe\/"}]}},"_links":{"self":[{"href":"https:\/\/peoplesphere.be\/fr\/wp-json\/wp\/v2\/posts\/11920"}],"collection":[{"href":"https:\/\/peoplesphere.be\/fr\/wp-json\/wp\/v2\/posts"}],"about":[{"href":"https:\/\/peoplesphere.be\/fr\/wp-json\/wp\/v2\/types\/post"}],"author":[{"embeddable":true,"href":"https:\/\/peoplesphere.be\/fr\/wp-json\/wp\/v2\/users\/2"}],"replies":[{"embeddable":true,"href":"https:\/\/peoplesphere.be\/fr\/wp-json\/wp\/v2\/comments?post=11920"}],"version-history":[{"count":1,"href":"https:\/\/peoplesphere.be\/fr\/wp-json\/wp\/v2\/posts\/11920\/revisions"}],"predecessor-version":[{"id":11921,"href":"https:\/\/peoplesphere.be\/fr\/wp-json\/wp\/v2\/posts\/11920\/revisions\/11921"}],"wp:attachment":[{"href":"https:\/\/peoplesphere.be\/fr\/wp-json\/wp\/v2\/media?parent=11920"}],"wp:term":[{"taxonomy":"category","embeddable":true,"href":"https:\/\/peoplesphere.be\/fr\/wp-json\/wp\/v2\/categories?post=11920"},{"taxonomy":"post_tag","embeddable":true,"href":"https:\/\/peoplesphere.be\/fr\/wp-json\/wp\/v2\/tags?post=11920"}],"curies":[{"name":"wp","href":"https:\/\/api.w.org\/{rel}","templated":true}]}}