









{"id":11970,"date":"2021-10-17T13:55:28","date_gmt":"2021-10-17T11:55:28","guid":{"rendered":"https:\/\/peoplesphere.be\/fr\/?p=11970"},"modified":"2021-10-17T13:55:28","modified_gmt":"2021-10-17T11:55:28","slug":"paix-sociale-nest-plus-garantie-secteur-de-chimie","status":"publish","type":"post","link":"https:\/\/peoplesphere.be\/fr\/paix-sociale-nest-plus-garantie-secteur-de-chimie\/","title":{"rendered":"La paix sociale n&rsquo;est plus garantie dans le secteur de la chimie."},"content":{"rendered":"<p>Tous les deux ans, les interlocuteurs sociaux de la chimie entament les n\u00e9gociations afin d\u2019aboutir \u00e0 un accord. Celui-ci concerne quelques 130.000 travailleurs actifs dans la chimie de base, la plasturgie, le caoutchouc et l\u2019industrie pharmaceutique. Ce 15 octobre, alors que les n\u00e9gociations sectorielles \u00e9taient en cours, la f\u00e9d\u00e9ration patronale de la chimie essenscia a mis fin aux \u00e9changes entre interlocuteurs sociaux, sans raison valable selon les organisations syndicales. La valorisation et le respect des travailleurs n\u2019apparaissent pas importants aux yeux des repr\u00e9sentants patronaux. Le front commun syndical exige le respect.<!--more--><\/p>\n<p>Le front commun pointe les cons\u00e9quences de cette rupture: <em>\u00ab\u00a0La paix sociale n\u2019est plus garantie dans le secteur. Des actions verront le jour dans les entreprises chimiques du pays. Ces mouvements impacteront les productions et le fonctionnement des soci\u00e9t\u00e9s du secteur. Au niveau national, les militants se rassembleront aussi ce 19 octobre au centre de Bruxelles afin d\u2019organiser un solide comit\u00e9 d\u2019accueil en marge d\u2019un \u00e9v\u00e9nement de la f\u00e9d\u00e9ration patronale. La f\u00e9d\u00e9ration patronale de la chimie essenscia organise annuellement un \u00e9v\u00e9nement dans le centre de Bruxelles. L\u2019occasion pour elle de r\u00e9unir et de choyer ses membres. L\u2019occasion aussi d\u2019aborder une question d\u2019actualit\u00e9 pour le secteur. Cette ann\u00e9e, la question porte sur les d\u00e9fis du secteur. Pour les repr\u00e9sentants syndicaux, la r\u00e9ponse est simple: du respect pour les travailleurs !<\/em>\u00a0\u00bb<\/p>\n<p><strong><em>Pourquoi la paix sociale n\u2019est-elle plus garantie dans le secteur ?<\/em><\/strong><\/p>\n<p><em>\u00ab\u00a0Autant d\u2019activit\u00e9s jug\u00e9es essentielles et donc de travailleurs actifs durant les p\u00e9riodes de confinement. L\u2019heure est venue de les valoriser. Toutefois, les intentions de la f\u00e9d\u00e9ration patronale \u00e9taient tout autre : freiner et retarder les augmentations de salaires, museler les n\u00e9gociations dans les entreprises, conditionner l\u2019acc\u00e8s aux fins de carri\u00e8res (RCC et cr\u00e9dit-temps),\u2026 Les \u00e9changes n\u2019ont pas \u00e9t\u00e9 faciles, mais ils permettaient d\u2019entrevoir l\u2019\u00e9bauche d\u2019un projet d\u2019accord sectoriel. Tout a capot\u00e9 lorsque nous avons r\u00e9p\u00e9t\u00e9 le besoin de valoriser et de respecter tous les travailleurs. Pas possible pour la f\u00e9d\u00e9ration patronale ! Ils ont carr\u00e9ment quitt\u00e9 la table des n\u00e9gociations.\u00a0\u00bb<\/em><\/p>\n<p>La riposte syndicale n\u2019a pas tard\u00e9. Un pr\u00e9avis de gr\u00e8ve couvre toute action dans les entreprises et au niveau national. Les militants syndicaux se rassembleront aussi aux portes de l\u2019\u00e9v\u00e9nement patronal du 19 octobre prochain. \u00ab\u00a0<em>Nous n\u2019acceptons pas qu\u2019un secteur rentable et actif durant les p\u00e9riodes de confinement ne valorisent pas son personnel. Ce sont les travailleurs qui sont essentiels et non le secteur!\u00a0\u00bb<\/em><\/p>\n<p><em>Source: FGTB &#8211; CSC &#8211; CNE &#8211; CGSLB<\/em><\/p>\n","protected":false},"excerpt":{"rendered":"<p>Tous les deux ans, les interlocuteurs sociaux de la chimie entament les n\u00e9gociations afin d\u2019aboutir \u00e0 un accord. Celui-ci concerne quelques 130.000 travailleurs actifs dans la chimie de base, la plasturgie, le caoutchouc et l\u2019industrie pharmaceutique. Ce 15 octobre, alors [&hellip;]<\/p>\n","protected":false},"author":2,"featured_media":0,"comment_status":"closed","ping_status":"open","sticky":false,"template":"","format":"standard","meta":[],"categories":[65,10],"tags":[332,288,1887,173,3492],"yoast_head":"<!-- This site is optimized with the Yoast SEO plugin v21.0 - https:\/\/yoast.com\/wordpress\/plugins\/seo\/ -->\n<title>La paix sociale n&#039;est plus garantie dans le secteur de la chimie. - Peoplesphere<\/title>\n<meta name=\"robots\" content=\"index, follow, max-snippet:-1, max-image-preview:large, max-video-preview:-1\" \/>\n<link rel=\"canonical\" href=\"https:\/\/peoplesphere.be\/fr\/paix-sociale-nest-plus-garantie-secteur-de-chimie\/\" \/>\n<meta property=\"og:locale\" content=\"fr_FR\" \/>\n<meta property=\"og:type\" content=\"article\" \/>\n<meta property=\"og:title\" content=\"La paix sociale n&#039;est plus garantie dans le secteur de la chimie. - Peoplesphere\" \/>\n<meta property=\"og:description\" content=\"Tous les deux ans, les interlocuteurs sociaux de la chimie entament les n\u00e9gociations afin d\u2019aboutir \u00e0 un accord. Celui-ci concerne quelques 130.000 travailleurs actifs dans la chimie de base, la plasturgie, le caoutchouc et l\u2019industrie pharmaceutique. Ce 15 octobre, alors [&hellip;]\" \/>\n<meta property=\"og:url\" content=\"https:\/\/peoplesphere.be\/fr\/paix-sociale-nest-plus-garantie-secteur-de-chimie\/\" \/>\n<meta property=\"og:site_name\" content=\"Peoplesphere\" \/>\n<meta property=\"article:publisher\" content=\"https:\/\/www.facebook.com\/peoplesphere\" \/>\n<meta property=\"article:published_time\" content=\"2021-10-17T11:55:28+00:00\" \/>\n<meta property=\"og:image\" content=\"http:\/\/www.peoplesphere.be\/fr\/wp-content\/uploads\/2016\/07\/facebook-default-posting-1200x628px.jpg\" \/>\n<meta name=\"author\" content=\"Jean-Paul Erhard\" \/>\n<meta name=\"twitter:card\" content=\"summary_large_image\" \/>\n<meta name=\"twitter:creator\" content=\"@PeoplesphereMag\" \/>\n<meta name=\"twitter:site\" content=\"@PeoplesphereMag\" \/>\n<meta name=\"twitter:label1\" content=\"\u00c9crit par\" \/>\n\t<meta name=\"twitter:data1\" content=\"Jean-Paul Erhard\" \/>\n\t<meta name=\"twitter:label2\" content=\"Dur\u00e9e de lecture estim\u00e9e\" \/>\n\t<meta name=\"twitter:data2\" content=\"2 minutes\" \/>\n<script type=\"application\/ld+json\" class=\"yoast-schema-graph\">{\"@context\":\"https:\/\/schema.org\",\"@graph\":[{\"@type\":\"Article\",\"@id\":\"https:\/\/peoplesphere.be\/fr\/paix-sociale-nest-plus-garantie-secteur-de-chimie\/#article\",\"isPartOf\":{\"@id\":\"https:\/\/peoplesphere.be\/fr\/paix-sociale-nest-plus-garantie-secteur-de-chimie\/\"},\"author\":{\"name\":\"Jean-Paul Erhard\",\"@id\":\"https:\/\/peoplesphere.be\/fr\/#\/schema\/person\/7976225ff17988604334abb7b3536a7e\"},\"headline\":\"La paix sociale n&rsquo;est plus garantie dans le secteur de la chimie.\",\"datePublished\":\"2021-10-17T11:55:28+00:00\",\"dateModified\":\"2021-10-17T11:55:28+00:00\",\"mainEntityOfPage\":{\"@id\":\"https:\/\/peoplesphere.be\/fr\/paix-sociale-nest-plus-garantie-secteur-de-chimie\/\"},\"wordCount\":468,\"publisher\":{\"@id\":\"https:\/\/peoplesphere.be\/fr\/#organization\"},\"keywords\":[\"concertation sociale\",\"essenscia\",\"front commun syndical\",\"paix sociale\",\"secteur chimique\"],\"articleSection\":[\"Actualit\u00e9s\",\"Digital\"],\"inLanguage\":\"fr-FR\"},{\"@type\":\"WebPage\",\"@id\":\"https:\/\/peoplesphere.be\/fr\/paix-sociale-nest-plus-garantie-secteur-de-chimie\/\",\"url\":\"https:\/\/peoplesphere.be\/fr\/paix-sociale-nest-plus-garantie-secteur-de-chimie\/\",\"name\":\"La paix sociale n'est plus garantie dans le secteur de la chimie. - Peoplesphere\",\"isPartOf\":{\"@id\":\"https:\/\/peoplesphere.be\/fr\/#website\"},\"datePublished\":\"2021-10-17T11:55:28+00:00\",\"dateModified\":\"2021-10-17T11:55:28+00:00\",\"breadcrumb\":{\"@id\":\"https:\/\/peoplesphere.be\/fr\/paix-sociale-nest-plus-garantie-secteur-de-chimie\/#breadcrumb\"},\"inLanguage\":\"fr-FR\",\"potentialAction\":[{\"@type\":\"ReadAction\",\"target\":[\"https:\/\/peoplesphere.be\/fr\/paix-sociale-nest-plus-garantie-secteur-de-chimie\/\"]}]},{\"@type\":\"BreadcrumbList\",\"@id\":\"https:\/\/peoplesphere.be\/fr\/paix-sociale-nest-plus-garantie-secteur-de-chimie\/#breadcrumb\",\"itemListElement\":[{\"@type\":\"ListItem\",\"position\":1,\"name\":\"Accueil\",\"item\":\"https:\/\/peoplesphere.be\/fr\/\"},{\"@type\":\"ListItem\",\"position\":2,\"name\":\"La paix sociale n&rsquo;est plus garantie dans le secteur de la chimie.\"}]},{\"@type\":\"WebSite\",\"@id\":\"https:\/\/peoplesphere.be\/fr\/#website\",\"url\":\"https:\/\/peoplesphere.be\/fr\/\",\"name\":\"Peoplesphere\",\"description\":\"The People Managers Magazine\",\"publisher\":{\"@id\":\"https:\/\/peoplesphere.be\/fr\/#organization\"},\"potentialAction\":[{\"@type\":\"SearchAction\",\"target\":{\"@type\":\"EntryPoint\",\"urlTemplate\":\"https:\/\/peoplesphere.be\/fr\/?s={search_term_string}\"},\"query-input\":\"required name=search_term_string\"}],\"inLanguage\":\"fr-FR\"},{\"@type\":\"Organization\",\"@id\":\"https:\/\/peoplesphere.be\/fr\/#organization\",\"name\":\"Peoplesphere Company srl\",\"url\":\"https:\/\/peoplesphere.be\/fr\/\",\"logo\":{\"@type\":\"ImageObject\",\"inLanguage\":\"fr-FR\",\"@id\":\"https:\/\/peoplesphere.be\/fr\/#\/schema\/logo\/image\/\",\"url\":\"https:\/\/peoplesphere.be\/fr\/wp-content\/uploads\/2023\/07\/peoplesphere-lgo-new-generik.jpg\",\"contentUrl\":\"https:\/\/peoplesphere.be\/fr\/wp-content\/uploads\/2023\/07\/peoplesphere-lgo-new-generik.jpg\",\"width\":1031,\"height\":1479,\"caption\":\"Peoplesphere Company srl\"},\"image\":{\"@id\":\"https:\/\/peoplesphere.be\/fr\/#\/schema\/logo\/image\/\"},\"sameAs\":[\"https:\/\/www.facebook.com\/peoplesphere\",\"https:\/\/twitter.com\/PeoplesphereMag\",\"https:\/\/www.linkedin.com\/company\/7587361?trk\",\"http:\/\/youtube.com\/peoplesphere\"]},{\"@type\":\"Person\",\"@id\":\"https:\/\/peoplesphere.be\/fr\/#\/schema\/person\/7976225ff17988604334abb7b3536a7e\",\"name\":\"Jean-Paul Erhard\",\"image\":{\"@type\":\"ImageObject\",\"inLanguage\":\"fr-FR\",\"@id\":\"https:\/\/peoplesphere.be\/fr\/#\/schema\/person\/image\/\",\"url\":\"https:\/\/secure.gravatar.com\/avatar\/f941e681460179738071629a51574930?s=96&d=mm&r=g\",\"contentUrl\":\"https:\/\/secure.gravatar.com\/avatar\/f941e681460179738071629a51574930?s=96&d=mm&r=g\",\"caption\":\"Jean-Paul Erhard\"},\"url\":\"https:\/\/peoplesphere.be\/fr\/author\/jpe\/\"}]}<\/script>\n<!-- \/ Yoast SEO plugin. -->","yoast_head_json":{"title":"La paix sociale n'est plus garantie dans le secteur de la chimie. - Peoplesphere","robots":{"index":"index","follow":"follow","max-snippet":"max-snippet:-1","max-image-preview":"max-image-preview:large","max-video-preview":"max-video-preview:-1"},"canonical":"https:\/\/peoplesphere.be\/fr\/paix-sociale-nest-plus-garantie-secteur-de-chimie\/","og_locale":"fr_FR","og_type":"article","og_title":"La paix sociale n'est plus garantie dans le secteur de la chimie. - Peoplesphere","og_description":"Tous les deux ans, les interlocuteurs sociaux de la chimie entament les n\u00e9gociations afin d\u2019aboutir \u00e0 un accord. Celui-ci concerne quelques 130.000 travailleurs actifs dans la chimie de base, la plasturgie, le caoutchouc et l\u2019industrie pharmaceutique. Ce 15 octobre, alors [&hellip;]","og_url":"https:\/\/peoplesphere.be\/fr\/paix-sociale-nest-plus-garantie-secteur-de-chimie\/","og_site_name":"Peoplesphere","article_publisher":"https:\/\/www.facebook.com\/peoplesphere","article_published_time":"2021-10-17T11:55:28+00:00","og_image":[{"url":"http:\/\/www.peoplesphere.be\/fr\/wp-content\/uploads\/2016\/07\/facebook-default-posting-1200x628px.jpg"}],"author":"Jean-Paul Erhard","twitter_card":"summary_large_image","twitter_creator":"@PeoplesphereMag","twitter_site":"@PeoplesphereMag","twitter_misc":{"\u00c9crit par":"Jean-Paul Erhard","Dur\u00e9e de lecture estim\u00e9e":"2 minutes"},"schema":{"@context":"https:\/\/schema.org","@graph":[{"@type":"Article","@id":"https:\/\/peoplesphere.be\/fr\/paix-sociale-nest-plus-garantie-secteur-de-chimie\/#article","isPartOf":{"@id":"https:\/\/peoplesphere.be\/fr\/paix-sociale-nest-plus-garantie-secteur-de-chimie\/"},"author":{"name":"Jean-Paul Erhard","@id":"https:\/\/peoplesphere.be\/fr\/#\/schema\/person\/7976225ff17988604334abb7b3536a7e"},"headline":"La paix sociale n&rsquo;est plus garantie dans le secteur de la chimie.","datePublished":"2021-10-17T11:55:28+00:00","dateModified":"2021-10-17T11:55:28+00:00","mainEntityOfPage":{"@id":"https:\/\/peoplesphere.be\/fr\/paix-sociale-nest-plus-garantie-secteur-de-chimie\/"},"wordCount":468,"publisher":{"@id":"https:\/\/peoplesphere.be\/fr\/#organization"},"keywords":["concertation sociale","essenscia","front commun syndical","paix sociale","secteur chimique"],"articleSection":["Actualit\u00e9s","Digital"],"inLanguage":"fr-FR"},{"@type":"WebPage","@id":"https:\/\/peoplesphere.be\/fr\/paix-sociale-nest-plus-garantie-secteur-de-chimie\/","url":"https:\/\/peoplesphere.be\/fr\/paix-sociale-nest-plus-garantie-secteur-de-chimie\/","name":"La paix sociale n'est plus garantie dans le secteur de la chimie. - Peoplesphere","isPartOf":{"@id":"https:\/\/peoplesphere.be\/fr\/#website"},"datePublished":"2021-10-17T11:55:28+00:00","dateModified":"2021-10-17T11:55:28+00:00","breadcrumb":{"@id":"https:\/\/peoplesphere.be\/fr\/paix-sociale-nest-plus-garantie-secteur-de-chimie\/#breadcrumb"},"inLanguage":"fr-FR","potentialAction":[{"@type":"ReadAction","target":["https:\/\/peoplesphere.be\/fr\/paix-sociale-nest-plus-garantie-secteur-de-chimie\/"]}]},{"@type":"BreadcrumbList","@id":"https:\/\/peoplesphere.be\/fr\/paix-sociale-nest-plus-garantie-secteur-de-chimie\/#breadcrumb","itemListElement":[{"@type":"ListItem","position":1,"name":"Accueil","item":"https:\/\/peoplesphere.be\/fr\/"},{"@type":"ListItem","position":2,"name":"La paix sociale n&rsquo;est plus garantie dans le secteur de la chimie."}]},{"@type":"WebSite","@id":"https:\/\/peoplesphere.be\/fr\/#website","url":"https:\/\/peoplesphere.be\/fr\/","name":"Peoplesphere","description":"The People Managers Magazine","publisher":{"@id":"https:\/\/peoplesphere.be\/fr\/#organization"},"potentialAction":[{"@type":"SearchAction","target":{"@type":"EntryPoint","urlTemplate":"https:\/\/peoplesphere.be\/fr\/?s={search_term_string}"},"query-input":"required name=search_term_string"}],"inLanguage":"fr-FR"},{"@type":"Organization","@id":"https:\/\/peoplesphere.be\/fr\/#organization","name":"Peoplesphere Company srl","url":"https:\/\/peoplesphere.be\/fr\/","logo":{"@type":"ImageObject","inLanguage":"fr-FR","@id":"https:\/\/peoplesphere.be\/fr\/#\/schema\/logo\/image\/","url":"https:\/\/peoplesphere.be\/fr\/wp-content\/uploads\/2023\/07\/peoplesphere-lgo-new-generik.jpg","contentUrl":"https:\/\/peoplesphere.be\/fr\/wp-content\/uploads\/2023\/07\/peoplesphere-lgo-new-generik.jpg","width":1031,"height":1479,"caption":"Peoplesphere Company srl"},"image":{"@id":"https:\/\/peoplesphere.be\/fr\/#\/schema\/logo\/image\/"},"sameAs":["https:\/\/www.facebook.com\/peoplesphere","https:\/\/twitter.com\/PeoplesphereMag","https:\/\/www.linkedin.com\/company\/7587361?trk","http:\/\/youtube.com\/peoplesphere"]},{"@type":"Person","@id":"https:\/\/peoplesphere.be\/fr\/#\/schema\/person\/7976225ff17988604334abb7b3536a7e","name":"Jean-Paul Erhard","image":{"@type":"ImageObject","inLanguage":"fr-FR","@id":"https:\/\/peoplesphere.be\/fr\/#\/schema\/person\/image\/","url":"https:\/\/secure.gravatar.com\/avatar\/f941e681460179738071629a51574930?s=96&d=mm&r=g","contentUrl":"https:\/\/secure.gravatar.com\/avatar\/f941e681460179738071629a51574930?s=96&d=mm&r=g","caption":"Jean-Paul Erhard"},"url":"https:\/\/peoplesphere.be\/fr\/author\/jpe\/"}]}},"_links":{"self":[{"href":"https:\/\/peoplesphere.be\/fr\/wp-json\/wp\/v2\/posts\/11970"}],"collection":[{"href":"https:\/\/peoplesphere.be\/fr\/wp-json\/wp\/v2\/posts"}],"about":[{"href":"https:\/\/peoplesphere.be\/fr\/wp-json\/wp\/v2\/types\/post"}],"author":[{"embeddable":true,"href":"https:\/\/peoplesphere.be\/fr\/wp-json\/wp\/v2\/users\/2"}],"replies":[{"embeddable":true,"href":"https:\/\/peoplesphere.be\/fr\/wp-json\/wp\/v2\/comments?post=11970"}],"version-history":[{"count":1,"href":"https:\/\/peoplesphere.be\/fr\/wp-json\/wp\/v2\/posts\/11970\/revisions"}],"predecessor-version":[{"id":11971,"href":"https:\/\/peoplesphere.be\/fr\/wp-json\/wp\/v2\/posts\/11970\/revisions\/11971"}],"wp:attachment":[{"href":"https:\/\/peoplesphere.be\/fr\/wp-json\/wp\/v2\/media?parent=11970"}],"wp:term":[{"taxonomy":"category","embeddable":true,"href":"https:\/\/peoplesphere.be\/fr\/wp-json\/wp\/v2\/categories?post=11970"},{"taxonomy":"post_tag","embeddable":true,"href":"https:\/\/peoplesphere.be\/fr\/wp-json\/wp\/v2\/tags?post=11970"}],"curies":[{"name":"wp","href":"https:\/\/api.w.org\/{rel}","templated":true}]}}