









{"id":11977,"date":"2021-10-18T16:04:18","date_gmt":"2021-10-18T14:04:18","guid":{"rendered":"https:\/\/peoplesphere.be\/fr\/?p=11977"},"modified":"2021-10-18T16:04:18","modified_gmt":"2021-10-18T14:04:18","slug":"indicateurs-mensuels-marche-travail-lembellie-se-poursuit-taux-de-chomage-nette-diminution","status":"publish","type":"post","link":"https:\/\/peoplesphere.be\/fr\/indicateurs-mensuels-marche-travail-lembellie-se-poursuit-taux-de-chomage-nette-diminution\/","title":{"rendered":"Indicateurs mensuels du march\u00e9 du travail: l&#8217;embellie se poursuit avec un taux de ch\u00f4mage en nette diminution."},"content":{"rendered":"<p>Les r\u00e9sultats provisoires des indicateurs mensuels sur la base de l\u2019Enqu\u00eate sur les forces de travail de Statbel, l&rsquo;office belge de statistique, montrent des \u00e9volutions positives sur le march\u00e9 du travail. Le taux d\u2019emploi des 20-64 ans est estim\u00e9 \u00e0 70,9% et le taux de ch\u00f4mage se situe \u00e0 nouveau \u00e0 un niveau bas de 6,0%.<!--more--><\/p>\n<p>D\u00e9but 2021, le nouveau r\u00e8glement-cadre europ\u00e9en est entr\u00e9 en vigueur. Il a entra\u00een\u00e9 des modifications \u00e0 l\u2019enqu\u00eate. Le taux d\u2019emploi de 2021 ne peut d\u00e8s lors pas \u00eatre simplement compar\u00e9 avec les chiffres ant\u00e9rieurs \u00e0 2021. Une des principales modifications: \u00e0 partir de cette ann\u00e9e, les personnes en ch\u00f4mage temporaire pour une dur\u00e9e de plus de trois mois ne peuvent plus \u00eatre comptabilis\u00e9es parmi les personnes occup\u00e9es mais parmi les ch\u00f4meurs ou les inactifs, selon les r\u00e9ponses donn\u00e9es aux questions relatives \u00e0 la recherche d\u2019un travail ou \u00e0 la disponibilit\u00e9. Afin d&rsquo;illustrer l&rsquo;impact de ce changement sur le traitement des ch\u00f4meurs temporaires de longue dur\u00e9e, nous calculons, en plus du taux d&#8217;emploi officiel, un taux d&#8217;emploi alternatif dans lequel les ch\u00f4meurs temporaires de longue dur\u00e9e sont class\u00e9s, comme auparavant, parmi les personnes occup\u00e9es. Depuis mai 2021, le nombre de ch\u00f4meurs temporaires de longue dur\u00e9e diminue fortement, ce qui r\u00e9duit l\u2019\u00e9cart entre le taux d\u2019emploi officiel et le taux d\u2019emploi alternatif. Pour le mois d&rsquo;ao\u00fbt, o\u00f9 il n&rsquo;y a pratiquement pas de ch\u00f4mage temporaire de longue dur\u00e9e, le taux d&#8217;emploi alternatif de 71% n&rsquo;est sup\u00e9rieur que de 0,1 point de pourcentage au taux officiel.<\/p>\n<p><strong><em>Le taux de ch\u00f4mage baisse \u00e0 6%<\/em><\/strong><\/p>\n<p>Sur la base de ces chiffres provisoires, la hausse du taux de ch\u00f4mage au mois de juillet ne s\u2019est pas accrue au mois d\u2019ao\u00fbt. En ao\u00fbt, l\u2019estimation revient au niveau du mois de juin avec un taux de ch\u00f4mage de 6,0%. Il faut noter que les \u00e9chantillons sur lesquels sont bas\u00e9s les chiffres mensuels sont beaucoup plus petits que ceux des chiffres trimestriels et peuvent donc \u00eatre soumis \u00e0 des fluctuations d&rsquo;\u00e9chantillon plus importantes.<\/p>\n<p>Tout comme pour le taux d\u2019emploi, la modification du traitement des ch\u00f4meurs temporaires \u00e0 compter de 2021 n\u2019a plus qu\u2019un tr\u00e8s faible impact sur le calcul du taux de ch\u00f4mage. Ici aussi, on observe un \u00e9cart de seulement 0,1 point de pourcentage entre le taux de ch\u00f4mage officiel et le taux alternatif. C\u2019est la cons\u00e9quence logique du net recul du nombre de ch\u00f4meurs temporaires de longue dur\u00e9e.<\/p>\n<p><strong><em>La baisse de la part des travailleurs \u00e0 domicile en juillet ne se poursuit pas en ao\u00fbt<\/em><\/strong><\/p>\n<p>En juillet, nous avons constat\u00e9 pour la premi\u00e8re fois un impact clair de l&rsquo;assouplissement par le gouvernement de la r\u00e9cente obligation de t\u00e9l\u00e9travail. Les chiffres pour le mois d\u2019ao\u00fbt 2021 continuent de se stabiliser au m\u00eame niveau que le mois pr\u00e9c\u00e9dent. Le pourcentage de la population active qui travaille parfois ou habituellement \u00e0 domicile est estim\u00e9 \u00e0 37,6% en ao\u00fbt. Si l&rsquo;on ne consid\u00e8re que les salari\u00e9s, ce chiffre est de 33,6%.<\/p>\n<p><strong><em>Effet des p\u00e9riodes de vacances sur la dur\u00e9e de travail<\/em><\/strong><\/p>\n<p>Comme en juillet, les p\u00e9riodes de vacances ont logiquement un effet important sur les chiffres relatifs \u00e0 la dur\u00e9e du travail et aux absences. De nombreuses personnes occup\u00e9es ont d\u00e9clar\u00e9 avoir travaill\u00e9 moins ou ne pas avoir travaill\u00e9 pendant la semaine de r\u00e9f\u00e9rence en raison de cong\u00e9s, de vacances ou de jours f\u00e9ri\u00e9s. Cependant, elles sont beaucoup moins nombreuses qu&rsquo;au mois de juillet. Environ 780.000 personnes occup\u00e9es ont \u00e9t\u00e9 absentes pendant tout le mois de r\u00e9f\u00e9rence en ao\u00fbt pour cause de cong\u00e9s, vacances ou jours f\u00e9ri\u00e9s, contre 1.180.000 en juillet, soit une diff\u00e9rence de 34%. De m\u00eame, le nombre de personnes qui ont travaill\u00e9, mais pas pendant toute la semaine de r\u00e9f\u00e9rence, est de 640.000 en ao\u00fbt, soit 28% de moins qu\u2019en juillet. Cet effet de la p\u00e9riode de vacances est \u00e9galement visible dans la dur\u00e9e hebdomadaire moyenne du travail. Celle-ci est estim\u00e9e en ao\u00fbt \u00e0 27,2 heures, contre 33 \u00e0 34 heures pendant les mois qui ne comportent pas de p\u00e9riodes de vacances. On constate \u00e9galement que la dur\u00e9e moyenne du travail en ao\u00fbt est sup\u00e9rieure \u00e0 celle de juillet, qui \u00e9tait estim\u00e9e \u00e0 24,0 heures.<\/p>\n<p>Enfin, le nombre de ch\u00f4meurs temporaires continue de diminuer en ao\u00fbt. Les absences pour cause de ch\u00f4mage temporaire pendant toute la semaine de r\u00e9f\u00e9rence se font rares (5000 personnes occup\u00e9es) et le nombre de personnes qui \u00e9taient au ch\u00f4mage temporaire pendant une partie de la semaine de r\u00e9f\u00e9rence continue \u00e9galement de diminuer pour atteindre environ 30.000 personnes occup\u00e9es. Il s&rsquo;agit toutefois d&rsquo;un autre groupe que celui des ch\u00f4meurs temporaires de longue dur\u00e9e dont il est question au d\u00e9but de ce communiqu\u00e9. Lorsque la dur\u00e9e totale ininterrompue du ch\u00f4mage temporaire s&rsquo;\u00e9l\u00e8ve \u00e0 un maximum de 3 mois, les ch\u00f4meurs temporaires sont encore comptabilis\u00e9s parmi les personnes occup\u00e9es, comme auparavant.<\/p>\n<p><em>Source: Statbel<\/em><\/p>\n","protected":false},"excerpt":{"rendered":"<p>Les r\u00e9sultats provisoires des indicateurs mensuels sur la base de l\u2019Enqu\u00eate sur les forces de travail de Statbel, l&rsquo;office belge de statistique, montrent des \u00e9volutions positives sur le march\u00e9 du travail. Le taux d\u2019emploi des 20-64 ans est estim\u00e9 \u00e0 [&hellip;]<\/p>\n","protected":false},"author":2,"featured_media":0,"comment_status":"closed","ping_status":"open","sticky":false,"template":"","format":"standard","meta":[],"categories":[65,10],"tags":[585,2283,44,703,219],"yoast_head":"<!-- This site is optimized with the Yoast SEO plugin v21.0 - https:\/\/yoast.com\/wordpress\/plugins\/seo\/ -->\n<title>Indicateurs mensuels du march\u00e9 du travail: l&#039;embellie se poursuit avec un taux de ch\u00f4mage en nette diminution. - Peoplesphere<\/title>\n<meta name=\"robots\" content=\"index, follow, max-snippet:-1, max-image-preview:large, max-video-preview:-1\" \/>\n<link rel=\"canonical\" href=\"https:\/\/peoplesphere.be\/fr\/indicateurs-mensuels-marche-travail-lembellie-se-poursuit-taux-de-chomage-nette-diminution\/\" \/>\n<meta property=\"og:locale\" content=\"fr_FR\" \/>\n<meta property=\"og:type\" content=\"article\" \/>\n<meta property=\"og:title\" content=\"Indicateurs mensuels du march\u00e9 du travail: l&#039;embellie se poursuit avec un taux de ch\u00f4mage en nette diminution. - Peoplesphere\" \/>\n<meta property=\"og:description\" content=\"Les r\u00e9sultats provisoires des indicateurs mensuels sur la base de l\u2019Enqu\u00eate sur les forces de travail de Statbel, l&rsquo;office belge de statistique, montrent des \u00e9volutions positives sur le march\u00e9 du travail. Le taux d\u2019emploi des 20-64 ans est estim\u00e9 \u00e0 [&hellip;]\" \/>\n<meta property=\"og:url\" content=\"https:\/\/peoplesphere.be\/fr\/indicateurs-mensuels-marche-travail-lembellie-se-poursuit-taux-de-chomage-nette-diminution\/\" \/>\n<meta property=\"og:site_name\" content=\"Peoplesphere\" \/>\n<meta property=\"article:publisher\" content=\"https:\/\/www.facebook.com\/peoplesphere\" \/>\n<meta property=\"article:published_time\" content=\"2021-10-18T14:04:18+00:00\" \/>\n<meta property=\"og:image\" content=\"http:\/\/www.peoplesphere.be\/fr\/wp-content\/uploads\/2016\/07\/facebook-default-posting-1200x628px.jpg\" \/>\n<meta name=\"author\" content=\"Jean-Paul Erhard\" \/>\n<meta name=\"twitter:card\" content=\"summary_large_image\" \/>\n<meta name=\"twitter:creator\" content=\"@PeoplesphereMag\" \/>\n<meta name=\"twitter:site\" content=\"@PeoplesphereMag\" \/>\n<meta name=\"twitter:label1\" content=\"\u00c9crit par\" \/>\n\t<meta name=\"twitter:data1\" content=\"Jean-Paul Erhard\" \/>\n\t<meta name=\"twitter:label2\" content=\"Dur\u00e9e de lecture estim\u00e9e\" \/>\n\t<meta name=\"twitter:data2\" content=\"4 minutes\" \/>\n<script type=\"application\/ld+json\" class=\"yoast-schema-graph\">{\"@context\":\"https:\/\/schema.org\",\"@graph\":[{\"@type\":\"Article\",\"@id\":\"https:\/\/peoplesphere.be\/fr\/indicateurs-mensuels-marche-travail-lembellie-se-poursuit-taux-de-chomage-nette-diminution\/#article\",\"isPartOf\":{\"@id\":\"https:\/\/peoplesphere.be\/fr\/indicateurs-mensuels-marche-travail-lembellie-se-poursuit-taux-de-chomage-nette-diminution\/\"},\"author\":{\"name\":\"Jean-Paul Erhard\",\"@id\":\"https:\/\/peoplesphere.be\/fr\/#\/schema\/person\/7976225ff17988604334abb7b3536a7e\"},\"headline\":\"Indicateurs mensuels du march\u00e9 du travail: l&#8217;embellie se poursuit avec un taux de ch\u00f4mage en nette diminution.\",\"datePublished\":\"2021-10-18T14:04:18+00:00\",\"dateModified\":\"2021-10-18T14:04:18+00:00\",\"mainEntityOfPage\":{\"@id\":\"https:\/\/peoplesphere.be\/fr\/indicateurs-mensuels-marche-travail-lembellie-se-poursuit-taux-de-chomage-nette-diminution\/\"},\"wordCount\":890,\"publisher\":{\"@id\":\"https:\/\/peoplesphere.be\/fr\/#organization\"},\"keywords\":[\"march\u00e9 du travail\",\"statbel\",\"Statistiques\",\"taux de ch\u00f4mage\",\"t\u00e9l\u00e9travail\"],\"articleSection\":[\"Actualit\u00e9s\",\"Digital\"],\"inLanguage\":\"fr-FR\"},{\"@type\":\"WebPage\",\"@id\":\"https:\/\/peoplesphere.be\/fr\/indicateurs-mensuels-marche-travail-lembellie-se-poursuit-taux-de-chomage-nette-diminution\/\",\"url\":\"https:\/\/peoplesphere.be\/fr\/indicateurs-mensuels-marche-travail-lembellie-se-poursuit-taux-de-chomage-nette-diminution\/\",\"name\":\"Indicateurs mensuels du march\u00e9 du travail: l'embellie se poursuit avec un taux de ch\u00f4mage en nette diminution. - Peoplesphere\",\"isPartOf\":{\"@id\":\"https:\/\/peoplesphere.be\/fr\/#website\"},\"datePublished\":\"2021-10-18T14:04:18+00:00\",\"dateModified\":\"2021-10-18T14:04:18+00:00\",\"breadcrumb\":{\"@id\":\"https:\/\/peoplesphere.be\/fr\/indicateurs-mensuels-marche-travail-lembellie-se-poursuit-taux-de-chomage-nette-diminution\/#breadcrumb\"},\"inLanguage\":\"fr-FR\",\"potentialAction\":[{\"@type\":\"ReadAction\",\"target\":[\"https:\/\/peoplesphere.be\/fr\/indicateurs-mensuels-marche-travail-lembellie-se-poursuit-taux-de-chomage-nette-diminution\/\"]}]},{\"@type\":\"BreadcrumbList\",\"@id\":\"https:\/\/peoplesphere.be\/fr\/indicateurs-mensuels-marche-travail-lembellie-se-poursuit-taux-de-chomage-nette-diminution\/#breadcrumb\",\"itemListElement\":[{\"@type\":\"ListItem\",\"position\":1,\"name\":\"Accueil\",\"item\":\"https:\/\/peoplesphere.be\/fr\/\"},{\"@type\":\"ListItem\",\"position\":2,\"name\":\"Indicateurs mensuels du march\u00e9 du travail: l&#8217;embellie se poursuit avec un taux de ch\u00f4mage en nette diminution.\"}]},{\"@type\":\"WebSite\",\"@id\":\"https:\/\/peoplesphere.be\/fr\/#website\",\"url\":\"https:\/\/peoplesphere.be\/fr\/\",\"name\":\"Peoplesphere\",\"description\":\"The People Managers Magazine\",\"publisher\":{\"@id\":\"https:\/\/peoplesphere.be\/fr\/#organization\"},\"potentialAction\":[{\"@type\":\"SearchAction\",\"target\":{\"@type\":\"EntryPoint\",\"urlTemplate\":\"https:\/\/peoplesphere.be\/fr\/?s={search_term_string}\"},\"query-input\":\"required name=search_term_string\"}],\"inLanguage\":\"fr-FR\"},{\"@type\":\"Organization\",\"@id\":\"https:\/\/peoplesphere.be\/fr\/#organization\",\"name\":\"Peoplesphere Company srl\",\"url\":\"https:\/\/peoplesphere.be\/fr\/\",\"logo\":{\"@type\":\"ImageObject\",\"inLanguage\":\"fr-FR\",\"@id\":\"https:\/\/peoplesphere.be\/fr\/#\/schema\/logo\/image\/\",\"url\":\"https:\/\/peoplesphere.be\/fr\/wp-content\/uploads\/2023\/07\/peoplesphere-lgo-new-generik.jpg\",\"contentUrl\":\"https:\/\/peoplesphere.be\/fr\/wp-content\/uploads\/2023\/07\/peoplesphere-lgo-new-generik.jpg\",\"width\":1031,\"height\":1479,\"caption\":\"Peoplesphere Company srl\"},\"image\":{\"@id\":\"https:\/\/peoplesphere.be\/fr\/#\/schema\/logo\/image\/\"},\"sameAs\":[\"https:\/\/www.facebook.com\/peoplesphere\",\"https:\/\/twitter.com\/PeoplesphereMag\",\"https:\/\/www.linkedin.com\/company\/7587361?trk\",\"http:\/\/youtube.com\/peoplesphere\"]},{\"@type\":\"Person\",\"@id\":\"https:\/\/peoplesphere.be\/fr\/#\/schema\/person\/7976225ff17988604334abb7b3536a7e\",\"name\":\"Jean-Paul Erhard\",\"image\":{\"@type\":\"ImageObject\",\"inLanguage\":\"fr-FR\",\"@id\":\"https:\/\/peoplesphere.be\/fr\/#\/schema\/person\/image\/\",\"url\":\"https:\/\/secure.gravatar.com\/avatar\/f941e681460179738071629a51574930?s=96&d=mm&r=g\",\"contentUrl\":\"https:\/\/secure.gravatar.com\/avatar\/f941e681460179738071629a51574930?s=96&d=mm&r=g\",\"caption\":\"Jean-Paul Erhard\"},\"url\":\"https:\/\/peoplesphere.be\/fr\/author\/jpe\/\"}]}<\/script>\n<!-- \/ Yoast SEO plugin. -->","yoast_head_json":{"title":"Indicateurs mensuels du march\u00e9 du travail: l'embellie se poursuit avec un taux de ch\u00f4mage en nette diminution. - Peoplesphere","robots":{"index":"index","follow":"follow","max-snippet":"max-snippet:-1","max-image-preview":"max-image-preview:large","max-video-preview":"max-video-preview:-1"},"canonical":"https:\/\/peoplesphere.be\/fr\/indicateurs-mensuels-marche-travail-lembellie-se-poursuit-taux-de-chomage-nette-diminution\/","og_locale":"fr_FR","og_type":"article","og_title":"Indicateurs mensuels du march\u00e9 du travail: l'embellie se poursuit avec un taux de ch\u00f4mage en nette diminution. - Peoplesphere","og_description":"Les r\u00e9sultats provisoires des indicateurs mensuels sur la base de l\u2019Enqu\u00eate sur les forces de travail de Statbel, l&rsquo;office belge de statistique, montrent des \u00e9volutions positives sur le march\u00e9 du travail. Le taux d\u2019emploi des 20-64 ans est estim\u00e9 \u00e0 [&hellip;]","og_url":"https:\/\/peoplesphere.be\/fr\/indicateurs-mensuels-marche-travail-lembellie-se-poursuit-taux-de-chomage-nette-diminution\/","og_site_name":"Peoplesphere","article_publisher":"https:\/\/www.facebook.com\/peoplesphere","article_published_time":"2021-10-18T14:04:18+00:00","og_image":[{"url":"http:\/\/www.peoplesphere.be\/fr\/wp-content\/uploads\/2016\/07\/facebook-default-posting-1200x628px.jpg"}],"author":"Jean-Paul Erhard","twitter_card":"summary_large_image","twitter_creator":"@PeoplesphereMag","twitter_site":"@PeoplesphereMag","twitter_misc":{"\u00c9crit par":"Jean-Paul Erhard","Dur\u00e9e de lecture estim\u00e9e":"4 minutes"},"schema":{"@context":"https:\/\/schema.org","@graph":[{"@type":"Article","@id":"https:\/\/peoplesphere.be\/fr\/indicateurs-mensuels-marche-travail-lembellie-se-poursuit-taux-de-chomage-nette-diminution\/#article","isPartOf":{"@id":"https:\/\/peoplesphere.be\/fr\/indicateurs-mensuels-marche-travail-lembellie-se-poursuit-taux-de-chomage-nette-diminution\/"},"author":{"name":"Jean-Paul Erhard","@id":"https:\/\/peoplesphere.be\/fr\/#\/schema\/person\/7976225ff17988604334abb7b3536a7e"},"headline":"Indicateurs mensuels du march\u00e9 du travail: l&#8217;embellie se poursuit avec un taux de ch\u00f4mage en nette diminution.","datePublished":"2021-10-18T14:04:18+00:00","dateModified":"2021-10-18T14:04:18+00:00","mainEntityOfPage":{"@id":"https:\/\/peoplesphere.be\/fr\/indicateurs-mensuels-marche-travail-lembellie-se-poursuit-taux-de-chomage-nette-diminution\/"},"wordCount":890,"publisher":{"@id":"https:\/\/peoplesphere.be\/fr\/#organization"},"keywords":["march\u00e9 du travail","statbel","Statistiques","taux de ch\u00f4mage","t\u00e9l\u00e9travail"],"articleSection":["Actualit\u00e9s","Digital"],"inLanguage":"fr-FR"},{"@type":"WebPage","@id":"https:\/\/peoplesphere.be\/fr\/indicateurs-mensuels-marche-travail-lembellie-se-poursuit-taux-de-chomage-nette-diminution\/","url":"https:\/\/peoplesphere.be\/fr\/indicateurs-mensuels-marche-travail-lembellie-se-poursuit-taux-de-chomage-nette-diminution\/","name":"Indicateurs mensuels du march\u00e9 du travail: l'embellie se poursuit avec un taux de ch\u00f4mage en nette diminution. - Peoplesphere","isPartOf":{"@id":"https:\/\/peoplesphere.be\/fr\/#website"},"datePublished":"2021-10-18T14:04:18+00:00","dateModified":"2021-10-18T14:04:18+00:00","breadcrumb":{"@id":"https:\/\/peoplesphere.be\/fr\/indicateurs-mensuels-marche-travail-lembellie-se-poursuit-taux-de-chomage-nette-diminution\/#breadcrumb"},"inLanguage":"fr-FR","potentialAction":[{"@type":"ReadAction","target":["https:\/\/peoplesphere.be\/fr\/indicateurs-mensuels-marche-travail-lembellie-se-poursuit-taux-de-chomage-nette-diminution\/"]}]},{"@type":"BreadcrumbList","@id":"https:\/\/peoplesphere.be\/fr\/indicateurs-mensuels-marche-travail-lembellie-se-poursuit-taux-de-chomage-nette-diminution\/#breadcrumb","itemListElement":[{"@type":"ListItem","position":1,"name":"Accueil","item":"https:\/\/peoplesphere.be\/fr\/"},{"@type":"ListItem","position":2,"name":"Indicateurs mensuels du march\u00e9 du travail: l&#8217;embellie se poursuit avec un taux de ch\u00f4mage en nette diminution."}]},{"@type":"WebSite","@id":"https:\/\/peoplesphere.be\/fr\/#website","url":"https:\/\/peoplesphere.be\/fr\/","name":"Peoplesphere","description":"The People Managers Magazine","publisher":{"@id":"https:\/\/peoplesphere.be\/fr\/#organization"},"potentialAction":[{"@type":"SearchAction","target":{"@type":"EntryPoint","urlTemplate":"https:\/\/peoplesphere.be\/fr\/?s={search_term_string}"},"query-input":"required name=search_term_string"}],"inLanguage":"fr-FR"},{"@type":"Organization","@id":"https:\/\/peoplesphere.be\/fr\/#organization","name":"Peoplesphere Company srl","url":"https:\/\/peoplesphere.be\/fr\/","logo":{"@type":"ImageObject","inLanguage":"fr-FR","@id":"https:\/\/peoplesphere.be\/fr\/#\/schema\/logo\/image\/","url":"https:\/\/peoplesphere.be\/fr\/wp-content\/uploads\/2023\/07\/peoplesphere-lgo-new-generik.jpg","contentUrl":"https:\/\/peoplesphere.be\/fr\/wp-content\/uploads\/2023\/07\/peoplesphere-lgo-new-generik.jpg","width":1031,"height":1479,"caption":"Peoplesphere Company srl"},"image":{"@id":"https:\/\/peoplesphere.be\/fr\/#\/schema\/logo\/image\/"},"sameAs":["https:\/\/www.facebook.com\/peoplesphere","https:\/\/twitter.com\/PeoplesphereMag","https:\/\/www.linkedin.com\/company\/7587361?trk","http:\/\/youtube.com\/peoplesphere"]},{"@type":"Person","@id":"https:\/\/peoplesphere.be\/fr\/#\/schema\/person\/7976225ff17988604334abb7b3536a7e","name":"Jean-Paul Erhard","image":{"@type":"ImageObject","inLanguage":"fr-FR","@id":"https:\/\/peoplesphere.be\/fr\/#\/schema\/person\/image\/","url":"https:\/\/secure.gravatar.com\/avatar\/f941e681460179738071629a51574930?s=96&d=mm&r=g","contentUrl":"https:\/\/secure.gravatar.com\/avatar\/f941e681460179738071629a51574930?s=96&d=mm&r=g","caption":"Jean-Paul Erhard"},"url":"https:\/\/peoplesphere.be\/fr\/author\/jpe\/"}]}},"_links":{"self":[{"href":"https:\/\/peoplesphere.be\/fr\/wp-json\/wp\/v2\/posts\/11977"}],"collection":[{"href":"https:\/\/peoplesphere.be\/fr\/wp-json\/wp\/v2\/posts"}],"about":[{"href":"https:\/\/peoplesphere.be\/fr\/wp-json\/wp\/v2\/types\/post"}],"author":[{"embeddable":true,"href":"https:\/\/peoplesphere.be\/fr\/wp-json\/wp\/v2\/users\/2"}],"replies":[{"embeddable":true,"href":"https:\/\/peoplesphere.be\/fr\/wp-json\/wp\/v2\/comments?post=11977"}],"version-history":[{"count":1,"href":"https:\/\/peoplesphere.be\/fr\/wp-json\/wp\/v2\/posts\/11977\/revisions"}],"predecessor-version":[{"id":11978,"href":"https:\/\/peoplesphere.be\/fr\/wp-json\/wp\/v2\/posts\/11977\/revisions\/11978"}],"wp:attachment":[{"href":"https:\/\/peoplesphere.be\/fr\/wp-json\/wp\/v2\/media?parent=11977"}],"wp:term":[{"taxonomy":"category","embeddable":true,"href":"https:\/\/peoplesphere.be\/fr\/wp-json\/wp\/v2\/categories?post=11977"},{"taxonomy":"post_tag","embeddable":true,"href":"https:\/\/peoplesphere.be\/fr\/wp-json\/wp\/v2\/tags?post=11977"}],"curies":[{"name":"wp","href":"https:\/\/api.w.org\/{rel}","templated":true}]}}