









{"id":11979,"date":"2021-10-19T10:56:02","date_gmt":"2021-10-19T08:56:02","guid":{"rendered":"https:\/\/peoplesphere.be\/fr\/?p=11979"},"modified":"2021-10-20T05:03:28","modified_gmt":"2021-10-20T03:03:28","slug":"condamnation-17-syndicalistes-liegeois-confirmee-appel-augmentation-amende-financieres-fgtb-introduit-recours-cassation","status":"publish","type":"post","link":"https:\/\/peoplesphere.be\/fr\/condamnation-17-syndicalistes-liegeois-confirmee-appel-augmentation-amende-financieres-fgtb-introduit-recours-cassation\/","title":{"rendered":"La condamnation des 17 syndicalistes li\u00e9geois confirm\u00e9e en appel avec augmentation des amendes financi\u00e8res: la FGTB introduit un recours en cassation."},"content":{"rendered":"<p>La FGTB, r\u00e9unie en ce moment en comit\u00e9 f\u00e9d\u00e9ral \u00e0 Li\u00e8ge, prend connaissance de la d\u00e9cision de justice qui concerne 17 de ses membres, dont son Pr\u00e9sident. La cour d\u2019appel de Li\u00e8ge a en effet d\u00e9cid\u00e9 de confirmer le jugement du tribunal correctionnel dans l\u2019affaire dite \u00ab du pont de &lsquo;Cheratte&rsquo;. Ce comit\u00e9 f\u00e9d\u00e9ral d\u00e9cidera de la forme que prendra la r\u00e9action de notre organisation syndicale. <!--more--><\/p>\n<p>Un rassemblement de solidarit\u00e9 est d\u2019ores et d\u00e9j\u00e0 pr\u00e9vu place St Lambert \u00e0 Li\u00e8ge, d\u00e8s midi. Thierry Bodson, Pr\u00e9sident de la FGTB, y prendra la parole.<\/p>\n<p>17 syndicalistes de la FGTB sont donc condamn\u00e9s \u00e0 des peines de prison avec sursis (allant de 6 mois \u00e0 un an) et des amendes de plusieurs centaines d\u2019euros. Pourquoi? Pour avoir \u00e9t\u00e9 pr\u00e9sents sur un barrage routier, un jour de gr\u00e8ve, le 19 octobre 2015. Il y a 6 ans jour pour jour. Cette d\u00e9cision vient notamment en \u00e9cho \u00e0 une jurisprudence similaire intervenue \u00e0 Anvers. <a href=\"https:\/\/peoplesphere.be\/fr\/action-pacifique-entrave-mechante-fgtb-estime-droit-de-greve-de-manifestation-menace\/\">C\u2019est l\u2019entrave m\u00e9chante \u00e0 la circulation qui est invoqu\u00e9e (art. 406 du code p\u00e9nal), tout comme pour le proc\u00e8s qui a condamn\u00e9 le Pr\u00e9sident de la FGTB d\u2019Anvers, Bruno Verlaeckt, en 2019.<\/a><\/p>\n<p>Dans les deux cas, les leaders syndicaux \u00e9copent de peines plus lourdes, histoire de dissuader quiconque d\u2019organiser la r\u00e9sistance sociale.<\/p>\n<p>Pour la FGTB, cette d\u00e9cision et les arguments qui la fondent constituent une entrave m\u00e9chante \u00e0 la libert\u00e9 d\u2019expression, \u00e0 la libert\u00e9 de manifester et d\u2019exercer le droit de gr\u00e8ve. Bref, cette d\u00e9cision est un frein \u00e0 l\u2019exercice de droits d\u00e9mocratiques. Pas uniquement pour les syndicats mais pour tous les mouvements de contestation. Le syndicat forme donc un recours en cassation et reste d\u00e9termin\u00e9 \u00e0 faire valoir ses droits \u00e0 Strasbourg, devant la Cour europ\u00e9enne des droits de l\u2019homme.<\/p>\n<p><em>Source: FGTB<\/em><\/p>\n","protected":false},"excerpt":{"rendered":"<p>La FGTB, r\u00e9unie en ce moment en comit\u00e9 f\u00e9d\u00e9ral \u00e0 Li\u00e8ge, prend connaissance de la d\u00e9cision de justice qui concerne 17 de ses membres, dont son Pr\u00e9sident. La cour d\u2019appel de Li\u00e8ge a en effet d\u00e9cid\u00e9 de confirmer le jugement [&hellip;]<\/p>\n","protected":false},"author":2,"featured_media":0,"comment_status":"closed","ping_status":"open","sticky":false,"template":"","format":"standard","meta":[],"categories":[65,10],"tags":[332,1186,1475,199],"yoast_head":"<!-- This site is optimized with the Yoast SEO plugin v21.0 - https:\/\/yoast.com\/wordpress\/plugins\/seo\/ -->\n<title>La condamnation des 17 syndicalistes li\u00e9geois confirm\u00e9e en appel avec augmentation des amendes financi\u00e8res: la FGTB introduit un recours en cassation. - Peoplesphere<\/title>\n<meta name=\"robots\" content=\"index, follow, max-snippet:-1, max-image-preview:large, max-video-preview:-1\" \/>\n<link rel=\"canonical\" href=\"https:\/\/peoplesphere.be\/fr\/condamnation-17-syndicalistes-liegeois-confirmee-appel-augmentation-amende-financieres-fgtb-introduit-recours-cassation\/\" \/>\n<meta property=\"og:locale\" content=\"fr_FR\" \/>\n<meta property=\"og:type\" content=\"article\" \/>\n<meta property=\"og:title\" content=\"La condamnation des 17 syndicalistes li\u00e9geois confirm\u00e9e en appel avec augmentation des amendes financi\u00e8res: la FGTB introduit un recours en cassation. - Peoplesphere\" \/>\n<meta property=\"og:description\" content=\"La FGTB, r\u00e9unie en ce moment en comit\u00e9 f\u00e9d\u00e9ral \u00e0 Li\u00e8ge, prend connaissance de la d\u00e9cision de justice qui concerne 17 de ses membres, dont son Pr\u00e9sident. La cour d\u2019appel de Li\u00e8ge a en effet d\u00e9cid\u00e9 de confirmer le jugement [&hellip;]\" \/>\n<meta property=\"og:url\" content=\"https:\/\/peoplesphere.be\/fr\/condamnation-17-syndicalistes-liegeois-confirmee-appel-augmentation-amende-financieres-fgtb-introduit-recours-cassation\/\" \/>\n<meta property=\"og:site_name\" content=\"Peoplesphere\" \/>\n<meta property=\"article:publisher\" content=\"https:\/\/www.facebook.com\/peoplesphere\" \/>\n<meta property=\"article:published_time\" content=\"2021-10-19T08:56:02+00:00\" \/>\n<meta property=\"article:modified_time\" content=\"2021-10-20T03:03:28+00:00\" \/>\n<meta property=\"og:image\" content=\"http:\/\/www.peoplesphere.be\/fr\/wp-content\/uploads\/2016\/07\/facebook-default-posting-1200x628px.jpg\" \/>\n<meta name=\"author\" content=\"Jean-Paul Erhard\" \/>\n<meta name=\"twitter:card\" content=\"summary_large_image\" \/>\n<meta name=\"twitter:creator\" content=\"@PeoplesphereMag\" \/>\n<meta name=\"twitter:site\" content=\"@PeoplesphereMag\" \/>\n<meta name=\"twitter:label1\" content=\"\u00c9crit par\" \/>\n\t<meta name=\"twitter:data1\" content=\"Jean-Paul Erhard\" \/>\n\t<meta name=\"twitter:label2\" content=\"Dur\u00e9e de lecture estim\u00e9e\" \/>\n\t<meta name=\"twitter:data2\" content=\"2 minutes\" \/>\n<script type=\"application\/ld+json\" class=\"yoast-schema-graph\">{\"@context\":\"https:\/\/schema.org\",\"@graph\":[{\"@type\":\"Article\",\"@id\":\"https:\/\/peoplesphere.be\/fr\/condamnation-17-syndicalistes-liegeois-confirmee-appel-augmentation-amende-financieres-fgtb-introduit-recours-cassation\/#article\",\"isPartOf\":{\"@id\":\"https:\/\/peoplesphere.be\/fr\/condamnation-17-syndicalistes-liegeois-confirmee-appel-augmentation-amende-financieres-fgtb-introduit-recours-cassation\/\"},\"author\":{\"name\":\"Jean-Paul Erhard\",\"@id\":\"https:\/\/peoplesphere.be\/fr\/#\/schema\/person\/7976225ff17988604334abb7b3536a7e\"},\"headline\":\"La condamnation des 17 syndicalistes li\u00e9geois confirm\u00e9e en appel avec augmentation des amendes financi\u00e8res: la FGTB introduit un recours en cassation.\",\"datePublished\":\"2021-10-19T08:56:02+00:00\",\"dateModified\":\"2021-10-20T03:03:28+00:00\",\"mainEntityOfPage\":{\"@id\":\"https:\/\/peoplesphere.be\/fr\/condamnation-17-syndicalistes-liegeois-confirmee-appel-augmentation-amende-financieres-fgtb-introduit-recours-cassation\/\"},\"wordCount\":340,\"publisher\":{\"@id\":\"https:\/\/peoplesphere.be\/fr\/#organization\"},\"keywords\":[\"concertation sociale\",\"FGTB\",\"jurisprudence\",\"syndicat\"],\"articleSection\":[\"Actualit\u00e9s\",\"Digital\"],\"inLanguage\":\"fr-FR\"},{\"@type\":\"WebPage\",\"@id\":\"https:\/\/peoplesphere.be\/fr\/condamnation-17-syndicalistes-liegeois-confirmee-appel-augmentation-amende-financieres-fgtb-introduit-recours-cassation\/\",\"url\":\"https:\/\/peoplesphere.be\/fr\/condamnation-17-syndicalistes-liegeois-confirmee-appel-augmentation-amende-financieres-fgtb-introduit-recours-cassation\/\",\"name\":\"La condamnation des 17 syndicalistes li\u00e9geois confirm\u00e9e en appel avec augmentation des amendes financi\u00e8res: la FGTB introduit un recours en cassation. - Peoplesphere\",\"isPartOf\":{\"@id\":\"https:\/\/peoplesphere.be\/fr\/#website\"},\"datePublished\":\"2021-10-19T08:56:02+00:00\",\"dateModified\":\"2021-10-20T03:03:28+00:00\",\"breadcrumb\":{\"@id\":\"https:\/\/peoplesphere.be\/fr\/condamnation-17-syndicalistes-liegeois-confirmee-appel-augmentation-amende-financieres-fgtb-introduit-recours-cassation\/#breadcrumb\"},\"inLanguage\":\"fr-FR\",\"potentialAction\":[{\"@type\":\"ReadAction\",\"target\":[\"https:\/\/peoplesphere.be\/fr\/condamnation-17-syndicalistes-liegeois-confirmee-appel-augmentation-amende-financieres-fgtb-introduit-recours-cassation\/\"]}]},{\"@type\":\"BreadcrumbList\",\"@id\":\"https:\/\/peoplesphere.be\/fr\/condamnation-17-syndicalistes-liegeois-confirmee-appel-augmentation-amende-financieres-fgtb-introduit-recours-cassation\/#breadcrumb\",\"itemListElement\":[{\"@type\":\"ListItem\",\"position\":1,\"name\":\"Accueil\",\"item\":\"https:\/\/peoplesphere.be\/fr\/\"},{\"@type\":\"ListItem\",\"position\":2,\"name\":\"La condamnation des 17 syndicalistes li\u00e9geois confirm\u00e9e en appel avec augmentation des amendes financi\u00e8res: la FGTB introduit un recours en cassation.\"}]},{\"@type\":\"WebSite\",\"@id\":\"https:\/\/peoplesphere.be\/fr\/#website\",\"url\":\"https:\/\/peoplesphere.be\/fr\/\",\"name\":\"Peoplesphere\",\"description\":\"The People Managers Magazine\",\"publisher\":{\"@id\":\"https:\/\/peoplesphere.be\/fr\/#organization\"},\"potentialAction\":[{\"@type\":\"SearchAction\",\"target\":{\"@type\":\"EntryPoint\",\"urlTemplate\":\"https:\/\/peoplesphere.be\/fr\/?s={search_term_string}\"},\"query-input\":\"required name=search_term_string\"}],\"inLanguage\":\"fr-FR\"},{\"@type\":\"Organization\",\"@id\":\"https:\/\/peoplesphere.be\/fr\/#organization\",\"name\":\"Peoplesphere Company srl\",\"url\":\"https:\/\/peoplesphere.be\/fr\/\",\"logo\":{\"@type\":\"ImageObject\",\"inLanguage\":\"fr-FR\",\"@id\":\"https:\/\/peoplesphere.be\/fr\/#\/schema\/logo\/image\/\",\"url\":\"https:\/\/peoplesphere.be\/fr\/wp-content\/uploads\/2023\/07\/peoplesphere-lgo-new-generik.jpg\",\"contentUrl\":\"https:\/\/peoplesphere.be\/fr\/wp-content\/uploads\/2023\/07\/peoplesphere-lgo-new-generik.jpg\",\"width\":1031,\"height\":1479,\"caption\":\"Peoplesphere Company srl\"},\"image\":{\"@id\":\"https:\/\/peoplesphere.be\/fr\/#\/schema\/logo\/image\/\"},\"sameAs\":[\"https:\/\/www.facebook.com\/peoplesphere\",\"https:\/\/twitter.com\/PeoplesphereMag\",\"https:\/\/www.linkedin.com\/company\/7587361?trk\",\"http:\/\/youtube.com\/peoplesphere\"]},{\"@type\":\"Person\",\"@id\":\"https:\/\/peoplesphere.be\/fr\/#\/schema\/person\/7976225ff17988604334abb7b3536a7e\",\"name\":\"Jean-Paul Erhard\",\"image\":{\"@type\":\"ImageObject\",\"inLanguage\":\"fr-FR\",\"@id\":\"https:\/\/peoplesphere.be\/fr\/#\/schema\/person\/image\/\",\"url\":\"https:\/\/secure.gravatar.com\/avatar\/f941e681460179738071629a51574930?s=96&d=mm&r=g\",\"contentUrl\":\"https:\/\/secure.gravatar.com\/avatar\/f941e681460179738071629a51574930?s=96&d=mm&r=g\",\"caption\":\"Jean-Paul Erhard\"},\"url\":\"https:\/\/peoplesphere.be\/fr\/author\/jpe\/\"}]}<\/script>\n<!-- \/ Yoast SEO plugin. -->","yoast_head_json":{"title":"La condamnation des 17 syndicalistes li\u00e9geois confirm\u00e9e en appel avec augmentation des amendes financi\u00e8res: la FGTB introduit un recours en cassation. - Peoplesphere","robots":{"index":"index","follow":"follow","max-snippet":"max-snippet:-1","max-image-preview":"max-image-preview:large","max-video-preview":"max-video-preview:-1"},"canonical":"https:\/\/peoplesphere.be\/fr\/condamnation-17-syndicalistes-liegeois-confirmee-appel-augmentation-amende-financieres-fgtb-introduit-recours-cassation\/","og_locale":"fr_FR","og_type":"article","og_title":"La condamnation des 17 syndicalistes li\u00e9geois confirm\u00e9e en appel avec augmentation des amendes financi\u00e8res: la FGTB introduit un recours en cassation. - Peoplesphere","og_description":"La FGTB, r\u00e9unie en ce moment en comit\u00e9 f\u00e9d\u00e9ral \u00e0 Li\u00e8ge, prend connaissance de la d\u00e9cision de justice qui concerne 17 de ses membres, dont son Pr\u00e9sident. La cour d\u2019appel de Li\u00e8ge a en effet d\u00e9cid\u00e9 de confirmer le jugement [&hellip;]","og_url":"https:\/\/peoplesphere.be\/fr\/condamnation-17-syndicalistes-liegeois-confirmee-appel-augmentation-amende-financieres-fgtb-introduit-recours-cassation\/","og_site_name":"Peoplesphere","article_publisher":"https:\/\/www.facebook.com\/peoplesphere","article_published_time":"2021-10-19T08:56:02+00:00","article_modified_time":"2021-10-20T03:03:28+00:00","og_image":[{"url":"http:\/\/www.peoplesphere.be\/fr\/wp-content\/uploads\/2016\/07\/facebook-default-posting-1200x628px.jpg"}],"author":"Jean-Paul Erhard","twitter_card":"summary_large_image","twitter_creator":"@PeoplesphereMag","twitter_site":"@PeoplesphereMag","twitter_misc":{"\u00c9crit par":"Jean-Paul Erhard","Dur\u00e9e de lecture estim\u00e9e":"2 minutes"},"schema":{"@context":"https:\/\/schema.org","@graph":[{"@type":"Article","@id":"https:\/\/peoplesphere.be\/fr\/condamnation-17-syndicalistes-liegeois-confirmee-appel-augmentation-amende-financieres-fgtb-introduit-recours-cassation\/#article","isPartOf":{"@id":"https:\/\/peoplesphere.be\/fr\/condamnation-17-syndicalistes-liegeois-confirmee-appel-augmentation-amende-financieres-fgtb-introduit-recours-cassation\/"},"author":{"name":"Jean-Paul Erhard","@id":"https:\/\/peoplesphere.be\/fr\/#\/schema\/person\/7976225ff17988604334abb7b3536a7e"},"headline":"La condamnation des 17 syndicalistes li\u00e9geois confirm\u00e9e en appel avec augmentation des amendes financi\u00e8res: la FGTB introduit un recours en cassation.","datePublished":"2021-10-19T08:56:02+00:00","dateModified":"2021-10-20T03:03:28+00:00","mainEntityOfPage":{"@id":"https:\/\/peoplesphere.be\/fr\/condamnation-17-syndicalistes-liegeois-confirmee-appel-augmentation-amende-financieres-fgtb-introduit-recours-cassation\/"},"wordCount":340,"publisher":{"@id":"https:\/\/peoplesphere.be\/fr\/#organization"},"keywords":["concertation sociale","FGTB","jurisprudence","syndicat"],"articleSection":["Actualit\u00e9s","Digital"],"inLanguage":"fr-FR"},{"@type":"WebPage","@id":"https:\/\/peoplesphere.be\/fr\/condamnation-17-syndicalistes-liegeois-confirmee-appel-augmentation-amende-financieres-fgtb-introduit-recours-cassation\/","url":"https:\/\/peoplesphere.be\/fr\/condamnation-17-syndicalistes-liegeois-confirmee-appel-augmentation-amende-financieres-fgtb-introduit-recours-cassation\/","name":"La condamnation des 17 syndicalistes li\u00e9geois confirm\u00e9e en appel avec augmentation des amendes financi\u00e8res: la FGTB introduit un recours en cassation. - Peoplesphere","isPartOf":{"@id":"https:\/\/peoplesphere.be\/fr\/#website"},"datePublished":"2021-10-19T08:56:02+00:00","dateModified":"2021-10-20T03:03:28+00:00","breadcrumb":{"@id":"https:\/\/peoplesphere.be\/fr\/condamnation-17-syndicalistes-liegeois-confirmee-appel-augmentation-amende-financieres-fgtb-introduit-recours-cassation\/#breadcrumb"},"inLanguage":"fr-FR","potentialAction":[{"@type":"ReadAction","target":["https:\/\/peoplesphere.be\/fr\/condamnation-17-syndicalistes-liegeois-confirmee-appel-augmentation-amende-financieres-fgtb-introduit-recours-cassation\/"]}]},{"@type":"BreadcrumbList","@id":"https:\/\/peoplesphere.be\/fr\/condamnation-17-syndicalistes-liegeois-confirmee-appel-augmentation-amende-financieres-fgtb-introduit-recours-cassation\/#breadcrumb","itemListElement":[{"@type":"ListItem","position":1,"name":"Accueil","item":"https:\/\/peoplesphere.be\/fr\/"},{"@type":"ListItem","position":2,"name":"La condamnation des 17 syndicalistes li\u00e9geois confirm\u00e9e en appel avec augmentation des amendes financi\u00e8res: la FGTB introduit un recours en cassation."}]},{"@type":"WebSite","@id":"https:\/\/peoplesphere.be\/fr\/#website","url":"https:\/\/peoplesphere.be\/fr\/","name":"Peoplesphere","description":"The People Managers Magazine","publisher":{"@id":"https:\/\/peoplesphere.be\/fr\/#organization"},"potentialAction":[{"@type":"SearchAction","target":{"@type":"EntryPoint","urlTemplate":"https:\/\/peoplesphere.be\/fr\/?s={search_term_string}"},"query-input":"required name=search_term_string"}],"inLanguage":"fr-FR"},{"@type":"Organization","@id":"https:\/\/peoplesphere.be\/fr\/#organization","name":"Peoplesphere Company srl","url":"https:\/\/peoplesphere.be\/fr\/","logo":{"@type":"ImageObject","inLanguage":"fr-FR","@id":"https:\/\/peoplesphere.be\/fr\/#\/schema\/logo\/image\/","url":"https:\/\/peoplesphere.be\/fr\/wp-content\/uploads\/2023\/07\/peoplesphere-lgo-new-generik.jpg","contentUrl":"https:\/\/peoplesphere.be\/fr\/wp-content\/uploads\/2023\/07\/peoplesphere-lgo-new-generik.jpg","width":1031,"height":1479,"caption":"Peoplesphere Company srl"},"image":{"@id":"https:\/\/peoplesphere.be\/fr\/#\/schema\/logo\/image\/"},"sameAs":["https:\/\/www.facebook.com\/peoplesphere","https:\/\/twitter.com\/PeoplesphereMag","https:\/\/www.linkedin.com\/company\/7587361?trk","http:\/\/youtube.com\/peoplesphere"]},{"@type":"Person","@id":"https:\/\/peoplesphere.be\/fr\/#\/schema\/person\/7976225ff17988604334abb7b3536a7e","name":"Jean-Paul Erhard","image":{"@type":"ImageObject","inLanguage":"fr-FR","@id":"https:\/\/peoplesphere.be\/fr\/#\/schema\/person\/image\/","url":"https:\/\/secure.gravatar.com\/avatar\/f941e681460179738071629a51574930?s=96&d=mm&r=g","contentUrl":"https:\/\/secure.gravatar.com\/avatar\/f941e681460179738071629a51574930?s=96&d=mm&r=g","caption":"Jean-Paul Erhard"},"url":"https:\/\/peoplesphere.be\/fr\/author\/jpe\/"}]}},"_links":{"self":[{"href":"https:\/\/peoplesphere.be\/fr\/wp-json\/wp\/v2\/posts\/11979"}],"collection":[{"href":"https:\/\/peoplesphere.be\/fr\/wp-json\/wp\/v2\/posts"}],"about":[{"href":"https:\/\/peoplesphere.be\/fr\/wp-json\/wp\/v2\/types\/post"}],"author":[{"embeddable":true,"href":"https:\/\/peoplesphere.be\/fr\/wp-json\/wp\/v2\/users\/2"}],"replies":[{"embeddable":true,"href":"https:\/\/peoplesphere.be\/fr\/wp-json\/wp\/v2\/comments?post=11979"}],"version-history":[{"count":2,"href":"https:\/\/peoplesphere.be\/fr\/wp-json\/wp\/v2\/posts\/11979\/revisions"}],"predecessor-version":[{"id":11982,"href":"https:\/\/peoplesphere.be\/fr\/wp-json\/wp\/v2\/posts\/11979\/revisions\/11982"}],"wp:attachment":[{"href":"https:\/\/peoplesphere.be\/fr\/wp-json\/wp\/v2\/media?parent=11979"}],"wp:term":[{"taxonomy":"category","embeddable":true,"href":"https:\/\/peoplesphere.be\/fr\/wp-json\/wp\/v2\/categories?post=11979"},{"taxonomy":"post_tag","embeddable":true,"href":"https:\/\/peoplesphere.be\/fr\/wp-json\/wp\/v2\/tags?post=11979"}],"curies":[{"name":"wp","href":"https:\/\/api.w.org\/{rel}","templated":true}]}}