









{"id":11983,"date":"2021-10-20T08:00:19","date_gmt":"2021-10-20T06:00:19","guid":{"rendered":"https:\/\/peoplesphere.be\/fr\/?p=11983"},"modified":"2021-10-20T08:12:32","modified_gmt":"2021-10-20T06:12:32","slug":"quatre-ouvrages-a-decouvrir-dedies-a-pratique-de-gestion-ressources-humaines-droit-social","status":"publish","type":"post","link":"https:\/\/peoplesphere.be\/fr\/quatre-ouvrages-a-decouvrir-dedies-a-pratique-de-gestion-ressources-humaines-droit-social\/","title":{"rendered":"Quatre ouvrages \u00e0 d\u00e9couvrir et d\u00e9di\u00e9s \u00e0 la pratique de la gestion des Ressources Humaines et du droit social."},"content":{"rendered":"<p>Anthemis vous propose une s\u00e9lection d\u2019ouvrages en droit social et ressources humaines. L&rsquo;occasion de d\u00e9velopper vos comp\u00e9tences pratiques et th\u00e9oriques et d&rsquo;obtenir la panoplie du parfait DRH! D\u00e9couvrez ici les contenus de ces nouvelles publications, r\u00e9solument ancr\u00e9es dans la r\u00e9alit\u00e9 du terrain.<!--more--><\/p>\n<p><strong><em>Les entretiens RH: comment g\u00e9rer ces \u00e9tapes cl\u00e9s pour l&rsquo;entreprise et le collaborateur?\u00a0<\/em><\/strong>Un guide pratique pour une approche positive des entretiens RH !\u00a0Les \u00e9tapes essentielles du parcours professionnel d\u2019un collaborateur \u2013 recrutement, d\u00e9veloppement, \u00e9valuation, r\u00e9int\u00e9gration, licenciement ou d\u00e9mission \u2013 sont habituellement rythm\u00e9es par des rencontres avec des repr\u00e9sentants du management et de l\u2019encadrement. Ce guide offre \u00e9galement un \u00e9clairage juridique, rarement appr\u00e9hend\u00e9 dans le tourbillon d\u2019une r\u00e9alit\u00e9 quotidienne qui ne laisse pas toujours le temps de la r\u00e9flexion. <a href=\"https:\/\/www.anthemis.be\/shop\/product\/entrerh-les-entretiens-rh-comment-gerer-ces-etapes-cles-pour-l-entreprise-et-le-collaborateur-12438\">Informations compl\u00e8tes et commande en ligne disponible ici.\u00a0<\/a><\/p>\n<p><strong><em>D\u00e9couvrir le droit du travail 2021-2022.\u00a0<\/em><\/strong>L\u2019objectif poursuivi par les auteurs est parfaitement r\u00e9sum\u00e9 dans le titre de l\u2019ouvrage : faire d\u00e9couvrir le droit du travail, apprivoiser cette vaste mati\u00e8re sans en dissimuler la complexit\u00e9. Ils nous proposent une vue g\u00e9n\u00e9rale et compl\u00e8te de la mati\u00e8re afin d\u2019en faciliter la compr\u00e9hension globale.\u00a0Le non-juriste, dans sa (future) pratique professionnelle, a besoin d\u2019acqu\u00e9rir de solides connaissances de base pour se mouvoir dans un environnement de travail entour\u00e9 par le droit social, d\u2019autant plus s\u2019il est amen\u00e9 \u00e0 g\u00e9rer de pr\u00e8s ou de loin du personnel. <a href=\"https:\/\/www.anthemis.be\/shop\/product\/decou21-decouvrir-le-droit-du-travail-2021-2022-12760\">Informations compl\u00e8tes et commande en ligne disponible ici.\u00a0<\/a><\/p>\n<p><strong><em>Le co\u00fbt salarial d\u2019une entreprise 2021.\u00a0<\/em><\/strong>Aujourd\u2019hui plus que jamais, une approche entrepreneuriale moderne peut permettre la mise en place d\u2019outils efficaces pour ma\u00eetriser la masse salariale, tout en tenant compte des contraintes juridiques li\u00e9es \u00e0 la question et des droits et obligations de chaque partie \u00e0 la relation de travail.\u00a0Cet ouvrage aborde de mani\u00e8re concr\u00e8te et d\u00e9taill\u00e9e la probl\u00e9matique du co\u00fbt salarial de l\u2019entreprise sous un angle social et fiscal. <a href=\"https:\/\/www.anthemis.be\/shop\/product\/cousal21-le-cout-salarial-dune-entreprise-2021-12709\">Informations compl\u00e8tes et commande en ligne disponible ici.\u00a0<\/a><\/p>\n<p><strong><em>RH et Managers: d\u00e9crypter et repenser l&rsquo;humain pour faciliter la transformation soci\u00e9tale. \u00a0<\/em><\/strong>Quels sont les impacts des grandes tendances de la soci\u00e9t\u00e9 sur les organisations et les nouveaux d\u00e9fis pour le secteur RH?\u00a0Dans la complexit\u00e9 et l&rsquo;incertitude (pand\u00e9mie, digitalisation, immigrations, d\u00e9mographie&#8230;), nous ne pouvons plus nous r\u00e9f\u00e9rer \u00e0 l&rsquo;Histoire pour apprendre et trouver des solutions. Il nous faut nous tourner vers le futur&#8230; et le pr\u00e9sent. Nous devons apprendre ensemble et maintenant pour construire des solutions viables.\u00a0Ce livre vous entra\u00eene dans un voyage d&rsquo;\u00e9veil \u00e0 vous-m\u00eame, \u00e0 l&rsquo;autre et au monde. <a href=\"https:\/\/www.anthemis.be\/shop\/product\/rhsoc-rh-et-managers-decrypter-et-repenser-l-humain-pour-faciliter-la-transformation-societale-11948\">Informations compl\u00e8tes et commande en ligne disponible ici.<\/a><\/p>\n<p>Profitez de notre offre promotionnelle: \u00e0 l\u2019achat de ces quatre ouvrages, obtenez une r\u00e9duction de 15 % sur le prix total de votre commande en mentionnant cette promotion dans un email adress\u00e9 \u00e0 <a href=\"mailto:kevin.peeters@anthemis.be\">kevin.peeters@anthemis.be<\/a><\/p>\n","protected":false},"excerpt":{"rendered":"<p>Anthemis vous propose une s\u00e9lection d\u2019ouvrages en droit social et ressources humaines. L&rsquo;occasion de d\u00e9velopper vos comp\u00e9tences pratiques et th\u00e9oriques et d&rsquo;obtenir la panoplie du parfait DRH! D\u00e9couvrez ici les contenus de ces nouvelles publications, r\u00e9solument ancr\u00e9es dans la r\u00e9alit\u00e9 [&hellip;]<\/p>\n","protected":false},"author":2,"featured_media":11985,"comment_status":"closed","ping_status":"open","sticky":false,"template":"","format":"standard","meta":[],"categories":[65,10],"tags":[1381,557,3495,3494,3496],"yoast_head":"<!-- This site is optimized with the Yoast SEO plugin v21.0 - https:\/\/yoast.com\/wordpress\/plugins\/seo\/ -->\n<title>Quatre ouvrages \u00e0 d\u00e9couvrir et d\u00e9di\u00e9s \u00e0 la pratique de la gestion des Ressources Humaines et du droit social. - Peoplesphere<\/title>\n<meta name=\"robots\" content=\"index, follow, max-snippet:-1, max-image-preview:large, max-video-preview:-1\" \/>\n<link rel=\"canonical\" href=\"https:\/\/peoplesphere.be\/fr\/quatre-ouvrages-a-decouvrir-dedies-a-pratique-de-gestion-ressources-humaines-droit-social\/\" \/>\n<meta property=\"og:locale\" content=\"fr_FR\" \/>\n<meta property=\"og:type\" content=\"article\" \/>\n<meta property=\"og:title\" content=\"Quatre ouvrages \u00e0 d\u00e9couvrir et d\u00e9di\u00e9s \u00e0 la pratique de la gestion des Ressources Humaines et du droit social. - Peoplesphere\" \/>\n<meta property=\"og:description\" content=\"Anthemis vous propose une s\u00e9lection d\u2019ouvrages en droit social et ressources humaines. L&rsquo;occasion de d\u00e9velopper vos comp\u00e9tences pratiques et th\u00e9oriques et d&rsquo;obtenir la panoplie du parfait DRH! D\u00e9couvrez ici les contenus de ces nouvelles publications, r\u00e9solument ancr\u00e9es dans la r\u00e9alit\u00e9 [&hellip;]\" \/>\n<meta property=\"og:url\" content=\"https:\/\/peoplesphere.be\/fr\/quatre-ouvrages-a-decouvrir-dedies-a-pratique-de-gestion-ressources-humaines-droit-social\/\" \/>\n<meta property=\"og:site_name\" content=\"Peoplesphere\" \/>\n<meta property=\"article:publisher\" content=\"https:\/\/www.facebook.com\/peoplesphere\" \/>\n<meta property=\"article:published_time\" content=\"2021-10-20T06:00:19+00:00\" \/>\n<meta property=\"article:modified_time\" content=\"2021-10-20T06:12:32+00:00\" \/>\n<meta property=\"og:image\" content=\"https:\/\/peoplesphere.be\/fr\/wp-content\/uploads\/2021\/10\/Promotion-PeopleSphere-2021-6000-x-2000-px.png\" \/>\n\t<meta property=\"og:image:width\" content=\"2268\" \/>\n\t<meta property=\"og:image:height\" content=\"756\" \/>\n\t<meta property=\"og:image:type\" content=\"image\/png\" \/>\n<meta name=\"author\" content=\"Jean-Paul Erhard\" \/>\n<meta name=\"twitter:card\" content=\"summary_large_image\" \/>\n<meta name=\"twitter:creator\" content=\"@PeoplesphereMag\" \/>\n<meta name=\"twitter:site\" content=\"@PeoplesphereMag\" \/>\n<meta name=\"twitter:label1\" content=\"\u00c9crit par\" \/>\n\t<meta name=\"twitter:data1\" content=\"Jean-Paul Erhard\" \/>\n\t<meta name=\"twitter:label2\" content=\"Dur\u00e9e de lecture estim\u00e9e\" \/>\n\t<meta name=\"twitter:data2\" content=\"3 minutes\" \/>\n<script type=\"application\/ld+json\" class=\"yoast-schema-graph\">{\"@context\":\"https:\/\/schema.org\",\"@graph\":[{\"@type\":\"Article\",\"@id\":\"https:\/\/peoplesphere.be\/fr\/quatre-ouvrages-a-decouvrir-dedies-a-pratique-de-gestion-ressources-humaines-droit-social\/#article\",\"isPartOf\":{\"@id\":\"https:\/\/peoplesphere.be\/fr\/quatre-ouvrages-a-decouvrir-dedies-a-pratique-de-gestion-ressources-humaines-droit-social\/\"},\"author\":{\"name\":\"Jean-Paul Erhard\",\"@id\":\"https:\/\/peoplesphere.be\/fr\/#\/schema\/person\/7976225ff17988604334abb7b3536a7e\"},\"headline\":\"Quatre ouvrages \u00e0 d\u00e9couvrir et d\u00e9di\u00e9s \u00e0 la pratique de la gestion des Ressources Humaines et du droit social.\",\"datePublished\":\"2021-10-20T06:00:19+00:00\",\"dateModified\":\"2021-10-20T06:12:32+00:00\",\"mainEntityOfPage\":{\"@id\":\"https:\/\/peoplesphere.be\/fr\/quatre-ouvrages-a-decouvrir-dedies-a-pratique-de-gestion-ressources-humaines-droit-social\/\"},\"wordCount\":527,\"publisher\":{\"@id\":\"https:\/\/peoplesphere.be\/fr\/#organization\"},\"keywords\":[\"co\u00fbt salarial\",\"droit social\",\"entretiens RH\",\"Librairie RH\",\"transformation soci\u00e9tale\"],\"articleSection\":[\"Actualit\u00e9s\",\"Digital\"],\"inLanguage\":\"fr-FR\"},{\"@type\":\"WebPage\",\"@id\":\"https:\/\/peoplesphere.be\/fr\/quatre-ouvrages-a-decouvrir-dedies-a-pratique-de-gestion-ressources-humaines-droit-social\/\",\"url\":\"https:\/\/peoplesphere.be\/fr\/quatre-ouvrages-a-decouvrir-dedies-a-pratique-de-gestion-ressources-humaines-droit-social\/\",\"name\":\"Quatre ouvrages \u00e0 d\u00e9couvrir et d\u00e9di\u00e9s \u00e0 la pratique de la gestion des Ressources Humaines et du droit social. - Peoplesphere\",\"isPartOf\":{\"@id\":\"https:\/\/peoplesphere.be\/fr\/#website\"},\"datePublished\":\"2021-10-20T06:00:19+00:00\",\"dateModified\":\"2021-10-20T06:12:32+00:00\",\"breadcrumb\":{\"@id\":\"https:\/\/peoplesphere.be\/fr\/quatre-ouvrages-a-decouvrir-dedies-a-pratique-de-gestion-ressources-humaines-droit-social\/#breadcrumb\"},\"inLanguage\":\"fr-FR\",\"potentialAction\":[{\"@type\":\"ReadAction\",\"target\":[\"https:\/\/peoplesphere.be\/fr\/quatre-ouvrages-a-decouvrir-dedies-a-pratique-de-gestion-ressources-humaines-droit-social\/\"]}]},{\"@type\":\"BreadcrumbList\",\"@id\":\"https:\/\/peoplesphere.be\/fr\/quatre-ouvrages-a-decouvrir-dedies-a-pratique-de-gestion-ressources-humaines-droit-social\/#breadcrumb\",\"itemListElement\":[{\"@type\":\"ListItem\",\"position\":1,\"name\":\"Accueil\",\"item\":\"https:\/\/peoplesphere.be\/fr\/\"},{\"@type\":\"ListItem\",\"position\":2,\"name\":\"Quatre ouvrages \u00e0 d\u00e9couvrir et d\u00e9di\u00e9s \u00e0 la pratique de la gestion des Ressources Humaines et du droit social.\"}]},{\"@type\":\"WebSite\",\"@id\":\"https:\/\/peoplesphere.be\/fr\/#website\",\"url\":\"https:\/\/peoplesphere.be\/fr\/\",\"name\":\"Peoplesphere\",\"description\":\"The People Managers Magazine\",\"publisher\":{\"@id\":\"https:\/\/peoplesphere.be\/fr\/#organization\"},\"potentialAction\":[{\"@type\":\"SearchAction\",\"target\":{\"@type\":\"EntryPoint\",\"urlTemplate\":\"https:\/\/peoplesphere.be\/fr\/?s={search_term_string}\"},\"query-input\":\"required name=search_term_string\"}],\"inLanguage\":\"fr-FR\"},{\"@type\":\"Organization\",\"@id\":\"https:\/\/peoplesphere.be\/fr\/#organization\",\"name\":\"Peoplesphere Company srl\",\"url\":\"https:\/\/peoplesphere.be\/fr\/\",\"logo\":{\"@type\":\"ImageObject\",\"inLanguage\":\"fr-FR\",\"@id\":\"https:\/\/peoplesphere.be\/fr\/#\/schema\/logo\/image\/\",\"url\":\"https:\/\/peoplesphere.be\/fr\/wp-content\/uploads\/2023\/07\/peoplesphere-lgo-new-generik.jpg\",\"contentUrl\":\"https:\/\/peoplesphere.be\/fr\/wp-content\/uploads\/2023\/07\/peoplesphere-lgo-new-generik.jpg\",\"width\":1031,\"height\":1479,\"caption\":\"Peoplesphere Company srl\"},\"image\":{\"@id\":\"https:\/\/peoplesphere.be\/fr\/#\/schema\/logo\/image\/\"},\"sameAs\":[\"https:\/\/www.facebook.com\/peoplesphere\",\"https:\/\/twitter.com\/PeoplesphereMag\",\"https:\/\/www.linkedin.com\/company\/7587361?trk\",\"http:\/\/youtube.com\/peoplesphere\"]},{\"@type\":\"Person\",\"@id\":\"https:\/\/peoplesphere.be\/fr\/#\/schema\/person\/7976225ff17988604334abb7b3536a7e\",\"name\":\"Jean-Paul Erhard\",\"image\":{\"@type\":\"ImageObject\",\"inLanguage\":\"fr-FR\",\"@id\":\"https:\/\/peoplesphere.be\/fr\/#\/schema\/person\/image\/\",\"url\":\"https:\/\/secure.gravatar.com\/avatar\/f941e681460179738071629a51574930?s=96&d=mm&r=g\",\"contentUrl\":\"https:\/\/secure.gravatar.com\/avatar\/f941e681460179738071629a51574930?s=96&d=mm&r=g\",\"caption\":\"Jean-Paul Erhard\"},\"url\":\"https:\/\/peoplesphere.be\/fr\/author\/jpe\/\"}]}<\/script>\n<!-- \/ Yoast SEO plugin. -->","yoast_head_json":{"title":"Quatre ouvrages \u00e0 d\u00e9couvrir et d\u00e9di\u00e9s \u00e0 la pratique de la gestion des Ressources Humaines et du droit social. - Peoplesphere","robots":{"index":"index","follow":"follow","max-snippet":"max-snippet:-1","max-image-preview":"max-image-preview:large","max-video-preview":"max-video-preview:-1"},"canonical":"https:\/\/peoplesphere.be\/fr\/quatre-ouvrages-a-decouvrir-dedies-a-pratique-de-gestion-ressources-humaines-droit-social\/","og_locale":"fr_FR","og_type":"article","og_title":"Quatre ouvrages \u00e0 d\u00e9couvrir et d\u00e9di\u00e9s \u00e0 la pratique de la gestion des Ressources Humaines et du droit social. - Peoplesphere","og_description":"Anthemis vous propose une s\u00e9lection d\u2019ouvrages en droit social et ressources humaines. L&rsquo;occasion de d\u00e9velopper vos comp\u00e9tences pratiques et th\u00e9oriques et d&rsquo;obtenir la panoplie du parfait DRH! D\u00e9couvrez ici les contenus de ces nouvelles publications, r\u00e9solument ancr\u00e9es dans la r\u00e9alit\u00e9 [&hellip;]","og_url":"https:\/\/peoplesphere.be\/fr\/quatre-ouvrages-a-decouvrir-dedies-a-pratique-de-gestion-ressources-humaines-droit-social\/","og_site_name":"Peoplesphere","article_publisher":"https:\/\/www.facebook.com\/peoplesphere","article_published_time":"2021-10-20T06:00:19+00:00","article_modified_time":"2021-10-20T06:12:32+00:00","og_image":[{"width":2268,"height":756,"url":"https:\/\/peoplesphere.be\/fr\/wp-content\/uploads\/2021\/10\/Promotion-PeopleSphere-2021-6000-x-2000-px.png","type":"image\/png"}],"author":"Jean-Paul Erhard","twitter_card":"summary_large_image","twitter_creator":"@PeoplesphereMag","twitter_site":"@PeoplesphereMag","twitter_misc":{"\u00c9crit par":"Jean-Paul Erhard","Dur\u00e9e de lecture estim\u00e9e":"3 minutes"},"schema":{"@context":"https:\/\/schema.org","@graph":[{"@type":"Article","@id":"https:\/\/peoplesphere.be\/fr\/quatre-ouvrages-a-decouvrir-dedies-a-pratique-de-gestion-ressources-humaines-droit-social\/#article","isPartOf":{"@id":"https:\/\/peoplesphere.be\/fr\/quatre-ouvrages-a-decouvrir-dedies-a-pratique-de-gestion-ressources-humaines-droit-social\/"},"author":{"name":"Jean-Paul Erhard","@id":"https:\/\/peoplesphere.be\/fr\/#\/schema\/person\/7976225ff17988604334abb7b3536a7e"},"headline":"Quatre ouvrages \u00e0 d\u00e9couvrir et d\u00e9di\u00e9s \u00e0 la pratique de la gestion des Ressources Humaines et du droit social.","datePublished":"2021-10-20T06:00:19+00:00","dateModified":"2021-10-20T06:12:32+00:00","mainEntityOfPage":{"@id":"https:\/\/peoplesphere.be\/fr\/quatre-ouvrages-a-decouvrir-dedies-a-pratique-de-gestion-ressources-humaines-droit-social\/"},"wordCount":527,"publisher":{"@id":"https:\/\/peoplesphere.be\/fr\/#organization"},"keywords":["co\u00fbt salarial","droit social","entretiens RH","Librairie RH","transformation soci\u00e9tale"],"articleSection":["Actualit\u00e9s","Digital"],"inLanguage":"fr-FR"},{"@type":"WebPage","@id":"https:\/\/peoplesphere.be\/fr\/quatre-ouvrages-a-decouvrir-dedies-a-pratique-de-gestion-ressources-humaines-droit-social\/","url":"https:\/\/peoplesphere.be\/fr\/quatre-ouvrages-a-decouvrir-dedies-a-pratique-de-gestion-ressources-humaines-droit-social\/","name":"Quatre ouvrages \u00e0 d\u00e9couvrir et d\u00e9di\u00e9s \u00e0 la pratique de la gestion des Ressources Humaines et du droit social. - Peoplesphere","isPartOf":{"@id":"https:\/\/peoplesphere.be\/fr\/#website"},"datePublished":"2021-10-20T06:00:19+00:00","dateModified":"2021-10-20T06:12:32+00:00","breadcrumb":{"@id":"https:\/\/peoplesphere.be\/fr\/quatre-ouvrages-a-decouvrir-dedies-a-pratique-de-gestion-ressources-humaines-droit-social\/#breadcrumb"},"inLanguage":"fr-FR","potentialAction":[{"@type":"ReadAction","target":["https:\/\/peoplesphere.be\/fr\/quatre-ouvrages-a-decouvrir-dedies-a-pratique-de-gestion-ressources-humaines-droit-social\/"]}]},{"@type":"BreadcrumbList","@id":"https:\/\/peoplesphere.be\/fr\/quatre-ouvrages-a-decouvrir-dedies-a-pratique-de-gestion-ressources-humaines-droit-social\/#breadcrumb","itemListElement":[{"@type":"ListItem","position":1,"name":"Accueil","item":"https:\/\/peoplesphere.be\/fr\/"},{"@type":"ListItem","position":2,"name":"Quatre ouvrages \u00e0 d\u00e9couvrir et d\u00e9di\u00e9s \u00e0 la pratique de la gestion des Ressources Humaines et du droit social."}]},{"@type":"WebSite","@id":"https:\/\/peoplesphere.be\/fr\/#website","url":"https:\/\/peoplesphere.be\/fr\/","name":"Peoplesphere","description":"The People Managers Magazine","publisher":{"@id":"https:\/\/peoplesphere.be\/fr\/#organization"},"potentialAction":[{"@type":"SearchAction","target":{"@type":"EntryPoint","urlTemplate":"https:\/\/peoplesphere.be\/fr\/?s={search_term_string}"},"query-input":"required name=search_term_string"}],"inLanguage":"fr-FR"},{"@type":"Organization","@id":"https:\/\/peoplesphere.be\/fr\/#organization","name":"Peoplesphere Company srl","url":"https:\/\/peoplesphere.be\/fr\/","logo":{"@type":"ImageObject","inLanguage":"fr-FR","@id":"https:\/\/peoplesphere.be\/fr\/#\/schema\/logo\/image\/","url":"https:\/\/peoplesphere.be\/fr\/wp-content\/uploads\/2023\/07\/peoplesphere-lgo-new-generik.jpg","contentUrl":"https:\/\/peoplesphere.be\/fr\/wp-content\/uploads\/2023\/07\/peoplesphere-lgo-new-generik.jpg","width":1031,"height":1479,"caption":"Peoplesphere Company srl"},"image":{"@id":"https:\/\/peoplesphere.be\/fr\/#\/schema\/logo\/image\/"},"sameAs":["https:\/\/www.facebook.com\/peoplesphere","https:\/\/twitter.com\/PeoplesphereMag","https:\/\/www.linkedin.com\/company\/7587361?trk","http:\/\/youtube.com\/peoplesphere"]},{"@type":"Person","@id":"https:\/\/peoplesphere.be\/fr\/#\/schema\/person\/7976225ff17988604334abb7b3536a7e","name":"Jean-Paul Erhard","image":{"@type":"ImageObject","inLanguage":"fr-FR","@id":"https:\/\/peoplesphere.be\/fr\/#\/schema\/person\/image\/","url":"https:\/\/secure.gravatar.com\/avatar\/f941e681460179738071629a51574930?s=96&d=mm&r=g","contentUrl":"https:\/\/secure.gravatar.com\/avatar\/f941e681460179738071629a51574930?s=96&d=mm&r=g","caption":"Jean-Paul Erhard"},"url":"https:\/\/peoplesphere.be\/fr\/author\/jpe\/"}]}},"_links":{"self":[{"href":"https:\/\/peoplesphere.be\/fr\/wp-json\/wp\/v2\/posts\/11983"}],"collection":[{"href":"https:\/\/peoplesphere.be\/fr\/wp-json\/wp\/v2\/posts"}],"about":[{"href":"https:\/\/peoplesphere.be\/fr\/wp-json\/wp\/v2\/types\/post"}],"author":[{"embeddable":true,"href":"https:\/\/peoplesphere.be\/fr\/wp-json\/wp\/v2\/users\/2"}],"replies":[{"embeddable":true,"href":"https:\/\/peoplesphere.be\/fr\/wp-json\/wp\/v2\/comments?post=11983"}],"version-history":[{"count":2,"href":"https:\/\/peoplesphere.be\/fr\/wp-json\/wp\/v2\/posts\/11983\/revisions"}],"predecessor-version":[{"id":11987,"href":"https:\/\/peoplesphere.be\/fr\/wp-json\/wp\/v2\/posts\/11983\/revisions\/11987"}],"wp:featuredmedia":[{"embeddable":true,"href":"https:\/\/peoplesphere.be\/fr\/wp-json\/wp\/v2\/media\/11985"}],"wp:attachment":[{"href":"https:\/\/peoplesphere.be\/fr\/wp-json\/wp\/v2\/media?parent=11983"}],"wp:term":[{"taxonomy":"category","embeddable":true,"href":"https:\/\/peoplesphere.be\/fr\/wp-json\/wp\/v2\/categories?post=11983"},{"taxonomy":"post_tag","embeddable":true,"href":"https:\/\/peoplesphere.be\/fr\/wp-json\/wp\/v2\/tags?post=11983"}],"curies":[{"name":"wp","href":"https:\/\/api.w.org\/{rel}","templated":true}]}}