









{"id":11991,"date":"2021-10-20T18:23:48","date_gmt":"2021-10-20T16:23:48","guid":{"rendered":"https:\/\/peoplesphere.be\/fr\/?p=11991"},"modified":"2021-10-20T18:23:48","modified_gmt":"2021-10-20T16:23:48","slug":"laction-collective-travailleurs-dont-droit-de-greve-menacee-recentes-decisions-de-justice","status":"publish","type":"post","link":"https:\/\/peoplesphere.be\/fr\/laction-collective-travailleurs-dont-droit-de-greve-menacee-recentes-decisions-de-justice\/","title":{"rendered":"L&rsquo;action collective des travailleurs (dont le droit de gr\u00e8ve) est-elle menac\u00e9e par les r\u00e9centes d\u00e9cisions de justice?"},"content":{"rendered":"<p>La CSC a pris acte de la d\u00e9cision de justice tomb\u00e9e cette semaine suite \u00e0 l&rsquo;appel introduit par la FGTB. Le syndicat chr\u00e9tien rappelle qu&rsquo;il est incontestablement en faveur d\u2019une justice ind\u00e9pendante. Et pr\u00e9cise qu&rsquo;il est cependant tr\u00e8s pr\u00e9occup\u00e9 quant \u00e0 l\u2019organisation future d\u2019actions collectives et \u00e0 la mani\u00e8re dont les mouvements sociaux pourront encore faire entendre leur voix \u00e0 l\u2019avenir.<!--more--><\/p>\n<p>La r\u00e9action de la CSC \u00e0 la confirmation de la condamnation des 17 syndicalistes socialistes est mesur\u00e9e et nuanc\u00e9e :<em> \u00ab\u00a0Le droit de gr\u00e8ve fait en effet l\u2019objet d\u2019attaques de plus en plus fortes. C\u2019est le cas avec ce jugement mais \u00e9galement au travers des proc\u00e9dures juridiques intent\u00e9es par les employeurs dans le cadre d\u2019actions sp\u00e9cifiques. Par ailleurs, le service minimum ne cesse de s\u2019\u00e9tendre, comme \u00e0 la SNCB et chez De Lijn, par exemple. Ces \u00e9volutions font peser une lourde menace sur le droit de gr\u00e8ve alors qu\u2019il est le moyen ultime auquel recourent les travailleurs pour exprimer leur m\u00e9contentement ou leurs aspirations.\u00a0<\/em><em>Or, sans action collective, sous quelque forme que ce soit, ce sont des milliers de travailleurs et travailleuses qui se verront priv\u00e9s d\u2019un moyen pour faire valoir leurs droits.<\/em><\/p>\n<p><em>Lors de la derni\u00e8re l\u00e9gislature, de tr\u00e8s nombreuses personnes ont, \u00e0 maintes reprises, manifest\u00e9 leur opposition aux mesures asociales prises par le gouvernement. Gr\u00e2ce \u00e0 ces mobilisations importantes, ces mesures ont pu \u00eatre \u00e9cart\u00e9es.\u00a0<\/em><em>L\u2019action collective est l\u2019un des moyens essentiels dont disposent les citoyens et les citoyennes pour promouvoir leurs droits.<\/em><\/p>\n<p><em>En l\u2019absence de concertation sociale, les organisations syndicales n\u2019ont, comme repr\u00e9sentants des travailleurs, eu d\u2019autre choix que de se mobiliser dans divers types de manifestations pour faire entendre leur voix.\u00a0<\/em><em>Ce droit \u00e0 l\u2019action collective fait partie du syndicalisme de fa\u00e7on intrins\u00e8que. Sans cette libert\u00e9 d\u2019action, il n&rsquo;y a plus de syndicalisme libre et ind\u00e9pendant.\u00a0\u00bb<\/em><\/p>\n","protected":false},"excerpt":{"rendered":"<p>La CSC a pris acte de la d\u00e9cision de justice tomb\u00e9e cette semaine suite \u00e0 l&rsquo;appel introduit par la FGTB. Le syndicat chr\u00e9tien rappelle qu&rsquo;il est incontestablement en faveur d\u2019une justice ind\u00e9pendante. Et pr\u00e9cise qu&rsquo;il est cependant tr\u00e8s pr\u00e9occup\u00e9 quant [&hellip;]<\/p>\n","protected":false},"author":2,"featured_media":0,"comment_status":"closed","ping_status":"open","sticky":false,"template":"","format":"standard","meta":[],"categories":[65,10],"tags":[332,200,405,1186,1475,110],"yoast_head":"<!-- This site is optimized with the Yoast SEO plugin v21.0 - https:\/\/yoast.com\/wordpress\/plugins\/seo\/ -->\n<title>L&#039;action collective des travailleurs (dont le droit de gr\u00e8ve) est-elle menac\u00e9e par les r\u00e9centes d\u00e9cisions de justice? - Peoplesphere<\/title>\n<meta name=\"robots\" content=\"index, follow, max-snippet:-1, max-image-preview:large, max-video-preview:-1\" \/>\n<link rel=\"canonical\" href=\"https:\/\/peoplesphere.be\/fr\/laction-collective-travailleurs-dont-droit-de-greve-menacee-recentes-decisions-de-justice\/\" \/>\n<meta property=\"og:locale\" content=\"fr_FR\" \/>\n<meta property=\"og:type\" content=\"article\" \/>\n<meta property=\"og:title\" content=\"L&#039;action collective des travailleurs (dont le droit de gr\u00e8ve) est-elle menac\u00e9e par les r\u00e9centes d\u00e9cisions de justice? - Peoplesphere\" \/>\n<meta property=\"og:description\" content=\"La CSC a pris acte de la d\u00e9cision de justice tomb\u00e9e cette semaine suite \u00e0 l&rsquo;appel introduit par la FGTB. Le syndicat chr\u00e9tien rappelle qu&rsquo;il est incontestablement en faveur d\u2019une justice ind\u00e9pendante. Et pr\u00e9cise qu&rsquo;il est cependant tr\u00e8s pr\u00e9occup\u00e9 quant [&hellip;]\" \/>\n<meta property=\"og:url\" content=\"https:\/\/peoplesphere.be\/fr\/laction-collective-travailleurs-dont-droit-de-greve-menacee-recentes-decisions-de-justice\/\" \/>\n<meta property=\"og:site_name\" content=\"Peoplesphere\" \/>\n<meta property=\"article:publisher\" content=\"https:\/\/www.facebook.com\/peoplesphere\" \/>\n<meta property=\"article:published_time\" content=\"2021-10-20T16:23:48+00:00\" \/>\n<meta property=\"og:image\" content=\"http:\/\/www.peoplesphere.be\/fr\/wp-content\/uploads\/2016\/07\/facebook-default-posting-1200x628px.jpg\" \/>\n<meta name=\"author\" content=\"Jean-Paul Erhard\" \/>\n<meta name=\"twitter:card\" content=\"summary_large_image\" \/>\n<meta name=\"twitter:creator\" content=\"@PeoplesphereMag\" \/>\n<meta name=\"twitter:site\" content=\"@PeoplesphereMag\" \/>\n<meta name=\"twitter:label1\" content=\"\u00c9crit par\" \/>\n\t<meta name=\"twitter:data1\" content=\"Jean-Paul Erhard\" \/>\n\t<meta name=\"twitter:label2\" content=\"Dur\u00e9e de lecture estim\u00e9e\" \/>\n\t<meta name=\"twitter:data2\" content=\"2 minutes\" \/>\n<script type=\"application\/ld+json\" class=\"yoast-schema-graph\">{\"@context\":\"https:\/\/schema.org\",\"@graph\":[{\"@type\":\"Article\",\"@id\":\"https:\/\/peoplesphere.be\/fr\/laction-collective-travailleurs-dont-droit-de-greve-menacee-recentes-decisions-de-justice\/#article\",\"isPartOf\":{\"@id\":\"https:\/\/peoplesphere.be\/fr\/laction-collective-travailleurs-dont-droit-de-greve-menacee-recentes-decisions-de-justice\/\"},\"author\":{\"name\":\"Jean-Paul Erhard\",\"@id\":\"https:\/\/peoplesphere.be\/fr\/#\/schema\/person\/7976225ff17988604334abb7b3536a7e\"},\"headline\":\"L&rsquo;action collective des travailleurs (dont le droit de gr\u00e8ve) est-elle menac\u00e9e par les r\u00e9centes d\u00e9cisions de justice?\",\"datePublished\":\"2021-10-20T16:23:48+00:00\",\"dateModified\":\"2021-10-20T16:23:48+00:00\",\"mainEntityOfPage\":{\"@id\":\"https:\/\/peoplesphere.be\/fr\/laction-collective-travailleurs-dont-droit-de-greve-menacee-recentes-decisions-de-justice\/\"},\"wordCount\":356,\"publisher\":{\"@id\":\"https:\/\/peoplesphere.be\/fr\/#organization\"},\"keywords\":[\"concertation sociale\",\"CSC\",\"droit de gr\u00e8ve\",\"FGTB\",\"jurisprudence\",\"syndicats\"],\"articleSection\":[\"Actualit\u00e9s\",\"Digital\"],\"inLanguage\":\"fr-FR\"},{\"@type\":\"WebPage\",\"@id\":\"https:\/\/peoplesphere.be\/fr\/laction-collective-travailleurs-dont-droit-de-greve-menacee-recentes-decisions-de-justice\/\",\"url\":\"https:\/\/peoplesphere.be\/fr\/laction-collective-travailleurs-dont-droit-de-greve-menacee-recentes-decisions-de-justice\/\",\"name\":\"L'action collective des travailleurs (dont le droit de gr\u00e8ve) est-elle menac\u00e9e par les r\u00e9centes d\u00e9cisions de justice? - Peoplesphere\",\"isPartOf\":{\"@id\":\"https:\/\/peoplesphere.be\/fr\/#website\"},\"datePublished\":\"2021-10-20T16:23:48+00:00\",\"dateModified\":\"2021-10-20T16:23:48+00:00\",\"breadcrumb\":{\"@id\":\"https:\/\/peoplesphere.be\/fr\/laction-collective-travailleurs-dont-droit-de-greve-menacee-recentes-decisions-de-justice\/#breadcrumb\"},\"inLanguage\":\"fr-FR\",\"potentialAction\":[{\"@type\":\"ReadAction\",\"target\":[\"https:\/\/peoplesphere.be\/fr\/laction-collective-travailleurs-dont-droit-de-greve-menacee-recentes-decisions-de-justice\/\"]}]},{\"@type\":\"BreadcrumbList\",\"@id\":\"https:\/\/peoplesphere.be\/fr\/laction-collective-travailleurs-dont-droit-de-greve-menacee-recentes-decisions-de-justice\/#breadcrumb\",\"itemListElement\":[{\"@type\":\"ListItem\",\"position\":1,\"name\":\"Accueil\",\"item\":\"https:\/\/peoplesphere.be\/fr\/\"},{\"@type\":\"ListItem\",\"position\":2,\"name\":\"L&rsquo;action collective des travailleurs (dont le droit de gr\u00e8ve) est-elle menac\u00e9e par les r\u00e9centes d\u00e9cisions de justice?\"}]},{\"@type\":\"WebSite\",\"@id\":\"https:\/\/peoplesphere.be\/fr\/#website\",\"url\":\"https:\/\/peoplesphere.be\/fr\/\",\"name\":\"Peoplesphere\",\"description\":\"The People Managers Magazine\",\"publisher\":{\"@id\":\"https:\/\/peoplesphere.be\/fr\/#organization\"},\"potentialAction\":[{\"@type\":\"SearchAction\",\"target\":{\"@type\":\"EntryPoint\",\"urlTemplate\":\"https:\/\/peoplesphere.be\/fr\/?s={search_term_string}\"},\"query-input\":\"required name=search_term_string\"}],\"inLanguage\":\"fr-FR\"},{\"@type\":\"Organization\",\"@id\":\"https:\/\/peoplesphere.be\/fr\/#organization\",\"name\":\"Peoplesphere Company srl\",\"url\":\"https:\/\/peoplesphere.be\/fr\/\",\"logo\":{\"@type\":\"ImageObject\",\"inLanguage\":\"fr-FR\",\"@id\":\"https:\/\/peoplesphere.be\/fr\/#\/schema\/logo\/image\/\",\"url\":\"https:\/\/peoplesphere.be\/fr\/wp-content\/uploads\/2023\/07\/peoplesphere-lgo-new-generik.jpg\",\"contentUrl\":\"https:\/\/peoplesphere.be\/fr\/wp-content\/uploads\/2023\/07\/peoplesphere-lgo-new-generik.jpg\",\"width\":1031,\"height\":1479,\"caption\":\"Peoplesphere Company srl\"},\"image\":{\"@id\":\"https:\/\/peoplesphere.be\/fr\/#\/schema\/logo\/image\/\"},\"sameAs\":[\"https:\/\/www.facebook.com\/peoplesphere\",\"https:\/\/twitter.com\/PeoplesphereMag\",\"https:\/\/www.linkedin.com\/company\/7587361?trk\",\"http:\/\/youtube.com\/peoplesphere\"]},{\"@type\":\"Person\",\"@id\":\"https:\/\/peoplesphere.be\/fr\/#\/schema\/person\/7976225ff17988604334abb7b3536a7e\",\"name\":\"Jean-Paul Erhard\",\"image\":{\"@type\":\"ImageObject\",\"inLanguage\":\"fr-FR\",\"@id\":\"https:\/\/peoplesphere.be\/fr\/#\/schema\/person\/image\/\",\"url\":\"https:\/\/secure.gravatar.com\/avatar\/f941e681460179738071629a51574930?s=96&d=mm&r=g\",\"contentUrl\":\"https:\/\/secure.gravatar.com\/avatar\/f941e681460179738071629a51574930?s=96&d=mm&r=g\",\"caption\":\"Jean-Paul Erhard\"},\"url\":\"https:\/\/peoplesphere.be\/fr\/author\/jpe\/\"}]}<\/script>\n<!-- \/ Yoast SEO plugin. -->","yoast_head_json":{"title":"L'action collective des travailleurs (dont le droit de gr\u00e8ve) est-elle menac\u00e9e par les r\u00e9centes d\u00e9cisions de justice? - Peoplesphere","robots":{"index":"index","follow":"follow","max-snippet":"max-snippet:-1","max-image-preview":"max-image-preview:large","max-video-preview":"max-video-preview:-1"},"canonical":"https:\/\/peoplesphere.be\/fr\/laction-collective-travailleurs-dont-droit-de-greve-menacee-recentes-decisions-de-justice\/","og_locale":"fr_FR","og_type":"article","og_title":"L'action collective des travailleurs (dont le droit de gr\u00e8ve) est-elle menac\u00e9e par les r\u00e9centes d\u00e9cisions de justice? - Peoplesphere","og_description":"La CSC a pris acte de la d\u00e9cision de justice tomb\u00e9e cette semaine suite \u00e0 l&rsquo;appel introduit par la FGTB. Le syndicat chr\u00e9tien rappelle qu&rsquo;il est incontestablement en faveur d\u2019une justice ind\u00e9pendante. Et pr\u00e9cise qu&rsquo;il est cependant tr\u00e8s pr\u00e9occup\u00e9 quant [&hellip;]","og_url":"https:\/\/peoplesphere.be\/fr\/laction-collective-travailleurs-dont-droit-de-greve-menacee-recentes-decisions-de-justice\/","og_site_name":"Peoplesphere","article_publisher":"https:\/\/www.facebook.com\/peoplesphere","article_published_time":"2021-10-20T16:23:48+00:00","og_image":[{"url":"http:\/\/www.peoplesphere.be\/fr\/wp-content\/uploads\/2016\/07\/facebook-default-posting-1200x628px.jpg"}],"author":"Jean-Paul Erhard","twitter_card":"summary_large_image","twitter_creator":"@PeoplesphereMag","twitter_site":"@PeoplesphereMag","twitter_misc":{"\u00c9crit par":"Jean-Paul Erhard","Dur\u00e9e de lecture estim\u00e9e":"2 minutes"},"schema":{"@context":"https:\/\/schema.org","@graph":[{"@type":"Article","@id":"https:\/\/peoplesphere.be\/fr\/laction-collective-travailleurs-dont-droit-de-greve-menacee-recentes-decisions-de-justice\/#article","isPartOf":{"@id":"https:\/\/peoplesphere.be\/fr\/laction-collective-travailleurs-dont-droit-de-greve-menacee-recentes-decisions-de-justice\/"},"author":{"name":"Jean-Paul Erhard","@id":"https:\/\/peoplesphere.be\/fr\/#\/schema\/person\/7976225ff17988604334abb7b3536a7e"},"headline":"L&rsquo;action collective des travailleurs (dont le droit de gr\u00e8ve) est-elle menac\u00e9e par les r\u00e9centes d\u00e9cisions de justice?","datePublished":"2021-10-20T16:23:48+00:00","dateModified":"2021-10-20T16:23:48+00:00","mainEntityOfPage":{"@id":"https:\/\/peoplesphere.be\/fr\/laction-collective-travailleurs-dont-droit-de-greve-menacee-recentes-decisions-de-justice\/"},"wordCount":356,"publisher":{"@id":"https:\/\/peoplesphere.be\/fr\/#organization"},"keywords":["concertation sociale","CSC","droit de gr\u00e8ve","FGTB","jurisprudence","syndicats"],"articleSection":["Actualit\u00e9s","Digital"],"inLanguage":"fr-FR"},{"@type":"WebPage","@id":"https:\/\/peoplesphere.be\/fr\/laction-collective-travailleurs-dont-droit-de-greve-menacee-recentes-decisions-de-justice\/","url":"https:\/\/peoplesphere.be\/fr\/laction-collective-travailleurs-dont-droit-de-greve-menacee-recentes-decisions-de-justice\/","name":"L'action collective des travailleurs (dont le droit de gr\u00e8ve) est-elle menac\u00e9e par les r\u00e9centes d\u00e9cisions de justice? - Peoplesphere","isPartOf":{"@id":"https:\/\/peoplesphere.be\/fr\/#website"},"datePublished":"2021-10-20T16:23:48+00:00","dateModified":"2021-10-20T16:23:48+00:00","breadcrumb":{"@id":"https:\/\/peoplesphere.be\/fr\/laction-collective-travailleurs-dont-droit-de-greve-menacee-recentes-decisions-de-justice\/#breadcrumb"},"inLanguage":"fr-FR","potentialAction":[{"@type":"ReadAction","target":["https:\/\/peoplesphere.be\/fr\/laction-collective-travailleurs-dont-droit-de-greve-menacee-recentes-decisions-de-justice\/"]}]},{"@type":"BreadcrumbList","@id":"https:\/\/peoplesphere.be\/fr\/laction-collective-travailleurs-dont-droit-de-greve-menacee-recentes-decisions-de-justice\/#breadcrumb","itemListElement":[{"@type":"ListItem","position":1,"name":"Accueil","item":"https:\/\/peoplesphere.be\/fr\/"},{"@type":"ListItem","position":2,"name":"L&rsquo;action collective des travailleurs (dont le droit de gr\u00e8ve) est-elle menac\u00e9e par les r\u00e9centes d\u00e9cisions de justice?"}]},{"@type":"WebSite","@id":"https:\/\/peoplesphere.be\/fr\/#website","url":"https:\/\/peoplesphere.be\/fr\/","name":"Peoplesphere","description":"The People Managers Magazine","publisher":{"@id":"https:\/\/peoplesphere.be\/fr\/#organization"},"potentialAction":[{"@type":"SearchAction","target":{"@type":"EntryPoint","urlTemplate":"https:\/\/peoplesphere.be\/fr\/?s={search_term_string}"},"query-input":"required name=search_term_string"}],"inLanguage":"fr-FR"},{"@type":"Organization","@id":"https:\/\/peoplesphere.be\/fr\/#organization","name":"Peoplesphere Company srl","url":"https:\/\/peoplesphere.be\/fr\/","logo":{"@type":"ImageObject","inLanguage":"fr-FR","@id":"https:\/\/peoplesphere.be\/fr\/#\/schema\/logo\/image\/","url":"https:\/\/peoplesphere.be\/fr\/wp-content\/uploads\/2023\/07\/peoplesphere-lgo-new-generik.jpg","contentUrl":"https:\/\/peoplesphere.be\/fr\/wp-content\/uploads\/2023\/07\/peoplesphere-lgo-new-generik.jpg","width":1031,"height":1479,"caption":"Peoplesphere Company srl"},"image":{"@id":"https:\/\/peoplesphere.be\/fr\/#\/schema\/logo\/image\/"},"sameAs":["https:\/\/www.facebook.com\/peoplesphere","https:\/\/twitter.com\/PeoplesphereMag","https:\/\/www.linkedin.com\/company\/7587361?trk","http:\/\/youtube.com\/peoplesphere"]},{"@type":"Person","@id":"https:\/\/peoplesphere.be\/fr\/#\/schema\/person\/7976225ff17988604334abb7b3536a7e","name":"Jean-Paul Erhard","image":{"@type":"ImageObject","inLanguage":"fr-FR","@id":"https:\/\/peoplesphere.be\/fr\/#\/schema\/person\/image\/","url":"https:\/\/secure.gravatar.com\/avatar\/f941e681460179738071629a51574930?s=96&d=mm&r=g","contentUrl":"https:\/\/secure.gravatar.com\/avatar\/f941e681460179738071629a51574930?s=96&d=mm&r=g","caption":"Jean-Paul Erhard"},"url":"https:\/\/peoplesphere.be\/fr\/author\/jpe\/"}]}},"_links":{"self":[{"href":"https:\/\/peoplesphere.be\/fr\/wp-json\/wp\/v2\/posts\/11991"}],"collection":[{"href":"https:\/\/peoplesphere.be\/fr\/wp-json\/wp\/v2\/posts"}],"about":[{"href":"https:\/\/peoplesphere.be\/fr\/wp-json\/wp\/v2\/types\/post"}],"author":[{"embeddable":true,"href":"https:\/\/peoplesphere.be\/fr\/wp-json\/wp\/v2\/users\/2"}],"replies":[{"embeddable":true,"href":"https:\/\/peoplesphere.be\/fr\/wp-json\/wp\/v2\/comments?post=11991"}],"version-history":[{"count":1,"href":"https:\/\/peoplesphere.be\/fr\/wp-json\/wp\/v2\/posts\/11991\/revisions"}],"predecessor-version":[{"id":11992,"href":"https:\/\/peoplesphere.be\/fr\/wp-json\/wp\/v2\/posts\/11991\/revisions\/11992"}],"wp:attachment":[{"href":"https:\/\/peoplesphere.be\/fr\/wp-json\/wp\/v2\/media?parent=11991"}],"wp:term":[{"taxonomy":"category","embeddable":true,"href":"https:\/\/peoplesphere.be\/fr\/wp-json\/wp\/v2\/categories?post=11991"},{"taxonomy":"post_tag","embeddable":true,"href":"https:\/\/peoplesphere.be\/fr\/wp-json\/wp\/v2\/tags?post=11991"}],"curies":[{"name":"wp","href":"https:\/\/api.w.org\/{rel}","templated":true}]}}