









{"id":11999,"date":"2021-10-22T15:02:07","date_gmt":"2021-10-22T13:02:07","guid":{"rendered":"https:\/\/peoplesphere.be\/fr\/?p=11999"},"modified":"2021-10-22T15:02:07","modified_gmt":"2021-10-22T13:02:07","slug":"reel-vivier-marche-travail-secteur-energies-renouvelables-aujourdhui-represente-12-millions-demplois-a-travers-monde","status":"publish","type":"post","link":"https:\/\/peoplesphere.be\/fr\/reel-vivier-marche-travail-secteur-energies-renouvelables-aujourdhui-represente-12-millions-demplois-a-travers-monde\/","title":{"rendered":"Un r\u00e9el vivier pour le march\u00e9 du travail, le secteur des \u00e9nergies renouvelables? Aujourd&rsquo;hui, il repr\u00e9sente 12 millions d&#8217;emplois \u00e0 travers le monde."},"content":{"rendered":"<p>Selon la huiti\u00e8me \u00e9dition du rapport <em>\u00c9nergies renouvelables et emplois : Revue annuelle 2021,<\/em> le nombre d&#8217;emplois li\u00e9s aux \u00e9nergies renouvelables dans le monde a atteint 12 millions l\u2019ann\u00e9e derni\u00e8re, contre 11,5 millions en 2019. Le document a \u00e9t\u00e9 publi\u00e9 par l&rsquo;Agence internationale pour les \u00e9nergies renouvelables (IRENA) en collaboration avec l&rsquo;Organisation internationale du travail (OIT). Il souligne le potentiel d&rsquo;une strat\u00e9gie climatique ambitieuse en mati\u00e8re d&#8217;emplois et appelle \u00e0 des politiques globales en faveur d&rsquo;une transition juste.<!--more--><\/p>\n<p>Le rapport confirme que COVID-19 a caus\u00e9 des retards et des perturbations de la cha\u00eene d&rsquo;approvisionnement, dont les r\u00e9percussions sur les emplois varient selon le pays et l&rsquo;utilisation finale, dans les diff\u00e9rents segments de la cha\u00eene de valeur. Alors que le solaire et l&rsquo;\u00e9olien ont continu\u00e9 de dominer la croissance mondiale de l&#8217;emploi dans le secteur des \u00e9nergies renouvelables, \u00e0 raison d&rsquo;un total de 4 millions et 1,25 million d&#8217;emplois respectivement, le segment des biocarburants liquides a diminu\u00e9 \u00e0 mesure que chutait la demande de carburants de transport. Les ventes d&rsquo;\u00e9clairage solaire hors r\u00e9seau ont souffert, mais les entreprises ont r\u00e9ussi \u00e0 limiter les pertes d&#8217;emplois.<\/p>\n<p>En 2020, la Chine repr\u00e9sentait 39 % des emplois li\u00e9s aux \u00e9nergies renouvelables dans le monde, suivie du Br\u00e9sil, de l&rsquo;Inde, des \u00c9tats-Unis d&rsquo;Am\u00e9rique et des membres de l&rsquo;Union europ\u00e9enne. De nombreux autres pays cr\u00e9ent \u00e9galement des emplois dans les \u00e9nergies renouvelables. Tel est le cas du Viet Nam et de la Malaisie, qui sont des exportateurs solaires photovolta\u00efques essentiels ; de l&rsquo;Indon\u00e9sie et de la Colombie, qui poss\u00e8dent de grandes cha\u00eenes d&rsquo;approvisionnement agricoles pour les biocarburants ; et du Mexique et de la F\u00e9d\u00e9ration de Russie, o\u00f9 l&rsquo;\u00e9nergie \u00e9olienne est en pleine croissance. En Afrique subsaharienne, les emplois dans le domaine solaire s&rsquo;accroissent dans plusieurs pays comme le Nigeria, le Togo et l&rsquo;Afrique du Sud.<\/p>\n<p><em>\u00ab\u00a0La capacit\u00e9 des \u00e9nergies renouvelables \u00e0 cr\u00e9er des emplois et \u00e0 atteindre les objectifs climatiques ne fait aucun doute. \u00c0 l&rsquo;approche de la COP26, les gouvernements doivent revoir \u00e0 la hausse leur ambition d&rsquo;atteindre le z\u00e9ro \u00e9mission nette\u00a0\u00bb,<\/em> a d\u00e9clar\u00e9 Francesco la Camera, Directeur g\u00e9n\u00e9ral de l&rsquo;IRENA. <em>\u00ab\u00a0La seule voie possible consiste \u00e0 augmenter les investissements dans une transition juste et inclusive, et en r\u00e9colter tous les avantages socio-\u00e9conomiques tout au long du chemin.\u00a0\u00bb<\/em><\/p>\n<p><em>\u00ab\u00a0Le potentiel des \u00e9nergies renouvelables \u00e0 g\u00e9n\u00e9rer des emplois d\u00e9cents montre clairement que nous n&rsquo;avons pas \u00e0 choisir entre la durabilit\u00e9 environnementale d&rsquo;une part, et la cr\u00e9ation d&#8217;emplois d&rsquo;autre part. Les deux peuvent aller de pair.\u00a0\u00bb<\/em>, a d\u00e9clar\u00e9 le Directeur g\u00e9n\u00e9ral de l&rsquo;OIT, Guy Ryder.<\/p>\n<p>Reconnaissant que les femmes ont davantage souffert de la pand\u00e9mie parce qu&rsquo;elles ont tendance \u00e0 travailler dans des secteurs plus vuln\u00e9rables aux chocs \u00e9conomiques, le rapport souligne l&rsquo;importance d&rsquo;\u00e9tablir une transition juste et de g\u00e9n\u00e9rer des emplois d\u00e9cents pour tous, en veillant \u00e0 la garantie d&rsquo;une r\u00e9mun\u00e9ration ad\u00e9quate, ainsi qu&rsquo;\u00e0 la s\u00e9curit\u00e9 et au respect des droits fondamentaux au travail. Une transition juste doit s&rsquo;accompagner d&rsquo;une main-d&rsquo;\u0153uvre diversifi\u00e9e, garantissant l&rsquo;\u00e9galit\u00e9 des chances pour les femmes et les hommes, avec des parcours de carri\u00e8re ouverts aux jeunes, aux minorit\u00e9s et aux groupes marginalis\u00e9s. Dans un tel contexte, les normes internationales du travail et les accords de n\u00e9gociation collective ont un r\u00f4le essentiel \u00e0 jouer.<\/p>\n<p>La r\u00e9alisation du plein potentiel des \u00e9nergies renouvelables en mati\u00e8re d&#8217;emplois d\u00e9pendra des politiques ambitieuses des entreprises pour conduire la transition \u00e9nerg\u00e9tique dans les d\u00e9cennies \u00e0 venir. Outre le d\u00e9ploiement, l&rsquo;habilitation et l&rsquo;int\u00e9gration de politiques au sein du secteur lui-m\u00eame, il est n\u00e9cessaire de lever les obstacles structurels existant dans l&rsquo;\u00e9conomie tout enti\u00e8re et de minimiser les d\u00e9calages potentiels entre les pertes et les gains d&#8217;emplois pendant la p\u00e9riode de transition.<\/p>\n<p>Les travaux de l&rsquo;IRENA et de l&rsquo;OIT montrent de toute \u00e9vidence que la transition \u00e9nerg\u00e9tique cr\u00e9era plus d&#8217;emplois qu&rsquo;elle n&rsquo;en fera perdre. Un sc\u00e9nario de durabilit\u00e9 \u00e0 l&rsquo;horizon 2030 \u00e9labor\u00e9 par l&rsquo;OIT juge que la cr\u00e9ation de 24 \u00e0 25 millions de nouveaux emplois viendra tr\u00e8s largement compenser les pertes, qui sont estim\u00e9es \u00e0 six ou sept millions d&#8217;emplois. Environ cinq millions de travailleurs allant perdre leur emploi seront en mesure de continuer \u00e0 exercer leur profession dans un autre secteur d&rsquo;activit\u00e9. Les Perspectives pour les transitions \u00e9nerg\u00e9tiques mondiales de l&rsquo;IRENA pr\u00e9voient que le secteur des \u00e9nergies renouvelables pourrait employer 43 millions de personnes d&rsquo;ici 2050.<\/p>\n<p>La perturbation des approvisionnements transfrontaliers caus\u00e9e par les restrictions li\u00e9es \u00e0 la COVID-19 a mis en \u00e9vidence le r\u00f4le important des cha\u00eenes de valeur nationales. Leur renforcement facilitera la cr\u00e9ation d&#8217;emplois et la g\u00e9n\u00e9ration de revenus \u00e0 l&rsquo;\u00e9chelon local, en tirant parti des activit\u00e9s \u00e9conomiques existantes et nouvelles. Les travaux de l&rsquo;IRENA sur l&rsquo;exploitation des cha\u00eenes d&rsquo;approvisionnement locales permettent d&rsquo;identifier les types d&#8217;emplois qui seront n\u00e9cessaires pour soutenir la transition par technologies, segments de la cha\u00eene de valeur et comp\u00e9tences \u00e9ducatives et professionnelles.<\/p>\n<p>Pour cela, il sera n\u00e9cessaire de mettre en \u0153uvre des politiques industrielles en vue de constituer des cha\u00eenes d&rsquo;approvisionnement viables ; des strat\u00e9gies d&rsquo;\u00e9ducation et de formation visant \u00e0 cr\u00e9er une main-d&rsquo;\u0153uvre qualifi\u00e9e ; des mesures actives sur le march\u00e9 du travail destin\u00e9es \u00e0 fournir des services pour l&#8217;emploi ad\u00e9quats ; des mesures de recyclage et de reconversion, ainsi que de protection sociale, pour aider les travailleurs et les communaut\u00e9s qui d\u00e9pendent des combustibles fossiles ; et des strat\u00e9gies d&rsquo;investissement public tendant \u00e0 soutenir le d\u00e9veloppement \u00e9conomique r\u00e9gional et la diversification.<\/p>\n<p><em>Source: Organisation Internationale du Travail<\/em><\/p>\n","protected":false},"excerpt":{"rendered":"<p>Selon la huiti\u00e8me \u00e9dition du rapport \u00c9nergies renouvelables et emplois : Revue annuelle 2021, le nombre d&#8217;emplois li\u00e9s aux \u00e9nergies renouvelables dans le monde a atteint 12 millions l\u2019ann\u00e9e derni\u00e8re, contre 11,5 millions en 2019. Le document a \u00e9t\u00e9 publi\u00e9 [&hellip;]<\/p>\n","protected":false},"author":2,"featured_media":0,"comment_status":"closed","ping_status":"open","sticky":false,"template":"","format":"standard","meta":[],"categories":[65,10],"tags":[823,3498,204,702,584,1376],"yoast_head":"<!-- This site is optimized with the Yoast SEO plugin v21.0 - https:\/\/yoast.com\/wordpress\/plugins\/seo\/ -->\n<title>Un r\u00e9el vivier pour le march\u00e9 du travail, le secteur des \u00e9nergies renouvelables? Aujourd&#039;hui, il repr\u00e9sente 12 millions d&#039;emplois \u00e0 travers le monde. - Peoplesphere<\/title>\n<meta name=\"robots\" content=\"index, follow, max-snippet:-1, max-image-preview:large, max-video-preview:-1\" \/>\n<link rel=\"canonical\" href=\"https:\/\/peoplesphere.be\/fr\/reel-vivier-marche-travail-secteur-energies-renouvelables-aujourdhui-represente-12-millions-demplois-a-travers-monde\/\" \/>\n<meta property=\"og:locale\" content=\"fr_FR\" \/>\n<meta property=\"og:type\" content=\"article\" \/>\n<meta property=\"og:title\" content=\"Un r\u00e9el vivier pour le march\u00e9 du travail, le secteur des \u00e9nergies renouvelables? Aujourd&#039;hui, il repr\u00e9sente 12 millions d&#039;emplois \u00e0 travers le monde. - Peoplesphere\" \/>\n<meta property=\"og:description\" content=\"Selon la huiti\u00e8me \u00e9dition du rapport \u00c9nergies renouvelables et emplois : Revue annuelle 2021, le nombre d&#8217;emplois li\u00e9s aux \u00e9nergies renouvelables dans le monde a atteint 12 millions l\u2019ann\u00e9e derni\u00e8re, contre 11,5 millions en 2019. Le document a \u00e9t\u00e9 publi\u00e9 [&hellip;]\" \/>\n<meta property=\"og:url\" content=\"https:\/\/peoplesphere.be\/fr\/reel-vivier-marche-travail-secteur-energies-renouvelables-aujourdhui-represente-12-millions-demplois-a-travers-monde\/\" \/>\n<meta property=\"og:site_name\" content=\"Peoplesphere\" \/>\n<meta property=\"article:publisher\" content=\"https:\/\/www.facebook.com\/peoplesphere\" \/>\n<meta property=\"article:published_time\" content=\"2021-10-22T13:02:07+00:00\" \/>\n<meta property=\"og:image\" content=\"http:\/\/www.peoplesphere.be\/fr\/wp-content\/uploads\/2016\/07\/facebook-default-posting-1200x628px.jpg\" \/>\n<meta name=\"author\" content=\"Jean-Paul Erhard\" \/>\n<meta name=\"twitter:card\" content=\"summary_large_image\" \/>\n<meta name=\"twitter:creator\" content=\"@PeoplesphereMag\" \/>\n<meta name=\"twitter:site\" content=\"@PeoplesphereMag\" \/>\n<meta name=\"twitter:label1\" content=\"\u00c9crit par\" \/>\n\t<meta name=\"twitter:data1\" content=\"Jean-Paul Erhard\" \/>\n\t<meta name=\"twitter:label2\" content=\"Dur\u00e9e de lecture estim\u00e9e\" \/>\n\t<meta name=\"twitter:data2\" content=\"5 minutes\" \/>\n<script type=\"application\/ld+json\" class=\"yoast-schema-graph\">{\"@context\":\"https:\/\/schema.org\",\"@graph\":[{\"@type\":\"Article\",\"@id\":\"https:\/\/peoplesphere.be\/fr\/reel-vivier-marche-travail-secteur-energies-renouvelables-aujourdhui-represente-12-millions-demplois-a-travers-monde\/#article\",\"isPartOf\":{\"@id\":\"https:\/\/peoplesphere.be\/fr\/reel-vivier-marche-travail-secteur-energies-renouvelables-aujourdhui-represente-12-millions-demplois-a-travers-monde\/\"},\"author\":{\"name\":\"Jean-Paul Erhard\",\"@id\":\"https:\/\/peoplesphere.be\/fr\/#\/schema\/person\/7976225ff17988604334abb7b3536a7e\"},\"headline\":\"Un r\u00e9el vivier pour le march\u00e9 du travail, le secteur des \u00e9nergies renouvelables? Aujourd&rsquo;hui, il repr\u00e9sente 12 millions d&#8217;emplois \u00e0 travers le monde.\",\"datePublished\":\"2021-10-22T13:02:07+00:00\",\"dateModified\":\"2021-10-22T13:02:07+00:00\",\"mainEntityOfPage\":{\"@id\":\"https:\/\/peoplesphere.be\/fr\/reel-vivier-marche-travail-secteur-energies-renouvelables-aujourdhui-represente-12-millions-demplois-a-travers-monde\/\"},\"wordCount\":974,\"publisher\":{\"@id\":\"https:\/\/peoplesphere.be\/fr\/#organization\"},\"keywords\":[\"d\u00e9veloppement durable\",\"\u00e9nergies renouvelables\",\"jobs\",\"march\u00e9 de l'emploi\",\"OIT\",\"Organisation Internationale du Travail\"],\"articleSection\":[\"Actualit\u00e9s\",\"Digital\"],\"inLanguage\":\"fr-FR\"},{\"@type\":\"WebPage\",\"@id\":\"https:\/\/peoplesphere.be\/fr\/reel-vivier-marche-travail-secteur-energies-renouvelables-aujourdhui-represente-12-millions-demplois-a-travers-monde\/\",\"url\":\"https:\/\/peoplesphere.be\/fr\/reel-vivier-marche-travail-secteur-energies-renouvelables-aujourdhui-represente-12-millions-demplois-a-travers-monde\/\",\"name\":\"Un r\u00e9el vivier pour le march\u00e9 du travail, le secteur des \u00e9nergies renouvelables? Aujourd'hui, il repr\u00e9sente 12 millions d'emplois \u00e0 travers le monde. - Peoplesphere\",\"isPartOf\":{\"@id\":\"https:\/\/peoplesphere.be\/fr\/#website\"},\"datePublished\":\"2021-10-22T13:02:07+00:00\",\"dateModified\":\"2021-10-22T13:02:07+00:00\",\"breadcrumb\":{\"@id\":\"https:\/\/peoplesphere.be\/fr\/reel-vivier-marche-travail-secteur-energies-renouvelables-aujourdhui-represente-12-millions-demplois-a-travers-monde\/#breadcrumb\"},\"inLanguage\":\"fr-FR\",\"potentialAction\":[{\"@type\":\"ReadAction\",\"target\":[\"https:\/\/peoplesphere.be\/fr\/reel-vivier-marche-travail-secteur-energies-renouvelables-aujourdhui-represente-12-millions-demplois-a-travers-monde\/\"]}]},{\"@type\":\"BreadcrumbList\",\"@id\":\"https:\/\/peoplesphere.be\/fr\/reel-vivier-marche-travail-secteur-energies-renouvelables-aujourdhui-represente-12-millions-demplois-a-travers-monde\/#breadcrumb\",\"itemListElement\":[{\"@type\":\"ListItem\",\"position\":1,\"name\":\"Accueil\",\"item\":\"https:\/\/peoplesphere.be\/fr\/\"},{\"@type\":\"ListItem\",\"position\":2,\"name\":\"Un r\u00e9el vivier pour le march\u00e9 du travail, le secteur des \u00e9nergies renouvelables? Aujourd&rsquo;hui, il repr\u00e9sente 12 millions d&#8217;emplois \u00e0 travers le monde.\"}]},{\"@type\":\"WebSite\",\"@id\":\"https:\/\/peoplesphere.be\/fr\/#website\",\"url\":\"https:\/\/peoplesphere.be\/fr\/\",\"name\":\"Peoplesphere\",\"description\":\"The People Managers Magazine\",\"publisher\":{\"@id\":\"https:\/\/peoplesphere.be\/fr\/#organization\"},\"potentialAction\":[{\"@type\":\"SearchAction\",\"target\":{\"@type\":\"EntryPoint\",\"urlTemplate\":\"https:\/\/peoplesphere.be\/fr\/?s={search_term_string}\"},\"query-input\":\"required name=search_term_string\"}],\"inLanguage\":\"fr-FR\"},{\"@type\":\"Organization\",\"@id\":\"https:\/\/peoplesphere.be\/fr\/#organization\",\"name\":\"Peoplesphere Company srl\",\"url\":\"https:\/\/peoplesphere.be\/fr\/\",\"logo\":{\"@type\":\"ImageObject\",\"inLanguage\":\"fr-FR\",\"@id\":\"https:\/\/peoplesphere.be\/fr\/#\/schema\/logo\/image\/\",\"url\":\"https:\/\/peoplesphere.be\/fr\/wp-content\/uploads\/2023\/07\/peoplesphere-lgo-new-generik.jpg\",\"contentUrl\":\"https:\/\/peoplesphere.be\/fr\/wp-content\/uploads\/2023\/07\/peoplesphere-lgo-new-generik.jpg\",\"width\":1031,\"height\":1479,\"caption\":\"Peoplesphere Company srl\"},\"image\":{\"@id\":\"https:\/\/peoplesphere.be\/fr\/#\/schema\/logo\/image\/\"},\"sameAs\":[\"https:\/\/www.facebook.com\/peoplesphere\",\"https:\/\/twitter.com\/PeoplesphereMag\",\"https:\/\/www.linkedin.com\/company\/7587361?trk\",\"http:\/\/youtube.com\/peoplesphere\"]},{\"@type\":\"Person\",\"@id\":\"https:\/\/peoplesphere.be\/fr\/#\/schema\/person\/7976225ff17988604334abb7b3536a7e\",\"name\":\"Jean-Paul Erhard\",\"image\":{\"@type\":\"ImageObject\",\"inLanguage\":\"fr-FR\",\"@id\":\"https:\/\/peoplesphere.be\/fr\/#\/schema\/person\/image\/\",\"url\":\"https:\/\/secure.gravatar.com\/avatar\/f941e681460179738071629a51574930?s=96&d=mm&r=g\",\"contentUrl\":\"https:\/\/secure.gravatar.com\/avatar\/f941e681460179738071629a51574930?s=96&d=mm&r=g\",\"caption\":\"Jean-Paul Erhard\"},\"url\":\"https:\/\/peoplesphere.be\/fr\/author\/jpe\/\"}]}<\/script>\n<!-- \/ Yoast SEO plugin. -->","yoast_head_json":{"title":"Un r\u00e9el vivier pour le march\u00e9 du travail, le secteur des \u00e9nergies renouvelables? Aujourd'hui, il repr\u00e9sente 12 millions d'emplois \u00e0 travers le monde. - Peoplesphere","robots":{"index":"index","follow":"follow","max-snippet":"max-snippet:-1","max-image-preview":"max-image-preview:large","max-video-preview":"max-video-preview:-1"},"canonical":"https:\/\/peoplesphere.be\/fr\/reel-vivier-marche-travail-secteur-energies-renouvelables-aujourdhui-represente-12-millions-demplois-a-travers-monde\/","og_locale":"fr_FR","og_type":"article","og_title":"Un r\u00e9el vivier pour le march\u00e9 du travail, le secteur des \u00e9nergies renouvelables? Aujourd'hui, il repr\u00e9sente 12 millions d'emplois \u00e0 travers le monde. - Peoplesphere","og_description":"Selon la huiti\u00e8me \u00e9dition du rapport \u00c9nergies renouvelables et emplois : Revue annuelle 2021, le nombre d&#8217;emplois li\u00e9s aux \u00e9nergies renouvelables dans le monde a atteint 12 millions l\u2019ann\u00e9e derni\u00e8re, contre 11,5 millions en 2019. Le document a \u00e9t\u00e9 publi\u00e9 [&hellip;]","og_url":"https:\/\/peoplesphere.be\/fr\/reel-vivier-marche-travail-secteur-energies-renouvelables-aujourdhui-represente-12-millions-demplois-a-travers-monde\/","og_site_name":"Peoplesphere","article_publisher":"https:\/\/www.facebook.com\/peoplesphere","article_published_time":"2021-10-22T13:02:07+00:00","og_image":[{"url":"http:\/\/www.peoplesphere.be\/fr\/wp-content\/uploads\/2016\/07\/facebook-default-posting-1200x628px.jpg"}],"author":"Jean-Paul Erhard","twitter_card":"summary_large_image","twitter_creator":"@PeoplesphereMag","twitter_site":"@PeoplesphereMag","twitter_misc":{"\u00c9crit par":"Jean-Paul Erhard","Dur\u00e9e de lecture estim\u00e9e":"5 minutes"},"schema":{"@context":"https:\/\/schema.org","@graph":[{"@type":"Article","@id":"https:\/\/peoplesphere.be\/fr\/reel-vivier-marche-travail-secteur-energies-renouvelables-aujourdhui-represente-12-millions-demplois-a-travers-monde\/#article","isPartOf":{"@id":"https:\/\/peoplesphere.be\/fr\/reel-vivier-marche-travail-secteur-energies-renouvelables-aujourdhui-represente-12-millions-demplois-a-travers-monde\/"},"author":{"name":"Jean-Paul Erhard","@id":"https:\/\/peoplesphere.be\/fr\/#\/schema\/person\/7976225ff17988604334abb7b3536a7e"},"headline":"Un r\u00e9el vivier pour le march\u00e9 du travail, le secteur des \u00e9nergies renouvelables? Aujourd&rsquo;hui, il repr\u00e9sente 12 millions d&#8217;emplois \u00e0 travers le monde.","datePublished":"2021-10-22T13:02:07+00:00","dateModified":"2021-10-22T13:02:07+00:00","mainEntityOfPage":{"@id":"https:\/\/peoplesphere.be\/fr\/reel-vivier-marche-travail-secteur-energies-renouvelables-aujourdhui-represente-12-millions-demplois-a-travers-monde\/"},"wordCount":974,"publisher":{"@id":"https:\/\/peoplesphere.be\/fr\/#organization"},"keywords":["d\u00e9veloppement durable","\u00e9nergies renouvelables","jobs","march\u00e9 de l'emploi","OIT","Organisation Internationale du Travail"],"articleSection":["Actualit\u00e9s","Digital"],"inLanguage":"fr-FR"},{"@type":"WebPage","@id":"https:\/\/peoplesphere.be\/fr\/reel-vivier-marche-travail-secteur-energies-renouvelables-aujourdhui-represente-12-millions-demplois-a-travers-monde\/","url":"https:\/\/peoplesphere.be\/fr\/reel-vivier-marche-travail-secteur-energies-renouvelables-aujourdhui-represente-12-millions-demplois-a-travers-monde\/","name":"Un r\u00e9el vivier pour le march\u00e9 du travail, le secteur des \u00e9nergies renouvelables? Aujourd'hui, il repr\u00e9sente 12 millions d'emplois \u00e0 travers le monde. - Peoplesphere","isPartOf":{"@id":"https:\/\/peoplesphere.be\/fr\/#website"},"datePublished":"2021-10-22T13:02:07+00:00","dateModified":"2021-10-22T13:02:07+00:00","breadcrumb":{"@id":"https:\/\/peoplesphere.be\/fr\/reel-vivier-marche-travail-secteur-energies-renouvelables-aujourdhui-represente-12-millions-demplois-a-travers-monde\/#breadcrumb"},"inLanguage":"fr-FR","potentialAction":[{"@type":"ReadAction","target":["https:\/\/peoplesphere.be\/fr\/reel-vivier-marche-travail-secteur-energies-renouvelables-aujourdhui-represente-12-millions-demplois-a-travers-monde\/"]}]},{"@type":"BreadcrumbList","@id":"https:\/\/peoplesphere.be\/fr\/reel-vivier-marche-travail-secteur-energies-renouvelables-aujourdhui-represente-12-millions-demplois-a-travers-monde\/#breadcrumb","itemListElement":[{"@type":"ListItem","position":1,"name":"Accueil","item":"https:\/\/peoplesphere.be\/fr\/"},{"@type":"ListItem","position":2,"name":"Un r\u00e9el vivier pour le march\u00e9 du travail, le secteur des \u00e9nergies renouvelables? Aujourd&rsquo;hui, il repr\u00e9sente 12 millions d&#8217;emplois \u00e0 travers le monde."}]},{"@type":"WebSite","@id":"https:\/\/peoplesphere.be\/fr\/#website","url":"https:\/\/peoplesphere.be\/fr\/","name":"Peoplesphere","description":"The People Managers Magazine","publisher":{"@id":"https:\/\/peoplesphere.be\/fr\/#organization"},"potentialAction":[{"@type":"SearchAction","target":{"@type":"EntryPoint","urlTemplate":"https:\/\/peoplesphere.be\/fr\/?s={search_term_string}"},"query-input":"required name=search_term_string"}],"inLanguage":"fr-FR"},{"@type":"Organization","@id":"https:\/\/peoplesphere.be\/fr\/#organization","name":"Peoplesphere Company srl","url":"https:\/\/peoplesphere.be\/fr\/","logo":{"@type":"ImageObject","inLanguage":"fr-FR","@id":"https:\/\/peoplesphere.be\/fr\/#\/schema\/logo\/image\/","url":"https:\/\/peoplesphere.be\/fr\/wp-content\/uploads\/2023\/07\/peoplesphere-lgo-new-generik.jpg","contentUrl":"https:\/\/peoplesphere.be\/fr\/wp-content\/uploads\/2023\/07\/peoplesphere-lgo-new-generik.jpg","width":1031,"height":1479,"caption":"Peoplesphere Company srl"},"image":{"@id":"https:\/\/peoplesphere.be\/fr\/#\/schema\/logo\/image\/"},"sameAs":["https:\/\/www.facebook.com\/peoplesphere","https:\/\/twitter.com\/PeoplesphereMag","https:\/\/www.linkedin.com\/company\/7587361?trk","http:\/\/youtube.com\/peoplesphere"]},{"@type":"Person","@id":"https:\/\/peoplesphere.be\/fr\/#\/schema\/person\/7976225ff17988604334abb7b3536a7e","name":"Jean-Paul Erhard","image":{"@type":"ImageObject","inLanguage":"fr-FR","@id":"https:\/\/peoplesphere.be\/fr\/#\/schema\/person\/image\/","url":"https:\/\/secure.gravatar.com\/avatar\/f941e681460179738071629a51574930?s=96&d=mm&r=g","contentUrl":"https:\/\/secure.gravatar.com\/avatar\/f941e681460179738071629a51574930?s=96&d=mm&r=g","caption":"Jean-Paul Erhard"},"url":"https:\/\/peoplesphere.be\/fr\/author\/jpe\/"}]}},"_links":{"self":[{"href":"https:\/\/peoplesphere.be\/fr\/wp-json\/wp\/v2\/posts\/11999"}],"collection":[{"href":"https:\/\/peoplesphere.be\/fr\/wp-json\/wp\/v2\/posts"}],"about":[{"href":"https:\/\/peoplesphere.be\/fr\/wp-json\/wp\/v2\/types\/post"}],"author":[{"embeddable":true,"href":"https:\/\/peoplesphere.be\/fr\/wp-json\/wp\/v2\/users\/2"}],"replies":[{"embeddable":true,"href":"https:\/\/peoplesphere.be\/fr\/wp-json\/wp\/v2\/comments?post=11999"}],"version-history":[{"count":1,"href":"https:\/\/peoplesphere.be\/fr\/wp-json\/wp\/v2\/posts\/11999\/revisions"}],"predecessor-version":[{"id":12000,"href":"https:\/\/peoplesphere.be\/fr\/wp-json\/wp\/v2\/posts\/11999\/revisions\/12000"}],"wp:attachment":[{"href":"https:\/\/peoplesphere.be\/fr\/wp-json\/wp\/v2\/media?parent=11999"}],"wp:term":[{"taxonomy":"category","embeddable":true,"href":"https:\/\/peoplesphere.be\/fr\/wp-json\/wp\/v2\/categories?post=11999"},{"taxonomy":"post_tag","embeddable":true,"href":"https:\/\/peoplesphere.be\/fr\/wp-json\/wp\/v2\/tags?post=11999"}],"curies":[{"name":"wp","href":"https:\/\/api.w.org\/{rel}","templated":true}]}}