









{"id":12040,"date":"2021-11-04T09:48:57","date_gmt":"2021-11-04T07:48:57","guid":{"rendered":"https:\/\/peoplesphere.be\/fr\/?p=12040"},"modified":"2021-11-04T09:48:57","modified_gmt":"2021-11-04T07:48:57","slug":"taux-de-chomage-baisse-zone-euro-retour-jeunes-marche-travail-semble-samorcer","status":"publish","type":"post","link":"https:\/\/peoplesphere.be\/fr\/taux-de-chomage-baisse-zone-euro-retour-jeunes-marche-travail-semble-samorcer\/","title":{"rendered":"Taux de ch\u00f4mage en baisse dans la zone Euro: le retour des jeunes sur le march\u00e9 du travail semble s&rsquo;amorcer."},"content":{"rendered":"<p>En septembre 2021, le taux de ch\u00f4mage corrig\u00e9 des variations saisonni\u00e8res de la zone euro \u00e9tait de 7,4%,en baisse par rapport au taux de 7,5% enregistr\u00e9 en ao\u00fbt 2021 et au taux de 8,6% de septembre 2020. Le taux de ch\u00f4mage de l&rsquo;UE \u00e9tait de 6,7% en septembre 2021, en baisse par rapport au taux de 6,9% d\u2019ao\u00fbt 2021 et au taux de 7,7% de septembre 2020.<!--more--><\/p>\n<p>Ces chiffres sont publi\u00e9s par Eurostat, l\u2019office statistique de l\u2019Union europ\u00e9enne. Eurostat estime qu\u2019en septembre 2021, 14,324 millions d\u2019hommes et de femmes \u00e9taient au ch\u00f4mage dans l\u2019UE, dont 12,079 millions dans la zone euro. Par rapport \u00e0 ao\u00fbt 2021, le nombre de ch\u00f4meurs a diminu\u00e9 de 306000 dans l\u2019UE et de 255000 dans la zone euro. Par rapport \u00e0 septembre 2020, le ch\u00f4mage a diminu\u00e9 de 2,054 million dans l&rsquo;UE et de 1,919 million dans la zone euro.<\/p>\n<p><strong><em>Ch\u00f4mage des jeunes<\/em><\/strong><br \/>\nEn septembre 2021, 2,815 millions de jeunes (de moins de 25 ans) \u00e9taient au ch\u00f4mage dans l\u2019UE, dont 2,307 millions dans la zone euro. En septembre 2021, le taux de ch\u00f4mage des jeunes s\u2019est \u00e9tabli \u00e0 15,9% dans l\u2019UE et \u00e0 16,0% dans la zone euro, en baisse par rapport aux taux de 16,1% et 16,3% respectivement enregistr\u00e9s le mois pr\u00e9c\u00e9dent. Par rapport \u00e0 ao\u00fbt 2021, le nombre de jeunes ch\u00f4meurs a diminu\u00e9 de 45000 dans l\u2019UE et de 38000 dans la zone euro. Par rapport \u00e0 septembre 2020, le ch\u00f4mage des jeunes a diminu\u00e9 de 375.000 dans l&rsquo;UE et de 348.000 dans la zone euro.<\/p>\n<p><strong><em>Ch\u00f4mage par sexe<\/em><\/strong><br \/>\nEn septembre 2021, le taux de ch\u00f4mage des femmes s\u2019est \u00e9tabli \u00e0 7,0% dans l\u2019UE, en baisse compar\u00e9 au taux de 7,2% d\u2019ao\u00fbt 2021. Le taux de ch\u00f4mage des hommes \u00e9tait quant \u00e0 lui de 6,5% en septembre 2021, en baisse par rapport \u00e0 6,6% en ao\u00fbt 2021. Dans la zone euro, le taux de ch\u00f4mage des femmes a diminu\u00e9 de 7,9% en ao\u00fbt 2021 \u00e0 7,7%en septembre 2021, tandis que le taux de ch\u00f4mage des hommes a diminu\u00e9 de 7,2% \u00e0 7,1% en septembre 2021.<\/p>\n<p><em>Source: Eurostat<\/em><\/p>\n","protected":false},"excerpt":{"rendered":"<p>En septembre 2021, le taux de ch\u00f4mage corrig\u00e9 des variations saisonni\u00e8res de la zone euro \u00e9tait de 7,4%,en baisse par rapport au taux de 7,5% enregistr\u00e9 en ao\u00fbt 2021 et au taux de 8,6% de septembre 2020. Le taux de [&hellip;]<\/p>\n","protected":false},"author":2,"featured_media":0,"comment_status":"closed","ping_status":"open","sticky":false,"template":"","format":"standard","meta":[],"categories":[65,10],"tags":[305,585,703],"yoast_head":"<!-- This site is optimized with the Yoast SEO plugin v21.0 - https:\/\/yoast.com\/wordpress\/plugins\/seo\/ -->\n<title>Taux de ch\u00f4mage en baisse dans la zone Euro: le retour des jeunes sur le march\u00e9 du travail semble s&#039;amorcer. - Peoplesphere<\/title>\n<meta name=\"robots\" content=\"index, follow, max-snippet:-1, max-image-preview:large, max-video-preview:-1\" \/>\n<link rel=\"canonical\" href=\"https:\/\/peoplesphere.be\/fr\/taux-de-chomage-baisse-zone-euro-retour-jeunes-marche-travail-semble-samorcer\/\" \/>\n<meta property=\"og:locale\" content=\"fr_FR\" \/>\n<meta property=\"og:type\" content=\"article\" \/>\n<meta property=\"og:title\" content=\"Taux de ch\u00f4mage en baisse dans la zone Euro: le retour des jeunes sur le march\u00e9 du travail semble s&#039;amorcer. - Peoplesphere\" \/>\n<meta property=\"og:description\" content=\"En septembre 2021, le taux de ch\u00f4mage corrig\u00e9 des variations saisonni\u00e8res de la zone euro \u00e9tait de 7,4%,en baisse par rapport au taux de 7,5% enregistr\u00e9 en ao\u00fbt 2021 et au taux de 8,6% de septembre 2020. Le taux de [&hellip;]\" \/>\n<meta property=\"og:url\" content=\"https:\/\/peoplesphere.be\/fr\/taux-de-chomage-baisse-zone-euro-retour-jeunes-marche-travail-semble-samorcer\/\" \/>\n<meta property=\"og:site_name\" content=\"Peoplesphere\" \/>\n<meta property=\"article:publisher\" content=\"https:\/\/www.facebook.com\/peoplesphere\" \/>\n<meta property=\"article:published_time\" content=\"2021-11-04T07:48:57+00:00\" \/>\n<meta property=\"og:image\" content=\"http:\/\/www.peoplesphere.be\/fr\/wp-content\/uploads\/2016\/07\/facebook-default-posting-1200x628px.jpg\" \/>\n<meta name=\"author\" content=\"Jean-Paul Erhard\" \/>\n<meta name=\"twitter:card\" content=\"summary_large_image\" \/>\n<meta name=\"twitter:creator\" content=\"@PeoplesphereMag\" \/>\n<meta name=\"twitter:site\" content=\"@PeoplesphereMag\" \/>\n<meta name=\"twitter:label1\" content=\"\u00c9crit par\" \/>\n\t<meta name=\"twitter:data1\" content=\"Jean-Paul Erhard\" \/>\n\t<meta name=\"twitter:label2\" content=\"Dur\u00e9e de lecture estim\u00e9e\" \/>\n\t<meta name=\"twitter:data2\" content=\"2 minutes\" \/>\n<script type=\"application\/ld+json\" class=\"yoast-schema-graph\">{\"@context\":\"https:\/\/schema.org\",\"@graph\":[{\"@type\":\"Article\",\"@id\":\"https:\/\/peoplesphere.be\/fr\/taux-de-chomage-baisse-zone-euro-retour-jeunes-marche-travail-semble-samorcer\/#article\",\"isPartOf\":{\"@id\":\"https:\/\/peoplesphere.be\/fr\/taux-de-chomage-baisse-zone-euro-retour-jeunes-marche-travail-semble-samorcer\/\"},\"author\":{\"name\":\"Jean-Paul Erhard\",\"@id\":\"https:\/\/peoplesphere.be\/fr\/#\/schema\/person\/7976225ff17988604334abb7b3536a7e\"},\"headline\":\"Taux de ch\u00f4mage en baisse dans la zone Euro: le retour des jeunes sur le march\u00e9 du travail semble s&rsquo;amorcer.\",\"datePublished\":\"2021-11-04T07:48:57+00:00\",\"dateModified\":\"2021-11-04T07:48:57+00:00\",\"mainEntityOfPage\":{\"@id\":\"https:\/\/peoplesphere.be\/fr\/taux-de-chomage-baisse-zone-euro-retour-jeunes-marche-travail-semble-samorcer\/\"},\"wordCount\":348,\"publisher\":{\"@id\":\"https:\/\/peoplesphere.be\/fr\/#organization\"},\"keywords\":[\"eurostat\",\"march\u00e9 du travail\",\"taux de ch\u00f4mage\"],\"articleSection\":[\"Actualit\u00e9s\",\"Digital\"],\"inLanguage\":\"fr-FR\"},{\"@type\":\"WebPage\",\"@id\":\"https:\/\/peoplesphere.be\/fr\/taux-de-chomage-baisse-zone-euro-retour-jeunes-marche-travail-semble-samorcer\/\",\"url\":\"https:\/\/peoplesphere.be\/fr\/taux-de-chomage-baisse-zone-euro-retour-jeunes-marche-travail-semble-samorcer\/\",\"name\":\"Taux de ch\u00f4mage en baisse dans la zone Euro: le retour des jeunes sur le march\u00e9 du travail semble s'amorcer. - Peoplesphere\",\"isPartOf\":{\"@id\":\"https:\/\/peoplesphere.be\/fr\/#website\"},\"datePublished\":\"2021-11-04T07:48:57+00:00\",\"dateModified\":\"2021-11-04T07:48:57+00:00\",\"breadcrumb\":{\"@id\":\"https:\/\/peoplesphere.be\/fr\/taux-de-chomage-baisse-zone-euro-retour-jeunes-marche-travail-semble-samorcer\/#breadcrumb\"},\"inLanguage\":\"fr-FR\",\"potentialAction\":[{\"@type\":\"ReadAction\",\"target\":[\"https:\/\/peoplesphere.be\/fr\/taux-de-chomage-baisse-zone-euro-retour-jeunes-marche-travail-semble-samorcer\/\"]}]},{\"@type\":\"BreadcrumbList\",\"@id\":\"https:\/\/peoplesphere.be\/fr\/taux-de-chomage-baisse-zone-euro-retour-jeunes-marche-travail-semble-samorcer\/#breadcrumb\",\"itemListElement\":[{\"@type\":\"ListItem\",\"position\":1,\"name\":\"Accueil\",\"item\":\"https:\/\/peoplesphere.be\/fr\/\"},{\"@type\":\"ListItem\",\"position\":2,\"name\":\"Taux de ch\u00f4mage en baisse dans la zone Euro: le retour des jeunes sur le march\u00e9 du travail semble s&rsquo;amorcer.\"}]},{\"@type\":\"WebSite\",\"@id\":\"https:\/\/peoplesphere.be\/fr\/#website\",\"url\":\"https:\/\/peoplesphere.be\/fr\/\",\"name\":\"Peoplesphere\",\"description\":\"The People Managers Magazine\",\"publisher\":{\"@id\":\"https:\/\/peoplesphere.be\/fr\/#organization\"},\"potentialAction\":[{\"@type\":\"SearchAction\",\"target\":{\"@type\":\"EntryPoint\",\"urlTemplate\":\"https:\/\/peoplesphere.be\/fr\/?s={search_term_string}\"},\"query-input\":\"required name=search_term_string\"}],\"inLanguage\":\"fr-FR\"},{\"@type\":\"Organization\",\"@id\":\"https:\/\/peoplesphere.be\/fr\/#organization\",\"name\":\"Peoplesphere Company srl\",\"url\":\"https:\/\/peoplesphere.be\/fr\/\",\"logo\":{\"@type\":\"ImageObject\",\"inLanguage\":\"fr-FR\",\"@id\":\"https:\/\/peoplesphere.be\/fr\/#\/schema\/logo\/image\/\",\"url\":\"https:\/\/peoplesphere.be\/fr\/wp-content\/uploads\/2023\/07\/peoplesphere-lgo-new-generik.jpg\",\"contentUrl\":\"https:\/\/peoplesphere.be\/fr\/wp-content\/uploads\/2023\/07\/peoplesphere-lgo-new-generik.jpg\",\"width\":1031,\"height\":1479,\"caption\":\"Peoplesphere Company srl\"},\"image\":{\"@id\":\"https:\/\/peoplesphere.be\/fr\/#\/schema\/logo\/image\/\"},\"sameAs\":[\"https:\/\/www.facebook.com\/peoplesphere\",\"https:\/\/twitter.com\/PeoplesphereMag\",\"https:\/\/www.linkedin.com\/company\/7587361?trk\",\"http:\/\/youtube.com\/peoplesphere\"]},{\"@type\":\"Person\",\"@id\":\"https:\/\/peoplesphere.be\/fr\/#\/schema\/person\/7976225ff17988604334abb7b3536a7e\",\"name\":\"Jean-Paul Erhard\",\"image\":{\"@type\":\"ImageObject\",\"inLanguage\":\"fr-FR\",\"@id\":\"https:\/\/peoplesphere.be\/fr\/#\/schema\/person\/image\/\",\"url\":\"https:\/\/secure.gravatar.com\/avatar\/f941e681460179738071629a51574930?s=96&d=mm&r=g\",\"contentUrl\":\"https:\/\/secure.gravatar.com\/avatar\/f941e681460179738071629a51574930?s=96&d=mm&r=g\",\"caption\":\"Jean-Paul Erhard\"},\"url\":\"https:\/\/peoplesphere.be\/fr\/author\/jpe\/\"}]}<\/script>\n<!-- \/ Yoast SEO plugin. -->","yoast_head_json":{"title":"Taux de ch\u00f4mage en baisse dans la zone Euro: le retour des jeunes sur le march\u00e9 du travail semble s'amorcer. - Peoplesphere","robots":{"index":"index","follow":"follow","max-snippet":"max-snippet:-1","max-image-preview":"max-image-preview:large","max-video-preview":"max-video-preview:-1"},"canonical":"https:\/\/peoplesphere.be\/fr\/taux-de-chomage-baisse-zone-euro-retour-jeunes-marche-travail-semble-samorcer\/","og_locale":"fr_FR","og_type":"article","og_title":"Taux de ch\u00f4mage en baisse dans la zone Euro: le retour des jeunes sur le march\u00e9 du travail semble s'amorcer. - Peoplesphere","og_description":"En septembre 2021, le taux de ch\u00f4mage corrig\u00e9 des variations saisonni\u00e8res de la zone euro \u00e9tait de 7,4%,en baisse par rapport au taux de 7,5% enregistr\u00e9 en ao\u00fbt 2021 et au taux de 8,6% de septembre 2020. Le taux de [&hellip;]","og_url":"https:\/\/peoplesphere.be\/fr\/taux-de-chomage-baisse-zone-euro-retour-jeunes-marche-travail-semble-samorcer\/","og_site_name":"Peoplesphere","article_publisher":"https:\/\/www.facebook.com\/peoplesphere","article_published_time":"2021-11-04T07:48:57+00:00","og_image":[{"url":"http:\/\/www.peoplesphere.be\/fr\/wp-content\/uploads\/2016\/07\/facebook-default-posting-1200x628px.jpg"}],"author":"Jean-Paul Erhard","twitter_card":"summary_large_image","twitter_creator":"@PeoplesphereMag","twitter_site":"@PeoplesphereMag","twitter_misc":{"\u00c9crit par":"Jean-Paul Erhard","Dur\u00e9e de lecture estim\u00e9e":"2 minutes"},"schema":{"@context":"https:\/\/schema.org","@graph":[{"@type":"Article","@id":"https:\/\/peoplesphere.be\/fr\/taux-de-chomage-baisse-zone-euro-retour-jeunes-marche-travail-semble-samorcer\/#article","isPartOf":{"@id":"https:\/\/peoplesphere.be\/fr\/taux-de-chomage-baisse-zone-euro-retour-jeunes-marche-travail-semble-samorcer\/"},"author":{"name":"Jean-Paul Erhard","@id":"https:\/\/peoplesphere.be\/fr\/#\/schema\/person\/7976225ff17988604334abb7b3536a7e"},"headline":"Taux de ch\u00f4mage en baisse dans la zone Euro: le retour des jeunes sur le march\u00e9 du travail semble s&rsquo;amorcer.","datePublished":"2021-11-04T07:48:57+00:00","dateModified":"2021-11-04T07:48:57+00:00","mainEntityOfPage":{"@id":"https:\/\/peoplesphere.be\/fr\/taux-de-chomage-baisse-zone-euro-retour-jeunes-marche-travail-semble-samorcer\/"},"wordCount":348,"publisher":{"@id":"https:\/\/peoplesphere.be\/fr\/#organization"},"keywords":["eurostat","march\u00e9 du travail","taux de ch\u00f4mage"],"articleSection":["Actualit\u00e9s","Digital"],"inLanguage":"fr-FR"},{"@type":"WebPage","@id":"https:\/\/peoplesphere.be\/fr\/taux-de-chomage-baisse-zone-euro-retour-jeunes-marche-travail-semble-samorcer\/","url":"https:\/\/peoplesphere.be\/fr\/taux-de-chomage-baisse-zone-euro-retour-jeunes-marche-travail-semble-samorcer\/","name":"Taux de ch\u00f4mage en baisse dans la zone Euro: le retour des jeunes sur le march\u00e9 du travail semble s'amorcer. - Peoplesphere","isPartOf":{"@id":"https:\/\/peoplesphere.be\/fr\/#website"},"datePublished":"2021-11-04T07:48:57+00:00","dateModified":"2021-11-04T07:48:57+00:00","breadcrumb":{"@id":"https:\/\/peoplesphere.be\/fr\/taux-de-chomage-baisse-zone-euro-retour-jeunes-marche-travail-semble-samorcer\/#breadcrumb"},"inLanguage":"fr-FR","potentialAction":[{"@type":"ReadAction","target":["https:\/\/peoplesphere.be\/fr\/taux-de-chomage-baisse-zone-euro-retour-jeunes-marche-travail-semble-samorcer\/"]}]},{"@type":"BreadcrumbList","@id":"https:\/\/peoplesphere.be\/fr\/taux-de-chomage-baisse-zone-euro-retour-jeunes-marche-travail-semble-samorcer\/#breadcrumb","itemListElement":[{"@type":"ListItem","position":1,"name":"Accueil","item":"https:\/\/peoplesphere.be\/fr\/"},{"@type":"ListItem","position":2,"name":"Taux de ch\u00f4mage en baisse dans la zone Euro: le retour des jeunes sur le march\u00e9 du travail semble s&rsquo;amorcer."}]},{"@type":"WebSite","@id":"https:\/\/peoplesphere.be\/fr\/#website","url":"https:\/\/peoplesphere.be\/fr\/","name":"Peoplesphere","description":"The People Managers Magazine","publisher":{"@id":"https:\/\/peoplesphere.be\/fr\/#organization"},"potentialAction":[{"@type":"SearchAction","target":{"@type":"EntryPoint","urlTemplate":"https:\/\/peoplesphere.be\/fr\/?s={search_term_string}"},"query-input":"required name=search_term_string"}],"inLanguage":"fr-FR"},{"@type":"Organization","@id":"https:\/\/peoplesphere.be\/fr\/#organization","name":"Peoplesphere Company srl","url":"https:\/\/peoplesphere.be\/fr\/","logo":{"@type":"ImageObject","inLanguage":"fr-FR","@id":"https:\/\/peoplesphere.be\/fr\/#\/schema\/logo\/image\/","url":"https:\/\/peoplesphere.be\/fr\/wp-content\/uploads\/2023\/07\/peoplesphere-lgo-new-generik.jpg","contentUrl":"https:\/\/peoplesphere.be\/fr\/wp-content\/uploads\/2023\/07\/peoplesphere-lgo-new-generik.jpg","width":1031,"height":1479,"caption":"Peoplesphere Company srl"},"image":{"@id":"https:\/\/peoplesphere.be\/fr\/#\/schema\/logo\/image\/"},"sameAs":["https:\/\/www.facebook.com\/peoplesphere","https:\/\/twitter.com\/PeoplesphereMag","https:\/\/www.linkedin.com\/company\/7587361?trk","http:\/\/youtube.com\/peoplesphere"]},{"@type":"Person","@id":"https:\/\/peoplesphere.be\/fr\/#\/schema\/person\/7976225ff17988604334abb7b3536a7e","name":"Jean-Paul Erhard","image":{"@type":"ImageObject","inLanguage":"fr-FR","@id":"https:\/\/peoplesphere.be\/fr\/#\/schema\/person\/image\/","url":"https:\/\/secure.gravatar.com\/avatar\/f941e681460179738071629a51574930?s=96&d=mm&r=g","contentUrl":"https:\/\/secure.gravatar.com\/avatar\/f941e681460179738071629a51574930?s=96&d=mm&r=g","caption":"Jean-Paul Erhard"},"url":"https:\/\/peoplesphere.be\/fr\/author\/jpe\/"}]}},"_links":{"self":[{"href":"https:\/\/peoplesphere.be\/fr\/wp-json\/wp\/v2\/posts\/12040"}],"collection":[{"href":"https:\/\/peoplesphere.be\/fr\/wp-json\/wp\/v2\/posts"}],"about":[{"href":"https:\/\/peoplesphere.be\/fr\/wp-json\/wp\/v2\/types\/post"}],"author":[{"embeddable":true,"href":"https:\/\/peoplesphere.be\/fr\/wp-json\/wp\/v2\/users\/2"}],"replies":[{"embeddable":true,"href":"https:\/\/peoplesphere.be\/fr\/wp-json\/wp\/v2\/comments?post=12040"}],"version-history":[{"count":1,"href":"https:\/\/peoplesphere.be\/fr\/wp-json\/wp\/v2\/posts\/12040\/revisions"}],"predecessor-version":[{"id":12041,"href":"https:\/\/peoplesphere.be\/fr\/wp-json\/wp\/v2\/posts\/12040\/revisions\/12041"}],"wp:attachment":[{"href":"https:\/\/peoplesphere.be\/fr\/wp-json\/wp\/v2\/media?parent=12040"}],"wp:term":[{"taxonomy":"category","embeddable":true,"href":"https:\/\/peoplesphere.be\/fr\/wp-json\/wp\/v2\/categories?post=12040"},{"taxonomy":"post_tag","embeddable":true,"href":"https:\/\/peoplesphere.be\/fr\/wp-json\/wp\/v2\/tags?post=12040"}],"curies":[{"name":"wp","href":"https:\/\/api.w.org\/{rel}","templated":true}]}}