









{"id":12042,"date":"2021-11-04T11:29:15","date_gmt":"2021-11-04T09:29:15","guid":{"rendered":"https:\/\/peoplesphere.be\/fr\/?p=12042"},"modified":"2021-11-04T11:29:15","modified_gmt":"2021-11-04T09:29:15","slug":"marche-de-lemploi-wallon-voie-de-retablissement-61-doffres-demploi-rapport-a-lannee-derniere","status":"publish","type":"post","link":"https:\/\/peoplesphere.be\/fr\/marche-de-lemploi-wallon-voie-de-retablissement-61-doffres-demploi-rapport-a-lannee-derniere\/","title":{"rendered":"Un march\u00e9 de l&#8217;emploi wallon en voie de r\u00e9tablissement: +61% d&rsquo;offres d&#8217;emploi par rapport \u00e0 l&rsquo;ann\u00e9e derni\u00e8re."},"content":{"rendered":"<p>Pour le huiti\u00e8me mois cons\u00e9cutif, la demande d\u2019emploi diminue en Wallonie \u00e0 un an d\u2019\u00e9cart (-5,8% par rapport \u00e0 l\u2019ann\u00e9e pass\u00e9e), se situant m\u00eame en-dessous de son niveau d\u2019octobre 2019, soit avant le d\u00e9but de la crise sanitaire. Cette baisse s\u2019observe particuli\u00e8rement chez les personnes arriv\u00e9es le plus r\u00e9cemment dans la demande d\u2019emploi. De plus, on observe une forte augmentation du nombre d\u2019opportunit\u00e9s d\u2019emploi : 61% de plus qu\u2019il y a un an.<!--more--><\/p>\n<p>La Wallonie compte 195.949 demandeurs d\u2019emploi inoccup\u00e9s (DEI) \u00e0 fin octobre 2021, dont 120.405 demandeurs d\u2019emploi demandeurs d\u2019allocations (incluant 1.447 personnes en Communaut\u00e9 germanophone) et 36.534 jeunes en stage d\u2019insertion professionnelle (dont 201 en Communaut\u00e9 germanophone). S\u2019y ajoutent 28.482 demandeurs d\u2019emploi inscrits obligatoirement et 10.528 demandeurs d\u2019emploi inscrits librement.<\/p>\n<p>Le taux de la demande d\u2019emploi s\u2019\u00e9l\u00e8ve actuellement \u00e0 12,2 % de la population active wallonne. Il se situe donc en-dessous de son niveau d\u2019octobre 2020 (13 %) et d\u2019octobre 2019 (12,7 %), soit avant le d\u00e9but de la crise sanitaire.<\/p>\n<p><strong><em>11.966 demandeurs d\u2019emploi de moins qu\u2019un an auparavant<\/em><\/strong><\/p>\n<p>\u00c0 la fin du mois d\u2019octobre 2021, la demande d\u2019emploi wallonne comprend 11.966 personnes de moins qu\u2019il y a un an, soit une baisse de 5,8 % par rapport \u00e0 l\u2019ann\u00e9e derni\u00e8re, et m\u00eame de 4 % par rapport \u00e0 fin octobre 2019.<\/p>\n<p>La demande d\u2019emploi diminue \u00e0 nouveau dans toutes les classes d\u2019\u00e2ge, particuli\u00e8rement parmi les personnes \u00e2g\u00e9es de 25 \u00e0 moins de 40 ans (entre &#8211; 6,7 et &#8211; 6,8 %).<\/p>\n<p>Concernant la dur\u00e9e d\u2019inoccupation des personnes, on observe \u00e0 nouveau deux tendances oppos\u00e9es. \u00c0 un an d\u2019\u00e9cart, les personnes le plus r\u00e9cemment arriv\u00e9es dans la demande d\u2019emploi voient toujours leur nombre se r\u00e9duire. La baisse est surtout perceptible au sein du groupe de personnes dont l\u2019inoccupation date de six mois \u00e0 moins d\u2019un an (- 23 %). La diminution est de &#8211; 10 % parmi les demandeurs d\u2019emploi inoccup\u00e9s depuis moins de 6 mois, et autant parmi ceux inoccup\u00e9s depuis un an \u00e0 deux ans. Cependant, \u00e0 l\u2019oppos\u00e9 de cette \u00e9volution globale \u00e0 la baisse, le groupe de DEI comptant deux \u00e0 moins de cinq ans d\u2019inoccupation voit son effectif augmenter de 11,1 % \u00e0 un an d\u2019\u00e9cart.<\/p>\n<p><strong><em>5.848 demandeurs d\u2019emploi de moins par rapport \u00e0 fin septembre 2021<\/em><\/strong><\/p>\n<p>Le nombre de demandeurs d\u2019emploi inoccup\u00e9s a diminu\u00e9 de 2,9 % entre la fin du mois de septembre et la fin de ce mois d\u2019octobre, soit 5.848 personnes de moins qu\u2019un mois auparavant. La rentr\u00e9e est marqu\u00e9e chaque ann\u00e9e par une diminution de la demande d\u2019emploi. Septembre et octobre sont notamment synonymes de premier job pour les jeunes inscrits \u00e0 la sortie de leurs \u00e9tudes durant les mois d\u2019\u00e9t\u00e9.<\/p>\n<p><strong><em>61 % d\u2019offres d\u2019emploi de plus qu\u2019en octobre 2020<\/em><\/strong><\/p>\n<p>En octobre 2021, le Forem a diffus\u00e9 46.373 offres d\u2019emploi, soit 61 % d\u2019opportunit\u00e9s d\u2019emploi suppl\u00e9mentaires par rapport au mois d\u2019octobre 2020, mois durant lequel a d\u00e9but\u00e9 le deuxi\u00e8me confinement. \u00c0 ces offres s\u2019ajoutent les 14.467 offres d\u2019emploi re\u00e7ues d\u2019un autre Service public de l\u2019Emploi.<\/p>\n<p>Presque tous les secteurs d\u2019activit\u00e9 ont exprim\u00e9 des besoins de main-d\u2019\u0153uvre sup\u00e9rieurs \u00e0 ceux d\u2019il y a un an. Les plus fortes croissances en volumes d\u2019opportunit\u00e9s d\u2019emploi (hors autres SPE) \u00e9manent :<\/p>\n<ul>\n<li>de l\u2019industrie manufacturi\u00e8re dans son ensemble (3.332 postes de plus qu\u2019en octobre 2020, soit + 71 %), particuli\u00e8rement port\u00e9e par la hausse des besoins de recrutement dans les industries agroalimentaires (+ 578 postes, soit + 75 %) et l\u2019industrie chimique (+ 497 postes, soit + 82 %) ;<\/li>\n<li>des services aux entreprises, un secteur diversifi\u00e9 comprenant notamment l\u2019immobilier, la location mobili\u00e8re, etc. (+ 2.174 postes, soit + 85 %) ;<\/li>\n<li>du commerce de gros et de d\u00e9tail (+ 1.319 postes, soit + 46 %) ;<\/li>\n<li>du secteur du transport et de l\u2019entreposage (+ 1.196 postes, soit + 79 %) ;<\/li>\n<li>du secteur de la construction (+ 1.056 postes, soit + 41 %) ;<\/li>\n<li>des services collectifs, sociaux et personnels (+ 797 postes, soit + 132 %) ;<\/li>\n<li>de l\u2019Horeca (+ 779 postes, soit + 150 %).<\/li>\n<\/ul>\n<p>Citons encore deux secteurs dans lesquels le nombre de postes \u00e0 pourvoir a connu une forte croissance relative entre octobre 2020 et octobre 2021 :<\/p>\n<ul>\n<li>Le secteur financier a \u00e9mis 75 % d\u2019opportunit\u00e9s d\u2019emploi suppl\u00e9mentaires (+ 502 postes) ;<\/li>\n<li>Le secteur de l\u2019\u00e9nergie (production et distribution d&rsquo;\u00e9lectricit\u00e9, de gaz et d&rsquo;eau) a diffus\u00e9 70 % de postes de plus (+ 353 postes).<\/li>\n<\/ul>\n<p>Seul le secteur de l\u2019\u00e9ducation a notifi\u00e9 16 % d\u2019opportunit\u00e9s d\u2019emploi de moins qu\u2019en octobre de l\u2019an dernier.<\/p>\n<p><em>Source: Forem<\/em><\/p>\n","protected":false},"excerpt":{"rendered":"<p>Pour le huiti\u00e8me mois cons\u00e9cutif, la demande d\u2019emploi diminue en Wallonie \u00e0 un an d\u2019\u00e9cart (-5,8% par rapport \u00e0 l\u2019ann\u00e9e pass\u00e9e), se situant m\u00eame en-dessous de son niveau d\u2019octobre 2019, soit avant le d\u00e9but de la crise sanitaire. Cette baisse [&hellip;]<\/p>\n","protected":false},"author":2,"featured_media":0,"comment_status":"closed","ping_status":"open","sticky":false,"template":"","format":"standard","meta":[],"categories":[65,10],"tags":[331,702,105,3510],"yoast_head":"<!-- This site is optimized with the Yoast SEO plugin v21.0 - https:\/\/yoast.com\/wordpress\/plugins\/seo\/ -->\n<title>Un march\u00e9 de l&#039;emploi wallon en voie de r\u00e9tablissement: +61% d&#039;offres d&#039;emploi par rapport \u00e0 l&#039;ann\u00e9e derni\u00e8re. - Peoplesphere<\/title>\n<meta name=\"robots\" content=\"index, follow, max-snippet:-1, max-image-preview:large, max-video-preview:-1\" \/>\n<link rel=\"canonical\" href=\"https:\/\/peoplesphere.be\/fr\/marche-de-lemploi-wallon-voie-de-retablissement-61-doffres-demploi-rapport-a-lannee-derniere\/\" \/>\n<meta property=\"og:locale\" content=\"fr_FR\" \/>\n<meta property=\"og:type\" content=\"article\" \/>\n<meta property=\"og:title\" content=\"Un march\u00e9 de l&#039;emploi wallon en voie de r\u00e9tablissement: +61% d&#039;offres d&#039;emploi par rapport \u00e0 l&#039;ann\u00e9e derni\u00e8re. - Peoplesphere\" \/>\n<meta property=\"og:description\" content=\"Pour le huiti\u00e8me mois cons\u00e9cutif, la demande d\u2019emploi diminue en Wallonie \u00e0 un an d\u2019\u00e9cart (-5,8% par rapport \u00e0 l\u2019ann\u00e9e pass\u00e9e), se situant m\u00eame en-dessous de son niveau d\u2019octobre 2019, soit avant le d\u00e9but de la crise sanitaire. Cette baisse [&hellip;]\" \/>\n<meta property=\"og:url\" content=\"https:\/\/peoplesphere.be\/fr\/marche-de-lemploi-wallon-voie-de-retablissement-61-doffres-demploi-rapport-a-lannee-derniere\/\" \/>\n<meta property=\"og:site_name\" content=\"Peoplesphere\" \/>\n<meta property=\"article:publisher\" content=\"https:\/\/www.facebook.com\/peoplesphere\" \/>\n<meta property=\"article:published_time\" content=\"2021-11-04T09:29:15+00:00\" \/>\n<meta property=\"og:image\" content=\"http:\/\/www.peoplesphere.be\/fr\/wp-content\/uploads\/2016\/07\/facebook-default-posting-1200x628px.jpg\" \/>\n<meta name=\"author\" content=\"Jean-Paul Erhard\" \/>\n<meta name=\"twitter:card\" content=\"summary_large_image\" \/>\n<meta name=\"twitter:creator\" content=\"@PeoplesphereMag\" \/>\n<meta name=\"twitter:site\" content=\"@PeoplesphereMag\" \/>\n<meta name=\"twitter:label1\" content=\"\u00c9crit par\" \/>\n\t<meta name=\"twitter:data1\" content=\"Jean-Paul Erhard\" \/>\n\t<meta name=\"twitter:label2\" content=\"Dur\u00e9e de lecture estim\u00e9e\" \/>\n\t<meta name=\"twitter:data2\" content=\"4 minutes\" \/>\n<script type=\"application\/ld+json\" class=\"yoast-schema-graph\">{\"@context\":\"https:\/\/schema.org\",\"@graph\":[{\"@type\":\"Article\",\"@id\":\"https:\/\/peoplesphere.be\/fr\/marche-de-lemploi-wallon-voie-de-retablissement-61-doffres-demploi-rapport-a-lannee-derniere\/#article\",\"isPartOf\":{\"@id\":\"https:\/\/peoplesphere.be\/fr\/marche-de-lemploi-wallon-voie-de-retablissement-61-doffres-demploi-rapport-a-lannee-derniere\/\"},\"author\":{\"name\":\"Jean-Paul Erhard\",\"@id\":\"https:\/\/peoplesphere.be\/fr\/#\/schema\/person\/7976225ff17988604334abb7b3536a7e\"},\"headline\":\"Un march\u00e9 de l&#8217;emploi wallon en voie de r\u00e9tablissement: +61% d&rsquo;offres d&#8217;emploi par rapport \u00e0 l&rsquo;ann\u00e9e derni\u00e8re.\",\"datePublished\":\"2021-11-04T09:29:15+00:00\",\"dateModified\":\"2021-11-04T09:29:15+00:00\",\"mainEntityOfPage\":{\"@id\":\"https:\/\/peoplesphere.be\/fr\/marche-de-lemploi-wallon-voie-de-retablissement-61-doffres-demploi-rapport-a-lannee-derniere\/\"},\"wordCount\":741,\"publisher\":{\"@id\":\"https:\/\/peoplesphere.be\/fr\/#organization\"},\"keywords\":[\"forem\",\"march\u00e9 de l'emploi\",\"offres d'emploi\",\"tau de ch\u00f4mage\"],\"articleSection\":[\"Actualit\u00e9s\",\"Digital\"],\"inLanguage\":\"fr-FR\"},{\"@type\":\"WebPage\",\"@id\":\"https:\/\/peoplesphere.be\/fr\/marche-de-lemploi-wallon-voie-de-retablissement-61-doffres-demploi-rapport-a-lannee-derniere\/\",\"url\":\"https:\/\/peoplesphere.be\/fr\/marche-de-lemploi-wallon-voie-de-retablissement-61-doffres-demploi-rapport-a-lannee-derniere\/\",\"name\":\"Un march\u00e9 de l'emploi wallon en voie de r\u00e9tablissement: +61% d'offres d'emploi par rapport \u00e0 l'ann\u00e9e derni\u00e8re. - Peoplesphere\",\"isPartOf\":{\"@id\":\"https:\/\/peoplesphere.be\/fr\/#website\"},\"datePublished\":\"2021-11-04T09:29:15+00:00\",\"dateModified\":\"2021-11-04T09:29:15+00:00\",\"breadcrumb\":{\"@id\":\"https:\/\/peoplesphere.be\/fr\/marche-de-lemploi-wallon-voie-de-retablissement-61-doffres-demploi-rapport-a-lannee-derniere\/#breadcrumb\"},\"inLanguage\":\"fr-FR\",\"potentialAction\":[{\"@type\":\"ReadAction\",\"target\":[\"https:\/\/peoplesphere.be\/fr\/marche-de-lemploi-wallon-voie-de-retablissement-61-doffres-demploi-rapport-a-lannee-derniere\/\"]}]},{\"@type\":\"BreadcrumbList\",\"@id\":\"https:\/\/peoplesphere.be\/fr\/marche-de-lemploi-wallon-voie-de-retablissement-61-doffres-demploi-rapport-a-lannee-derniere\/#breadcrumb\",\"itemListElement\":[{\"@type\":\"ListItem\",\"position\":1,\"name\":\"Accueil\",\"item\":\"https:\/\/peoplesphere.be\/fr\/\"},{\"@type\":\"ListItem\",\"position\":2,\"name\":\"Un march\u00e9 de l&#8217;emploi wallon en voie de r\u00e9tablissement: +61% d&rsquo;offres d&#8217;emploi par rapport \u00e0 l&rsquo;ann\u00e9e derni\u00e8re.\"}]},{\"@type\":\"WebSite\",\"@id\":\"https:\/\/peoplesphere.be\/fr\/#website\",\"url\":\"https:\/\/peoplesphere.be\/fr\/\",\"name\":\"Peoplesphere\",\"description\":\"The People Managers Magazine\",\"publisher\":{\"@id\":\"https:\/\/peoplesphere.be\/fr\/#organization\"},\"potentialAction\":[{\"@type\":\"SearchAction\",\"target\":{\"@type\":\"EntryPoint\",\"urlTemplate\":\"https:\/\/peoplesphere.be\/fr\/?s={search_term_string}\"},\"query-input\":\"required name=search_term_string\"}],\"inLanguage\":\"fr-FR\"},{\"@type\":\"Organization\",\"@id\":\"https:\/\/peoplesphere.be\/fr\/#organization\",\"name\":\"Peoplesphere Company srl\",\"url\":\"https:\/\/peoplesphere.be\/fr\/\",\"logo\":{\"@type\":\"ImageObject\",\"inLanguage\":\"fr-FR\",\"@id\":\"https:\/\/peoplesphere.be\/fr\/#\/schema\/logo\/image\/\",\"url\":\"https:\/\/peoplesphere.be\/fr\/wp-content\/uploads\/2023\/07\/peoplesphere-lgo-new-generik.jpg\",\"contentUrl\":\"https:\/\/peoplesphere.be\/fr\/wp-content\/uploads\/2023\/07\/peoplesphere-lgo-new-generik.jpg\",\"width\":1031,\"height\":1479,\"caption\":\"Peoplesphere Company srl\"},\"image\":{\"@id\":\"https:\/\/peoplesphere.be\/fr\/#\/schema\/logo\/image\/\"},\"sameAs\":[\"https:\/\/www.facebook.com\/peoplesphere\",\"https:\/\/twitter.com\/PeoplesphereMag\",\"https:\/\/www.linkedin.com\/company\/7587361?trk\",\"http:\/\/youtube.com\/peoplesphere\"]},{\"@type\":\"Person\",\"@id\":\"https:\/\/peoplesphere.be\/fr\/#\/schema\/person\/7976225ff17988604334abb7b3536a7e\",\"name\":\"Jean-Paul Erhard\",\"image\":{\"@type\":\"ImageObject\",\"inLanguage\":\"fr-FR\",\"@id\":\"https:\/\/peoplesphere.be\/fr\/#\/schema\/person\/image\/\",\"url\":\"https:\/\/secure.gravatar.com\/avatar\/f941e681460179738071629a51574930?s=96&d=mm&r=g\",\"contentUrl\":\"https:\/\/secure.gravatar.com\/avatar\/f941e681460179738071629a51574930?s=96&d=mm&r=g\",\"caption\":\"Jean-Paul Erhard\"},\"url\":\"https:\/\/peoplesphere.be\/fr\/author\/jpe\/\"}]}<\/script>\n<!-- \/ Yoast SEO plugin. -->","yoast_head_json":{"title":"Un march\u00e9 de l'emploi wallon en voie de r\u00e9tablissement: +61% d'offres d'emploi par rapport \u00e0 l'ann\u00e9e derni\u00e8re. - Peoplesphere","robots":{"index":"index","follow":"follow","max-snippet":"max-snippet:-1","max-image-preview":"max-image-preview:large","max-video-preview":"max-video-preview:-1"},"canonical":"https:\/\/peoplesphere.be\/fr\/marche-de-lemploi-wallon-voie-de-retablissement-61-doffres-demploi-rapport-a-lannee-derniere\/","og_locale":"fr_FR","og_type":"article","og_title":"Un march\u00e9 de l'emploi wallon en voie de r\u00e9tablissement: +61% d'offres d'emploi par rapport \u00e0 l'ann\u00e9e derni\u00e8re. - Peoplesphere","og_description":"Pour le huiti\u00e8me mois cons\u00e9cutif, la demande d\u2019emploi diminue en Wallonie \u00e0 un an d\u2019\u00e9cart (-5,8% par rapport \u00e0 l\u2019ann\u00e9e pass\u00e9e), se situant m\u00eame en-dessous de son niveau d\u2019octobre 2019, soit avant le d\u00e9but de la crise sanitaire. Cette baisse [&hellip;]","og_url":"https:\/\/peoplesphere.be\/fr\/marche-de-lemploi-wallon-voie-de-retablissement-61-doffres-demploi-rapport-a-lannee-derniere\/","og_site_name":"Peoplesphere","article_publisher":"https:\/\/www.facebook.com\/peoplesphere","article_published_time":"2021-11-04T09:29:15+00:00","og_image":[{"url":"http:\/\/www.peoplesphere.be\/fr\/wp-content\/uploads\/2016\/07\/facebook-default-posting-1200x628px.jpg"}],"author":"Jean-Paul Erhard","twitter_card":"summary_large_image","twitter_creator":"@PeoplesphereMag","twitter_site":"@PeoplesphereMag","twitter_misc":{"\u00c9crit par":"Jean-Paul Erhard","Dur\u00e9e de lecture estim\u00e9e":"4 minutes"},"schema":{"@context":"https:\/\/schema.org","@graph":[{"@type":"Article","@id":"https:\/\/peoplesphere.be\/fr\/marche-de-lemploi-wallon-voie-de-retablissement-61-doffres-demploi-rapport-a-lannee-derniere\/#article","isPartOf":{"@id":"https:\/\/peoplesphere.be\/fr\/marche-de-lemploi-wallon-voie-de-retablissement-61-doffres-demploi-rapport-a-lannee-derniere\/"},"author":{"name":"Jean-Paul Erhard","@id":"https:\/\/peoplesphere.be\/fr\/#\/schema\/person\/7976225ff17988604334abb7b3536a7e"},"headline":"Un march\u00e9 de l&#8217;emploi wallon en voie de r\u00e9tablissement: +61% d&rsquo;offres d&#8217;emploi par rapport \u00e0 l&rsquo;ann\u00e9e derni\u00e8re.","datePublished":"2021-11-04T09:29:15+00:00","dateModified":"2021-11-04T09:29:15+00:00","mainEntityOfPage":{"@id":"https:\/\/peoplesphere.be\/fr\/marche-de-lemploi-wallon-voie-de-retablissement-61-doffres-demploi-rapport-a-lannee-derniere\/"},"wordCount":741,"publisher":{"@id":"https:\/\/peoplesphere.be\/fr\/#organization"},"keywords":["forem","march\u00e9 de l'emploi","offres d'emploi","tau de ch\u00f4mage"],"articleSection":["Actualit\u00e9s","Digital"],"inLanguage":"fr-FR"},{"@type":"WebPage","@id":"https:\/\/peoplesphere.be\/fr\/marche-de-lemploi-wallon-voie-de-retablissement-61-doffres-demploi-rapport-a-lannee-derniere\/","url":"https:\/\/peoplesphere.be\/fr\/marche-de-lemploi-wallon-voie-de-retablissement-61-doffres-demploi-rapport-a-lannee-derniere\/","name":"Un march\u00e9 de l'emploi wallon en voie de r\u00e9tablissement: +61% d'offres d'emploi par rapport \u00e0 l'ann\u00e9e derni\u00e8re. - Peoplesphere","isPartOf":{"@id":"https:\/\/peoplesphere.be\/fr\/#website"},"datePublished":"2021-11-04T09:29:15+00:00","dateModified":"2021-11-04T09:29:15+00:00","breadcrumb":{"@id":"https:\/\/peoplesphere.be\/fr\/marche-de-lemploi-wallon-voie-de-retablissement-61-doffres-demploi-rapport-a-lannee-derniere\/#breadcrumb"},"inLanguage":"fr-FR","potentialAction":[{"@type":"ReadAction","target":["https:\/\/peoplesphere.be\/fr\/marche-de-lemploi-wallon-voie-de-retablissement-61-doffres-demploi-rapport-a-lannee-derniere\/"]}]},{"@type":"BreadcrumbList","@id":"https:\/\/peoplesphere.be\/fr\/marche-de-lemploi-wallon-voie-de-retablissement-61-doffres-demploi-rapport-a-lannee-derniere\/#breadcrumb","itemListElement":[{"@type":"ListItem","position":1,"name":"Accueil","item":"https:\/\/peoplesphere.be\/fr\/"},{"@type":"ListItem","position":2,"name":"Un march\u00e9 de l&#8217;emploi wallon en voie de r\u00e9tablissement: +61% d&rsquo;offres d&#8217;emploi par rapport \u00e0 l&rsquo;ann\u00e9e derni\u00e8re."}]},{"@type":"WebSite","@id":"https:\/\/peoplesphere.be\/fr\/#website","url":"https:\/\/peoplesphere.be\/fr\/","name":"Peoplesphere","description":"The People Managers Magazine","publisher":{"@id":"https:\/\/peoplesphere.be\/fr\/#organization"},"potentialAction":[{"@type":"SearchAction","target":{"@type":"EntryPoint","urlTemplate":"https:\/\/peoplesphere.be\/fr\/?s={search_term_string}"},"query-input":"required name=search_term_string"}],"inLanguage":"fr-FR"},{"@type":"Organization","@id":"https:\/\/peoplesphere.be\/fr\/#organization","name":"Peoplesphere Company srl","url":"https:\/\/peoplesphere.be\/fr\/","logo":{"@type":"ImageObject","inLanguage":"fr-FR","@id":"https:\/\/peoplesphere.be\/fr\/#\/schema\/logo\/image\/","url":"https:\/\/peoplesphere.be\/fr\/wp-content\/uploads\/2023\/07\/peoplesphere-lgo-new-generik.jpg","contentUrl":"https:\/\/peoplesphere.be\/fr\/wp-content\/uploads\/2023\/07\/peoplesphere-lgo-new-generik.jpg","width":1031,"height":1479,"caption":"Peoplesphere Company srl"},"image":{"@id":"https:\/\/peoplesphere.be\/fr\/#\/schema\/logo\/image\/"},"sameAs":["https:\/\/www.facebook.com\/peoplesphere","https:\/\/twitter.com\/PeoplesphereMag","https:\/\/www.linkedin.com\/company\/7587361?trk","http:\/\/youtube.com\/peoplesphere"]},{"@type":"Person","@id":"https:\/\/peoplesphere.be\/fr\/#\/schema\/person\/7976225ff17988604334abb7b3536a7e","name":"Jean-Paul Erhard","image":{"@type":"ImageObject","inLanguage":"fr-FR","@id":"https:\/\/peoplesphere.be\/fr\/#\/schema\/person\/image\/","url":"https:\/\/secure.gravatar.com\/avatar\/f941e681460179738071629a51574930?s=96&d=mm&r=g","contentUrl":"https:\/\/secure.gravatar.com\/avatar\/f941e681460179738071629a51574930?s=96&d=mm&r=g","caption":"Jean-Paul Erhard"},"url":"https:\/\/peoplesphere.be\/fr\/author\/jpe\/"}]}},"_links":{"self":[{"href":"https:\/\/peoplesphere.be\/fr\/wp-json\/wp\/v2\/posts\/12042"}],"collection":[{"href":"https:\/\/peoplesphere.be\/fr\/wp-json\/wp\/v2\/posts"}],"about":[{"href":"https:\/\/peoplesphere.be\/fr\/wp-json\/wp\/v2\/types\/post"}],"author":[{"embeddable":true,"href":"https:\/\/peoplesphere.be\/fr\/wp-json\/wp\/v2\/users\/2"}],"replies":[{"embeddable":true,"href":"https:\/\/peoplesphere.be\/fr\/wp-json\/wp\/v2\/comments?post=12042"}],"version-history":[{"count":1,"href":"https:\/\/peoplesphere.be\/fr\/wp-json\/wp\/v2\/posts\/12042\/revisions"}],"predecessor-version":[{"id":12043,"href":"https:\/\/peoplesphere.be\/fr\/wp-json\/wp\/v2\/posts\/12042\/revisions\/12043"}],"wp:attachment":[{"href":"https:\/\/peoplesphere.be\/fr\/wp-json\/wp\/v2\/media?parent=12042"}],"wp:term":[{"taxonomy":"category","embeddable":true,"href":"https:\/\/peoplesphere.be\/fr\/wp-json\/wp\/v2\/categories?post=12042"},{"taxonomy":"post_tag","embeddable":true,"href":"https:\/\/peoplesphere.be\/fr\/wp-json\/wp\/v2\/tags?post=12042"}],"curies":[{"name":"wp","href":"https:\/\/api.w.org\/{rel}","templated":true}]}}