









{"id":12044,"date":"2021-11-04T19:18:50","date_gmt":"2021-11-04T17:18:50","guid":{"rendered":"https:\/\/peoplesphere.be\/fr\/?p=12044"},"modified":"2021-11-15T16:25:30","modified_gmt":"2021-11-15T14:25:30","slug":"colloque-de-ladp-liege-23-novembre-2021-a-spa-prend-soin-rh-apres-lemotion-laction","status":"publish","type":"post","link":"https:\/\/peoplesphere.be\/fr\/colloque-de-ladp-liege-23-novembre-2021-a-spa-prend-soin-rh-apres-lemotion-laction\/","title":{"rendered":"Colloque de l&rsquo;ADP Li\u00e8ge le 23 novembre 2021 \u00e0 SPA: \u00ab\u00a0Qui prend soin des RH? Apr\u00e8s l&rsquo;\u00e9motion, l&rsquo;action!\u00a0\u00bb"},"content":{"rendered":"<p>Apr\u00e8s un an et demi de sueur, de labeur, de pression, d\u2019\u00e9motions et face aux d\u00e9fis qui se profilent pour les professionnels RH, il est temps de prendre soin de nous et de nos \u00e9quipes.\u00a0Venez d\u00e9couvrir, vivre et profiter, en pr\u00e9sentiel, de notre colloque d\u00e9dicac\u00e9\u00a0au \u00a0\u00bbCARE\u00a0\u00bb. L&rsquo;intitul\u00e9 du colloque 2021 : \u00ab\u00a0Qui prend soin des RH? Apr\u00e8s l&rsquo;\u00e9motion, l&rsquo;action!\u00a0\u00bb Des t\u00e9moignages, des ateliers pour se ressourcer,\u00a0des partages d\u2019exp\u00e9riences et d\u2019id\u00e9es inspirantes de bonnes pratiques \u00e0 amener dans nos entreprises.<!--more--><\/p>\n<p>L\u2019ADP de Li\u00e8ge a le plaisir de vous inviter \u00e0 son colloque qui se tiendra le mardi 23 novembre 2021 \u00e0 Spa (Radisson Blu Balmoral H\u00f4tel &#8211;\u00a0Av. L\u00e9opold II, 40)<\/p>\n<p><strong><em>Au programme&#8230;<\/em><\/strong><\/p>\n<p>8H45 &#8211;\u00a0Petit d\u00e9jeuner et accueil des participants<\/p>\n<p>9H15 &#8211;\u00a0Introduction par Nathalie Bologne, Pr\u00e9sidente de l\u2019ADP Li\u00e8ge, et Fran\u00e7ois Pichault, Professeur \u00e0 HEC\/ULi\u00e8ge et Directeur du LENTIC<\/p>\n<p>9H30 &#8211;\u00a0Panel : t\u00e9moignages &amp; Retours d&rsquo;Exp\u00e9rience : comment nous, professionnels RH, jeunes ou exp\u00e9riment\u00e9s, avons-nous v\u00e9cu cette p\u00e9riode particuli\u00e8re des 18 derniers mois ? Qu\u2019a-t-elle chang\u00e9 ? Quel impact aura-t-elle sur la mani\u00e8re dont nous envisageons l&rsquo;avenir ?<br \/>\navec Sophie Laruelle, Responsable RH de Pharma Sant\u00e9 ; Justine Orban, HR Officer chez Brunswick Marine ; Audrey Streels, Responsable RH et conseill\u00e8re en pr\u00e9vention chez Liege Cargo Agency et Fabien Vander Auwera, Responsable RH de la base logistique Intermarch\u00e9 de Villers-le-Bouillet<\/p>\n<p>10H15 &#8211;\u00a0Le point de vue de l\u2019expert : qu\u2019est-ce que la r\u00e9silience ? Comment la booster ? Quels outils mettre en \u0153uvre ? Par Pierre Firket, M\u00e9decin directeur du CITES (clinique du stress et du travail), ISoSL<\/p>\n<p>11H15 &#8211;\u00a0Pause-caf\u00e9<\/p>\n<p>11h30 &#8211;\u00a0Atelier interactif sur le lien entre nutrition et gestion du stress &amp; de la fatigue, ainsi que la vigilance et la concentration au travail, par Damien Pauquet, nutritionniste \u00e0 Nutri Pauquet Centers et au Standard de Li\u00e8ge<\/p>\n<p>12H15 &#8211;\u00a0Lunch et networking<\/p>\n<p>13h30 &#8211;\u00a0Introduction des 4 ateliers de l\u2019apr\u00e8s-midi et pr\u00e9sentation des intervenants<\/p>\n<p>13h45 &#8211;\u00a0En parall\u00e8le des t\u00e9moignages de nos intervenants sur les diff\u00e9rentes techniques mises en \u0153uvre avec succ\u00e8s dans leur entreprise ou institution, exp\u00e9rimentation en live de ces pratiques par les participants au colloque,\u00a0avec, notamment, Micha\u00ebl Wybo, coach bien-\u00eatre, Michel Colas, fondateur de Zen@Work, Liliane Gordos, Art-th\u00e9rapeute, Fabrice Clavie, HR Manager Spa &amp; Bru, C\u00e9dric Vandermeersch, Directeur Belgique d\u2019AtlasGo et Isabelle Dorbolo, Directrice de la Maison de Repos Fran\u00e7oise Schervier.<\/p>\n<p>16H30 &#8211;\u00a0Conclusion par Fran\u00e7ois Pichault, Professeur HEC\/ULi\u00e8ge et Directeur du LENTIC<\/p>\n<p>16H45 &#8211;\u00a0PRIX ADP : apr\u00e8s pr\u00e9sentation de leurs travaux par les laur\u00e9ats, remise du 17e \u00ab Prix ADP \u00bb. Ce prix r\u00e9compense les meilleurs m\u00e9moires en Ressources Humaines de l\u2019ann\u00e9e acad\u00e9mique 2020-2021 en Universit\u00e9s et Hautes Ecoles<\/p>\n<p>17H30 &#8211;\u00a0Cocktail de cl\u00f4ture et networking<\/p>\n<p><strong><em>En pratique<\/em><\/strong><\/p>\n<p>Inscription en ligne pour le 16 novembre 2021\u00a0sur <a href=\"http:\/\/www.adp-liege.be\/fr\/inscription-colloque-adp\">http:\/\/www.adp-liege.be\/fr\/inscription-colloque-adp <\/a><\/p>\n<p>Participation aux frais : 150\u20ac pour les non-membres &#8211; 100\u20ac pour les membres de l\u2019ADP Li\u00e8ge et des associations partenaires, \u00e0 verser anticipativement sur le compte BE40 0689 3870 1763 de l&rsquo;ADP Li\u00e8ge avec mention \u00ab Colloque ADP 23.11.21, NOM et Pr\u00e9nom \u00bb.<br \/>\nToute inscription enregistr\u00e9e et non annul\u00e9e 48h avant l&rsquo;\u00e9v\u00e9nement sera due.<\/p>\n<p>Il vous sera demand\u00e9 de pr\u00e9senter le \u00ab covid safe ticket \u00bb \u00e0 l\u2019accueil. Suite \u00e0 l\u2019\u00e9volution de la situation sanitaire, le port du masque sera recommand\u00e9 et la distanciation sociale observ\u00e9e autant que possible.<\/p>\n","protected":false},"excerpt":{"rendered":"<p>Apr\u00e8s un an et demi de sueur, de labeur, de pression, d\u2019\u00e9motions et face aux d\u00e9fis qui se profilent pour les professionnels RH, il est temps de prendre soin de nous et de nos \u00e9quipes.\u00a0Venez d\u00e9couvrir, vivre et profiter, en [&hellip;]<\/p>\n","protected":false},"author":2,"featured_media":0,"comment_status":"closed","ping_status":"open","sticky":false,"template":"","format":"standard","meta":[],"categories":[65,67,10,8],"tags":[274,96,42,1108,17],"yoast_head":"<!-- This site is optimized with the Yoast SEO plugin v21.0 - https:\/\/yoast.com\/wordpress\/plugins\/seo\/ -->\n<title>Colloque de l&#039;ADP Li\u00e8ge le 23 novembre 2021 \u00e0 SPA: &quot;Qui prend soin des RH? Apr\u00e8s l&#039;\u00e9motion, l&#039;action!&quot; - Peoplesphere<\/title>\n<meta name=\"robots\" content=\"index, follow, max-snippet:-1, max-image-preview:large, max-video-preview:-1\" \/>\n<link rel=\"canonical\" href=\"https:\/\/peoplesphere.be\/fr\/colloque-de-ladp-liege-23-novembre-2021-a-spa-prend-soin-rh-apres-lemotion-laction\/\" \/>\n<meta property=\"og:locale\" content=\"fr_FR\" \/>\n<meta property=\"og:type\" content=\"article\" \/>\n<meta property=\"og:title\" content=\"Colloque de l&#039;ADP Li\u00e8ge le 23 novembre 2021 \u00e0 SPA: &quot;Qui prend soin des RH? Apr\u00e8s l&#039;\u00e9motion, l&#039;action!&quot; - Peoplesphere\" \/>\n<meta property=\"og:description\" content=\"Apr\u00e8s un an et demi de sueur, de labeur, de pression, d\u2019\u00e9motions et face aux d\u00e9fis qui se profilent pour les professionnels RH, il est temps de prendre soin de nous et de nos \u00e9quipes.\u00a0Venez d\u00e9couvrir, vivre et profiter, en [&hellip;]\" \/>\n<meta property=\"og:url\" content=\"https:\/\/peoplesphere.be\/fr\/colloque-de-ladp-liege-23-novembre-2021-a-spa-prend-soin-rh-apres-lemotion-laction\/\" \/>\n<meta property=\"og:site_name\" content=\"Peoplesphere\" \/>\n<meta property=\"article:publisher\" content=\"https:\/\/www.facebook.com\/peoplesphere\" \/>\n<meta property=\"article:published_time\" content=\"2021-11-04T17:18:50+00:00\" \/>\n<meta property=\"article:modified_time\" content=\"2021-11-15T14:25:30+00:00\" \/>\n<meta property=\"og:image\" content=\"http:\/\/www.peoplesphere.be\/fr\/wp-content\/uploads\/2016\/07\/facebook-default-posting-1200x628px.jpg\" \/>\n<meta name=\"author\" content=\"Jean-Paul Erhard\" \/>\n<meta name=\"twitter:card\" content=\"summary_large_image\" \/>\n<meta name=\"twitter:creator\" content=\"@PeoplesphereMag\" \/>\n<meta name=\"twitter:site\" content=\"@PeoplesphereMag\" \/>\n<meta name=\"twitter:label1\" content=\"\u00c9crit par\" \/>\n\t<meta name=\"twitter:data1\" content=\"Jean-Paul Erhard\" \/>\n\t<meta name=\"twitter:label2\" content=\"Dur\u00e9e de lecture estim\u00e9e\" \/>\n\t<meta name=\"twitter:data2\" content=\"3 minutes\" \/>\n<script type=\"application\/ld+json\" class=\"yoast-schema-graph\">{\"@context\":\"https:\/\/schema.org\",\"@graph\":[{\"@type\":\"Article\",\"@id\":\"https:\/\/peoplesphere.be\/fr\/colloque-de-ladp-liege-23-novembre-2021-a-spa-prend-soin-rh-apres-lemotion-laction\/#article\",\"isPartOf\":{\"@id\":\"https:\/\/peoplesphere.be\/fr\/colloque-de-ladp-liege-23-novembre-2021-a-spa-prend-soin-rh-apres-lemotion-laction\/\"},\"author\":{\"name\":\"Jean-Paul Erhard\",\"@id\":\"https:\/\/peoplesphere.be\/fr\/#\/schema\/person\/7976225ff17988604334abb7b3536a7e\"},\"headline\":\"Colloque de l&rsquo;ADP Li\u00e8ge le 23 novembre 2021 \u00e0 SPA: \u00ab\u00a0Qui prend soin des RH? Apr\u00e8s l&rsquo;\u00e9motion, l&rsquo;action!\u00a0\u00bb\",\"datePublished\":\"2021-11-04T17:18:50+00:00\",\"dateModified\":\"2021-11-15T14:25:30+00:00\",\"mainEntityOfPage\":{\"@id\":\"https:\/\/peoplesphere.be\/fr\/colloque-de-ladp-liege-23-novembre-2021-a-spa-prend-soin-rh-apres-lemotion-laction\/\"},\"wordCount\":612,\"publisher\":{\"@id\":\"https:\/\/peoplesphere.be\/fr\/#organization\"},\"keywords\":[\"ADP Li\u00e8ge\",\"bien-\u00eatre\",\"Pr\u00e9vention\",\"r\u00e9silience\",\"Sant\u00e9\"],\"articleSection\":[\"Actualit\u00e9s\",\"Calendrier\",\"Digital\",\"Events\"],\"inLanguage\":\"fr-FR\"},{\"@type\":\"WebPage\",\"@id\":\"https:\/\/peoplesphere.be\/fr\/colloque-de-ladp-liege-23-novembre-2021-a-spa-prend-soin-rh-apres-lemotion-laction\/\",\"url\":\"https:\/\/peoplesphere.be\/fr\/colloque-de-ladp-liege-23-novembre-2021-a-spa-prend-soin-rh-apres-lemotion-laction\/\",\"name\":\"Colloque de l'ADP Li\u00e8ge le 23 novembre 2021 \u00e0 SPA: \\\"Qui prend soin des RH? Apr\u00e8s l'\u00e9motion, l'action!\\\" - Peoplesphere\",\"isPartOf\":{\"@id\":\"https:\/\/peoplesphere.be\/fr\/#website\"},\"datePublished\":\"2021-11-04T17:18:50+00:00\",\"dateModified\":\"2021-11-15T14:25:30+00:00\",\"breadcrumb\":{\"@id\":\"https:\/\/peoplesphere.be\/fr\/colloque-de-ladp-liege-23-novembre-2021-a-spa-prend-soin-rh-apres-lemotion-laction\/#breadcrumb\"},\"inLanguage\":\"fr-FR\",\"potentialAction\":[{\"@type\":\"ReadAction\",\"target\":[\"https:\/\/peoplesphere.be\/fr\/colloque-de-ladp-liege-23-novembre-2021-a-spa-prend-soin-rh-apres-lemotion-laction\/\"]}]},{\"@type\":\"BreadcrumbList\",\"@id\":\"https:\/\/peoplesphere.be\/fr\/colloque-de-ladp-liege-23-novembre-2021-a-spa-prend-soin-rh-apres-lemotion-laction\/#breadcrumb\",\"itemListElement\":[{\"@type\":\"ListItem\",\"position\":1,\"name\":\"Accueil\",\"item\":\"https:\/\/peoplesphere.be\/fr\/\"},{\"@type\":\"ListItem\",\"position\":2,\"name\":\"Colloque de l&rsquo;ADP Li\u00e8ge le 23 novembre 2021 \u00e0 SPA: \u00ab\u00a0Qui prend soin des RH? Apr\u00e8s l&rsquo;\u00e9motion, l&rsquo;action!\u00a0\u00bb\"}]},{\"@type\":\"WebSite\",\"@id\":\"https:\/\/peoplesphere.be\/fr\/#website\",\"url\":\"https:\/\/peoplesphere.be\/fr\/\",\"name\":\"Peoplesphere\",\"description\":\"The People Managers Magazine\",\"publisher\":{\"@id\":\"https:\/\/peoplesphere.be\/fr\/#organization\"},\"potentialAction\":[{\"@type\":\"SearchAction\",\"target\":{\"@type\":\"EntryPoint\",\"urlTemplate\":\"https:\/\/peoplesphere.be\/fr\/?s={search_term_string}\"},\"query-input\":\"required name=search_term_string\"}],\"inLanguage\":\"fr-FR\"},{\"@type\":\"Organization\",\"@id\":\"https:\/\/peoplesphere.be\/fr\/#organization\",\"name\":\"Peoplesphere Company srl\",\"url\":\"https:\/\/peoplesphere.be\/fr\/\",\"logo\":{\"@type\":\"ImageObject\",\"inLanguage\":\"fr-FR\",\"@id\":\"https:\/\/peoplesphere.be\/fr\/#\/schema\/logo\/image\/\",\"url\":\"https:\/\/peoplesphere.be\/fr\/wp-content\/uploads\/2023\/07\/peoplesphere-lgo-new-generik.jpg\",\"contentUrl\":\"https:\/\/peoplesphere.be\/fr\/wp-content\/uploads\/2023\/07\/peoplesphere-lgo-new-generik.jpg\",\"width\":1031,\"height\":1479,\"caption\":\"Peoplesphere Company srl\"},\"image\":{\"@id\":\"https:\/\/peoplesphere.be\/fr\/#\/schema\/logo\/image\/\"},\"sameAs\":[\"https:\/\/www.facebook.com\/peoplesphere\",\"https:\/\/twitter.com\/PeoplesphereMag\",\"https:\/\/www.linkedin.com\/company\/7587361?trk\",\"http:\/\/youtube.com\/peoplesphere\"]},{\"@type\":\"Person\",\"@id\":\"https:\/\/peoplesphere.be\/fr\/#\/schema\/person\/7976225ff17988604334abb7b3536a7e\",\"name\":\"Jean-Paul Erhard\",\"image\":{\"@type\":\"ImageObject\",\"inLanguage\":\"fr-FR\",\"@id\":\"https:\/\/peoplesphere.be\/fr\/#\/schema\/person\/image\/\",\"url\":\"https:\/\/secure.gravatar.com\/avatar\/f941e681460179738071629a51574930?s=96&d=mm&r=g\",\"contentUrl\":\"https:\/\/secure.gravatar.com\/avatar\/f941e681460179738071629a51574930?s=96&d=mm&r=g\",\"caption\":\"Jean-Paul Erhard\"},\"url\":\"https:\/\/peoplesphere.be\/fr\/author\/jpe\/\"}]}<\/script>\n<!-- \/ Yoast SEO plugin. -->","yoast_head_json":{"title":"Colloque de l'ADP Li\u00e8ge le 23 novembre 2021 \u00e0 SPA: \"Qui prend soin des RH? Apr\u00e8s l'\u00e9motion, l'action!\" - Peoplesphere","robots":{"index":"index","follow":"follow","max-snippet":"max-snippet:-1","max-image-preview":"max-image-preview:large","max-video-preview":"max-video-preview:-1"},"canonical":"https:\/\/peoplesphere.be\/fr\/colloque-de-ladp-liege-23-novembre-2021-a-spa-prend-soin-rh-apres-lemotion-laction\/","og_locale":"fr_FR","og_type":"article","og_title":"Colloque de l'ADP Li\u00e8ge le 23 novembre 2021 \u00e0 SPA: \"Qui prend soin des RH? Apr\u00e8s l'\u00e9motion, l'action!\" - Peoplesphere","og_description":"Apr\u00e8s un an et demi de sueur, de labeur, de pression, d\u2019\u00e9motions et face aux d\u00e9fis qui se profilent pour les professionnels RH, il est temps de prendre soin de nous et de nos \u00e9quipes.\u00a0Venez d\u00e9couvrir, vivre et profiter, en [&hellip;]","og_url":"https:\/\/peoplesphere.be\/fr\/colloque-de-ladp-liege-23-novembre-2021-a-spa-prend-soin-rh-apres-lemotion-laction\/","og_site_name":"Peoplesphere","article_publisher":"https:\/\/www.facebook.com\/peoplesphere","article_published_time":"2021-11-04T17:18:50+00:00","article_modified_time":"2021-11-15T14:25:30+00:00","og_image":[{"url":"http:\/\/www.peoplesphere.be\/fr\/wp-content\/uploads\/2016\/07\/facebook-default-posting-1200x628px.jpg"}],"author":"Jean-Paul Erhard","twitter_card":"summary_large_image","twitter_creator":"@PeoplesphereMag","twitter_site":"@PeoplesphereMag","twitter_misc":{"\u00c9crit par":"Jean-Paul Erhard","Dur\u00e9e de lecture estim\u00e9e":"3 minutes"},"schema":{"@context":"https:\/\/schema.org","@graph":[{"@type":"Article","@id":"https:\/\/peoplesphere.be\/fr\/colloque-de-ladp-liege-23-novembre-2021-a-spa-prend-soin-rh-apres-lemotion-laction\/#article","isPartOf":{"@id":"https:\/\/peoplesphere.be\/fr\/colloque-de-ladp-liege-23-novembre-2021-a-spa-prend-soin-rh-apres-lemotion-laction\/"},"author":{"name":"Jean-Paul Erhard","@id":"https:\/\/peoplesphere.be\/fr\/#\/schema\/person\/7976225ff17988604334abb7b3536a7e"},"headline":"Colloque de l&rsquo;ADP Li\u00e8ge le 23 novembre 2021 \u00e0 SPA: \u00ab\u00a0Qui prend soin des RH? Apr\u00e8s l&rsquo;\u00e9motion, l&rsquo;action!\u00a0\u00bb","datePublished":"2021-11-04T17:18:50+00:00","dateModified":"2021-11-15T14:25:30+00:00","mainEntityOfPage":{"@id":"https:\/\/peoplesphere.be\/fr\/colloque-de-ladp-liege-23-novembre-2021-a-spa-prend-soin-rh-apres-lemotion-laction\/"},"wordCount":612,"publisher":{"@id":"https:\/\/peoplesphere.be\/fr\/#organization"},"keywords":["ADP Li\u00e8ge","bien-\u00eatre","Pr\u00e9vention","r\u00e9silience","Sant\u00e9"],"articleSection":["Actualit\u00e9s","Calendrier","Digital","Events"],"inLanguage":"fr-FR"},{"@type":"WebPage","@id":"https:\/\/peoplesphere.be\/fr\/colloque-de-ladp-liege-23-novembre-2021-a-spa-prend-soin-rh-apres-lemotion-laction\/","url":"https:\/\/peoplesphere.be\/fr\/colloque-de-ladp-liege-23-novembre-2021-a-spa-prend-soin-rh-apres-lemotion-laction\/","name":"Colloque de l'ADP Li\u00e8ge le 23 novembre 2021 \u00e0 SPA: \"Qui prend soin des RH? Apr\u00e8s l'\u00e9motion, l'action!\" - Peoplesphere","isPartOf":{"@id":"https:\/\/peoplesphere.be\/fr\/#website"},"datePublished":"2021-11-04T17:18:50+00:00","dateModified":"2021-11-15T14:25:30+00:00","breadcrumb":{"@id":"https:\/\/peoplesphere.be\/fr\/colloque-de-ladp-liege-23-novembre-2021-a-spa-prend-soin-rh-apres-lemotion-laction\/#breadcrumb"},"inLanguage":"fr-FR","potentialAction":[{"@type":"ReadAction","target":["https:\/\/peoplesphere.be\/fr\/colloque-de-ladp-liege-23-novembre-2021-a-spa-prend-soin-rh-apres-lemotion-laction\/"]}]},{"@type":"BreadcrumbList","@id":"https:\/\/peoplesphere.be\/fr\/colloque-de-ladp-liege-23-novembre-2021-a-spa-prend-soin-rh-apres-lemotion-laction\/#breadcrumb","itemListElement":[{"@type":"ListItem","position":1,"name":"Accueil","item":"https:\/\/peoplesphere.be\/fr\/"},{"@type":"ListItem","position":2,"name":"Colloque de l&rsquo;ADP Li\u00e8ge le 23 novembre 2021 \u00e0 SPA: \u00ab\u00a0Qui prend soin des RH? Apr\u00e8s l&rsquo;\u00e9motion, l&rsquo;action!\u00a0\u00bb"}]},{"@type":"WebSite","@id":"https:\/\/peoplesphere.be\/fr\/#website","url":"https:\/\/peoplesphere.be\/fr\/","name":"Peoplesphere","description":"The People Managers Magazine","publisher":{"@id":"https:\/\/peoplesphere.be\/fr\/#organization"},"potentialAction":[{"@type":"SearchAction","target":{"@type":"EntryPoint","urlTemplate":"https:\/\/peoplesphere.be\/fr\/?s={search_term_string}"},"query-input":"required name=search_term_string"}],"inLanguage":"fr-FR"},{"@type":"Organization","@id":"https:\/\/peoplesphere.be\/fr\/#organization","name":"Peoplesphere Company srl","url":"https:\/\/peoplesphere.be\/fr\/","logo":{"@type":"ImageObject","inLanguage":"fr-FR","@id":"https:\/\/peoplesphere.be\/fr\/#\/schema\/logo\/image\/","url":"https:\/\/peoplesphere.be\/fr\/wp-content\/uploads\/2023\/07\/peoplesphere-lgo-new-generik.jpg","contentUrl":"https:\/\/peoplesphere.be\/fr\/wp-content\/uploads\/2023\/07\/peoplesphere-lgo-new-generik.jpg","width":1031,"height":1479,"caption":"Peoplesphere Company srl"},"image":{"@id":"https:\/\/peoplesphere.be\/fr\/#\/schema\/logo\/image\/"},"sameAs":["https:\/\/www.facebook.com\/peoplesphere","https:\/\/twitter.com\/PeoplesphereMag","https:\/\/www.linkedin.com\/company\/7587361?trk","http:\/\/youtube.com\/peoplesphere"]},{"@type":"Person","@id":"https:\/\/peoplesphere.be\/fr\/#\/schema\/person\/7976225ff17988604334abb7b3536a7e","name":"Jean-Paul Erhard","image":{"@type":"ImageObject","inLanguage":"fr-FR","@id":"https:\/\/peoplesphere.be\/fr\/#\/schema\/person\/image\/","url":"https:\/\/secure.gravatar.com\/avatar\/f941e681460179738071629a51574930?s=96&d=mm&r=g","contentUrl":"https:\/\/secure.gravatar.com\/avatar\/f941e681460179738071629a51574930?s=96&d=mm&r=g","caption":"Jean-Paul Erhard"},"url":"https:\/\/peoplesphere.be\/fr\/author\/jpe\/"}]}},"_links":{"self":[{"href":"https:\/\/peoplesphere.be\/fr\/wp-json\/wp\/v2\/posts\/12044"}],"collection":[{"href":"https:\/\/peoplesphere.be\/fr\/wp-json\/wp\/v2\/posts"}],"about":[{"href":"https:\/\/peoplesphere.be\/fr\/wp-json\/wp\/v2\/types\/post"}],"author":[{"embeddable":true,"href":"https:\/\/peoplesphere.be\/fr\/wp-json\/wp\/v2\/users\/2"}],"replies":[{"embeddable":true,"href":"https:\/\/peoplesphere.be\/fr\/wp-json\/wp\/v2\/comments?post=12044"}],"version-history":[{"count":5,"href":"https:\/\/peoplesphere.be\/fr\/wp-json\/wp\/v2\/posts\/12044\/revisions"}],"predecessor-version":[{"id":12087,"href":"https:\/\/peoplesphere.be\/fr\/wp-json\/wp\/v2\/posts\/12044\/revisions\/12087"}],"wp:attachment":[{"href":"https:\/\/peoplesphere.be\/fr\/wp-json\/wp\/v2\/media?parent=12044"}],"wp:term":[{"taxonomy":"category","embeddable":true,"href":"https:\/\/peoplesphere.be\/fr\/wp-json\/wp\/v2\/categories?post=12044"},{"taxonomy":"post_tag","embeddable":true,"href":"https:\/\/peoplesphere.be\/fr\/wp-json\/wp\/v2\/tags?post=12044"}],"curies":[{"name":"wp","href":"https:\/\/api.w.org\/{rel}","templated":true}]}}