









{"id":12078,"date":"2021-11-15T09:54:44","date_gmt":"2021-11-15T07:54:44","guid":{"rendered":"https:\/\/peoplesphere.be\/fr\/?p=12078"},"modified":"2021-11-15T09:54:44","modified_gmt":"2021-11-15T07:54:44","slug":"reduction-de-cotisations-onss-premier-travailleur-plafonnee-a-4-000-euros-trimestre-a-partir-1er-janvier-2022","status":"publish","type":"post","link":"https:\/\/peoplesphere.be\/fr\/reduction-de-cotisations-onss-premier-travailleur-plafonnee-a-4-000-euros-trimestre-a-partir-1er-janvier-2022\/","title":{"rendered":"La r\u00e9duction de cotisations ONSS pour le premier travailleur plafonn\u00e9e \u00e0 4.000 euros par trimestre \u00e0 partir du 1er janvier 2022."},"content":{"rendered":"<p>Sur proposition du ministre du Travail Pierre-Yves Dermagne et du ministre des Affaires sociales Frank Vandenbroucke, le Conseil des ministres a approuv\u00e9 un projet d\u2019arr\u00eat\u00e9 royal concernant la r\u00e9duction groupe cible des premiers travailleurs.<!--more--><\/p>\n<p>Le projet concerne l\u2019ex\u00e9cution partielle de l&rsquo;avis et de l&rsquo;\u00e9valuation du comit\u00e9 de gestion de l&rsquo;ONSS concernant la r\u00e9duction groupe cible des premiers travailleurs et est conforme aux modifications des dispositions l\u00e9gales telles que reprises dans le projet de loi-programme relatif aux plans Plus.<\/p>\n<p>Le projet pr\u00e9voit aussi que la r\u00e9duction groupe cible pour le premier travailleur sera plafonn\u00e9e \u00e0 partir du 1er janvier 2022 \u00e0 4.000 euros par trimestre. Les 4.000 euros par trimestre seront \u00e9galement appliqu\u00e9s au stock, mais sans r\u00e9troactivit\u00e9.<br \/>\nLe projet est transmis pour avis au Conseil d\u2019\u00c9tat.<br \/>\n<em><br \/>\nArr\u00eat\u00e9 royal portant modifications \u00e0 l\u2019arr\u00eat\u00e9 royal du 16 mai 2003 pris en ex\u00e9cution du Chapitre 7 du Titre IV de la loi-programme du 24 d\u00e9cembre 2002, visant \u00e0 harmoniser et \u00e0 simplifier les r\u00e9gimes de r\u00e9ductions de cotisations de s\u00e9curit\u00e9 sociale<\/em><\/p>\n","protected":false},"excerpt":{"rendered":"<p>Sur proposition du ministre du Travail Pierre-Yves Dermagne et du ministre des Affaires sociales Frank Vandenbroucke, le Conseil des ministres a approuv\u00e9 un projet d\u2019arr\u00eat\u00e9 royal concernant la r\u00e9duction groupe cible des premiers travailleurs.<\/p>\n","protected":false},"author":2,"featured_media":0,"comment_status":"closed","ping_status":"open","sticky":false,"template":"","format":"standard","meta":[],"categories":[65,10],"tags":[782,3519,282,3518],"yoast_head":"<!-- This site is optimized with the Yoast SEO plugin v21.0 - https:\/\/yoast.com\/wordpress\/plugins\/seo\/ -->\n<title>La r\u00e9duction de cotisations ONSS pour le premier travailleur plafonn\u00e9e \u00e0 4.000 euros par trimestre \u00e0 partir du 1er janvier 2022. - Peoplesphere<\/title>\n<meta name=\"robots\" content=\"index, follow, max-snippet:-1, max-image-preview:large, max-video-preview:-1\" \/>\n<link rel=\"canonical\" href=\"https:\/\/peoplesphere.be\/fr\/reduction-de-cotisations-onss-premier-travailleur-plafonnee-a-4-000-euros-trimestre-a-partir-1er-janvier-2022\/\" \/>\n<meta property=\"og:locale\" content=\"fr_FR\" \/>\n<meta property=\"og:type\" content=\"article\" \/>\n<meta property=\"og:title\" content=\"La r\u00e9duction de cotisations ONSS pour le premier travailleur plafonn\u00e9e \u00e0 4.000 euros par trimestre \u00e0 partir du 1er janvier 2022. - Peoplesphere\" \/>\n<meta property=\"og:description\" content=\"Sur proposition du ministre du Travail Pierre-Yves Dermagne et du ministre des Affaires sociales Frank Vandenbroucke, le Conseil des ministres a approuv\u00e9 un projet d\u2019arr\u00eat\u00e9 royal concernant la r\u00e9duction groupe cible des premiers travailleurs.\" \/>\n<meta property=\"og:url\" content=\"https:\/\/peoplesphere.be\/fr\/reduction-de-cotisations-onss-premier-travailleur-plafonnee-a-4-000-euros-trimestre-a-partir-1er-janvier-2022\/\" \/>\n<meta property=\"og:site_name\" content=\"Peoplesphere\" \/>\n<meta property=\"article:publisher\" content=\"https:\/\/www.facebook.com\/peoplesphere\" \/>\n<meta property=\"article:published_time\" content=\"2021-11-15T07:54:44+00:00\" \/>\n<meta property=\"og:image\" content=\"http:\/\/www.peoplesphere.be\/fr\/wp-content\/uploads\/2016\/07\/facebook-default-posting-1200x628px.jpg\" \/>\n<meta name=\"author\" content=\"Jean-Paul Erhard\" \/>\n<meta name=\"twitter:card\" content=\"summary_large_image\" \/>\n<meta name=\"twitter:creator\" content=\"@PeoplesphereMag\" \/>\n<meta name=\"twitter:site\" content=\"@PeoplesphereMag\" \/>\n<meta name=\"twitter:label1\" content=\"\u00c9crit par\" \/>\n\t<meta name=\"twitter:data1\" content=\"Jean-Paul Erhard\" \/>\n\t<meta name=\"twitter:label2\" content=\"Dur\u00e9e de lecture estim\u00e9e\" \/>\n\t<meta name=\"twitter:data2\" content=\"1 minute\" \/>\n<script type=\"application\/ld+json\" class=\"yoast-schema-graph\">{\"@context\":\"https:\/\/schema.org\",\"@graph\":[{\"@type\":\"Article\",\"@id\":\"https:\/\/peoplesphere.be\/fr\/reduction-de-cotisations-onss-premier-travailleur-plafonnee-a-4-000-euros-trimestre-a-partir-1er-janvier-2022\/#article\",\"isPartOf\":{\"@id\":\"https:\/\/peoplesphere.be\/fr\/reduction-de-cotisations-onss-premier-travailleur-plafonnee-a-4-000-euros-trimestre-a-partir-1er-janvier-2022\/\"},\"author\":{\"name\":\"Jean-Paul Erhard\",\"@id\":\"https:\/\/peoplesphere.be\/fr\/#\/schema\/person\/7976225ff17988604334abb7b3536a7e\"},\"headline\":\"La r\u00e9duction de cotisations ONSS pour le premier travailleur plafonn\u00e9e \u00e0 4.000 euros par trimestre \u00e0 partir du 1er janvier 2022.\",\"datePublished\":\"2021-11-15T07:54:44+00:00\",\"dateModified\":\"2021-11-15T07:54:44+00:00\",\"mainEntityOfPage\":{\"@id\":\"https:\/\/peoplesphere.be\/fr\/reduction-de-cotisations-onss-premier-travailleur-plafonnee-a-4-000-euros-trimestre-a-partir-1er-janvier-2022\/\"},\"wordCount\":196,\"publisher\":{\"@id\":\"https:\/\/peoplesphere.be\/fr\/#organization\"},\"keywords\":[\"cotisations sociales\",\"co\u00fbt du personnel\",\"onss\",\"r\u00e9duction\"],\"articleSection\":[\"Actualit\u00e9s\",\"Digital\"],\"inLanguage\":\"fr-FR\"},{\"@type\":\"WebPage\",\"@id\":\"https:\/\/peoplesphere.be\/fr\/reduction-de-cotisations-onss-premier-travailleur-plafonnee-a-4-000-euros-trimestre-a-partir-1er-janvier-2022\/\",\"url\":\"https:\/\/peoplesphere.be\/fr\/reduction-de-cotisations-onss-premier-travailleur-plafonnee-a-4-000-euros-trimestre-a-partir-1er-janvier-2022\/\",\"name\":\"La r\u00e9duction de cotisations ONSS pour le premier travailleur plafonn\u00e9e \u00e0 4.000 euros par trimestre \u00e0 partir du 1er janvier 2022. - Peoplesphere\",\"isPartOf\":{\"@id\":\"https:\/\/peoplesphere.be\/fr\/#website\"},\"datePublished\":\"2021-11-15T07:54:44+00:00\",\"dateModified\":\"2021-11-15T07:54:44+00:00\",\"breadcrumb\":{\"@id\":\"https:\/\/peoplesphere.be\/fr\/reduction-de-cotisations-onss-premier-travailleur-plafonnee-a-4-000-euros-trimestre-a-partir-1er-janvier-2022\/#breadcrumb\"},\"inLanguage\":\"fr-FR\",\"potentialAction\":[{\"@type\":\"ReadAction\",\"target\":[\"https:\/\/peoplesphere.be\/fr\/reduction-de-cotisations-onss-premier-travailleur-plafonnee-a-4-000-euros-trimestre-a-partir-1er-janvier-2022\/\"]}]},{\"@type\":\"BreadcrumbList\",\"@id\":\"https:\/\/peoplesphere.be\/fr\/reduction-de-cotisations-onss-premier-travailleur-plafonnee-a-4-000-euros-trimestre-a-partir-1er-janvier-2022\/#breadcrumb\",\"itemListElement\":[{\"@type\":\"ListItem\",\"position\":1,\"name\":\"Accueil\",\"item\":\"https:\/\/peoplesphere.be\/fr\/\"},{\"@type\":\"ListItem\",\"position\":2,\"name\":\"La r\u00e9duction de cotisations ONSS pour le premier travailleur plafonn\u00e9e \u00e0 4.000 euros par trimestre \u00e0 partir du 1er janvier 2022.\"}]},{\"@type\":\"WebSite\",\"@id\":\"https:\/\/peoplesphere.be\/fr\/#website\",\"url\":\"https:\/\/peoplesphere.be\/fr\/\",\"name\":\"Peoplesphere\",\"description\":\"The People Managers Magazine\",\"publisher\":{\"@id\":\"https:\/\/peoplesphere.be\/fr\/#organization\"},\"potentialAction\":[{\"@type\":\"SearchAction\",\"target\":{\"@type\":\"EntryPoint\",\"urlTemplate\":\"https:\/\/peoplesphere.be\/fr\/?s={search_term_string}\"},\"query-input\":\"required name=search_term_string\"}],\"inLanguage\":\"fr-FR\"},{\"@type\":\"Organization\",\"@id\":\"https:\/\/peoplesphere.be\/fr\/#organization\",\"name\":\"Peoplesphere Company srl\",\"url\":\"https:\/\/peoplesphere.be\/fr\/\",\"logo\":{\"@type\":\"ImageObject\",\"inLanguage\":\"fr-FR\",\"@id\":\"https:\/\/peoplesphere.be\/fr\/#\/schema\/logo\/image\/\",\"url\":\"https:\/\/peoplesphere.be\/fr\/wp-content\/uploads\/2023\/07\/peoplesphere-lgo-new-generik.jpg\",\"contentUrl\":\"https:\/\/peoplesphere.be\/fr\/wp-content\/uploads\/2023\/07\/peoplesphere-lgo-new-generik.jpg\",\"width\":1031,\"height\":1479,\"caption\":\"Peoplesphere Company srl\"},\"image\":{\"@id\":\"https:\/\/peoplesphere.be\/fr\/#\/schema\/logo\/image\/\"},\"sameAs\":[\"https:\/\/www.facebook.com\/peoplesphere\",\"https:\/\/twitter.com\/PeoplesphereMag\",\"https:\/\/www.linkedin.com\/company\/7587361?trk\",\"http:\/\/youtube.com\/peoplesphere\"]},{\"@type\":\"Person\",\"@id\":\"https:\/\/peoplesphere.be\/fr\/#\/schema\/person\/7976225ff17988604334abb7b3536a7e\",\"name\":\"Jean-Paul Erhard\",\"image\":{\"@type\":\"ImageObject\",\"inLanguage\":\"fr-FR\",\"@id\":\"https:\/\/peoplesphere.be\/fr\/#\/schema\/person\/image\/\",\"url\":\"https:\/\/secure.gravatar.com\/avatar\/f941e681460179738071629a51574930?s=96&d=mm&r=g\",\"contentUrl\":\"https:\/\/secure.gravatar.com\/avatar\/f941e681460179738071629a51574930?s=96&d=mm&r=g\",\"caption\":\"Jean-Paul Erhard\"},\"url\":\"https:\/\/peoplesphere.be\/fr\/author\/jpe\/\"}]}<\/script>\n<!-- \/ Yoast SEO plugin. -->","yoast_head_json":{"title":"La r\u00e9duction de cotisations ONSS pour le premier travailleur plafonn\u00e9e \u00e0 4.000 euros par trimestre \u00e0 partir du 1er janvier 2022. - Peoplesphere","robots":{"index":"index","follow":"follow","max-snippet":"max-snippet:-1","max-image-preview":"max-image-preview:large","max-video-preview":"max-video-preview:-1"},"canonical":"https:\/\/peoplesphere.be\/fr\/reduction-de-cotisations-onss-premier-travailleur-plafonnee-a-4-000-euros-trimestre-a-partir-1er-janvier-2022\/","og_locale":"fr_FR","og_type":"article","og_title":"La r\u00e9duction de cotisations ONSS pour le premier travailleur plafonn\u00e9e \u00e0 4.000 euros par trimestre \u00e0 partir du 1er janvier 2022. - Peoplesphere","og_description":"Sur proposition du ministre du Travail Pierre-Yves Dermagne et du ministre des Affaires sociales Frank Vandenbroucke, le Conseil des ministres a approuv\u00e9 un projet d\u2019arr\u00eat\u00e9 royal concernant la r\u00e9duction groupe cible des premiers travailleurs.","og_url":"https:\/\/peoplesphere.be\/fr\/reduction-de-cotisations-onss-premier-travailleur-plafonnee-a-4-000-euros-trimestre-a-partir-1er-janvier-2022\/","og_site_name":"Peoplesphere","article_publisher":"https:\/\/www.facebook.com\/peoplesphere","article_published_time":"2021-11-15T07:54:44+00:00","og_image":[{"url":"http:\/\/www.peoplesphere.be\/fr\/wp-content\/uploads\/2016\/07\/facebook-default-posting-1200x628px.jpg"}],"author":"Jean-Paul Erhard","twitter_card":"summary_large_image","twitter_creator":"@PeoplesphereMag","twitter_site":"@PeoplesphereMag","twitter_misc":{"\u00c9crit par":"Jean-Paul Erhard","Dur\u00e9e de lecture estim\u00e9e":"1 minute"},"schema":{"@context":"https:\/\/schema.org","@graph":[{"@type":"Article","@id":"https:\/\/peoplesphere.be\/fr\/reduction-de-cotisations-onss-premier-travailleur-plafonnee-a-4-000-euros-trimestre-a-partir-1er-janvier-2022\/#article","isPartOf":{"@id":"https:\/\/peoplesphere.be\/fr\/reduction-de-cotisations-onss-premier-travailleur-plafonnee-a-4-000-euros-trimestre-a-partir-1er-janvier-2022\/"},"author":{"name":"Jean-Paul Erhard","@id":"https:\/\/peoplesphere.be\/fr\/#\/schema\/person\/7976225ff17988604334abb7b3536a7e"},"headline":"La r\u00e9duction de cotisations ONSS pour le premier travailleur plafonn\u00e9e \u00e0 4.000 euros par trimestre \u00e0 partir du 1er janvier 2022.","datePublished":"2021-11-15T07:54:44+00:00","dateModified":"2021-11-15T07:54:44+00:00","mainEntityOfPage":{"@id":"https:\/\/peoplesphere.be\/fr\/reduction-de-cotisations-onss-premier-travailleur-plafonnee-a-4-000-euros-trimestre-a-partir-1er-janvier-2022\/"},"wordCount":196,"publisher":{"@id":"https:\/\/peoplesphere.be\/fr\/#organization"},"keywords":["cotisations sociales","co\u00fbt du personnel","onss","r\u00e9duction"],"articleSection":["Actualit\u00e9s","Digital"],"inLanguage":"fr-FR"},{"@type":"WebPage","@id":"https:\/\/peoplesphere.be\/fr\/reduction-de-cotisations-onss-premier-travailleur-plafonnee-a-4-000-euros-trimestre-a-partir-1er-janvier-2022\/","url":"https:\/\/peoplesphere.be\/fr\/reduction-de-cotisations-onss-premier-travailleur-plafonnee-a-4-000-euros-trimestre-a-partir-1er-janvier-2022\/","name":"La r\u00e9duction de cotisations ONSS pour le premier travailleur plafonn\u00e9e \u00e0 4.000 euros par trimestre \u00e0 partir du 1er janvier 2022. - Peoplesphere","isPartOf":{"@id":"https:\/\/peoplesphere.be\/fr\/#website"},"datePublished":"2021-11-15T07:54:44+00:00","dateModified":"2021-11-15T07:54:44+00:00","breadcrumb":{"@id":"https:\/\/peoplesphere.be\/fr\/reduction-de-cotisations-onss-premier-travailleur-plafonnee-a-4-000-euros-trimestre-a-partir-1er-janvier-2022\/#breadcrumb"},"inLanguage":"fr-FR","potentialAction":[{"@type":"ReadAction","target":["https:\/\/peoplesphere.be\/fr\/reduction-de-cotisations-onss-premier-travailleur-plafonnee-a-4-000-euros-trimestre-a-partir-1er-janvier-2022\/"]}]},{"@type":"BreadcrumbList","@id":"https:\/\/peoplesphere.be\/fr\/reduction-de-cotisations-onss-premier-travailleur-plafonnee-a-4-000-euros-trimestre-a-partir-1er-janvier-2022\/#breadcrumb","itemListElement":[{"@type":"ListItem","position":1,"name":"Accueil","item":"https:\/\/peoplesphere.be\/fr\/"},{"@type":"ListItem","position":2,"name":"La r\u00e9duction de cotisations ONSS pour le premier travailleur plafonn\u00e9e \u00e0 4.000 euros par trimestre \u00e0 partir du 1er janvier 2022."}]},{"@type":"WebSite","@id":"https:\/\/peoplesphere.be\/fr\/#website","url":"https:\/\/peoplesphere.be\/fr\/","name":"Peoplesphere","description":"The People Managers Magazine","publisher":{"@id":"https:\/\/peoplesphere.be\/fr\/#organization"},"potentialAction":[{"@type":"SearchAction","target":{"@type":"EntryPoint","urlTemplate":"https:\/\/peoplesphere.be\/fr\/?s={search_term_string}"},"query-input":"required name=search_term_string"}],"inLanguage":"fr-FR"},{"@type":"Organization","@id":"https:\/\/peoplesphere.be\/fr\/#organization","name":"Peoplesphere Company srl","url":"https:\/\/peoplesphere.be\/fr\/","logo":{"@type":"ImageObject","inLanguage":"fr-FR","@id":"https:\/\/peoplesphere.be\/fr\/#\/schema\/logo\/image\/","url":"https:\/\/peoplesphere.be\/fr\/wp-content\/uploads\/2023\/07\/peoplesphere-lgo-new-generik.jpg","contentUrl":"https:\/\/peoplesphere.be\/fr\/wp-content\/uploads\/2023\/07\/peoplesphere-lgo-new-generik.jpg","width":1031,"height":1479,"caption":"Peoplesphere Company srl"},"image":{"@id":"https:\/\/peoplesphere.be\/fr\/#\/schema\/logo\/image\/"},"sameAs":["https:\/\/www.facebook.com\/peoplesphere","https:\/\/twitter.com\/PeoplesphereMag","https:\/\/www.linkedin.com\/company\/7587361?trk","http:\/\/youtube.com\/peoplesphere"]},{"@type":"Person","@id":"https:\/\/peoplesphere.be\/fr\/#\/schema\/person\/7976225ff17988604334abb7b3536a7e","name":"Jean-Paul Erhard","image":{"@type":"ImageObject","inLanguage":"fr-FR","@id":"https:\/\/peoplesphere.be\/fr\/#\/schema\/person\/image\/","url":"https:\/\/secure.gravatar.com\/avatar\/f941e681460179738071629a51574930?s=96&d=mm&r=g","contentUrl":"https:\/\/secure.gravatar.com\/avatar\/f941e681460179738071629a51574930?s=96&d=mm&r=g","caption":"Jean-Paul Erhard"},"url":"https:\/\/peoplesphere.be\/fr\/author\/jpe\/"}]}},"_links":{"self":[{"href":"https:\/\/peoplesphere.be\/fr\/wp-json\/wp\/v2\/posts\/12078"}],"collection":[{"href":"https:\/\/peoplesphere.be\/fr\/wp-json\/wp\/v2\/posts"}],"about":[{"href":"https:\/\/peoplesphere.be\/fr\/wp-json\/wp\/v2\/types\/post"}],"author":[{"embeddable":true,"href":"https:\/\/peoplesphere.be\/fr\/wp-json\/wp\/v2\/users\/2"}],"replies":[{"embeddable":true,"href":"https:\/\/peoplesphere.be\/fr\/wp-json\/wp\/v2\/comments?post=12078"}],"version-history":[{"count":1,"href":"https:\/\/peoplesphere.be\/fr\/wp-json\/wp\/v2\/posts\/12078\/revisions"}],"predecessor-version":[{"id":12079,"href":"https:\/\/peoplesphere.be\/fr\/wp-json\/wp\/v2\/posts\/12078\/revisions\/12079"}],"wp:attachment":[{"href":"https:\/\/peoplesphere.be\/fr\/wp-json\/wp\/v2\/media?parent=12078"}],"wp:term":[{"taxonomy":"category","embeddable":true,"href":"https:\/\/peoplesphere.be\/fr\/wp-json\/wp\/v2\/categories?post=12078"},{"taxonomy":"post_tag","embeddable":true,"href":"https:\/\/peoplesphere.be\/fr\/wp-json\/wp\/v2\/tags?post=12078"}],"curies":[{"name":"wp","href":"https:\/\/api.w.org\/{rel}","templated":true}]}}