









{"id":12118,"date":"2021-11-22T13:11:28","date_gmt":"2021-11-22T11:11:28","guid":{"rendered":"https:\/\/peoplesphere.be\/fr\/?p=12118"},"modified":"2021-11-22T13:11:28","modified_gmt":"2021-11-22T11:11:28","slug":"linstitut-virtuel-wallon-cyberwal-aura-entre-autres-mission-de-former-talents-de-demain-cybersecurite","status":"publish","type":"post","link":"https:\/\/peoplesphere.be\/fr\/linstitut-virtuel-wallon-cyberwal-aura-entre-autres-mission-de-former-talents-de-demain-cybersecurite\/","title":{"rendered":"L&rsquo;institut virtuel wallon CyberWal aura entre autres pour mission de former les talents de demain en cybers\u00e9curit\u00e9."},"content":{"rendered":"<p>Sur proposition du Ministre de la Recherche et du Num\u00e9rique Willy BORSUS, le Gouvernement de Wallonie a valid\u00e9 le lancement du projet CyberExcellence qui vise \u00e0 positionner la Wallonie comme un acteur incontournable de la cybers\u00e9curit\u00e9 sur le territoire national, en Europe, et au-del\u00e0.<!--more--><\/p>\n<p>Le ministre d\u00e9clare \u00e0 l&rsquo;occasion de cette annonce: <em>\u00ab\u00a0La cybers\u00e9curit\u00e9 est trop souvent minimis\u00e9e ou ignor\u00e9e, alors qu\u2019elle vise \u00e0 prot\u00e9ger les int\u00e9r\u00eats vitaux de la nation, de ses r\u00e9gions, de ses citoyens et de ses entreprises. Tout acteur est en effet susceptible d\u2019\u00eatre attaqu\u00e9 et ce quel que soit son secteur d\u2019activit\u00e9. Selon une enqu\u00eate r\u00e9cente d\u2019Agoria, 50% des entreprises IT estiment encore qu\u2019elles ne sont pas des cibles potentielles. Cela montre l\u2019\u00e9tendue de la m\u00e9connaissance du probl\u00e8me. C\u2019est pourquoi une recherche de pointe dans le domaine de la cybers\u00e9curit\u00e9 est capitale et offre de nouveaux d\u00e9bouch\u00e9s, et donc de nouveaux emplois.\u00a0\u00bb<\/em><\/p>\n<p>Notons que notre gestion des donn\u00e9es est encore trop d\u00e9pendante de l\u2019\u00e9tranger. Cela nous met en contradiction avec les r\u00e8glements europ\u00e9ens (RGPD) et surtout nous rend potentiellement vuln\u00e9rables.<br \/>\nConscients des menaces et du manque de coordination dans le domaine, les acteurs wallons et bruxellois actifs dans le domaine de la cybers\u00e9curit\u00e9 se sont regroup\u00e9s r\u00e9cemment dans le but de cr\u00e9er la coupole &lsquo;CyberWal&rsquo; (Cyber Security for Wallonia).<\/p>\n<p>Cet institut virtuel a l&rsquo;objectif de promouvoir la recherche, l\u2019innovation, et la formation en cybers\u00e9curit\u00e9, tout en assurant une coordination forte entre ces mati\u00e8res afin de d\u00e9velopper des synergies, le tout en coh\u00e9rence avec la politique r\u00e9gionale men\u00e9e dans ce domaine.<\/p>\n<p>CyberWal rassemblera l\u2019ensemble des chercheurs travaillant sur la cybers\u00e9curit\u00e9 au sein des Universit\u00e9s de la F\u00e9d\u00e9ration Wallonie-Bruxelles et des Centres de Recherche agr\u00e9\u00e9s (CRA) wallons. CyberWal comprend aussi les centres de formation afin de former les techniciens et les talents de la cybers\u00e9curit\u00e9 de demain. Ces derniers b\u00e9n\u00e9ficieront d\u2019ailleurs de formations pointues sur les r\u00e9sultats les plus r\u00e9cents de recherche, mais aussi sur les \u00ab bases \u00bb de la cybers\u00e9curit\u00e9.<\/p>\n<p>Le projet CyberExcellence valid\u00e9 aujourd\u2019hui par le Gouvernement repr\u00e9sente le premier projet de recherche li\u00e9 \u00e0 l\u2019activit\u00e9 de CyberWal. Ses objectifs sont :<\/p>\n<ul>\n<li>De mieux servir le tissu socio-\u00e9conomique wallon en d\u00e9veloppant une approche pour une cybers\u00e9curit\u00e9 r\u00e9fl\u00e9chie, efficace, et respectueuse de nos valeurs ;<\/li>\n<li>D\u2019unifier, de regrouper, et donc renforcer les comp\u00e9tences de pointe en recherche reconnues internationalement ;<\/li>\n<li>De s\u2019ins\u00e9rer dans une d\u00e9marche inter-universitaire et inter-centres et dans un \u00e9cosyst\u00e8me d\u2019innovation num\u00e9rique ;<\/li>\n<li>De positionner la Wallonie comme un acteur incontournable de la cybers\u00e9curit\u00e9 sur le territoire national, en Europe, et au-del\u00e0.<\/li>\n<\/ul>\n<p>CyberExcellence m\u00e8nera une recherche amont (TRL 2-4) \u00e0 finalit\u00e9 appliqu\u00e9e. Le consortium garantira que toutes les activit\u00e9s de recherche pourront passer \u00e0 l\u2019innovation et m\u00eame \u00e0 la cr\u00e9ation de venture.<\/p>\n<p>Pour atteindre cet objectif, le consortium identifiera les d\u00e9fis aupr\u00e8s des acteurs du tissu socio-\u00e9conomique. Le consortium identifiera alors la recherche \u00e0 mener pour satisfaire chaque d\u00e9fi. De l\u00e0, ce consortium extraira des r\u00e9sultats de recherche qui m\u00e8neront \u00e0 des briques disponibles et ensuite \u00e0 des d\u00e9monstrateurs. La collecte des d\u00e9fis se fera plusieurs fois (cycle de 2 ans) et les objectifs seront adapt\u00e9s en cons\u00e9quence.<br \/>\nL\u2019objectif des activit\u00e9s de recherche de CyberExcellence est d\u2019\u00e9tablir un noyau unique d\u2019outils permettant d\u2019impl\u00e9menter des solutions bas\u00e9es sur une cybers\u00e9curit\u00e9 efficace et r\u00e9fl\u00e9chie avec un avantage comp\u00e9titif pour la Wallonie reconnue internationalement sur les plans suivants :<\/p>\n<ul>\n<li>Axe 1 : La cybers\u00e9curit\u00e9 \u00e0 la conception dont l\u2019objectif est de s\u00e9curiser le syst\u00e8me avant sa mise sur le march\u00e9. Cette approche qui minimise le risque est promue, voire exig\u00e9e, par le RGPD et les directives NIS et NIS2. Cela alignera les recherches sur les besoins de l\u2019agence Europ\u00e9enne ENISA ;<\/li>\n<li>Axe 2 : La cybers\u00e9curit\u00e9 \u00e0 l\u2019ex\u00e9cution et plus particuli\u00e8rement la d\u00e9tection d\u2019attaques en cours en vue de les contrer au plus vite ; Ce WP b\u00e9n\u00e9ficiera particuli\u00e8rement aux concepts innovants que sont les communaut\u00e9s d\u2019\u00e9nergie ou bien encore la tr\u00e8s vuln\u00e9rable 5G ;<\/li>\n<li>Axe 3 : Le respect du RGPD, l\u2019\u00e9thique et l\u2019anonymisation des donn\u00e9es en vue de participer \u00e0 la politique open-data de la Commission europ\u00e9enne ; La pr\u00e9sence d\u2019une composante juridique et \u00e9thique forte au sein du projet est en effet n\u00e9cessaire.<\/li>\n<li>Axe 4 : Le chiffrement des donn\u00e9es et leur stockage sur un cloud le plus vertueux et ind\u00e9pendant d\u2019int\u00e9r\u00eats \u00e9trangers que possible ; L\u2019objectif est clairement d\u2019\u00eatre souverains.<\/li>\n<li>Axe 5 : L\u2019entra\u00eenement et la sensibilisation au travers de cyber ranges. L\u2019entra\u00eenement des \u00e9quipes doit \u00eatre l\u2019occasion d\u2019insuffler une nouvelle coh\u00e9sion au sein des \u00e9quipes et communaut\u00e9s de l\u2019entreprise.<\/li>\n<\/ul>\n<p>Le budget mobilis\u00e9 pour ce projet, notamment au travers du Plan de relance, est de 18,9 millions \u20ac pour les 4 premi\u00e8res ann\u00e9es.<\/p>\n<p><em>Source: Cabinet du Ministre Willy Borsus <\/em><\/p>\n","protected":false},"excerpt":{"rendered":"<p>Sur proposition du Ministre de la Recherche et du Num\u00e9rique Willy BORSUS, le Gouvernement de Wallonie a valid\u00e9 le lancement du projet CyberExcellence qui vise \u00e0 positionner la Wallonie comme un acteur incontournable de la cybers\u00e9curit\u00e9 sur le territoire national, [&hellip;]<\/p>\n","protected":false},"author":2,"featured_media":0,"comment_status":"closed","ping_status":"open","sticky":false,"template":"","format":"standard","meta":[],"categories":[65,10],"tags":[1072,48,1774,955],"yoast_head":"<!-- This site is optimized with the Yoast SEO plugin v21.0 - https:\/\/yoast.com\/wordpress\/plugins\/seo\/ -->\n<title>L&#039;institut virtuel wallon CyberWal aura entre autres pour mission de former les talents de demain en cybers\u00e9curit\u00e9. - Peoplesphere<\/title>\n<meta name=\"robots\" content=\"index, follow, max-snippet:-1, max-image-preview:large, max-video-preview:-1\" \/>\n<link rel=\"canonical\" href=\"https:\/\/peoplesphere.be\/fr\/linstitut-virtuel-wallon-cyberwal-aura-entre-autres-mission-de-former-talents-de-demain-cybersecurite\/\" \/>\n<meta property=\"og:locale\" content=\"fr_FR\" \/>\n<meta property=\"og:type\" content=\"article\" \/>\n<meta property=\"og:title\" content=\"L&#039;institut virtuel wallon CyberWal aura entre autres pour mission de former les talents de demain en cybers\u00e9curit\u00e9. - Peoplesphere\" \/>\n<meta property=\"og:description\" content=\"Sur proposition du Ministre de la Recherche et du Num\u00e9rique Willy BORSUS, le Gouvernement de Wallonie a valid\u00e9 le lancement du projet CyberExcellence qui vise \u00e0 positionner la Wallonie comme un acteur incontournable de la cybers\u00e9curit\u00e9 sur le territoire national, [&hellip;]\" \/>\n<meta property=\"og:url\" content=\"https:\/\/peoplesphere.be\/fr\/linstitut-virtuel-wallon-cyberwal-aura-entre-autres-mission-de-former-talents-de-demain-cybersecurite\/\" \/>\n<meta property=\"og:site_name\" content=\"Peoplesphere\" \/>\n<meta property=\"article:publisher\" content=\"https:\/\/www.facebook.com\/peoplesphere\" \/>\n<meta property=\"article:published_time\" content=\"2021-11-22T11:11:28+00:00\" \/>\n<meta property=\"og:image\" content=\"http:\/\/www.peoplesphere.be\/fr\/wp-content\/uploads\/2016\/07\/facebook-default-posting-1200x628px.jpg\" \/>\n<meta name=\"author\" content=\"Jean-Paul Erhard\" \/>\n<meta name=\"twitter:card\" content=\"summary_large_image\" \/>\n<meta name=\"twitter:creator\" content=\"@PeoplesphereMag\" \/>\n<meta name=\"twitter:site\" content=\"@PeoplesphereMag\" \/>\n<meta name=\"twitter:label1\" content=\"\u00c9crit par\" \/>\n\t<meta name=\"twitter:data1\" content=\"Jean-Paul Erhard\" \/>\n\t<meta name=\"twitter:label2\" content=\"Dur\u00e9e de lecture estim\u00e9e\" \/>\n\t<meta name=\"twitter:data2\" content=\"4 minutes\" \/>\n<script type=\"application\/ld+json\" class=\"yoast-schema-graph\">{\"@context\":\"https:\/\/schema.org\",\"@graph\":[{\"@type\":\"Article\",\"@id\":\"https:\/\/peoplesphere.be\/fr\/linstitut-virtuel-wallon-cyberwal-aura-entre-autres-mission-de-former-talents-de-demain-cybersecurite\/#article\",\"isPartOf\":{\"@id\":\"https:\/\/peoplesphere.be\/fr\/linstitut-virtuel-wallon-cyberwal-aura-entre-autres-mission-de-former-talents-de-demain-cybersecurite\/\"},\"author\":{\"name\":\"Jean-Paul Erhard\",\"@id\":\"https:\/\/peoplesphere.be\/fr\/#\/schema\/person\/7976225ff17988604334abb7b3536a7e\"},\"headline\":\"L&rsquo;institut virtuel wallon CyberWal aura entre autres pour mission de former les talents de demain en cybers\u00e9curit\u00e9.\",\"datePublished\":\"2021-11-22T11:11:28+00:00\",\"dateModified\":\"2021-11-22T11:11:28+00:00\",\"mainEntityOfPage\":{\"@id\":\"https:\/\/peoplesphere.be\/fr\/linstitut-virtuel-wallon-cyberwal-aura-entre-autres-mission-de-former-talents-de-demain-cybersecurite\/\"},\"wordCount\":898,\"publisher\":{\"@id\":\"https:\/\/peoplesphere.be\/fr\/#organization\"},\"keywords\":[\"cybers\u00e9curit\u00e9\",\"Formation\",\"RGPD\",\"Willy Borsus\"],\"articleSection\":[\"Actualit\u00e9s\",\"Digital\"],\"inLanguage\":\"fr-FR\"},{\"@type\":\"WebPage\",\"@id\":\"https:\/\/peoplesphere.be\/fr\/linstitut-virtuel-wallon-cyberwal-aura-entre-autres-mission-de-former-talents-de-demain-cybersecurite\/\",\"url\":\"https:\/\/peoplesphere.be\/fr\/linstitut-virtuel-wallon-cyberwal-aura-entre-autres-mission-de-former-talents-de-demain-cybersecurite\/\",\"name\":\"L'institut virtuel wallon CyberWal aura entre autres pour mission de former les talents de demain en cybers\u00e9curit\u00e9. - Peoplesphere\",\"isPartOf\":{\"@id\":\"https:\/\/peoplesphere.be\/fr\/#website\"},\"datePublished\":\"2021-11-22T11:11:28+00:00\",\"dateModified\":\"2021-11-22T11:11:28+00:00\",\"breadcrumb\":{\"@id\":\"https:\/\/peoplesphere.be\/fr\/linstitut-virtuel-wallon-cyberwal-aura-entre-autres-mission-de-former-talents-de-demain-cybersecurite\/#breadcrumb\"},\"inLanguage\":\"fr-FR\",\"potentialAction\":[{\"@type\":\"ReadAction\",\"target\":[\"https:\/\/peoplesphere.be\/fr\/linstitut-virtuel-wallon-cyberwal-aura-entre-autres-mission-de-former-talents-de-demain-cybersecurite\/\"]}]},{\"@type\":\"BreadcrumbList\",\"@id\":\"https:\/\/peoplesphere.be\/fr\/linstitut-virtuel-wallon-cyberwal-aura-entre-autres-mission-de-former-talents-de-demain-cybersecurite\/#breadcrumb\",\"itemListElement\":[{\"@type\":\"ListItem\",\"position\":1,\"name\":\"Accueil\",\"item\":\"https:\/\/peoplesphere.be\/fr\/\"},{\"@type\":\"ListItem\",\"position\":2,\"name\":\"L&rsquo;institut virtuel wallon CyberWal aura entre autres pour mission de former les talents de demain en cybers\u00e9curit\u00e9.\"}]},{\"@type\":\"WebSite\",\"@id\":\"https:\/\/peoplesphere.be\/fr\/#website\",\"url\":\"https:\/\/peoplesphere.be\/fr\/\",\"name\":\"Peoplesphere\",\"description\":\"The People Managers Magazine\",\"publisher\":{\"@id\":\"https:\/\/peoplesphere.be\/fr\/#organization\"},\"potentialAction\":[{\"@type\":\"SearchAction\",\"target\":{\"@type\":\"EntryPoint\",\"urlTemplate\":\"https:\/\/peoplesphere.be\/fr\/?s={search_term_string}\"},\"query-input\":\"required name=search_term_string\"}],\"inLanguage\":\"fr-FR\"},{\"@type\":\"Organization\",\"@id\":\"https:\/\/peoplesphere.be\/fr\/#organization\",\"name\":\"Peoplesphere Company srl\",\"url\":\"https:\/\/peoplesphere.be\/fr\/\",\"logo\":{\"@type\":\"ImageObject\",\"inLanguage\":\"fr-FR\",\"@id\":\"https:\/\/peoplesphere.be\/fr\/#\/schema\/logo\/image\/\",\"url\":\"https:\/\/peoplesphere.be\/fr\/wp-content\/uploads\/2023\/07\/peoplesphere-lgo-new-generik.jpg\",\"contentUrl\":\"https:\/\/peoplesphere.be\/fr\/wp-content\/uploads\/2023\/07\/peoplesphere-lgo-new-generik.jpg\",\"width\":1031,\"height\":1479,\"caption\":\"Peoplesphere Company srl\"},\"image\":{\"@id\":\"https:\/\/peoplesphere.be\/fr\/#\/schema\/logo\/image\/\"},\"sameAs\":[\"https:\/\/www.facebook.com\/peoplesphere\",\"https:\/\/twitter.com\/PeoplesphereMag\",\"https:\/\/www.linkedin.com\/company\/7587361?trk\",\"http:\/\/youtube.com\/peoplesphere\"]},{\"@type\":\"Person\",\"@id\":\"https:\/\/peoplesphere.be\/fr\/#\/schema\/person\/7976225ff17988604334abb7b3536a7e\",\"name\":\"Jean-Paul Erhard\",\"image\":{\"@type\":\"ImageObject\",\"inLanguage\":\"fr-FR\",\"@id\":\"https:\/\/peoplesphere.be\/fr\/#\/schema\/person\/image\/\",\"url\":\"https:\/\/secure.gravatar.com\/avatar\/f941e681460179738071629a51574930?s=96&d=mm&r=g\",\"contentUrl\":\"https:\/\/secure.gravatar.com\/avatar\/f941e681460179738071629a51574930?s=96&d=mm&r=g\",\"caption\":\"Jean-Paul Erhard\"},\"url\":\"https:\/\/peoplesphere.be\/fr\/author\/jpe\/\"}]}<\/script>\n<!-- \/ Yoast SEO plugin. -->","yoast_head_json":{"title":"L'institut virtuel wallon CyberWal aura entre autres pour mission de former les talents de demain en cybers\u00e9curit\u00e9. - Peoplesphere","robots":{"index":"index","follow":"follow","max-snippet":"max-snippet:-1","max-image-preview":"max-image-preview:large","max-video-preview":"max-video-preview:-1"},"canonical":"https:\/\/peoplesphere.be\/fr\/linstitut-virtuel-wallon-cyberwal-aura-entre-autres-mission-de-former-talents-de-demain-cybersecurite\/","og_locale":"fr_FR","og_type":"article","og_title":"L'institut virtuel wallon CyberWal aura entre autres pour mission de former les talents de demain en cybers\u00e9curit\u00e9. - Peoplesphere","og_description":"Sur proposition du Ministre de la Recherche et du Num\u00e9rique Willy BORSUS, le Gouvernement de Wallonie a valid\u00e9 le lancement du projet CyberExcellence qui vise \u00e0 positionner la Wallonie comme un acteur incontournable de la cybers\u00e9curit\u00e9 sur le territoire national, [&hellip;]","og_url":"https:\/\/peoplesphere.be\/fr\/linstitut-virtuel-wallon-cyberwal-aura-entre-autres-mission-de-former-talents-de-demain-cybersecurite\/","og_site_name":"Peoplesphere","article_publisher":"https:\/\/www.facebook.com\/peoplesphere","article_published_time":"2021-11-22T11:11:28+00:00","og_image":[{"url":"http:\/\/www.peoplesphere.be\/fr\/wp-content\/uploads\/2016\/07\/facebook-default-posting-1200x628px.jpg"}],"author":"Jean-Paul Erhard","twitter_card":"summary_large_image","twitter_creator":"@PeoplesphereMag","twitter_site":"@PeoplesphereMag","twitter_misc":{"\u00c9crit par":"Jean-Paul Erhard","Dur\u00e9e de lecture estim\u00e9e":"4 minutes"},"schema":{"@context":"https:\/\/schema.org","@graph":[{"@type":"Article","@id":"https:\/\/peoplesphere.be\/fr\/linstitut-virtuel-wallon-cyberwal-aura-entre-autres-mission-de-former-talents-de-demain-cybersecurite\/#article","isPartOf":{"@id":"https:\/\/peoplesphere.be\/fr\/linstitut-virtuel-wallon-cyberwal-aura-entre-autres-mission-de-former-talents-de-demain-cybersecurite\/"},"author":{"name":"Jean-Paul Erhard","@id":"https:\/\/peoplesphere.be\/fr\/#\/schema\/person\/7976225ff17988604334abb7b3536a7e"},"headline":"L&rsquo;institut virtuel wallon CyberWal aura entre autres pour mission de former les talents de demain en cybers\u00e9curit\u00e9.","datePublished":"2021-11-22T11:11:28+00:00","dateModified":"2021-11-22T11:11:28+00:00","mainEntityOfPage":{"@id":"https:\/\/peoplesphere.be\/fr\/linstitut-virtuel-wallon-cyberwal-aura-entre-autres-mission-de-former-talents-de-demain-cybersecurite\/"},"wordCount":898,"publisher":{"@id":"https:\/\/peoplesphere.be\/fr\/#organization"},"keywords":["cybers\u00e9curit\u00e9","Formation","RGPD","Willy Borsus"],"articleSection":["Actualit\u00e9s","Digital"],"inLanguage":"fr-FR"},{"@type":"WebPage","@id":"https:\/\/peoplesphere.be\/fr\/linstitut-virtuel-wallon-cyberwal-aura-entre-autres-mission-de-former-talents-de-demain-cybersecurite\/","url":"https:\/\/peoplesphere.be\/fr\/linstitut-virtuel-wallon-cyberwal-aura-entre-autres-mission-de-former-talents-de-demain-cybersecurite\/","name":"L'institut virtuel wallon CyberWal aura entre autres pour mission de former les talents de demain en cybers\u00e9curit\u00e9. - Peoplesphere","isPartOf":{"@id":"https:\/\/peoplesphere.be\/fr\/#website"},"datePublished":"2021-11-22T11:11:28+00:00","dateModified":"2021-11-22T11:11:28+00:00","breadcrumb":{"@id":"https:\/\/peoplesphere.be\/fr\/linstitut-virtuel-wallon-cyberwal-aura-entre-autres-mission-de-former-talents-de-demain-cybersecurite\/#breadcrumb"},"inLanguage":"fr-FR","potentialAction":[{"@type":"ReadAction","target":["https:\/\/peoplesphere.be\/fr\/linstitut-virtuel-wallon-cyberwal-aura-entre-autres-mission-de-former-talents-de-demain-cybersecurite\/"]}]},{"@type":"BreadcrumbList","@id":"https:\/\/peoplesphere.be\/fr\/linstitut-virtuel-wallon-cyberwal-aura-entre-autres-mission-de-former-talents-de-demain-cybersecurite\/#breadcrumb","itemListElement":[{"@type":"ListItem","position":1,"name":"Accueil","item":"https:\/\/peoplesphere.be\/fr\/"},{"@type":"ListItem","position":2,"name":"L&rsquo;institut virtuel wallon CyberWal aura entre autres pour mission de former les talents de demain en cybers\u00e9curit\u00e9."}]},{"@type":"WebSite","@id":"https:\/\/peoplesphere.be\/fr\/#website","url":"https:\/\/peoplesphere.be\/fr\/","name":"Peoplesphere","description":"The People Managers Magazine","publisher":{"@id":"https:\/\/peoplesphere.be\/fr\/#organization"},"potentialAction":[{"@type":"SearchAction","target":{"@type":"EntryPoint","urlTemplate":"https:\/\/peoplesphere.be\/fr\/?s={search_term_string}"},"query-input":"required name=search_term_string"}],"inLanguage":"fr-FR"},{"@type":"Organization","@id":"https:\/\/peoplesphere.be\/fr\/#organization","name":"Peoplesphere Company srl","url":"https:\/\/peoplesphere.be\/fr\/","logo":{"@type":"ImageObject","inLanguage":"fr-FR","@id":"https:\/\/peoplesphere.be\/fr\/#\/schema\/logo\/image\/","url":"https:\/\/peoplesphere.be\/fr\/wp-content\/uploads\/2023\/07\/peoplesphere-lgo-new-generik.jpg","contentUrl":"https:\/\/peoplesphere.be\/fr\/wp-content\/uploads\/2023\/07\/peoplesphere-lgo-new-generik.jpg","width":1031,"height":1479,"caption":"Peoplesphere Company srl"},"image":{"@id":"https:\/\/peoplesphere.be\/fr\/#\/schema\/logo\/image\/"},"sameAs":["https:\/\/www.facebook.com\/peoplesphere","https:\/\/twitter.com\/PeoplesphereMag","https:\/\/www.linkedin.com\/company\/7587361?trk","http:\/\/youtube.com\/peoplesphere"]},{"@type":"Person","@id":"https:\/\/peoplesphere.be\/fr\/#\/schema\/person\/7976225ff17988604334abb7b3536a7e","name":"Jean-Paul Erhard","image":{"@type":"ImageObject","inLanguage":"fr-FR","@id":"https:\/\/peoplesphere.be\/fr\/#\/schema\/person\/image\/","url":"https:\/\/secure.gravatar.com\/avatar\/f941e681460179738071629a51574930?s=96&d=mm&r=g","contentUrl":"https:\/\/secure.gravatar.com\/avatar\/f941e681460179738071629a51574930?s=96&d=mm&r=g","caption":"Jean-Paul Erhard"},"url":"https:\/\/peoplesphere.be\/fr\/author\/jpe\/"}]}},"_links":{"self":[{"href":"https:\/\/peoplesphere.be\/fr\/wp-json\/wp\/v2\/posts\/12118"}],"collection":[{"href":"https:\/\/peoplesphere.be\/fr\/wp-json\/wp\/v2\/posts"}],"about":[{"href":"https:\/\/peoplesphere.be\/fr\/wp-json\/wp\/v2\/types\/post"}],"author":[{"embeddable":true,"href":"https:\/\/peoplesphere.be\/fr\/wp-json\/wp\/v2\/users\/2"}],"replies":[{"embeddable":true,"href":"https:\/\/peoplesphere.be\/fr\/wp-json\/wp\/v2\/comments?post=12118"}],"version-history":[{"count":1,"href":"https:\/\/peoplesphere.be\/fr\/wp-json\/wp\/v2\/posts\/12118\/revisions"}],"predecessor-version":[{"id":12119,"href":"https:\/\/peoplesphere.be\/fr\/wp-json\/wp\/v2\/posts\/12118\/revisions\/12119"}],"wp:attachment":[{"href":"https:\/\/peoplesphere.be\/fr\/wp-json\/wp\/v2\/media?parent=12118"}],"wp:term":[{"taxonomy":"category","embeddable":true,"href":"https:\/\/peoplesphere.be\/fr\/wp-json\/wp\/v2\/categories?post=12118"},{"taxonomy":"post_tag","embeddable":true,"href":"https:\/\/peoplesphere.be\/fr\/wp-json\/wp\/v2\/tags?post=12118"}],"curies":[{"name":"wp","href":"https:\/\/api.w.org\/{rel}","templated":true}]}}