









{"id":12134,"date":"2021-11-24T12:14:22","date_gmt":"2021-11-24T10:14:22","guid":{"rendered":"https:\/\/peoplesphere.be\/fr\/?p=12134"},"modified":"2021-11-24T12:14:22","modified_gmt":"2021-11-24T10:14:22","slug":"role-pension-legale-1-belge-2-pense-ne-couvrir-depenses-essentielles-preserver-citoyens-de-pauvrete","status":"publish","type":"post","link":"https:\/\/peoplesphere.be\/fr\/role-pension-legale-1-belge-2-pense-ne-couvrir-depenses-essentielles-preserver-citoyens-de-pauvrete\/","title":{"rendered":"Quel r\u00f4le pour la pension l\u00e9gale? 1 Belge sur 2 pense qu&rsquo;elle ne devrait couvrir que les d\u00e9penses essentielles et pr\u00e9server les citoyens de la pauvret\u00e9."},"content":{"rendered":"<p>La pension l\u00e9gale doit-elle nous assurer une vie confortable ou nous pr\u00e9server de la pauvret\u00e9 ? C&rsquo;est la question que l&rsquo;assureur vie NN a pos\u00e9e \u00e0 1.025 Belges. Les r\u00e9sultats montrent une divergence d\u2019opinion. En moyenne, 49 % des Belges pensent que notre pension l\u00e9gale doit nous permettre de vivre confortablement, en accord avec notre vie avant la retraite. Pour les 50 % restants, la pension l\u00e9gale est un moyen de couvrir le co\u00fbt des choses essentielles de la vie ou de maintenir les gens en dehors de la pauvret\u00e9. <!--more--><\/p>\n<p>Avec la proposition de fixer la pension minimale \u00e0 1.500 euros apr\u00e8s une carri\u00e8re compl\u00e8te, le gouvernement semble vouloir couper la poire en deux et ne pas choisir de camp. La question est de savoir dans quelle mesure ceci est durable et abordable \u00e0 long terme. Une bonne combinaison entre une pension l\u00e9gale et une pension compl\u00e9mentaire offre une r\u00e9ponse adapt\u00e9e \u00e0 de nombreux salari\u00e9s et ind\u00e9pendants.<\/p>\n<p>Les chiffres montrent qu&rsquo;aucun r\u00f4le univoque n&rsquo;est attribu\u00e9 \u00e0 la pension l\u00e9gale. La moiti\u00e9 des Belges y voient un moyen de les sortir de la pauvret\u00e9 ou de garantir l&rsquo;achat de biens essentiels \u00e0 la vie. Pour l&rsquo;autre moiti\u00e9, elle leur permet de mener une vie confortable, conforme au niveau de vie avant la retraite.<\/p>\n<p>Bien que la distribution reste g\u00e9n\u00e9ralement 50-50, on observe certains faits marquants. Les fonctionnaires consid\u00e8rent la pension l\u00e9gale davantage comme un moyen de vivre confortablement, en accord avec le niveau de vie avant la retraite. \u00c9tant donn\u00e9 que les fonctionnaires n&rsquo;ont pas droit \u00e0 une pension compl\u00e9mentaire et qu&rsquo;ils sont donc plus d\u00e9pendants de la pension l\u00e9gale, il est logique qu&rsquo;ils comptent plus sur celle-ci que les autres.<\/p>\n<p>Chez les jeunes, nous constatons le contraire. Ils consid\u00e8rent en effet la pension l\u00e9gale comme un moyen d&rsquo;\u00e9viter la pauvret\u00e9, plus que les autres groupes.<\/p>\n<p>L&rsquo;assureur vie NN part du principe que les Belges, et certainement les salari\u00e9s ou les ind\u00e9pendants, ne doivent pas d\u00e9pendre enti\u00e8rement de la pension l\u00e9gale pour mener une vie confortable apr\u00e8s la retraite.<br \/>\n1.800\u20ac\/mois pour une pension confortable<\/p>\n<p>D\u00e9but 2020, un salari\u00e9 percevait une pension brute moyenne de 1.311,79\u20ac en tant qu&rsquo;homme et de 1.024,81\u20ac en tant que femme1. Cela ne semble pas suffisant pour que les Belges puissent vivre une vie confortable apr\u00e8s la retraite, en accord avec le niveau de vie avant la retraite. Selon les personnes interrog\u00e9es, une pension l\u00e9gale mensuelle de 1.800\u20ac nets est n\u00e9cessaire \u00e0 cet effet.<\/p>\n<p>Pour pouvoir mener une vie luxueuse, les Belges indiquent que le montant s&rsquo;\u00e9l\u00e8ve plut\u00f4t \u00e0 3.000\u20ac. Pour \u00e9viter de sombrer dans la pauvret\u00e9, les Belges disent avoir besoin de 1.000\u20ac par mois. Tandis que pour couvrir les besoins essentiels, ce montant s&rsquo;\u00e9l\u00e8ve \u00e0 1.200\u20ac.<\/p>\n<p>\u00c9tonnamment, la moyenne entre le montant dont les Belges ont besoin pour pouvoir mener une vie confortable et celui pour couvrir les besoins essentiels est de 1.500 euros. C&rsquo;est justement le montant que le gouvernement vise comme pension minimale apr\u00e8s une carri\u00e8re compl\u00e8te.<\/p>\n<p><em>\u00ab\u00a0Je plaide en faveur de l\u2019\u00e9largissement (permettre au plus grand nombre de b\u00e9n\u00e9ficier d&rsquo;une pension compl\u00e9mentaire) et de l\u2019approfondissement (une pension compl\u00e9mentaire suffisamment \u00e9lev\u00e9e pour tous) de la pension compl\u00e9mentaire. Une bonne combinaison entre la pension l\u00e9gale et la pension compl\u00e9mentaire est importante. Ce n&rsquo;est que de cette mani\u00e8re que les pensions pourront rester abordables pour les g\u00e9n\u00e9rations futures. La pension l\u00e9gale doit avant tout \u00eatre suffisante pour couvrir les frais de base. La pension compl\u00e9mentaire assure une vie confortable. De cette fa\u00e7on, la responsabilit\u00e9 est r\u00e9partie sur diff\u00e9rents acteurs et il y a moins de pression sur le gouvernement et les g\u00e9n\u00e9rations futures. C&rsquo;est au gouvernement de proposer d\u00e8s maintenant un plan durable et r\u00e9aliste\u00a0\u00bb<\/em>, explique Jan Van Autreve, CEO de NN Belgium.<\/p>\n<p><strong><em>Le r\u00f4le de la pension compl\u00e9mentaire gagne en importance<\/em><\/strong><\/p>\n<p>La FSMA et MyPension ont d\u00e9j\u00e0 montr\u00e9 que les Belges demandent plus d&rsquo;informations sur les pensions compl\u00e9mentaires. Comme le mot l\u2019indique lui-m\u00eame, la pension compl\u00e9mentaire est un compl\u00e9ment \u00e0 la pension l\u00e9gale. Le r\u00f4le de la pension compl\u00e9mentaire consiste \u00e0 offrir une vie financi\u00e8rement confortable apr\u00e8s la retraite.<\/p>\n<p>Les Belges y sont sensibilis\u00e9s. Les r\u00e9pondants ont \u00e9t\u00e9 confront\u00e9s au dilemme suivant : imaginez que votre employeur vous permette de choisir entre un suppl\u00e9ment de salaire ou le m\u00eame suppl\u00e9ment multipli\u00e9 par 2 ou 3 pour votre plan de pension, que feriez-vous ? 38% opteraient pour un compl\u00e9ment de salaire imm\u00e9diat, 50 % pour l&rsquo;augmentation de la pension compl\u00e9mentaire.<\/p>\n<p><em>\u00ab\u00a0Lorsque l&rsquo;avenir de la pension l\u00e9gale sera clair, les Belges sauront aussi comment organiser les autres piliers. Parce que le financement de la pension ne se limite pas \u00e0 la pension l\u00e9gale ou \u00e0 l\u2019\u00e9pargne-pension. C&rsquo;est une bonne combinaison des diff\u00e9rents piliers de la pension qui peut donner aux Belges plus de s\u00e9curit\u00e9 pour vivre une vie confortable apr\u00e8s la retraite. C&rsquo;est aussi une bonne chose pour le gouvernement. Il leur enl\u00e8ve le risque de pr\u00e9voir le paiement de pensions plus \u00e9lev\u00e9es. C&rsquo;est alors la responsabilit\u00e9 de l&rsquo;individu et des assureurs, ce qui profite \u00e0 l&rsquo;abordabilit\u00e9 financi\u00e8re du gouvernement\u00a0\u00bb<\/em>, explique Jan Van Autreve, CEO de NN Belgium.<\/p>\n<p>&nbsp;<\/p>\n<p><em>Source: l&rsquo;enqu\u00eate de l&rsquo;assureur vie NN, men\u00e9e par l&rsquo;agence de recherche ind\u00e9pendante Indiville, a \u00e9t\u00e9 r\u00e9alis\u00e9e en ligne aupr\u00e8s de 1.025 Belges entre le 30 ao\u00fbt 2021 et le 8 octobre 2021. La population \u00e9tudi\u00e9e \u00e0 chaque moment de mesure est compos\u00e9e de personnes \u00e2g\u00e9es de 18 \u00e0 79 ans et est repr\u00e9sentative de la population belge. La marge d&rsquo;erreur maximale est de 3,1 % par mesure.<\/em><\/p>\n","protected":false},"excerpt":{"rendered":"<p>La pension l\u00e9gale doit-elle nous assurer une vie confortable ou nous pr\u00e9server de la pauvret\u00e9 ? C&rsquo;est la question que l&rsquo;assureur vie NN a pos\u00e9e \u00e0 1.025 Belges. Les r\u00e9sultats montrent une divergence d\u2019opinion. En moyenne, 49 % des Belges [&hellip;]<\/p>\n","protected":false},"author":2,"featured_media":0,"comment_status":"closed","ping_status":"open","sticky":false,"template":"","format":"standard","meta":[],"categories":[65,10],"tags":[1044,2049,1683,689,688],"yoast_head":"<!-- This site is optimized with the Yoast SEO plugin v21.0 - https:\/\/yoast.com\/wordpress\/plugins\/seo\/ -->\n<title>Quel r\u00f4le pour la pension l\u00e9gale? 1 Belge sur 2 pense qu&#039;elle ne devrait couvrir que les d\u00e9penses essentielles et pr\u00e9server les citoyens de la pauvret\u00e9. - Peoplesphere<\/title>\n<meta name=\"robots\" content=\"index, follow, max-snippet:-1, max-image-preview:large, max-video-preview:-1\" \/>\n<link rel=\"canonical\" href=\"https:\/\/peoplesphere.be\/fr\/role-pension-legale-1-belge-2-pense-ne-couvrir-depenses-essentielles-preserver-citoyens-de-pauvrete\/\" \/>\n<meta property=\"og:locale\" content=\"fr_FR\" \/>\n<meta property=\"og:type\" content=\"article\" \/>\n<meta property=\"og:title\" content=\"Quel r\u00f4le pour la pension l\u00e9gale? 1 Belge sur 2 pense qu&#039;elle ne devrait couvrir que les d\u00e9penses essentielles et pr\u00e9server les citoyens de la pauvret\u00e9. - Peoplesphere\" \/>\n<meta property=\"og:description\" content=\"La pension l\u00e9gale doit-elle nous assurer une vie confortable ou nous pr\u00e9server de la pauvret\u00e9 ? C&rsquo;est la question que l&rsquo;assureur vie NN a pos\u00e9e \u00e0 1.025 Belges. Les r\u00e9sultats montrent une divergence d\u2019opinion. En moyenne, 49 % des Belges [&hellip;]\" \/>\n<meta property=\"og:url\" content=\"https:\/\/peoplesphere.be\/fr\/role-pension-legale-1-belge-2-pense-ne-couvrir-depenses-essentielles-preserver-citoyens-de-pauvrete\/\" \/>\n<meta property=\"og:site_name\" content=\"Peoplesphere\" \/>\n<meta property=\"article:publisher\" content=\"https:\/\/www.facebook.com\/peoplesphere\" \/>\n<meta property=\"article:published_time\" content=\"2021-11-24T10:14:22+00:00\" \/>\n<meta property=\"og:image\" content=\"http:\/\/www.peoplesphere.be\/fr\/wp-content\/uploads\/2016\/07\/facebook-default-posting-1200x628px.jpg\" \/>\n<meta name=\"author\" content=\"Jean-Paul Erhard\" \/>\n<meta name=\"twitter:card\" content=\"summary_large_image\" \/>\n<meta name=\"twitter:creator\" content=\"@PeoplesphereMag\" \/>\n<meta name=\"twitter:site\" content=\"@PeoplesphereMag\" \/>\n<meta name=\"twitter:label1\" content=\"\u00c9crit par\" \/>\n\t<meta name=\"twitter:data1\" content=\"Jean-Paul Erhard\" \/>\n\t<meta name=\"twitter:label2\" content=\"Dur\u00e9e de lecture estim\u00e9e\" \/>\n\t<meta name=\"twitter:data2\" content=\"5 minutes\" \/>\n<script type=\"application\/ld+json\" class=\"yoast-schema-graph\">{\"@context\":\"https:\/\/schema.org\",\"@graph\":[{\"@type\":\"Article\",\"@id\":\"https:\/\/peoplesphere.be\/fr\/role-pension-legale-1-belge-2-pense-ne-couvrir-depenses-essentielles-preserver-citoyens-de-pauvrete\/#article\",\"isPartOf\":{\"@id\":\"https:\/\/peoplesphere.be\/fr\/role-pension-legale-1-belge-2-pense-ne-couvrir-depenses-essentielles-preserver-citoyens-de-pauvrete\/\"},\"author\":{\"name\":\"Jean-Paul Erhard\",\"@id\":\"https:\/\/peoplesphere.be\/fr\/#\/schema\/person\/7976225ff17988604334abb7b3536a7e\"},\"headline\":\"Quel r\u00f4le pour la pension l\u00e9gale? 1 Belge sur 2 pense qu&rsquo;elle ne devrait couvrir que les d\u00e9penses essentielles et pr\u00e9server les citoyens de la pauvret\u00e9.\",\"datePublished\":\"2021-11-24T10:14:22+00:00\",\"dateModified\":\"2021-11-24T10:14:22+00:00\",\"mainEntityOfPage\":{\"@id\":\"https:\/\/peoplesphere.be\/fr\/role-pension-legale-1-belge-2-pense-ne-couvrir-depenses-essentielles-preserver-citoyens-de-pauvrete\/\"},\"wordCount\":1003,\"publisher\":{\"@id\":\"https:\/\/peoplesphere.be\/fr\/#organization\"},\"keywords\":[\"fin de carri\u00e8re\",\"NN\",\"pension compl\u00e9mentaire\",\"pension l\u00e9gale\",\"retraite\"],\"articleSection\":[\"Actualit\u00e9s\",\"Digital\"],\"inLanguage\":\"fr-FR\"},{\"@type\":\"WebPage\",\"@id\":\"https:\/\/peoplesphere.be\/fr\/role-pension-legale-1-belge-2-pense-ne-couvrir-depenses-essentielles-preserver-citoyens-de-pauvrete\/\",\"url\":\"https:\/\/peoplesphere.be\/fr\/role-pension-legale-1-belge-2-pense-ne-couvrir-depenses-essentielles-preserver-citoyens-de-pauvrete\/\",\"name\":\"Quel r\u00f4le pour la pension l\u00e9gale? 1 Belge sur 2 pense qu'elle ne devrait couvrir que les d\u00e9penses essentielles et pr\u00e9server les citoyens de la pauvret\u00e9. - Peoplesphere\",\"isPartOf\":{\"@id\":\"https:\/\/peoplesphere.be\/fr\/#website\"},\"datePublished\":\"2021-11-24T10:14:22+00:00\",\"dateModified\":\"2021-11-24T10:14:22+00:00\",\"breadcrumb\":{\"@id\":\"https:\/\/peoplesphere.be\/fr\/role-pension-legale-1-belge-2-pense-ne-couvrir-depenses-essentielles-preserver-citoyens-de-pauvrete\/#breadcrumb\"},\"inLanguage\":\"fr-FR\",\"potentialAction\":[{\"@type\":\"ReadAction\",\"target\":[\"https:\/\/peoplesphere.be\/fr\/role-pension-legale-1-belge-2-pense-ne-couvrir-depenses-essentielles-preserver-citoyens-de-pauvrete\/\"]}]},{\"@type\":\"BreadcrumbList\",\"@id\":\"https:\/\/peoplesphere.be\/fr\/role-pension-legale-1-belge-2-pense-ne-couvrir-depenses-essentielles-preserver-citoyens-de-pauvrete\/#breadcrumb\",\"itemListElement\":[{\"@type\":\"ListItem\",\"position\":1,\"name\":\"Accueil\",\"item\":\"https:\/\/peoplesphere.be\/fr\/\"},{\"@type\":\"ListItem\",\"position\":2,\"name\":\"Quel r\u00f4le pour la pension l\u00e9gale? 1 Belge sur 2 pense qu&rsquo;elle ne devrait couvrir que les d\u00e9penses essentielles et pr\u00e9server les citoyens de la pauvret\u00e9.\"}]},{\"@type\":\"WebSite\",\"@id\":\"https:\/\/peoplesphere.be\/fr\/#website\",\"url\":\"https:\/\/peoplesphere.be\/fr\/\",\"name\":\"Peoplesphere\",\"description\":\"The People Managers Magazine\",\"publisher\":{\"@id\":\"https:\/\/peoplesphere.be\/fr\/#organization\"},\"potentialAction\":[{\"@type\":\"SearchAction\",\"target\":{\"@type\":\"EntryPoint\",\"urlTemplate\":\"https:\/\/peoplesphere.be\/fr\/?s={search_term_string}\"},\"query-input\":\"required name=search_term_string\"}],\"inLanguage\":\"fr-FR\"},{\"@type\":\"Organization\",\"@id\":\"https:\/\/peoplesphere.be\/fr\/#organization\",\"name\":\"Peoplesphere Company srl\",\"url\":\"https:\/\/peoplesphere.be\/fr\/\",\"logo\":{\"@type\":\"ImageObject\",\"inLanguage\":\"fr-FR\",\"@id\":\"https:\/\/peoplesphere.be\/fr\/#\/schema\/logo\/image\/\",\"url\":\"https:\/\/peoplesphere.be\/fr\/wp-content\/uploads\/2023\/07\/peoplesphere-lgo-new-generik.jpg\",\"contentUrl\":\"https:\/\/peoplesphere.be\/fr\/wp-content\/uploads\/2023\/07\/peoplesphere-lgo-new-generik.jpg\",\"width\":1031,\"height\":1479,\"caption\":\"Peoplesphere Company srl\"},\"image\":{\"@id\":\"https:\/\/peoplesphere.be\/fr\/#\/schema\/logo\/image\/\"},\"sameAs\":[\"https:\/\/www.facebook.com\/peoplesphere\",\"https:\/\/twitter.com\/PeoplesphereMag\",\"https:\/\/www.linkedin.com\/company\/7587361?trk\",\"http:\/\/youtube.com\/peoplesphere\"]},{\"@type\":\"Person\",\"@id\":\"https:\/\/peoplesphere.be\/fr\/#\/schema\/person\/7976225ff17988604334abb7b3536a7e\",\"name\":\"Jean-Paul Erhard\",\"image\":{\"@type\":\"ImageObject\",\"inLanguage\":\"fr-FR\",\"@id\":\"https:\/\/peoplesphere.be\/fr\/#\/schema\/person\/image\/\",\"url\":\"https:\/\/secure.gravatar.com\/avatar\/f941e681460179738071629a51574930?s=96&d=mm&r=g\",\"contentUrl\":\"https:\/\/secure.gravatar.com\/avatar\/f941e681460179738071629a51574930?s=96&d=mm&r=g\",\"caption\":\"Jean-Paul Erhard\"},\"url\":\"https:\/\/peoplesphere.be\/fr\/author\/jpe\/\"}]}<\/script>\n<!-- \/ Yoast SEO plugin. -->","yoast_head_json":{"title":"Quel r\u00f4le pour la pension l\u00e9gale? 1 Belge sur 2 pense qu'elle ne devrait couvrir que les d\u00e9penses essentielles et pr\u00e9server les citoyens de la pauvret\u00e9. - Peoplesphere","robots":{"index":"index","follow":"follow","max-snippet":"max-snippet:-1","max-image-preview":"max-image-preview:large","max-video-preview":"max-video-preview:-1"},"canonical":"https:\/\/peoplesphere.be\/fr\/role-pension-legale-1-belge-2-pense-ne-couvrir-depenses-essentielles-preserver-citoyens-de-pauvrete\/","og_locale":"fr_FR","og_type":"article","og_title":"Quel r\u00f4le pour la pension l\u00e9gale? 1 Belge sur 2 pense qu'elle ne devrait couvrir que les d\u00e9penses essentielles et pr\u00e9server les citoyens de la pauvret\u00e9. - Peoplesphere","og_description":"La pension l\u00e9gale doit-elle nous assurer une vie confortable ou nous pr\u00e9server de la pauvret\u00e9 ? C&rsquo;est la question que l&rsquo;assureur vie NN a pos\u00e9e \u00e0 1.025 Belges. Les r\u00e9sultats montrent une divergence d\u2019opinion. En moyenne, 49 % des Belges [&hellip;]","og_url":"https:\/\/peoplesphere.be\/fr\/role-pension-legale-1-belge-2-pense-ne-couvrir-depenses-essentielles-preserver-citoyens-de-pauvrete\/","og_site_name":"Peoplesphere","article_publisher":"https:\/\/www.facebook.com\/peoplesphere","article_published_time":"2021-11-24T10:14:22+00:00","og_image":[{"url":"http:\/\/www.peoplesphere.be\/fr\/wp-content\/uploads\/2016\/07\/facebook-default-posting-1200x628px.jpg"}],"author":"Jean-Paul Erhard","twitter_card":"summary_large_image","twitter_creator":"@PeoplesphereMag","twitter_site":"@PeoplesphereMag","twitter_misc":{"\u00c9crit par":"Jean-Paul Erhard","Dur\u00e9e de lecture estim\u00e9e":"5 minutes"},"schema":{"@context":"https:\/\/schema.org","@graph":[{"@type":"Article","@id":"https:\/\/peoplesphere.be\/fr\/role-pension-legale-1-belge-2-pense-ne-couvrir-depenses-essentielles-preserver-citoyens-de-pauvrete\/#article","isPartOf":{"@id":"https:\/\/peoplesphere.be\/fr\/role-pension-legale-1-belge-2-pense-ne-couvrir-depenses-essentielles-preserver-citoyens-de-pauvrete\/"},"author":{"name":"Jean-Paul Erhard","@id":"https:\/\/peoplesphere.be\/fr\/#\/schema\/person\/7976225ff17988604334abb7b3536a7e"},"headline":"Quel r\u00f4le pour la pension l\u00e9gale? 1 Belge sur 2 pense qu&rsquo;elle ne devrait couvrir que les d\u00e9penses essentielles et pr\u00e9server les citoyens de la pauvret\u00e9.","datePublished":"2021-11-24T10:14:22+00:00","dateModified":"2021-11-24T10:14:22+00:00","mainEntityOfPage":{"@id":"https:\/\/peoplesphere.be\/fr\/role-pension-legale-1-belge-2-pense-ne-couvrir-depenses-essentielles-preserver-citoyens-de-pauvrete\/"},"wordCount":1003,"publisher":{"@id":"https:\/\/peoplesphere.be\/fr\/#organization"},"keywords":["fin de carri\u00e8re","NN","pension compl\u00e9mentaire","pension l\u00e9gale","retraite"],"articleSection":["Actualit\u00e9s","Digital"],"inLanguage":"fr-FR"},{"@type":"WebPage","@id":"https:\/\/peoplesphere.be\/fr\/role-pension-legale-1-belge-2-pense-ne-couvrir-depenses-essentielles-preserver-citoyens-de-pauvrete\/","url":"https:\/\/peoplesphere.be\/fr\/role-pension-legale-1-belge-2-pense-ne-couvrir-depenses-essentielles-preserver-citoyens-de-pauvrete\/","name":"Quel r\u00f4le pour la pension l\u00e9gale? 1 Belge sur 2 pense qu'elle ne devrait couvrir que les d\u00e9penses essentielles et pr\u00e9server les citoyens de la pauvret\u00e9. - Peoplesphere","isPartOf":{"@id":"https:\/\/peoplesphere.be\/fr\/#website"},"datePublished":"2021-11-24T10:14:22+00:00","dateModified":"2021-11-24T10:14:22+00:00","breadcrumb":{"@id":"https:\/\/peoplesphere.be\/fr\/role-pension-legale-1-belge-2-pense-ne-couvrir-depenses-essentielles-preserver-citoyens-de-pauvrete\/#breadcrumb"},"inLanguage":"fr-FR","potentialAction":[{"@type":"ReadAction","target":["https:\/\/peoplesphere.be\/fr\/role-pension-legale-1-belge-2-pense-ne-couvrir-depenses-essentielles-preserver-citoyens-de-pauvrete\/"]}]},{"@type":"BreadcrumbList","@id":"https:\/\/peoplesphere.be\/fr\/role-pension-legale-1-belge-2-pense-ne-couvrir-depenses-essentielles-preserver-citoyens-de-pauvrete\/#breadcrumb","itemListElement":[{"@type":"ListItem","position":1,"name":"Accueil","item":"https:\/\/peoplesphere.be\/fr\/"},{"@type":"ListItem","position":2,"name":"Quel r\u00f4le pour la pension l\u00e9gale? 1 Belge sur 2 pense qu&rsquo;elle ne devrait couvrir que les d\u00e9penses essentielles et pr\u00e9server les citoyens de la pauvret\u00e9."}]},{"@type":"WebSite","@id":"https:\/\/peoplesphere.be\/fr\/#website","url":"https:\/\/peoplesphere.be\/fr\/","name":"Peoplesphere","description":"The People Managers Magazine","publisher":{"@id":"https:\/\/peoplesphere.be\/fr\/#organization"},"potentialAction":[{"@type":"SearchAction","target":{"@type":"EntryPoint","urlTemplate":"https:\/\/peoplesphere.be\/fr\/?s={search_term_string}"},"query-input":"required name=search_term_string"}],"inLanguage":"fr-FR"},{"@type":"Organization","@id":"https:\/\/peoplesphere.be\/fr\/#organization","name":"Peoplesphere Company srl","url":"https:\/\/peoplesphere.be\/fr\/","logo":{"@type":"ImageObject","inLanguage":"fr-FR","@id":"https:\/\/peoplesphere.be\/fr\/#\/schema\/logo\/image\/","url":"https:\/\/peoplesphere.be\/fr\/wp-content\/uploads\/2023\/07\/peoplesphere-lgo-new-generik.jpg","contentUrl":"https:\/\/peoplesphere.be\/fr\/wp-content\/uploads\/2023\/07\/peoplesphere-lgo-new-generik.jpg","width":1031,"height":1479,"caption":"Peoplesphere Company srl"},"image":{"@id":"https:\/\/peoplesphere.be\/fr\/#\/schema\/logo\/image\/"},"sameAs":["https:\/\/www.facebook.com\/peoplesphere","https:\/\/twitter.com\/PeoplesphereMag","https:\/\/www.linkedin.com\/company\/7587361?trk","http:\/\/youtube.com\/peoplesphere"]},{"@type":"Person","@id":"https:\/\/peoplesphere.be\/fr\/#\/schema\/person\/7976225ff17988604334abb7b3536a7e","name":"Jean-Paul Erhard","image":{"@type":"ImageObject","inLanguage":"fr-FR","@id":"https:\/\/peoplesphere.be\/fr\/#\/schema\/person\/image\/","url":"https:\/\/secure.gravatar.com\/avatar\/f941e681460179738071629a51574930?s=96&d=mm&r=g","contentUrl":"https:\/\/secure.gravatar.com\/avatar\/f941e681460179738071629a51574930?s=96&d=mm&r=g","caption":"Jean-Paul Erhard"},"url":"https:\/\/peoplesphere.be\/fr\/author\/jpe\/"}]}},"_links":{"self":[{"href":"https:\/\/peoplesphere.be\/fr\/wp-json\/wp\/v2\/posts\/12134"}],"collection":[{"href":"https:\/\/peoplesphere.be\/fr\/wp-json\/wp\/v2\/posts"}],"about":[{"href":"https:\/\/peoplesphere.be\/fr\/wp-json\/wp\/v2\/types\/post"}],"author":[{"embeddable":true,"href":"https:\/\/peoplesphere.be\/fr\/wp-json\/wp\/v2\/users\/2"}],"replies":[{"embeddable":true,"href":"https:\/\/peoplesphere.be\/fr\/wp-json\/wp\/v2\/comments?post=12134"}],"version-history":[{"count":1,"href":"https:\/\/peoplesphere.be\/fr\/wp-json\/wp\/v2\/posts\/12134\/revisions"}],"predecessor-version":[{"id":12135,"href":"https:\/\/peoplesphere.be\/fr\/wp-json\/wp\/v2\/posts\/12134\/revisions\/12135"}],"wp:attachment":[{"href":"https:\/\/peoplesphere.be\/fr\/wp-json\/wp\/v2\/media?parent=12134"}],"wp:term":[{"taxonomy":"category","embeddable":true,"href":"https:\/\/peoplesphere.be\/fr\/wp-json\/wp\/v2\/categories?post=12134"},{"taxonomy":"post_tag","embeddable":true,"href":"https:\/\/peoplesphere.be\/fr\/wp-json\/wp\/v2\/tags?post=12134"}],"curies":[{"name":"wp","href":"https:\/\/api.w.org\/{rel}","templated":true}]}}