









{"id":12174,"date":"2021-12-01T06:34:10","date_gmt":"2021-12-01T04:34:10","guid":{"rendered":"https:\/\/peoplesphere.be\/fr\/?p=12174"},"modified":"2023-08-20T09:20:03","modified_gmt":"2023-08-20T07:20:03","slug":"3-secteurs-de-services-4-chiffre-daffaires-depasse-celui-de-periode-precedant-crise-coronavirus","status":"publish","type":"post","link":"https:\/\/peoplesphere.be\/fr\/3-secteurs-de-services-4-chiffre-daffaires-depasse-celui-de-periode-precedant-crise-coronavirus\/","title":{"rendered":"Dans 3 secteurs de services sur 4, le chiffre d&rsquo;affaires d\u00e9passe celui de la p\u00e9riode pr\u00e9c\u00e9dant la crise du coronavirus."},"content":{"rendered":"<p>Le chiffre d&rsquo;affaires de presque tous les secteurs suivis dans cette statistique a augment\u00e9 au troisi\u00e8me trimestre 2021 par rapport \u00e0 la m\u00eame p\u00e9riode de l&rsquo;ann\u00e9e pr\u00e9c\u00e9dente. En effet, la plupart des entreprises \u00e9taient pleinement actives au troisi\u00e8me trimestre 2021, alors que dans certains secteurs, des entreprises \u00e9taient encore (partiellement) ferm\u00e9es ou venaient seulement de red\u00e9marrer au troisi\u00e8me trimestre 2020 (par exemple, le transport a\u00e9rien et les agences de voyage et les services de r\u00e9servation).<!--more--><\/p>\n<p>La crise du COVID-19 a toutefois encore eu un impact sur le chiffre d&rsquo;affaires au troisi\u00e8me trimestre 2021 par rapport \u00e0 la m\u00eame p\u00e9riode en 2019, en raison des mesures de restriction toujours en vigueur dans certains secteurs, notamment le fait que les voyages non essentiels \u00e9taient d\u00e9conseill\u00e9s et les limitations impos\u00e9es \u00e0 l\u2019organisation d\u2019\u00e9v\u00e9nements. Les activit\u00e9s des agences de voyage, des voyagistes, des bureaux de r\u00e9servation et des compagnies a\u00e9riennes n&rsquo;ont d\u00e8s lors pas encore retrouv\u00e9 leur niveau d&rsquo;avant la crise.<\/p>\n<p>Dans trois quarts des secteurs suivis dans le cadre de cette statistique, le chiffre d&rsquo;affaires a augment\u00e9 au troisi\u00e8me trimestre 2021 par rapport \u00e0 la m\u00eame p\u00e9riode en 2019. Les principales hausses du chiffre d\u2019affaires ont \u00e9t\u00e9 enregistr\u00e9es dans le secteur \u00ab\u00a0H53 Activit\u00e9s de poste et de courrier\u00a0\u00bb, le commerce de gros (G46) ainsi que dans les secteurs \u00ab\u00a0M74 Autres activit\u00e9s sp\u00e9cialis\u00e9es, scientifiques et techniques\u00a0\u00bb et \u00ab\u00a0J62 Programmation, conseil et autres activit\u00e9s informatiques\u00a0\u00bb. Les principales baisses du chiffre d\u2019affaires ont concern\u00e9 le secteur \u00ab\u00a0N79 Activit\u00e9s des agences de voyage, voyagistes, services de r\u00e9servation et activit\u00e9s connexes\u00a0\u00bb, le secteur \u00ab\u00a0G45 Commerce et r\u00e9paration d\u2019automobiles et de motocycles\u00a0\u00bb ainsi que les transports a\u00e9riens (H51)<\/p>\n<p>Cette statistique donne les indices du chiffre d\u2019affaires pour un certain nombre de secteurs d\u00e9finis par Eurostat : le commerce de gros et des services tels que les transports, l\u2019horeca, les TIC, la publicit\u00e9 et les \u00e9tudes de march\u00e9. Les secteurs ont \u00e9t\u00e9 class\u00e9s selon la nomenclature NACE de 2008 et les sp\u00e9cifications d\u2019Eurostat. C\u2019est pourquoi des indices plus d\u00e9taill\u00e9s sont \u00e9galement disponibles pour certains sous-secteurs (p.ex. G46) tandis que d\u2019autres sous-secteurs sont regroup\u00e9s (p.ex. M69 et M702). Les indices annuels permettent d&rsquo;obtenir un aper\u00e7u de l&rsquo;\u00e9volution du chiffre d&rsquo;affaires pour un secteur donn\u00e9 au cours des derni\u00e8res ann\u00e9es. L&rsquo;ann\u00e9e de r\u00e9f\u00e9rence est 2015. Les indices trimestriels refl\u00e8tent l\u2019\u00e9volution au cours d\u2019une ann\u00e9e d\u00e9termin\u00e9e et peuvent servir \u00e0 \u00e9tablir des comparaisons en glissement annuel pour un trimestre donn\u00e9. Ils permettent ainsi de d\u00e9celer un renversement conjoncturel. Les indices pr\u00e9sent\u00e9s sont des indices bruts, mais l\u2019utilisateur peut cr\u00e9er lui-m\u00eame un tableau comprenant \u00e9galement les indices d\u00e9saisonnalis\u00e9s et la tendance. Les chiffres des 2 derni\u00e8res ann\u00e9es doivent \u00eatre consid\u00e9r\u00e9s comme provisoires et peuvent encore faire l&rsquo;objet d&rsquo;une r\u00e9vision en raison de d\u00e9clarations TVA tardives et\/ou de d\u00e9rogations.<\/p>\n<p><em>Source: Statbel<\/em><\/p>\n<p>&nbsp;<\/p>\n","protected":false},"excerpt":{"rendered":"<p>Le chiffre d&rsquo;affaires de presque tous les secteurs suivis dans cette statistique a augment\u00e9 au troisi\u00e8me trimestre 2021 par rapport \u00e0 la m\u00eame p\u00e9riode de l&rsquo;ann\u00e9e pr\u00e9c\u00e9dente. En effet, la plupart des entreprises \u00e9taient pleinement actives au troisi\u00e8me trimestre 2021, [&hellip;]<\/p>\n","protected":false},"author":2,"featured_media":0,"comment_status":"closed","ping_status":"open","sticky":false,"template":"","format":"standard","meta":[],"categories":[65,10],"tags":[2947,487,2283,44],"yoast_head":"<!-- This site is optimized with the Yoast SEO plugin v21.0 - https:\/\/yoast.com\/wordpress\/plugins\/seo\/ -->\n<title>Dans 3 secteurs de services sur 4, le chiffre d&#039;affaires d\u00e9passe celui de la p\u00e9riode pr\u00e9c\u00e9dant la crise du coronavirus. - Peoplesphere<\/title>\n<meta name=\"robots\" content=\"index, follow, max-snippet:-1, max-image-preview:large, max-video-preview:-1\" \/>\n<link rel=\"canonical\" href=\"https:\/\/peoplesphere.be\/fr\/3-secteurs-de-services-4-chiffre-daffaires-depasse-celui-de-periode-precedant-crise-coronavirus\/\" \/>\n<meta property=\"og:locale\" content=\"fr_FR\" \/>\n<meta property=\"og:type\" content=\"article\" \/>\n<meta property=\"og:title\" content=\"Dans 3 secteurs de services sur 4, le chiffre d&#039;affaires d\u00e9passe celui de la p\u00e9riode pr\u00e9c\u00e9dant la crise du coronavirus. - Peoplesphere\" \/>\n<meta property=\"og:description\" content=\"Le chiffre d&rsquo;affaires de presque tous les secteurs suivis dans cette statistique a augment\u00e9 au troisi\u00e8me trimestre 2021 par rapport \u00e0 la m\u00eame p\u00e9riode de l&rsquo;ann\u00e9e pr\u00e9c\u00e9dente. En effet, la plupart des entreprises \u00e9taient pleinement actives au troisi\u00e8me trimestre 2021, [&hellip;]\" \/>\n<meta property=\"og:url\" content=\"https:\/\/peoplesphere.be\/fr\/3-secteurs-de-services-4-chiffre-daffaires-depasse-celui-de-periode-precedant-crise-coronavirus\/\" \/>\n<meta property=\"og:site_name\" content=\"Peoplesphere\" \/>\n<meta property=\"article:publisher\" content=\"https:\/\/www.facebook.com\/peoplesphere\" \/>\n<meta property=\"article:published_time\" content=\"2021-12-01T04:34:10+00:00\" \/>\n<meta property=\"article:modified_time\" content=\"2023-08-20T07:20:03+00:00\" \/>\n<meta property=\"og:image\" content=\"http:\/\/www.peoplesphere.be\/fr\/wp-content\/uploads\/2016\/07\/facebook-default-posting-1200x628px.jpg\" \/>\n<meta name=\"author\" content=\"Jean-Paul Erhard\" \/>\n<meta name=\"twitter:card\" content=\"summary_large_image\" \/>\n<meta name=\"twitter:creator\" content=\"@PeoplesphereMag\" \/>\n<meta name=\"twitter:site\" content=\"@PeoplesphereMag\" \/>\n<meta name=\"twitter:label1\" content=\"\u00c9crit par\" \/>\n\t<meta name=\"twitter:data1\" content=\"Jean-Paul Erhard\" \/>\n\t<meta name=\"twitter:label2\" content=\"Dur\u00e9e de lecture estim\u00e9e\" \/>\n\t<meta name=\"twitter:data2\" content=\"3 minutes\" \/>\n<script type=\"application\/ld+json\" class=\"yoast-schema-graph\">{\"@context\":\"https:\/\/schema.org\",\"@graph\":[{\"@type\":\"Article\",\"@id\":\"https:\/\/peoplesphere.be\/fr\/3-secteurs-de-services-4-chiffre-daffaires-depasse-celui-de-periode-precedant-crise-coronavirus\/#article\",\"isPartOf\":{\"@id\":\"https:\/\/peoplesphere.be\/fr\/3-secteurs-de-services-4-chiffre-daffaires-depasse-celui-de-periode-precedant-crise-coronavirus\/\"},\"author\":{\"name\":\"Jean-Paul Erhard\",\"@id\":\"https:\/\/peoplesphere.be\/fr\/#\/schema\/person\/7976225ff17988604334abb7b3536a7e\"},\"headline\":\"Dans 3 secteurs de services sur 4, le chiffre d&rsquo;affaires d\u00e9passe celui de la p\u00e9riode pr\u00e9c\u00e9dant la crise du coronavirus.\",\"datePublished\":\"2021-12-01T04:34:10+00:00\",\"dateModified\":\"2023-08-20T07:20:03+00:00\",\"mainEntityOfPage\":{\"@id\":\"https:\/\/peoplesphere.be\/fr\/3-secteurs-de-services-4-chiffre-daffaires-depasse-celui-de-periode-precedant-crise-coronavirus\/\"},\"wordCount\":547,\"publisher\":{\"@id\":\"https:\/\/peoplesphere.be\/fr\/#organization\"},\"keywords\":[\"coronavirus\",\"reprise \u00e9conomique\",\"statbel\",\"Statistiques\"],\"articleSection\":[\"Actualit\u00e9s\",\"Digital\"],\"inLanguage\":\"fr-FR\"},{\"@type\":\"WebPage\",\"@id\":\"https:\/\/peoplesphere.be\/fr\/3-secteurs-de-services-4-chiffre-daffaires-depasse-celui-de-periode-precedant-crise-coronavirus\/\",\"url\":\"https:\/\/peoplesphere.be\/fr\/3-secteurs-de-services-4-chiffre-daffaires-depasse-celui-de-periode-precedant-crise-coronavirus\/\",\"name\":\"Dans 3 secteurs de services sur 4, le chiffre d'affaires d\u00e9passe celui de la p\u00e9riode pr\u00e9c\u00e9dant la crise du coronavirus. - Peoplesphere\",\"isPartOf\":{\"@id\":\"https:\/\/peoplesphere.be\/fr\/#website\"},\"datePublished\":\"2021-12-01T04:34:10+00:00\",\"dateModified\":\"2023-08-20T07:20:03+00:00\",\"breadcrumb\":{\"@id\":\"https:\/\/peoplesphere.be\/fr\/3-secteurs-de-services-4-chiffre-daffaires-depasse-celui-de-periode-precedant-crise-coronavirus\/#breadcrumb\"},\"inLanguage\":\"fr-FR\",\"potentialAction\":[{\"@type\":\"ReadAction\",\"target\":[\"https:\/\/peoplesphere.be\/fr\/3-secteurs-de-services-4-chiffre-daffaires-depasse-celui-de-periode-precedant-crise-coronavirus\/\"]}]},{\"@type\":\"BreadcrumbList\",\"@id\":\"https:\/\/peoplesphere.be\/fr\/3-secteurs-de-services-4-chiffre-daffaires-depasse-celui-de-periode-precedant-crise-coronavirus\/#breadcrumb\",\"itemListElement\":[{\"@type\":\"ListItem\",\"position\":1,\"name\":\"Accueil\",\"item\":\"https:\/\/peoplesphere.be\/fr\/\"},{\"@type\":\"ListItem\",\"position\":2,\"name\":\"Dans 3 secteurs de services sur 4, le chiffre d&rsquo;affaires d\u00e9passe celui de la p\u00e9riode pr\u00e9c\u00e9dant la crise du coronavirus.\"}]},{\"@type\":\"WebSite\",\"@id\":\"https:\/\/peoplesphere.be\/fr\/#website\",\"url\":\"https:\/\/peoplesphere.be\/fr\/\",\"name\":\"Peoplesphere\",\"description\":\"The People Managers Magazine\",\"publisher\":{\"@id\":\"https:\/\/peoplesphere.be\/fr\/#organization\"},\"potentialAction\":[{\"@type\":\"SearchAction\",\"target\":{\"@type\":\"EntryPoint\",\"urlTemplate\":\"https:\/\/peoplesphere.be\/fr\/?s={search_term_string}\"},\"query-input\":\"required name=search_term_string\"}],\"inLanguage\":\"fr-FR\"},{\"@type\":\"Organization\",\"@id\":\"https:\/\/peoplesphere.be\/fr\/#organization\",\"name\":\"Peoplesphere Company srl\",\"url\":\"https:\/\/peoplesphere.be\/fr\/\",\"logo\":{\"@type\":\"ImageObject\",\"inLanguage\":\"fr-FR\",\"@id\":\"https:\/\/peoplesphere.be\/fr\/#\/schema\/logo\/image\/\",\"url\":\"https:\/\/peoplesphere.be\/fr\/wp-content\/uploads\/2023\/07\/peoplesphere-lgo-new-generik.jpg\",\"contentUrl\":\"https:\/\/peoplesphere.be\/fr\/wp-content\/uploads\/2023\/07\/peoplesphere-lgo-new-generik.jpg\",\"width\":1031,\"height\":1479,\"caption\":\"Peoplesphere Company srl\"},\"image\":{\"@id\":\"https:\/\/peoplesphere.be\/fr\/#\/schema\/logo\/image\/\"},\"sameAs\":[\"https:\/\/www.facebook.com\/peoplesphere\",\"https:\/\/twitter.com\/PeoplesphereMag\",\"https:\/\/www.linkedin.com\/company\/7587361?trk\",\"http:\/\/youtube.com\/peoplesphere\"]},{\"@type\":\"Person\",\"@id\":\"https:\/\/peoplesphere.be\/fr\/#\/schema\/person\/7976225ff17988604334abb7b3536a7e\",\"name\":\"Jean-Paul Erhard\",\"image\":{\"@type\":\"ImageObject\",\"inLanguage\":\"fr-FR\",\"@id\":\"https:\/\/peoplesphere.be\/fr\/#\/schema\/person\/image\/\",\"url\":\"https:\/\/secure.gravatar.com\/avatar\/f941e681460179738071629a51574930?s=96&d=mm&r=g\",\"contentUrl\":\"https:\/\/secure.gravatar.com\/avatar\/f941e681460179738071629a51574930?s=96&d=mm&r=g\",\"caption\":\"Jean-Paul Erhard\"},\"url\":\"https:\/\/peoplesphere.be\/fr\/author\/jpe\/\"}]}<\/script>\n<!-- \/ Yoast SEO plugin. -->","yoast_head_json":{"title":"Dans 3 secteurs de services sur 4, le chiffre d'affaires d\u00e9passe celui de la p\u00e9riode pr\u00e9c\u00e9dant la crise du coronavirus. - Peoplesphere","robots":{"index":"index","follow":"follow","max-snippet":"max-snippet:-1","max-image-preview":"max-image-preview:large","max-video-preview":"max-video-preview:-1"},"canonical":"https:\/\/peoplesphere.be\/fr\/3-secteurs-de-services-4-chiffre-daffaires-depasse-celui-de-periode-precedant-crise-coronavirus\/","og_locale":"fr_FR","og_type":"article","og_title":"Dans 3 secteurs de services sur 4, le chiffre d'affaires d\u00e9passe celui de la p\u00e9riode pr\u00e9c\u00e9dant la crise du coronavirus. - Peoplesphere","og_description":"Le chiffre d&rsquo;affaires de presque tous les secteurs suivis dans cette statistique a augment\u00e9 au troisi\u00e8me trimestre 2021 par rapport \u00e0 la m\u00eame p\u00e9riode de l&rsquo;ann\u00e9e pr\u00e9c\u00e9dente. En effet, la plupart des entreprises \u00e9taient pleinement actives au troisi\u00e8me trimestre 2021, [&hellip;]","og_url":"https:\/\/peoplesphere.be\/fr\/3-secteurs-de-services-4-chiffre-daffaires-depasse-celui-de-periode-precedant-crise-coronavirus\/","og_site_name":"Peoplesphere","article_publisher":"https:\/\/www.facebook.com\/peoplesphere","article_published_time":"2021-12-01T04:34:10+00:00","article_modified_time":"2023-08-20T07:20:03+00:00","og_image":[{"url":"http:\/\/www.peoplesphere.be\/fr\/wp-content\/uploads\/2016\/07\/facebook-default-posting-1200x628px.jpg"}],"author":"Jean-Paul Erhard","twitter_card":"summary_large_image","twitter_creator":"@PeoplesphereMag","twitter_site":"@PeoplesphereMag","twitter_misc":{"\u00c9crit par":"Jean-Paul Erhard","Dur\u00e9e de lecture estim\u00e9e":"3 minutes"},"schema":{"@context":"https:\/\/schema.org","@graph":[{"@type":"Article","@id":"https:\/\/peoplesphere.be\/fr\/3-secteurs-de-services-4-chiffre-daffaires-depasse-celui-de-periode-precedant-crise-coronavirus\/#article","isPartOf":{"@id":"https:\/\/peoplesphere.be\/fr\/3-secteurs-de-services-4-chiffre-daffaires-depasse-celui-de-periode-precedant-crise-coronavirus\/"},"author":{"name":"Jean-Paul Erhard","@id":"https:\/\/peoplesphere.be\/fr\/#\/schema\/person\/7976225ff17988604334abb7b3536a7e"},"headline":"Dans 3 secteurs de services sur 4, le chiffre d&rsquo;affaires d\u00e9passe celui de la p\u00e9riode pr\u00e9c\u00e9dant la crise du coronavirus.","datePublished":"2021-12-01T04:34:10+00:00","dateModified":"2023-08-20T07:20:03+00:00","mainEntityOfPage":{"@id":"https:\/\/peoplesphere.be\/fr\/3-secteurs-de-services-4-chiffre-daffaires-depasse-celui-de-periode-precedant-crise-coronavirus\/"},"wordCount":547,"publisher":{"@id":"https:\/\/peoplesphere.be\/fr\/#organization"},"keywords":["coronavirus","reprise \u00e9conomique","statbel","Statistiques"],"articleSection":["Actualit\u00e9s","Digital"],"inLanguage":"fr-FR"},{"@type":"WebPage","@id":"https:\/\/peoplesphere.be\/fr\/3-secteurs-de-services-4-chiffre-daffaires-depasse-celui-de-periode-precedant-crise-coronavirus\/","url":"https:\/\/peoplesphere.be\/fr\/3-secteurs-de-services-4-chiffre-daffaires-depasse-celui-de-periode-precedant-crise-coronavirus\/","name":"Dans 3 secteurs de services sur 4, le chiffre d'affaires d\u00e9passe celui de la p\u00e9riode pr\u00e9c\u00e9dant la crise du coronavirus. - Peoplesphere","isPartOf":{"@id":"https:\/\/peoplesphere.be\/fr\/#website"},"datePublished":"2021-12-01T04:34:10+00:00","dateModified":"2023-08-20T07:20:03+00:00","breadcrumb":{"@id":"https:\/\/peoplesphere.be\/fr\/3-secteurs-de-services-4-chiffre-daffaires-depasse-celui-de-periode-precedant-crise-coronavirus\/#breadcrumb"},"inLanguage":"fr-FR","potentialAction":[{"@type":"ReadAction","target":["https:\/\/peoplesphere.be\/fr\/3-secteurs-de-services-4-chiffre-daffaires-depasse-celui-de-periode-precedant-crise-coronavirus\/"]}]},{"@type":"BreadcrumbList","@id":"https:\/\/peoplesphere.be\/fr\/3-secteurs-de-services-4-chiffre-daffaires-depasse-celui-de-periode-precedant-crise-coronavirus\/#breadcrumb","itemListElement":[{"@type":"ListItem","position":1,"name":"Accueil","item":"https:\/\/peoplesphere.be\/fr\/"},{"@type":"ListItem","position":2,"name":"Dans 3 secteurs de services sur 4, le chiffre d&rsquo;affaires d\u00e9passe celui de la p\u00e9riode pr\u00e9c\u00e9dant la crise du coronavirus."}]},{"@type":"WebSite","@id":"https:\/\/peoplesphere.be\/fr\/#website","url":"https:\/\/peoplesphere.be\/fr\/","name":"Peoplesphere","description":"The People Managers Magazine","publisher":{"@id":"https:\/\/peoplesphere.be\/fr\/#organization"},"potentialAction":[{"@type":"SearchAction","target":{"@type":"EntryPoint","urlTemplate":"https:\/\/peoplesphere.be\/fr\/?s={search_term_string}"},"query-input":"required name=search_term_string"}],"inLanguage":"fr-FR"},{"@type":"Organization","@id":"https:\/\/peoplesphere.be\/fr\/#organization","name":"Peoplesphere Company srl","url":"https:\/\/peoplesphere.be\/fr\/","logo":{"@type":"ImageObject","inLanguage":"fr-FR","@id":"https:\/\/peoplesphere.be\/fr\/#\/schema\/logo\/image\/","url":"https:\/\/peoplesphere.be\/fr\/wp-content\/uploads\/2023\/07\/peoplesphere-lgo-new-generik.jpg","contentUrl":"https:\/\/peoplesphere.be\/fr\/wp-content\/uploads\/2023\/07\/peoplesphere-lgo-new-generik.jpg","width":1031,"height":1479,"caption":"Peoplesphere Company srl"},"image":{"@id":"https:\/\/peoplesphere.be\/fr\/#\/schema\/logo\/image\/"},"sameAs":["https:\/\/www.facebook.com\/peoplesphere","https:\/\/twitter.com\/PeoplesphereMag","https:\/\/www.linkedin.com\/company\/7587361?trk","http:\/\/youtube.com\/peoplesphere"]},{"@type":"Person","@id":"https:\/\/peoplesphere.be\/fr\/#\/schema\/person\/7976225ff17988604334abb7b3536a7e","name":"Jean-Paul Erhard","image":{"@type":"ImageObject","inLanguage":"fr-FR","@id":"https:\/\/peoplesphere.be\/fr\/#\/schema\/person\/image\/","url":"https:\/\/secure.gravatar.com\/avatar\/f941e681460179738071629a51574930?s=96&d=mm&r=g","contentUrl":"https:\/\/secure.gravatar.com\/avatar\/f941e681460179738071629a51574930?s=96&d=mm&r=g","caption":"Jean-Paul Erhard"},"url":"https:\/\/peoplesphere.be\/fr\/author\/jpe\/"}]}},"_links":{"self":[{"href":"https:\/\/peoplesphere.be\/fr\/wp-json\/wp\/v2\/posts\/12174"}],"collection":[{"href":"https:\/\/peoplesphere.be\/fr\/wp-json\/wp\/v2\/posts"}],"about":[{"href":"https:\/\/peoplesphere.be\/fr\/wp-json\/wp\/v2\/types\/post"}],"author":[{"embeddable":true,"href":"https:\/\/peoplesphere.be\/fr\/wp-json\/wp\/v2\/users\/2"}],"replies":[{"embeddable":true,"href":"https:\/\/peoplesphere.be\/fr\/wp-json\/wp\/v2\/comments?post=12174"}],"version-history":[{"count":1,"href":"https:\/\/peoplesphere.be\/fr\/wp-json\/wp\/v2\/posts\/12174\/revisions"}],"predecessor-version":[{"id":12175,"href":"https:\/\/peoplesphere.be\/fr\/wp-json\/wp\/v2\/posts\/12174\/revisions\/12175"}],"wp:attachment":[{"href":"https:\/\/peoplesphere.be\/fr\/wp-json\/wp\/v2\/media?parent=12174"}],"wp:term":[{"taxonomy":"category","embeddable":true,"href":"https:\/\/peoplesphere.be\/fr\/wp-json\/wp\/v2\/categories?post=12174"},{"taxonomy":"post_tag","embeddable":true,"href":"https:\/\/peoplesphere.be\/fr\/wp-json\/wp\/v2\/tags?post=12174"}],"curies":[{"name":"wp","href":"https:\/\/api.w.org\/{rel}","templated":true}]}}