









{"id":12201,"date":"2021-12-06T11:44:57","date_gmt":"2021-12-06T09:44:57","guid":{"rendered":"https:\/\/peoplesphere.be\/fr\/?p=12201"},"modified":"2021-12-06T11:50:02","modified_gmt":"2021-12-06T09:50:02","slug":"40-000-offres-demploi-flandre-ouvertes-aux-demandeurs-demploi-wallons-via-werkweek","status":"publish","type":"post","link":"https:\/\/peoplesphere.be\/fr\/40-000-offres-demploi-flandre-ouvertes-aux-demandeurs-demploi-wallons-via-werkweek\/","title":{"rendered":"40.000 offres d&#8217;emploi en Flandre ouvertes aux demandeurs d&#8217;emploi wallons via la Werkweek."},"content":{"rendered":"<p>La Werkweek est de retour du 6 au 10 d\u00e9cembre, une semaine pendant laquelle le Forem et le VDAB unissent leurs forces pour faire d\u00e9couvrir aux demandeurs d\u2019emploi wallons les 40.000 opportunit\u00e9s de recrutement du c\u00f4t\u00e9 n\u00e9erlandophone du pays et disponibles sur le site Internet du Forem. Pendant ces cinq jours, une quinzaine d\u2019activit\u00e9s dont un jobday sont organis\u00e9es autour du travail en Flandre.<!--more--><\/p>\n<p>Chaque ann\u00e9e, le Forem et le VDAB s\u2019unissent encore plus que d\u2019ordinaire pour proposer une semaine d\u2019information sur le march\u00e9 de l\u2019emploi en Flandre. Durant toute la semaine prochaine, du lundi 6 au vendredi 10 d\u00e9cembre, des s\u00e9ances d\u2019information, des webinaires, des ateliers et un jobday seront propos\u00e9s aux demandeurs d\u2019emploi wallons d\u00e9sireux de tenter leur chance de l\u2019autre c\u00f4t\u00e9 de la fronti\u00e8re linguistique, ou simplement curieux d\u2019en savoir plus sur le sujet.<\/p>\n<p><strong><em>40.000 offres d\u2019emploi<\/em><\/strong><\/p>\n<p>Actuellement, pr\u00e8s de 40.000 offres pour la Flandre sont diffus\u00e9es sur le site du Forem. Ces offres concernent les secteurs et des profils o\u00f9 la Wallonie ne rencontre pas de difficult\u00e9 de main-d\u2019\u0153uvre pour ne pas la d\u00e9forcer. La connaissance des langues n\u2019est pas un obstacle, car il n\u2019est pas toujours n\u00e9cessaire d\u2019\u00eatre bilingue pour trouver du travail en Flandre.<\/p>\n<p><strong><em>Des s\u00e9ances d\u2019info, des webinaires, des ateliers et un jobday<\/em><\/strong><\/p>\n<p>Les activit\u00e9s propos\u00e9es pendant la Werkweek se feront surtout en ligne, mais certaines d\u2019entre elles se feront en pr\u00e9sentiel dans le respect des r\u00e8gles sanitaires. Toutes permettront aux demandeurs d\u2019emploi de s\u2019informer sur les opportunit\u00e9s d\u2019emploi en Flandre, de faire le point sur leur niveau en langue et de s\u2019informer sur les formations possibles. Ils pourront aussi s\u2019inscrire comme demandeur d\u2019emploi aupr\u00e8s du VDAB et ainsi recevoir les offres d\u2019emploi de Flandre, r\u00e9pondre \u00e0 ces offres et m\u00eame rencontrer un employeur.<\/p>\n<p>Des conseillers du Forem seront \u00e0 disposition pour accompagner les personnes dans leur projet de mobilit\u00e9 professionnelle au sein d\u2019une autre r\u00e9gion, pour les aider \u00e0 r\u00e9diger leur CV et leur lettre de motivation en n\u00e9erlandais, et \u00e9galement pour faire des simulations d\u2019entretien d\u2019embauche et de contacts t\u00e9l\u00e9phoniques en n\u00e9erlandais. Une s\u00e9ance d\u2019info sur comment cr\u00e9er son CV vid\u00e9o bilingue est \u00e9galement au planning.<\/p>\n<p><strong><em>Programme :<\/em><\/strong><\/p>\n<p>En ligne<br \/>\n6\/12 &#8211; S\u00e9ance d&rsquo;info sur le CV vid\u00e9o bilingue<br \/>\n7\/12 &#8211; Webinaire \u00ab\u00a0Travailler en Flandre\u00a0\u00bb<br \/>\n8\/12 &#8211; S\u00e9ance d&rsquo;info sur l&rsquo;utilisation de la plateforme Wallangues<br \/>\n8\/12 &#8211; Table de conversation sur le th\u00e8me de la recherche d&#8217;emploi avec Wallangues<br \/>\n8\/12 &#8211; S\u00e9ance d&rsquo;info sur la pr\u00e9paration d&rsquo;un entretien d&#8217;embauche en n\u00e9erlandais et en anglais<br \/>\n9\/12 &#8211; Simulation d&rsquo;entretien d&#8217;embauche en individuel avec Wallangues<br \/>\n9\/12 &#8211; Relecture de CV en n\u00e9erlandais<\/p>\n<p>En pr\u00e9sentiel<br \/>\nMons<br \/>\n8\/12 &#8211; Atelier recherche d&#8217;emploi en Flandre dans le secteur du transport\/livraison<\/p>\n<p>Li\u00e8ge<br \/>\n10\/12 &#8211; Jobday Carglass \u00e0 Bilzen (magasiniers et pr\u00e9parateurs de commande)<\/p>\n<p>La Louvi\u00e8re<br \/>\n10\/12 &#8211; Travailler en Flandre ou \u00e0 Bruxelles &#8211; Test Elao et analyse des offres d&#8217;emploi du secteur logistique<br \/>\n10\/12 &#8211; Travailler en Flandre ou \u00e0 Bruxelles &#8211; Atelier inscription VDAB<\/p>\n<p>Tournai<br \/>\n10\/12 &#8211; Atelier recherche d&rsquo;offres d&#8217;emploi en Flandre sur leforem.be et sur le site du VDAB<br \/>\nau sein de la Maison de l&rsquo;Emploi d&rsquo;Ath<br \/>\net au sein de la Maison de l&rsquo;Emploi de Leuze-en-Hainaut<\/p>\n<p>&nbsp;<\/p>\n","protected":false},"excerpt":{"rendered":"<p>La Werkweek est de retour du 6 au 10 d\u00e9cembre, une semaine pendant laquelle le Forem et le VDAB unissent leurs forces pour faire d\u00e9couvrir aux demandeurs d\u2019emploi wallons les 40.000 opportunit\u00e9s de recrutement du c\u00f4t\u00e9 n\u00e9erlandophone du pays et [&hellip;]<\/p>\n","protected":false},"author":2,"featured_media":0,"comment_status":"closed","ping_status":"open","sticky":false,"template":"","format":"standard","meta":[],"categories":[65,10],"tags":[331,105,72,1287],"yoast_head":"<!-- This site is optimized with the Yoast SEO plugin v21.0 - https:\/\/yoast.com\/wordpress\/plugins\/seo\/ -->\n<title>40.000 offres d&#039;emploi en Flandre ouvertes aux demandeurs d&#039;emploi wallons via la Werkweek. - Peoplesphere<\/title>\n<meta name=\"robots\" content=\"index, follow, max-snippet:-1, max-image-preview:large, max-video-preview:-1\" \/>\n<link rel=\"canonical\" href=\"https:\/\/peoplesphere.be\/fr\/40-000-offres-demploi-flandre-ouvertes-aux-demandeurs-demploi-wallons-via-werkweek\/\" \/>\n<meta property=\"og:locale\" content=\"fr_FR\" \/>\n<meta property=\"og:type\" content=\"article\" \/>\n<meta property=\"og:title\" content=\"40.000 offres d&#039;emploi en Flandre ouvertes aux demandeurs d&#039;emploi wallons via la Werkweek. - Peoplesphere\" \/>\n<meta property=\"og:description\" content=\"La Werkweek est de retour du 6 au 10 d\u00e9cembre, une semaine pendant laquelle le Forem et le VDAB unissent leurs forces pour faire d\u00e9couvrir aux demandeurs d\u2019emploi wallons les 40.000 opportunit\u00e9s de recrutement du c\u00f4t\u00e9 n\u00e9erlandophone du pays et [&hellip;]\" \/>\n<meta property=\"og:url\" content=\"https:\/\/peoplesphere.be\/fr\/40-000-offres-demploi-flandre-ouvertes-aux-demandeurs-demploi-wallons-via-werkweek\/\" \/>\n<meta property=\"og:site_name\" content=\"Peoplesphere\" \/>\n<meta property=\"article:publisher\" content=\"https:\/\/www.facebook.com\/peoplesphere\" \/>\n<meta property=\"article:published_time\" content=\"2021-12-06T09:44:57+00:00\" \/>\n<meta property=\"article:modified_time\" content=\"2021-12-06T09:50:02+00:00\" \/>\n<meta property=\"og:image\" content=\"http:\/\/www.peoplesphere.be\/fr\/wp-content\/uploads\/2016\/07\/facebook-default-posting-1200x628px.jpg\" \/>\n<meta name=\"author\" content=\"Jean-Paul Erhard\" \/>\n<meta name=\"twitter:card\" content=\"summary_large_image\" \/>\n<meta name=\"twitter:creator\" content=\"@PeoplesphereMag\" \/>\n<meta name=\"twitter:site\" content=\"@PeoplesphereMag\" \/>\n<meta name=\"twitter:label1\" content=\"\u00c9crit par\" \/>\n\t<meta name=\"twitter:data1\" content=\"Jean-Paul Erhard\" \/>\n\t<meta name=\"twitter:label2\" content=\"Dur\u00e9e de lecture estim\u00e9e\" \/>\n\t<meta name=\"twitter:data2\" content=\"3 minutes\" \/>\n<script type=\"application\/ld+json\" class=\"yoast-schema-graph\">{\"@context\":\"https:\/\/schema.org\",\"@graph\":[{\"@type\":\"Article\",\"@id\":\"https:\/\/peoplesphere.be\/fr\/40-000-offres-demploi-flandre-ouvertes-aux-demandeurs-demploi-wallons-via-werkweek\/#article\",\"isPartOf\":{\"@id\":\"https:\/\/peoplesphere.be\/fr\/40-000-offres-demploi-flandre-ouvertes-aux-demandeurs-demploi-wallons-via-werkweek\/\"},\"author\":{\"name\":\"Jean-Paul Erhard\",\"@id\":\"https:\/\/peoplesphere.be\/fr\/#\/schema\/person\/7976225ff17988604334abb7b3536a7e\"},\"headline\":\"40.000 offres d&#8217;emploi en Flandre ouvertes aux demandeurs d&#8217;emploi wallons via la Werkweek.\",\"datePublished\":\"2021-12-06T09:44:57+00:00\",\"dateModified\":\"2021-12-06T09:50:02+00:00\",\"mainEntityOfPage\":{\"@id\":\"https:\/\/peoplesphere.be\/fr\/40-000-offres-demploi-flandre-ouvertes-aux-demandeurs-demploi-wallons-via-werkweek\/\"},\"wordCount\":589,\"publisher\":{\"@id\":\"https:\/\/peoplesphere.be\/fr\/#organization\"},\"keywords\":[\"forem\",\"offres d'emploi\",\"recrutement\",\"vdab\"],\"articleSection\":[\"Actualit\u00e9s\",\"Digital\"],\"inLanguage\":\"fr-FR\"},{\"@type\":\"WebPage\",\"@id\":\"https:\/\/peoplesphere.be\/fr\/40-000-offres-demploi-flandre-ouvertes-aux-demandeurs-demploi-wallons-via-werkweek\/\",\"url\":\"https:\/\/peoplesphere.be\/fr\/40-000-offres-demploi-flandre-ouvertes-aux-demandeurs-demploi-wallons-via-werkweek\/\",\"name\":\"40.000 offres d'emploi en Flandre ouvertes aux demandeurs d'emploi wallons via la Werkweek. - Peoplesphere\",\"isPartOf\":{\"@id\":\"https:\/\/peoplesphere.be\/fr\/#website\"},\"datePublished\":\"2021-12-06T09:44:57+00:00\",\"dateModified\":\"2021-12-06T09:50:02+00:00\",\"breadcrumb\":{\"@id\":\"https:\/\/peoplesphere.be\/fr\/40-000-offres-demploi-flandre-ouvertes-aux-demandeurs-demploi-wallons-via-werkweek\/#breadcrumb\"},\"inLanguage\":\"fr-FR\",\"potentialAction\":[{\"@type\":\"ReadAction\",\"target\":[\"https:\/\/peoplesphere.be\/fr\/40-000-offres-demploi-flandre-ouvertes-aux-demandeurs-demploi-wallons-via-werkweek\/\"]}]},{\"@type\":\"BreadcrumbList\",\"@id\":\"https:\/\/peoplesphere.be\/fr\/40-000-offres-demploi-flandre-ouvertes-aux-demandeurs-demploi-wallons-via-werkweek\/#breadcrumb\",\"itemListElement\":[{\"@type\":\"ListItem\",\"position\":1,\"name\":\"Accueil\",\"item\":\"https:\/\/peoplesphere.be\/fr\/\"},{\"@type\":\"ListItem\",\"position\":2,\"name\":\"40.000 offres d&#8217;emploi en Flandre ouvertes aux demandeurs d&#8217;emploi wallons via la Werkweek.\"}]},{\"@type\":\"WebSite\",\"@id\":\"https:\/\/peoplesphere.be\/fr\/#website\",\"url\":\"https:\/\/peoplesphere.be\/fr\/\",\"name\":\"Peoplesphere\",\"description\":\"The People Managers Magazine\",\"publisher\":{\"@id\":\"https:\/\/peoplesphere.be\/fr\/#organization\"},\"potentialAction\":[{\"@type\":\"SearchAction\",\"target\":{\"@type\":\"EntryPoint\",\"urlTemplate\":\"https:\/\/peoplesphere.be\/fr\/?s={search_term_string}\"},\"query-input\":\"required name=search_term_string\"}],\"inLanguage\":\"fr-FR\"},{\"@type\":\"Organization\",\"@id\":\"https:\/\/peoplesphere.be\/fr\/#organization\",\"name\":\"Peoplesphere Company srl\",\"url\":\"https:\/\/peoplesphere.be\/fr\/\",\"logo\":{\"@type\":\"ImageObject\",\"inLanguage\":\"fr-FR\",\"@id\":\"https:\/\/peoplesphere.be\/fr\/#\/schema\/logo\/image\/\",\"url\":\"https:\/\/peoplesphere.be\/fr\/wp-content\/uploads\/2023\/07\/peoplesphere-lgo-new-generik.jpg\",\"contentUrl\":\"https:\/\/peoplesphere.be\/fr\/wp-content\/uploads\/2023\/07\/peoplesphere-lgo-new-generik.jpg\",\"width\":1031,\"height\":1479,\"caption\":\"Peoplesphere Company srl\"},\"image\":{\"@id\":\"https:\/\/peoplesphere.be\/fr\/#\/schema\/logo\/image\/\"},\"sameAs\":[\"https:\/\/www.facebook.com\/peoplesphere\",\"https:\/\/twitter.com\/PeoplesphereMag\",\"https:\/\/www.linkedin.com\/company\/7587361?trk\",\"http:\/\/youtube.com\/peoplesphere\"]},{\"@type\":\"Person\",\"@id\":\"https:\/\/peoplesphere.be\/fr\/#\/schema\/person\/7976225ff17988604334abb7b3536a7e\",\"name\":\"Jean-Paul Erhard\",\"image\":{\"@type\":\"ImageObject\",\"inLanguage\":\"fr-FR\",\"@id\":\"https:\/\/peoplesphere.be\/fr\/#\/schema\/person\/image\/\",\"url\":\"https:\/\/secure.gravatar.com\/avatar\/f941e681460179738071629a51574930?s=96&d=mm&r=g\",\"contentUrl\":\"https:\/\/secure.gravatar.com\/avatar\/f941e681460179738071629a51574930?s=96&d=mm&r=g\",\"caption\":\"Jean-Paul Erhard\"},\"url\":\"https:\/\/peoplesphere.be\/fr\/author\/jpe\/\"}]}<\/script>\n<!-- \/ Yoast SEO plugin. -->","yoast_head_json":{"title":"40.000 offres d'emploi en Flandre ouvertes aux demandeurs d'emploi wallons via la Werkweek. - Peoplesphere","robots":{"index":"index","follow":"follow","max-snippet":"max-snippet:-1","max-image-preview":"max-image-preview:large","max-video-preview":"max-video-preview:-1"},"canonical":"https:\/\/peoplesphere.be\/fr\/40-000-offres-demploi-flandre-ouvertes-aux-demandeurs-demploi-wallons-via-werkweek\/","og_locale":"fr_FR","og_type":"article","og_title":"40.000 offres d'emploi en Flandre ouvertes aux demandeurs d'emploi wallons via la Werkweek. - Peoplesphere","og_description":"La Werkweek est de retour du 6 au 10 d\u00e9cembre, une semaine pendant laquelle le Forem et le VDAB unissent leurs forces pour faire d\u00e9couvrir aux demandeurs d\u2019emploi wallons les 40.000 opportunit\u00e9s de recrutement du c\u00f4t\u00e9 n\u00e9erlandophone du pays et [&hellip;]","og_url":"https:\/\/peoplesphere.be\/fr\/40-000-offres-demploi-flandre-ouvertes-aux-demandeurs-demploi-wallons-via-werkweek\/","og_site_name":"Peoplesphere","article_publisher":"https:\/\/www.facebook.com\/peoplesphere","article_published_time":"2021-12-06T09:44:57+00:00","article_modified_time":"2021-12-06T09:50:02+00:00","og_image":[{"url":"http:\/\/www.peoplesphere.be\/fr\/wp-content\/uploads\/2016\/07\/facebook-default-posting-1200x628px.jpg"}],"author":"Jean-Paul Erhard","twitter_card":"summary_large_image","twitter_creator":"@PeoplesphereMag","twitter_site":"@PeoplesphereMag","twitter_misc":{"\u00c9crit par":"Jean-Paul Erhard","Dur\u00e9e de lecture estim\u00e9e":"3 minutes"},"schema":{"@context":"https:\/\/schema.org","@graph":[{"@type":"Article","@id":"https:\/\/peoplesphere.be\/fr\/40-000-offres-demploi-flandre-ouvertes-aux-demandeurs-demploi-wallons-via-werkweek\/#article","isPartOf":{"@id":"https:\/\/peoplesphere.be\/fr\/40-000-offres-demploi-flandre-ouvertes-aux-demandeurs-demploi-wallons-via-werkweek\/"},"author":{"name":"Jean-Paul Erhard","@id":"https:\/\/peoplesphere.be\/fr\/#\/schema\/person\/7976225ff17988604334abb7b3536a7e"},"headline":"40.000 offres d&#8217;emploi en Flandre ouvertes aux demandeurs d&#8217;emploi wallons via la Werkweek.","datePublished":"2021-12-06T09:44:57+00:00","dateModified":"2021-12-06T09:50:02+00:00","mainEntityOfPage":{"@id":"https:\/\/peoplesphere.be\/fr\/40-000-offres-demploi-flandre-ouvertes-aux-demandeurs-demploi-wallons-via-werkweek\/"},"wordCount":589,"publisher":{"@id":"https:\/\/peoplesphere.be\/fr\/#organization"},"keywords":["forem","offres d'emploi","recrutement","vdab"],"articleSection":["Actualit\u00e9s","Digital"],"inLanguage":"fr-FR"},{"@type":"WebPage","@id":"https:\/\/peoplesphere.be\/fr\/40-000-offres-demploi-flandre-ouvertes-aux-demandeurs-demploi-wallons-via-werkweek\/","url":"https:\/\/peoplesphere.be\/fr\/40-000-offres-demploi-flandre-ouvertes-aux-demandeurs-demploi-wallons-via-werkweek\/","name":"40.000 offres d'emploi en Flandre ouvertes aux demandeurs d'emploi wallons via la Werkweek. - Peoplesphere","isPartOf":{"@id":"https:\/\/peoplesphere.be\/fr\/#website"},"datePublished":"2021-12-06T09:44:57+00:00","dateModified":"2021-12-06T09:50:02+00:00","breadcrumb":{"@id":"https:\/\/peoplesphere.be\/fr\/40-000-offres-demploi-flandre-ouvertes-aux-demandeurs-demploi-wallons-via-werkweek\/#breadcrumb"},"inLanguage":"fr-FR","potentialAction":[{"@type":"ReadAction","target":["https:\/\/peoplesphere.be\/fr\/40-000-offres-demploi-flandre-ouvertes-aux-demandeurs-demploi-wallons-via-werkweek\/"]}]},{"@type":"BreadcrumbList","@id":"https:\/\/peoplesphere.be\/fr\/40-000-offres-demploi-flandre-ouvertes-aux-demandeurs-demploi-wallons-via-werkweek\/#breadcrumb","itemListElement":[{"@type":"ListItem","position":1,"name":"Accueil","item":"https:\/\/peoplesphere.be\/fr\/"},{"@type":"ListItem","position":2,"name":"40.000 offres d&#8217;emploi en Flandre ouvertes aux demandeurs d&#8217;emploi wallons via la Werkweek."}]},{"@type":"WebSite","@id":"https:\/\/peoplesphere.be\/fr\/#website","url":"https:\/\/peoplesphere.be\/fr\/","name":"Peoplesphere","description":"The People Managers Magazine","publisher":{"@id":"https:\/\/peoplesphere.be\/fr\/#organization"},"potentialAction":[{"@type":"SearchAction","target":{"@type":"EntryPoint","urlTemplate":"https:\/\/peoplesphere.be\/fr\/?s={search_term_string}"},"query-input":"required name=search_term_string"}],"inLanguage":"fr-FR"},{"@type":"Organization","@id":"https:\/\/peoplesphere.be\/fr\/#organization","name":"Peoplesphere Company srl","url":"https:\/\/peoplesphere.be\/fr\/","logo":{"@type":"ImageObject","inLanguage":"fr-FR","@id":"https:\/\/peoplesphere.be\/fr\/#\/schema\/logo\/image\/","url":"https:\/\/peoplesphere.be\/fr\/wp-content\/uploads\/2023\/07\/peoplesphere-lgo-new-generik.jpg","contentUrl":"https:\/\/peoplesphere.be\/fr\/wp-content\/uploads\/2023\/07\/peoplesphere-lgo-new-generik.jpg","width":1031,"height":1479,"caption":"Peoplesphere Company srl"},"image":{"@id":"https:\/\/peoplesphere.be\/fr\/#\/schema\/logo\/image\/"},"sameAs":["https:\/\/www.facebook.com\/peoplesphere","https:\/\/twitter.com\/PeoplesphereMag","https:\/\/www.linkedin.com\/company\/7587361?trk","http:\/\/youtube.com\/peoplesphere"]},{"@type":"Person","@id":"https:\/\/peoplesphere.be\/fr\/#\/schema\/person\/7976225ff17988604334abb7b3536a7e","name":"Jean-Paul Erhard","image":{"@type":"ImageObject","inLanguage":"fr-FR","@id":"https:\/\/peoplesphere.be\/fr\/#\/schema\/person\/image\/","url":"https:\/\/secure.gravatar.com\/avatar\/f941e681460179738071629a51574930?s=96&d=mm&r=g","contentUrl":"https:\/\/secure.gravatar.com\/avatar\/f941e681460179738071629a51574930?s=96&d=mm&r=g","caption":"Jean-Paul Erhard"},"url":"https:\/\/peoplesphere.be\/fr\/author\/jpe\/"}]}},"_links":{"self":[{"href":"https:\/\/peoplesphere.be\/fr\/wp-json\/wp\/v2\/posts\/12201"}],"collection":[{"href":"https:\/\/peoplesphere.be\/fr\/wp-json\/wp\/v2\/posts"}],"about":[{"href":"https:\/\/peoplesphere.be\/fr\/wp-json\/wp\/v2\/types\/post"}],"author":[{"embeddable":true,"href":"https:\/\/peoplesphere.be\/fr\/wp-json\/wp\/v2\/users\/2"}],"replies":[{"embeddable":true,"href":"https:\/\/peoplesphere.be\/fr\/wp-json\/wp\/v2\/comments?post=12201"}],"version-history":[{"count":2,"href":"https:\/\/peoplesphere.be\/fr\/wp-json\/wp\/v2\/posts\/12201\/revisions"}],"predecessor-version":[{"id":12203,"href":"https:\/\/peoplesphere.be\/fr\/wp-json\/wp\/v2\/posts\/12201\/revisions\/12203"}],"wp:attachment":[{"href":"https:\/\/peoplesphere.be\/fr\/wp-json\/wp\/v2\/media?parent=12201"}],"wp:term":[{"taxonomy":"category","embeddable":true,"href":"https:\/\/peoplesphere.be\/fr\/wp-json\/wp\/v2\/categories?post=12201"},{"taxonomy":"post_tag","embeddable":true,"href":"https:\/\/peoplesphere.be\/fr\/wp-json\/wp\/v2\/tags?post=12201"}],"curies":[{"name":"wp","href":"https:\/\/api.w.org\/{rel}","templated":true}]}}