









{"id":12218,"date":"2021-12-09T10:31:02","date_gmt":"2021-12-09T08:31:02","guid":{"rendered":"https:\/\/peoplesphere.be\/fr\/?p=12218"},"modified":"2023-10-10T15:35:32","modified_gmt":"2023-10-10T13:35:32","slug":"transport-logistics-secteur-frappe-de-plein-fouet-pandemie-de-maniere-tres-inegale","status":"publish","type":"post","link":"https:\/\/peoplesphere.be\/fr\/transport-logistics-secteur-frappe-de-plein-fouet-pandemie-de-maniere-tres-inegale\/","title":{"rendered":"Transport &#038; Logistics, un secteur frapp\u00e9 de plein fouet par la pand\u00e9mie de mani\u00e8re tr\u00e8s in\u00e9gale."},"content":{"rendered":"<p>Certaines activit\u00e9s du Transport et de la Logistique ont \u00e9t\u00e9 plus durement touch\u00e9es que d&rsquo;autres durant la crise du coronavirus. View.brussels analyse la situation actuelle du secteur ainsi que ses perspectives d&rsquo;avenir dans une \u00e9tude publi\u00e9e aujourd&rsquo;hui. Les pertes d\u2019emploi dans le transport et la logistique ont repr\u00e9sent\u00e9 30,5% des pertes totales d\u2019emplois enregistr\u00e9es \u00e0 Bruxelles et dans sa p\u00e9riph\u00e9rie en 2020, soit 1.901 pertes d\u2019emploi. La faillite de Swissport Belgium n&rsquo;y est pas \u00e9trang\u00e8re en comptabilisant 1.500 pertes en une fois.<!--more--><\/p>\n<p>En fonction de la nature des activit\u00e9s exerc\u00e9es, la crise a affect\u00e9 de mani\u00e8re diff\u00e9rente le secteur du Transport et de la Logistique. L&rsquo;a\u00e9roport de Zaventem, les autobus priv\u00e9s ainsi que les autocars notamment ont subi les mesures de confinement et les restrictions sanitaires mises en place pour contrer le coronavirus. 29% des patrons dans le transport routier de personnes disent \u00eatre proche de la faillite contre 23% pour l&rsquo;HoReCa, autre secteur fortement touch\u00e9 par la crise. Au contraire, d&rsquo;autres segments comme le transport a\u00e9rien de fret ou les activit\u00e9s de livraisons de colis ont connu un surplus d&rsquo;activit\u00e9 soutenu notamment par l&rsquo;augmentation des achats en ligne.<\/p>\n<p><em><strong>Un secteur tr\u00e8s important pour Bruxelles<\/strong><\/em><\/p>\n<p>Avant la crise, le secteur repr\u00e9sentait pr\u00e8s de 30.000 postes de travail salari\u00e9 \u00e0 Bruxelles et dans sa p\u00e9riph\u00e9rie. Dans cette zone, il affichait aussi une croissance annuelle moyenne de l&#8217;emploi de 2%. Celle-ci s&rsquo;\u00e9levait m\u00eame \u00e0 4,1% pour Bruxelles uniquement. Le secteur \u00e9tait donc tr\u00e8s dynamique et repr\u00e9sentait un potentiel certain pour les travailleurs moyennement et faiblement qualifi\u00e9s ainsi que de nombreuses opportunit\u00e9s pour les personnes d&rsquo;origines \u00e9trang\u00e8res (hors-UE) qui repr\u00e9sentent actuellement 59% des travailleurs du secteur \u00e0 Bruxelles.<\/p>\n<p><strong><em>Un nombre de demandeurs d&#8217;emploi stable<\/em><\/strong><\/p>\n<p>La R\u00e9gion Bruxelles-Capitale compte en moyenne 10.000 demandeurs d&#8217;emploi par mois pour le secteur du transport et de la logistique. Ces chiffres sont rest\u00e9s stable pendant la crise. En 2021, view.brussels note une augmentation de 1,2% des demandeurs d&#8217;emploi dans le secteur par rapport \u00e0 2019.<\/p>\n<p>Alors que le secteur a connu une baisse des offres d&#8217;emploi en 2020 (-4,1%), depuis le d\u00e9but de l&rsquo;ann\u00e9e 2021 le secteur conna\u00eet un fort regain d&rsquo;activit\u00e9 avec une hausse de 318% des offres d&#8217;emploi. Plus de 2.000 offres d&#8217;emploi pour le m\u00e9tier de chauffeurs de poids lourds ont \u00e9t\u00e9 enregistr\u00e9es cette ann\u00e9e.<\/p>\n<p><strong><em>1 travailleur sur 3 au ch\u00f4mage temporaire en avril 2020<\/em><\/strong><\/p>\n<p>4.169 travailleurs du secteur (soit 1 travailleur sur 3) ont demand\u00e9 le ch\u00f4mage temporaire en avril 2021 dans la R\u00e9gion Bruxelles-Capitale. Ce nombre a fluctu\u00e9 pendant l&rsquo;ann\u00e9e en suivant les vagues du virus avec un nombre le plus bas de 1.575 travailleurs en septembre 2020, ce qui repr\u00e9sente tout de m\u00eame 5,8% du total de la R\u00e9gion. En avril 2021, 13% des travailleurs du secteur \u00e9taient au ch\u00f4mage temporaire soit 5% des travailleurs de la RBC. Le droit passerelle a \u00e9galement \u00e9t\u00e9 tr\u00e8s important, 70% des ind\u00e9pendants du secteur y ont eu recours, contre 56,8% pour l&rsquo;ensemble des ind\u00e9pendants au plus fort de la crise, en avril 2020.<\/p>\n<p><em>Source: Actiris<\/em><\/p>\n","protected":false},"excerpt":{"rendered":"<p>Certaines activit\u00e9s du Transport et de la Logistique ont \u00e9t\u00e9 plus durement touch\u00e9es que d&rsquo;autres durant la crise du coronavirus. View.brussels analyse la situation actuelle du secteur ainsi que ses perspectives d&rsquo;avenir dans une \u00e9tude publi\u00e9e aujourd&rsquo;hui. Les pertes d\u2019emploi [&hellip;]<\/p>\n","protected":false},"author":2,"featured_media":12219,"comment_status":"closed","ping_status":"open","sticky":false,"template":"","format":"standard","meta":[],"categories":[65,10],"tags":[226,1445,2947,1248,702,3098,1604],"yoast_head":"<!-- This site is optimized with the Yoast SEO plugin v21.0 - https:\/\/yoast.com\/wordpress\/plugins\/seo\/ -->\n<title>Transport &amp; Logistics, un secteur frapp\u00e9 de plein fouet par la pand\u00e9mie de mani\u00e8re tr\u00e8s in\u00e9gale. - Peoplesphere<\/title>\n<meta name=\"robots\" content=\"index, follow, max-snippet:-1, max-image-preview:large, max-video-preview:-1\" \/>\n<link rel=\"canonical\" href=\"https:\/\/peoplesphere.be\/fr\/transport-logistics-secteur-frappe-de-plein-fouet-pandemie-de-maniere-tres-inegale\/\" \/>\n<meta property=\"og:locale\" content=\"fr_FR\" \/>\n<meta property=\"og:type\" content=\"article\" \/>\n<meta property=\"og:title\" content=\"Transport &amp; Logistics, un secteur frapp\u00e9 de plein fouet par la pand\u00e9mie de mani\u00e8re tr\u00e8s in\u00e9gale. - Peoplesphere\" \/>\n<meta property=\"og:description\" content=\"Certaines activit\u00e9s du Transport et de la Logistique ont \u00e9t\u00e9 plus durement touch\u00e9es que d&rsquo;autres durant la crise du coronavirus. View.brussels analyse la situation actuelle du secteur ainsi que ses perspectives d&rsquo;avenir dans une \u00e9tude publi\u00e9e aujourd&rsquo;hui. Les pertes d\u2019emploi [&hellip;]\" \/>\n<meta property=\"og:url\" content=\"https:\/\/peoplesphere.be\/fr\/transport-logistics-secteur-frappe-de-plein-fouet-pandemie-de-maniere-tres-inegale\/\" \/>\n<meta property=\"og:site_name\" content=\"Peoplesphere\" \/>\n<meta property=\"article:publisher\" content=\"https:\/\/www.facebook.com\/peoplesphere\" \/>\n<meta property=\"article:published_time\" content=\"2021-12-09T08:31:02+00:00\" \/>\n<meta property=\"article:modified_time\" content=\"2023-10-10T13:35:32+00:00\" \/>\n<meta property=\"og:image\" content=\"https:\/\/peoplesphere.be\/fr\/wp-content\/uploads\/2021\/12\/Capture-d\u2019e\u0301cran-2021-12-09-a\u0300-09.28.20.png\" \/>\n\t<meta property=\"og:image:width\" content=\"600\" \/>\n\t<meta property=\"og:image:height\" content=\"270\" \/>\n\t<meta property=\"og:image:type\" content=\"image\/png\" \/>\n<meta name=\"author\" content=\"Jean-Paul Erhard\" \/>\n<meta name=\"twitter:card\" content=\"summary_large_image\" \/>\n<meta name=\"twitter:creator\" content=\"@PeoplesphereMag\" \/>\n<meta name=\"twitter:site\" content=\"@PeoplesphereMag\" \/>\n<meta name=\"twitter:label1\" content=\"\u00c9crit par\" \/>\n\t<meta name=\"twitter:data1\" content=\"Jean-Paul Erhard\" \/>\n\t<meta name=\"twitter:label2\" content=\"Dur\u00e9e de lecture estim\u00e9e\" \/>\n\t<meta name=\"twitter:data2\" content=\"3 minutes\" \/>\n<script type=\"application\/ld+json\" class=\"yoast-schema-graph\">{\"@context\":\"https:\/\/schema.org\",\"@graph\":[{\"@type\":\"Article\",\"@id\":\"https:\/\/peoplesphere.be\/fr\/transport-logistics-secteur-frappe-de-plein-fouet-pandemie-de-maniere-tres-inegale\/#article\",\"isPartOf\":{\"@id\":\"https:\/\/peoplesphere.be\/fr\/transport-logistics-secteur-frappe-de-plein-fouet-pandemie-de-maniere-tres-inegale\/\"},\"author\":{\"name\":\"Jean-Paul Erhard\",\"@id\":\"https:\/\/peoplesphere.be\/fr\/#\/schema\/person\/7976225ff17988604334abb7b3536a7e\"},\"headline\":\"Transport &#038; Logistics, un secteur frapp\u00e9 de plein fouet par la pand\u00e9mie de mani\u00e8re tr\u00e8s in\u00e9gale.\",\"datePublished\":\"2021-12-09T08:31:02+00:00\",\"dateModified\":\"2023-10-10T13:35:32+00:00\",\"mainEntityOfPage\":{\"@id\":\"https:\/\/peoplesphere.be\/fr\/transport-logistics-secteur-frappe-de-plein-fouet-pandemie-de-maniere-tres-inegale\/\"},\"wordCount\":533,\"publisher\":{\"@id\":\"https:\/\/peoplesphere.be\/fr\/#organization\"},\"keywords\":[\"actiris\",\"Bruxelles Capitale\",\"coronavirus\",\"logistique\",\"march\u00e9 de l'emploi\",\"Swissport\",\"transports\"],\"articleSection\":[\"Actualit\u00e9s\",\"Digital\"],\"inLanguage\":\"fr-FR\"},{\"@type\":\"WebPage\",\"@id\":\"https:\/\/peoplesphere.be\/fr\/transport-logistics-secteur-frappe-de-plein-fouet-pandemie-de-maniere-tres-inegale\/\",\"url\":\"https:\/\/peoplesphere.be\/fr\/transport-logistics-secteur-frappe-de-plein-fouet-pandemie-de-maniere-tres-inegale\/\",\"name\":\"Transport & Logistics, un secteur frapp\u00e9 de plein fouet par la pand\u00e9mie de mani\u00e8re tr\u00e8s in\u00e9gale. - Peoplesphere\",\"isPartOf\":{\"@id\":\"https:\/\/peoplesphere.be\/fr\/#website\"},\"datePublished\":\"2021-12-09T08:31:02+00:00\",\"dateModified\":\"2023-10-10T13:35:32+00:00\",\"breadcrumb\":{\"@id\":\"https:\/\/peoplesphere.be\/fr\/transport-logistics-secteur-frappe-de-plein-fouet-pandemie-de-maniere-tres-inegale\/#breadcrumb\"},\"inLanguage\":\"fr-FR\",\"potentialAction\":[{\"@type\":\"ReadAction\",\"target\":[\"https:\/\/peoplesphere.be\/fr\/transport-logistics-secteur-frappe-de-plein-fouet-pandemie-de-maniere-tres-inegale\/\"]}]},{\"@type\":\"BreadcrumbList\",\"@id\":\"https:\/\/peoplesphere.be\/fr\/transport-logistics-secteur-frappe-de-plein-fouet-pandemie-de-maniere-tres-inegale\/#breadcrumb\",\"itemListElement\":[{\"@type\":\"ListItem\",\"position\":1,\"name\":\"Accueil\",\"item\":\"https:\/\/peoplesphere.be\/fr\/\"},{\"@type\":\"ListItem\",\"position\":2,\"name\":\"Transport &#038; Logistics, un secteur frapp\u00e9 de plein fouet par la pand\u00e9mie de mani\u00e8re tr\u00e8s in\u00e9gale.\"}]},{\"@type\":\"WebSite\",\"@id\":\"https:\/\/peoplesphere.be\/fr\/#website\",\"url\":\"https:\/\/peoplesphere.be\/fr\/\",\"name\":\"Peoplesphere\",\"description\":\"The People Managers Magazine\",\"publisher\":{\"@id\":\"https:\/\/peoplesphere.be\/fr\/#organization\"},\"potentialAction\":[{\"@type\":\"SearchAction\",\"target\":{\"@type\":\"EntryPoint\",\"urlTemplate\":\"https:\/\/peoplesphere.be\/fr\/?s={search_term_string}\"},\"query-input\":\"required name=search_term_string\"}],\"inLanguage\":\"fr-FR\"},{\"@type\":\"Organization\",\"@id\":\"https:\/\/peoplesphere.be\/fr\/#organization\",\"name\":\"Peoplesphere Company srl\",\"url\":\"https:\/\/peoplesphere.be\/fr\/\",\"logo\":{\"@type\":\"ImageObject\",\"inLanguage\":\"fr-FR\",\"@id\":\"https:\/\/peoplesphere.be\/fr\/#\/schema\/logo\/image\/\",\"url\":\"https:\/\/peoplesphere.be\/fr\/wp-content\/uploads\/2023\/07\/peoplesphere-lgo-new-generik.jpg\",\"contentUrl\":\"https:\/\/peoplesphere.be\/fr\/wp-content\/uploads\/2023\/07\/peoplesphere-lgo-new-generik.jpg\",\"width\":1031,\"height\":1479,\"caption\":\"Peoplesphere Company srl\"},\"image\":{\"@id\":\"https:\/\/peoplesphere.be\/fr\/#\/schema\/logo\/image\/\"},\"sameAs\":[\"https:\/\/www.facebook.com\/peoplesphere\",\"https:\/\/twitter.com\/PeoplesphereMag\",\"https:\/\/www.linkedin.com\/company\/7587361?trk\",\"http:\/\/youtube.com\/peoplesphere\"]},{\"@type\":\"Person\",\"@id\":\"https:\/\/peoplesphere.be\/fr\/#\/schema\/person\/7976225ff17988604334abb7b3536a7e\",\"name\":\"Jean-Paul Erhard\",\"image\":{\"@type\":\"ImageObject\",\"inLanguage\":\"fr-FR\",\"@id\":\"https:\/\/peoplesphere.be\/fr\/#\/schema\/person\/image\/\",\"url\":\"https:\/\/secure.gravatar.com\/avatar\/f941e681460179738071629a51574930?s=96&d=mm&r=g\",\"contentUrl\":\"https:\/\/secure.gravatar.com\/avatar\/f941e681460179738071629a51574930?s=96&d=mm&r=g\",\"caption\":\"Jean-Paul Erhard\"},\"url\":\"https:\/\/peoplesphere.be\/fr\/author\/jpe\/\"}]}<\/script>\n<!-- \/ Yoast SEO plugin. -->","yoast_head_json":{"title":"Transport & Logistics, un secteur frapp\u00e9 de plein fouet par la pand\u00e9mie de mani\u00e8re tr\u00e8s in\u00e9gale. - Peoplesphere","robots":{"index":"index","follow":"follow","max-snippet":"max-snippet:-1","max-image-preview":"max-image-preview:large","max-video-preview":"max-video-preview:-1"},"canonical":"https:\/\/peoplesphere.be\/fr\/transport-logistics-secteur-frappe-de-plein-fouet-pandemie-de-maniere-tres-inegale\/","og_locale":"fr_FR","og_type":"article","og_title":"Transport & Logistics, un secteur frapp\u00e9 de plein fouet par la pand\u00e9mie de mani\u00e8re tr\u00e8s in\u00e9gale. - Peoplesphere","og_description":"Certaines activit\u00e9s du Transport et de la Logistique ont \u00e9t\u00e9 plus durement touch\u00e9es que d&rsquo;autres durant la crise du coronavirus. View.brussels analyse la situation actuelle du secteur ainsi que ses perspectives d&rsquo;avenir dans une \u00e9tude publi\u00e9e aujourd&rsquo;hui. Les pertes d\u2019emploi [&hellip;]","og_url":"https:\/\/peoplesphere.be\/fr\/transport-logistics-secteur-frappe-de-plein-fouet-pandemie-de-maniere-tres-inegale\/","og_site_name":"Peoplesphere","article_publisher":"https:\/\/www.facebook.com\/peoplesphere","article_published_time":"2021-12-09T08:31:02+00:00","article_modified_time":"2023-10-10T13:35:32+00:00","og_image":[{"width":600,"height":270,"url":"https:\/\/peoplesphere.be\/fr\/wp-content\/uploads\/2021\/12\/Capture-d\u2019e\u0301cran-2021-12-09-a\u0300-09.28.20.png","type":"image\/png"}],"author":"Jean-Paul Erhard","twitter_card":"summary_large_image","twitter_creator":"@PeoplesphereMag","twitter_site":"@PeoplesphereMag","twitter_misc":{"\u00c9crit par":"Jean-Paul Erhard","Dur\u00e9e de lecture estim\u00e9e":"3 minutes"},"schema":{"@context":"https:\/\/schema.org","@graph":[{"@type":"Article","@id":"https:\/\/peoplesphere.be\/fr\/transport-logistics-secteur-frappe-de-plein-fouet-pandemie-de-maniere-tres-inegale\/#article","isPartOf":{"@id":"https:\/\/peoplesphere.be\/fr\/transport-logistics-secteur-frappe-de-plein-fouet-pandemie-de-maniere-tres-inegale\/"},"author":{"name":"Jean-Paul Erhard","@id":"https:\/\/peoplesphere.be\/fr\/#\/schema\/person\/7976225ff17988604334abb7b3536a7e"},"headline":"Transport &#038; Logistics, un secteur frapp\u00e9 de plein fouet par la pand\u00e9mie de mani\u00e8re tr\u00e8s in\u00e9gale.","datePublished":"2021-12-09T08:31:02+00:00","dateModified":"2023-10-10T13:35:32+00:00","mainEntityOfPage":{"@id":"https:\/\/peoplesphere.be\/fr\/transport-logistics-secteur-frappe-de-plein-fouet-pandemie-de-maniere-tres-inegale\/"},"wordCount":533,"publisher":{"@id":"https:\/\/peoplesphere.be\/fr\/#organization"},"keywords":["actiris","Bruxelles Capitale","coronavirus","logistique","march\u00e9 de l'emploi","Swissport","transports"],"articleSection":["Actualit\u00e9s","Digital"],"inLanguage":"fr-FR"},{"@type":"WebPage","@id":"https:\/\/peoplesphere.be\/fr\/transport-logistics-secteur-frappe-de-plein-fouet-pandemie-de-maniere-tres-inegale\/","url":"https:\/\/peoplesphere.be\/fr\/transport-logistics-secteur-frappe-de-plein-fouet-pandemie-de-maniere-tres-inegale\/","name":"Transport & Logistics, un secteur frapp\u00e9 de plein fouet par la pand\u00e9mie de mani\u00e8re tr\u00e8s in\u00e9gale. - Peoplesphere","isPartOf":{"@id":"https:\/\/peoplesphere.be\/fr\/#website"},"datePublished":"2021-12-09T08:31:02+00:00","dateModified":"2023-10-10T13:35:32+00:00","breadcrumb":{"@id":"https:\/\/peoplesphere.be\/fr\/transport-logistics-secteur-frappe-de-plein-fouet-pandemie-de-maniere-tres-inegale\/#breadcrumb"},"inLanguage":"fr-FR","potentialAction":[{"@type":"ReadAction","target":["https:\/\/peoplesphere.be\/fr\/transport-logistics-secteur-frappe-de-plein-fouet-pandemie-de-maniere-tres-inegale\/"]}]},{"@type":"BreadcrumbList","@id":"https:\/\/peoplesphere.be\/fr\/transport-logistics-secteur-frappe-de-plein-fouet-pandemie-de-maniere-tres-inegale\/#breadcrumb","itemListElement":[{"@type":"ListItem","position":1,"name":"Accueil","item":"https:\/\/peoplesphere.be\/fr\/"},{"@type":"ListItem","position":2,"name":"Transport &#038; Logistics, un secteur frapp\u00e9 de plein fouet par la pand\u00e9mie de mani\u00e8re tr\u00e8s in\u00e9gale."}]},{"@type":"WebSite","@id":"https:\/\/peoplesphere.be\/fr\/#website","url":"https:\/\/peoplesphere.be\/fr\/","name":"Peoplesphere","description":"The People Managers Magazine","publisher":{"@id":"https:\/\/peoplesphere.be\/fr\/#organization"},"potentialAction":[{"@type":"SearchAction","target":{"@type":"EntryPoint","urlTemplate":"https:\/\/peoplesphere.be\/fr\/?s={search_term_string}"},"query-input":"required name=search_term_string"}],"inLanguage":"fr-FR"},{"@type":"Organization","@id":"https:\/\/peoplesphere.be\/fr\/#organization","name":"Peoplesphere Company srl","url":"https:\/\/peoplesphere.be\/fr\/","logo":{"@type":"ImageObject","inLanguage":"fr-FR","@id":"https:\/\/peoplesphere.be\/fr\/#\/schema\/logo\/image\/","url":"https:\/\/peoplesphere.be\/fr\/wp-content\/uploads\/2023\/07\/peoplesphere-lgo-new-generik.jpg","contentUrl":"https:\/\/peoplesphere.be\/fr\/wp-content\/uploads\/2023\/07\/peoplesphere-lgo-new-generik.jpg","width":1031,"height":1479,"caption":"Peoplesphere Company srl"},"image":{"@id":"https:\/\/peoplesphere.be\/fr\/#\/schema\/logo\/image\/"},"sameAs":["https:\/\/www.facebook.com\/peoplesphere","https:\/\/twitter.com\/PeoplesphereMag","https:\/\/www.linkedin.com\/company\/7587361?trk","http:\/\/youtube.com\/peoplesphere"]},{"@type":"Person","@id":"https:\/\/peoplesphere.be\/fr\/#\/schema\/person\/7976225ff17988604334abb7b3536a7e","name":"Jean-Paul Erhard","image":{"@type":"ImageObject","inLanguage":"fr-FR","@id":"https:\/\/peoplesphere.be\/fr\/#\/schema\/person\/image\/","url":"https:\/\/secure.gravatar.com\/avatar\/f941e681460179738071629a51574930?s=96&d=mm&r=g","contentUrl":"https:\/\/secure.gravatar.com\/avatar\/f941e681460179738071629a51574930?s=96&d=mm&r=g","caption":"Jean-Paul Erhard"},"url":"https:\/\/peoplesphere.be\/fr\/author\/jpe\/"}]}},"_links":{"self":[{"href":"https:\/\/peoplesphere.be\/fr\/wp-json\/wp\/v2\/posts\/12218"}],"collection":[{"href":"https:\/\/peoplesphere.be\/fr\/wp-json\/wp\/v2\/posts"}],"about":[{"href":"https:\/\/peoplesphere.be\/fr\/wp-json\/wp\/v2\/types\/post"}],"author":[{"embeddable":true,"href":"https:\/\/peoplesphere.be\/fr\/wp-json\/wp\/v2\/users\/2"}],"replies":[{"embeddable":true,"href":"https:\/\/peoplesphere.be\/fr\/wp-json\/wp\/v2\/comments?post=12218"}],"version-history":[{"count":1,"href":"https:\/\/peoplesphere.be\/fr\/wp-json\/wp\/v2\/posts\/12218\/revisions"}],"predecessor-version":[{"id":12220,"href":"https:\/\/peoplesphere.be\/fr\/wp-json\/wp\/v2\/posts\/12218\/revisions\/12220"}],"wp:featuredmedia":[{"embeddable":true,"href":"https:\/\/peoplesphere.be\/fr\/wp-json\/wp\/v2\/media\/12219"}],"wp:attachment":[{"href":"https:\/\/peoplesphere.be\/fr\/wp-json\/wp\/v2\/media?parent=12218"}],"wp:term":[{"taxonomy":"category","embeddable":true,"href":"https:\/\/peoplesphere.be\/fr\/wp-json\/wp\/v2\/categories?post=12218"},{"taxonomy":"post_tag","embeddable":true,"href":"https:\/\/peoplesphere.be\/fr\/wp-json\/wp\/v2\/tags?post=12218"}],"curies":[{"name":"wp","href":"https:\/\/api.w.org\/{rel}","templated":true}]}}