









{"id":12230,"date":"2021-12-13T14:24:55","date_gmt":"2021-12-13T12:24:55","guid":{"rendered":"https:\/\/peoplesphere.be\/fr\/?p=12230"},"modified":"2023-09-18T07:57:37","modified_gmt":"2023-09-18T05:57:37","slug":"nombre-total-demplois-vacants-sest-approche-200-000-cours-3eme-trimestre-soit-augmentation-de-1380","status":"publish","type":"post","link":"https:\/\/peoplesphere.be\/fr\/nombre-total-demplois-vacants-sest-approche-200-000-cours-3eme-trimestre-soit-augmentation-de-1380\/","title":{"rendered":"Le nombre total d\u2019emplois vacants s&rsquo;est approch\u00e9 des 200.000 au cours du 3\u00e8me trimestre, soit une augmentation de 13,80%."},"content":{"rendered":"<p>Selon Statbel, l&rsquo;office belge de statistique, le taux de vacance d\u2019emploi &#8211; le nombre d&#8217;emplois vacants par rapport au nombre total de postes au sein de l\u2019entreprise &#8211; vient d&rsquo;atteindre un niveau in\u00e9gal\u00e9. Il augmente principalement dans le secteur des activit\u00e9s immobili\u00e8res, dans celui de l\u2019information et communication et dans celui de l\u2019industrie. Le taux de vacance d\u2019emploi des postes d\u2019int\u00e9rim reste nettement sup\u00e9rieur \u00e0 celui des postes fixes.<!--more--><\/p>\n<p>Au troisi\u00e8me trimestre 2021, les entreprises belges offraient 196.227 emplois vacants contre 172.437 au deuxi\u00e8me trimestre 2021, soit une hausse de 13,80%. Ce nombre d\u2019emplois vacants constitue un record depuis la cr\u00e9ation de cette enqu\u00eate (2012).\u00a0Le taux de vacance d\u2019emploi &#8211; le nombre d&#8217;emplois vacants par rapport au nombre total d&#8217;emplois dans l&rsquo;entreprise &#8211; a lui aussi augment\u00e9 en passant de 4,18% \u00e0 4,74%.<\/p>\n<p>Le nombre d\u2019emplois vacants a progress\u00e9 dans les 3 r\u00e9gions avec respectivement une augmentation de 19.351 postes vacants en Flandre, de 2.227 en Wallonie et de 2.211 \u00e0 Bruxelles par rapport au deuxi\u00e8me trimestre 2021.<\/p>\n<p>Avec 68% de l\u2019ensemble des emplois vacants en Belgique, la Flandre reste la r\u00e9gion du pays pr\u00e9sentant le plus grand nombre d\u2019emplois vacants. Elle est suivie par la Wallonie avec 20% et Bruxelles avec 12%.<\/p>\n<p>Le taux de vacance d\u2019emploi reste plus \u00e9lev\u00e9 en Flandre (5,43%) qu\u2019en Wallonie (3,75%) et \u00e0 Bruxelles (3,67%).<\/p>\n<p><strong><em>Type d&rsquo;entreprises et type d\u2019emplois<\/em><\/strong><\/p>\n<p>Il y a 3,06 fois plus d\u2019emplois vacants dans les grandes et moyennes entreprises que dans les petites entreprises. Le taux de vacance d\u2019emploi reste toutefois plus \u00e9lev\u00e9 dans les petites entreprises (8,83%) que dans les grandes et les moyennes (4,11%).<\/p>\n<p>Bien que davantage d\u2019emplois vacants soient offerts pour des postes fixes (85,08%), le taux de vacance d\u2019emploi est nettement sup\u00e9rieur pour les postes d\u2019int\u00e9rim (20,30%) que pour les postes fixes (4,17%).<\/p>\n<p>Plus de trois quarts (75,2%) des emplois vacants se trouvent dans cinq secteurs \u00e9conomiques: le secteur non-marchand, les sciences et services, l\u2019industrie, le commerce et la construction.<\/p>\n<p>Le taux de vacance d\u2019emploi augmente principalement dans le secteur des activit\u00e9s immobili\u00e8res (+2,58 points de pourcent), dans celui de l\u2019information et communication (+1,87 point) et dans celui de l\u2019industrie (+1,33 point). Par ailleurs, ce taux reste le plus \u00e9lev\u00e9 dans le secteur de l\u2019h\u00e9bergement et restauration (11,3%) et le plus faible dans le secteur non marchand (2,8%).<\/p>\n<p>&nbsp;<\/p>\n<p><em>Source: Statbel<\/em><\/p>\n","protected":false},"excerpt":{"rendered":"<p>Selon Statbel, l&rsquo;office belge de statistique, le taux de vacance d\u2019emploi &#8211; le nombre d&#8217;emplois vacants par rapport au nombre total de postes au sein de l\u2019entreprise &#8211; vient d&rsquo;atteindre un niveau in\u00e9gal\u00e9. Il augmente principalement dans le secteur des [&hellip;]<\/p>\n","protected":false},"author":2,"featured_media":0,"comment_status":"closed","ping_status":"open","sticky":false,"template":"","format":"standard","meta":[],"categories":[65,10],"tags":[2099,702,44],"yoast_head":"<!-- This site is optimized with the Yoast SEO plugin v21.0 - https:\/\/yoast.com\/wordpress\/plugins\/seo\/ -->\n<title>Le nombre total d\u2019emplois vacants s&#039;est approch\u00e9 des 200.000 au cours du 3\u00e8me trimestre, soit une augmentation de 13,80%. - Peoplesphere<\/title>\n<meta name=\"robots\" content=\"index, follow, max-snippet:-1, max-image-preview:large, max-video-preview:-1\" \/>\n<link rel=\"canonical\" href=\"https:\/\/peoplesphere.be\/fr\/nombre-total-demplois-vacants-sest-approche-200-000-cours-3eme-trimestre-soit-augmentation-de-1380\/\" \/>\n<meta property=\"og:locale\" content=\"fr_FR\" \/>\n<meta property=\"og:type\" content=\"article\" \/>\n<meta property=\"og:title\" content=\"Le nombre total d\u2019emplois vacants s&#039;est approch\u00e9 des 200.000 au cours du 3\u00e8me trimestre, soit une augmentation de 13,80%. - Peoplesphere\" \/>\n<meta property=\"og:description\" content=\"Selon Statbel, l&rsquo;office belge de statistique, le taux de vacance d\u2019emploi &#8211; le nombre d&#8217;emplois vacants par rapport au nombre total de postes au sein de l\u2019entreprise &#8211; vient d&rsquo;atteindre un niveau in\u00e9gal\u00e9. Il augmente principalement dans le secteur des [&hellip;]\" \/>\n<meta property=\"og:url\" content=\"https:\/\/peoplesphere.be\/fr\/nombre-total-demplois-vacants-sest-approche-200-000-cours-3eme-trimestre-soit-augmentation-de-1380\/\" \/>\n<meta property=\"og:site_name\" content=\"Peoplesphere\" \/>\n<meta property=\"article:publisher\" content=\"https:\/\/www.facebook.com\/peoplesphere\" \/>\n<meta property=\"article:published_time\" content=\"2021-12-13T12:24:55+00:00\" \/>\n<meta property=\"article:modified_time\" content=\"2023-09-18T05:57:37+00:00\" \/>\n<meta property=\"og:image\" content=\"http:\/\/www.peoplesphere.be\/fr\/wp-content\/uploads\/2016\/07\/facebook-default-posting-1200x628px.jpg\" \/>\n<meta name=\"author\" content=\"Jean-Paul Erhard\" \/>\n<meta name=\"twitter:card\" content=\"summary_large_image\" \/>\n<meta name=\"twitter:creator\" content=\"@PeoplesphereMag\" \/>\n<meta name=\"twitter:site\" content=\"@PeoplesphereMag\" \/>\n<meta name=\"twitter:label1\" content=\"\u00c9crit par\" \/>\n\t<meta name=\"twitter:data1\" content=\"Jean-Paul Erhard\" \/>\n\t<meta name=\"twitter:label2\" content=\"Dur\u00e9e de lecture estim\u00e9e\" \/>\n\t<meta name=\"twitter:data2\" content=\"2 minutes\" \/>\n<script type=\"application\/ld+json\" class=\"yoast-schema-graph\">{\"@context\":\"https:\/\/schema.org\",\"@graph\":[{\"@type\":\"Article\",\"@id\":\"https:\/\/peoplesphere.be\/fr\/nombre-total-demplois-vacants-sest-approche-200-000-cours-3eme-trimestre-soit-augmentation-de-1380\/#article\",\"isPartOf\":{\"@id\":\"https:\/\/peoplesphere.be\/fr\/nombre-total-demplois-vacants-sest-approche-200-000-cours-3eme-trimestre-soit-augmentation-de-1380\/\"},\"author\":{\"name\":\"Jean-Paul Erhard\",\"@id\":\"https:\/\/peoplesphere.be\/fr\/#\/schema\/person\/7976225ff17988604334abb7b3536a7e\"},\"headline\":\"Le nombre total d\u2019emplois vacants s&rsquo;est approch\u00e9 des 200.000 au cours du 3\u00e8me trimestre, soit une augmentation de 13,80%.\",\"datePublished\":\"2021-12-13T12:24:55+00:00\",\"dateModified\":\"2023-09-18T05:57:37+00:00\",\"mainEntityOfPage\":{\"@id\":\"https:\/\/peoplesphere.be\/fr\/nombre-total-demplois-vacants-sest-approche-200-000-cours-3eme-trimestre-soit-augmentation-de-1380\/\"},\"wordCount\":412,\"publisher\":{\"@id\":\"https:\/\/peoplesphere.be\/fr\/#organization\"},\"keywords\":[\"emplois vacants\",\"march\u00e9 de l'emploi\",\"Statistiques\"],\"articleSection\":[\"Actualit\u00e9s\",\"Digital\"],\"inLanguage\":\"fr-FR\"},{\"@type\":\"WebPage\",\"@id\":\"https:\/\/peoplesphere.be\/fr\/nombre-total-demplois-vacants-sest-approche-200-000-cours-3eme-trimestre-soit-augmentation-de-1380\/\",\"url\":\"https:\/\/peoplesphere.be\/fr\/nombre-total-demplois-vacants-sest-approche-200-000-cours-3eme-trimestre-soit-augmentation-de-1380\/\",\"name\":\"Le nombre total d\u2019emplois vacants s'est approch\u00e9 des 200.000 au cours du 3\u00e8me trimestre, soit une augmentation de 13,80%. - Peoplesphere\",\"isPartOf\":{\"@id\":\"https:\/\/peoplesphere.be\/fr\/#website\"},\"datePublished\":\"2021-12-13T12:24:55+00:00\",\"dateModified\":\"2023-09-18T05:57:37+00:00\",\"breadcrumb\":{\"@id\":\"https:\/\/peoplesphere.be\/fr\/nombre-total-demplois-vacants-sest-approche-200-000-cours-3eme-trimestre-soit-augmentation-de-1380\/#breadcrumb\"},\"inLanguage\":\"fr-FR\",\"potentialAction\":[{\"@type\":\"ReadAction\",\"target\":[\"https:\/\/peoplesphere.be\/fr\/nombre-total-demplois-vacants-sest-approche-200-000-cours-3eme-trimestre-soit-augmentation-de-1380\/\"]}]},{\"@type\":\"BreadcrumbList\",\"@id\":\"https:\/\/peoplesphere.be\/fr\/nombre-total-demplois-vacants-sest-approche-200-000-cours-3eme-trimestre-soit-augmentation-de-1380\/#breadcrumb\",\"itemListElement\":[{\"@type\":\"ListItem\",\"position\":1,\"name\":\"Accueil\",\"item\":\"https:\/\/peoplesphere.be\/fr\/\"},{\"@type\":\"ListItem\",\"position\":2,\"name\":\"Le nombre total d\u2019emplois vacants s&rsquo;est approch\u00e9 des 200.000 au cours du 3\u00e8me trimestre, soit une augmentation de 13,80%.\"}]},{\"@type\":\"WebSite\",\"@id\":\"https:\/\/peoplesphere.be\/fr\/#website\",\"url\":\"https:\/\/peoplesphere.be\/fr\/\",\"name\":\"Peoplesphere\",\"description\":\"The People Managers Magazine\",\"publisher\":{\"@id\":\"https:\/\/peoplesphere.be\/fr\/#organization\"},\"potentialAction\":[{\"@type\":\"SearchAction\",\"target\":{\"@type\":\"EntryPoint\",\"urlTemplate\":\"https:\/\/peoplesphere.be\/fr\/?s={search_term_string}\"},\"query-input\":\"required name=search_term_string\"}],\"inLanguage\":\"fr-FR\"},{\"@type\":\"Organization\",\"@id\":\"https:\/\/peoplesphere.be\/fr\/#organization\",\"name\":\"Peoplesphere Company srl\",\"url\":\"https:\/\/peoplesphere.be\/fr\/\",\"logo\":{\"@type\":\"ImageObject\",\"inLanguage\":\"fr-FR\",\"@id\":\"https:\/\/peoplesphere.be\/fr\/#\/schema\/logo\/image\/\",\"url\":\"https:\/\/peoplesphere.be\/fr\/wp-content\/uploads\/2023\/07\/peoplesphere-lgo-new-generik.jpg\",\"contentUrl\":\"https:\/\/peoplesphere.be\/fr\/wp-content\/uploads\/2023\/07\/peoplesphere-lgo-new-generik.jpg\",\"width\":1031,\"height\":1479,\"caption\":\"Peoplesphere Company srl\"},\"image\":{\"@id\":\"https:\/\/peoplesphere.be\/fr\/#\/schema\/logo\/image\/\"},\"sameAs\":[\"https:\/\/www.facebook.com\/peoplesphere\",\"https:\/\/twitter.com\/PeoplesphereMag\",\"https:\/\/www.linkedin.com\/company\/7587361?trk\",\"http:\/\/youtube.com\/peoplesphere\"]},{\"@type\":\"Person\",\"@id\":\"https:\/\/peoplesphere.be\/fr\/#\/schema\/person\/7976225ff17988604334abb7b3536a7e\",\"name\":\"Jean-Paul Erhard\",\"image\":{\"@type\":\"ImageObject\",\"inLanguage\":\"fr-FR\",\"@id\":\"https:\/\/peoplesphere.be\/fr\/#\/schema\/person\/image\/\",\"url\":\"https:\/\/secure.gravatar.com\/avatar\/f941e681460179738071629a51574930?s=96&d=mm&r=g\",\"contentUrl\":\"https:\/\/secure.gravatar.com\/avatar\/f941e681460179738071629a51574930?s=96&d=mm&r=g\",\"caption\":\"Jean-Paul Erhard\"},\"url\":\"https:\/\/peoplesphere.be\/fr\/author\/jpe\/\"}]}<\/script>\n<!-- \/ Yoast SEO plugin. -->","yoast_head_json":{"title":"Le nombre total d\u2019emplois vacants s'est approch\u00e9 des 200.000 au cours du 3\u00e8me trimestre, soit une augmentation de 13,80%. - Peoplesphere","robots":{"index":"index","follow":"follow","max-snippet":"max-snippet:-1","max-image-preview":"max-image-preview:large","max-video-preview":"max-video-preview:-1"},"canonical":"https:\/\/peoplesphere.be\/fr\/nombre-total-demplois-vacants-sest-approche-200-000-cours-3eme-trimestre-soit-augmentation-de-1380\/","og_locale":"fr_FR","og_type":"article","og_title":"Le nombre total d\u2019emplois vacants s'est approch\u00e9 des 200.000 au cours du 3\u00e8me trimestre, soit une augmentation de 13,80%. - Peoplesphere","og_description":"Selon Statbel, l&rsquo;office belge de statistique, le taux de vacance d\u2019emploi &#8211; le nombre d&#8217;emplois vacants par rapport au nombre total de postes au sein de l\u2019entreprise &#8211; vient d&rsquo;atteindre un niveau in\u00e9gal\u00e9. Il augmente principalement dans le secteur des [&hellip;]","og_url":"https:\/\/peoplesphere.be\/fr\/nombre-total-demplois-vacants-sest-approche-200-000-cours-3eme-trimestre-soit-augmentation-de-1380\/","og_site_name":"Peoplesphere","article_publisher":"https:\/\/www.facebook.com\/peoplesphere","article_published_time":"2021-12-13T12:24:55+00:00","article_modified_time":"2023-09-18T05:57:37+00:00","og_image":[{"url":"http:\/\/www.peoplesphere.be\/fr\/wp-content\/uploads\/2016\/07\/facebook-default-posting-1200x628px.jpg"}],"author":"Jean-Paul Erhard","twitter_card":"summary_large_image","twitter_creator":"@PeoplesphereMag","twitter_site":"@PeoplesphereMag","twitter_misc":{"\u00c9crit par":"Jean-Paul Erhard","Dur\u00e9e de lecture estim\u00e9e":"2 minutes"},"schema":{"@context":"https:\/\/schema.org","@graph":[{"@type":"Article","@id":"https:\/\/peoplesphere.be\/fr\/nombre-total-demplois-vacants-sest-approche-200-000-cours-3eme-trimestre-soit-augmentation-de-1380\/#article","isPartOf":{"@id":"https:\/\/peoplesphere.be\/fr\/nombre-total-demplois-vacants-sest-approche-200-000-cours-3eme-trimestre-soit-augmentation-de-1380\/"},"author":{"name":"Jean-Paul Erhard","@id":"https:\/\/peoplesphere.be\/fr\/#\/schema\/person\/7976225ff17988604334abb7b3536a7e"},"headline":"Le nombre total d\u2019emplois vacants s&rsquo;est approch\u00e9 des 200.000 au cours du 3\u00e8me trimestre, soit une augmentation de 13,80%.","datePublished":"2021-12-13T12:24:55+00:00","dateModified":"2023-09-18T05:57:37+00:00","mainEntityOfPage":{"@id":"https:\/\/peoplesphere.be\/fr\/nombre-total-demplois-vacants-sest-approche-200-000-cours-3eme-trimestre-soit-augmentation-de-1380\/"},"wordCount":412,"publisher":{"@id":"https:\/\/peoplesphere.be\/fr\/#organization"},"keywords":["emplois vacants","march\u00e9 de l'emploi","Statistiques"],"articleSection":["Actualit\u00e9s","Digital"],"inLanguage":"fr-FR"},{"@type":"WebPage","@id":"https:\/\/peoplesphere.be\/fr\/nombre-total-demplois-vacants-sest-approche-200-000-cours-3eme-trimestre-soit-augmentation-de-1380\/","url":"https:\/\/peoplesphere.be\/fr\/nombre-total-demplois-vacants-sest-approche-200-000-cours-3eme-trimestre-soit-augmentation-de-1380\/","name":"Le nombre total d\u2019emplois vacants s'est approch\u00e9 des 200.000 au cours du 3\u00e8me trimestre, soit une augmentation de 13,80%. - Peoplesphere","isPartOf":{"@id":"https:\/\/peoplesphere.be\/fr\/#website"},"datePublished":"2021-12-13T12:24:55+00:00","dateModified":"2023-09-18T05:57:37+00:00","breadcrumb":{"@id":"https:\/\/peoplesphere.be\/fr\/nombre-total-demplois-vacants-sest-approche-200-000-cours-3eme-trimestre-soit-augmentation-de-1380\/#breadcrumb"},"inLanguage":"fr-FR","potentialAction":[{"@type":"ReadAction","target":["https:\/\/peoplesphere.be\/fr\/nombre-total-demplois-vacants-sest-approche-200-000-cours-3eme-trimestre-soit-augmentation-de-1380\/"]}]},{"@type":"BreadcrumbList","@id":"https:\/\/peoplesphere.be\/fr\/nombre-total-demplois-vacants-sest-approche-200-000-cours-3eme-trimestre-soit-augmentation-de-1380\/#breadcrumb","itemListElement":[{"@type":"ListItem","position":1,"name":"Accueil","item":"https:\/\/peoplesphere.be\/fr\/"},{"@type":"ListItem","position":2,"name":"Le nombre total d\u2019emplois vacants s&rsquo;est approch\u00e9 des 200.000 au cours du 3\u00e8me trimestre, soit une augmentation de 13,80%."}]},{"@type":"WebSite","@id":"https:\/\/peoplesphere.be\/fr\/#website","url":"https:\/\/peoplesphere.be\/fr\/","name":"Peoplesphere","description":"The People Managers Magazine","publisher":{"@id":"https:\/\/peoplesphere.be\/fr\/#organization"},"potentialAction":[{"@type":"SearchAction","target":{"@type":"EntryPoint","urlTemplate":"https:\/\/peoplesphere.be\/fr\/?s={search_term_string}"},"query-input":"required name=search_term_string"}],"inLanguage":"fr-FR"},{"@type":"Organization","@id":"https:\/\/peoplesphere.be\/fr\/#organization","name":"Peoplesphere Company srl","url":"https:\/\/peoplesphere.be\/fr\/","logo":{"@type":"ImageObject","inLanguage":"fr-FR","@id":"https:\/\/peoplesphere.be\/fr\/#\/schema\/logo\/image\/","url":"https:\/\/peoplesphere.be\/fr\/wp-content\/uploads\/2023\/07\/peoplesphere-lgo-new-generik.jpg","contentUrl":"https:\/\/peoplesphere.be\/fr\/wp-content\/uploads\/2023\/07\/peoplesphere-lgo-new-generik.jpg","width":1031,"height":1479,"caption":"Peoplesphere Company srl"},"image":{"@id":"https:\/\/peoplesphere.be\/fr\/#\/schema\/logo\/image\/"},"sameAs":["https:\/\/www.facebook.com\/peoplesphere","https:\/\/twitter.com\/PeoplesphereMag","https:\/\/www.linkedin.com\/company\/7587361?trk","http:\/\/youtube.com\/peoplesphere"]},{"@type":"Person","@id":"https:\/\/peoplesphere.be\/fr\/#\/schema\/person\/7976225ff17988604334abb7b3536a7e","name":"Jean-Paul Erhard","image":{"@type":"ImageObject","inLanguage":"fr-FR","@id":"https:\/\/peoplesphere.be\/fr\/#\/schema\/person\/image\/","url":"https:\/\/secure.gravatar.com\/avatar\/f941e681460179738071629a51574930?s=96&d=mm&r=g","contentUrl":"https:\/\/secure.gravatar.com\/avatar\/f941e681460179738071629a51574930?s=96&d=mm&r=g","caption":"Jean-Paul Erhard"},"url":"https:\/\/peoplesphere.be\/fr\/author\/jpe\/"}]}},"_links":{"self":[{"href":"https:\/\/peoplesphere.be\/fr\/wp-json\/wp\/v2\/posts\/12230"}],"collection":[{"href":"https:\/\/peoplesphere.be\/fr\/wp-json\/wp\/v2\/posts"}],"about":[{"href":"https:\/\/peoplesphere.be\/fr\/wp-json\/wp\/v2\/types\/post"}],"author":[{"embeddable":true,"href":"https:\/\/peoplesphere.be\/fr\/wp-json\/wp\/v2\/users\/2"}],"replies":[{"embeddable":true,"href":"https:\/\/peoplesphere.be\/fr\/wp-json\/wp\/v2\/comments?post=12230"}],"version-history":[{"count":1,"href":"https:\/\/peoplesphere.be\/fr\/wp-json\/wp\/v2\/posts\/12230\/revisions"}],"predecessor-version":[{"id":12231,"href":"https:\/\/peoplesphere.be\/fr\/wp-json\/wp\/v2\/posts\/12230\/revisions\/12231"}],"wp:attachment":[{"href":"https:\/\/peoplesphere.be\/fr\/wp-json\/wp\/v2\/media?parent=12230"}],"wp:term":[{"taxonomy":"category","embeddable":true,"href":"https:\/\/peoplesphere.be\/fr\/wp-json\/wp\/v2\/categories?post=12230"},{"taxonomy":"post_tag","embeddable":true,"href":"https:\/\/peoplesphere.be\/fr\/wp-json\/wp\/v2\/tags?post=12230"}],"curies":[{"name":"wp","href":"https:\/\/api.w.org\/{rel}","templated":true}]}}