









{"id":12249,"date":"2021-12-17T07:13:51","date_gmt":"2021-12-17T05:13:51","guid":{"rendered":"https:\/\/peoplesphere.be\/fr\/?p=12249"},"modified":"2021-12-17T07:13:51","modified_gmt":"2021-12-17T05:13:51","slug":"outil-web-soutenir-personnel-medical-face-marathon-pandemique","status":"publish","type":"post","link":"https:\/\/peoplesphere.be\/fr\/outil-web-soutenir-personnel-medical-face-marathon-pandemique\/","title":{"rendered":"Un outil web pour soutenir le personnel m\u00e9dical face au marathon pand\u00e9mique."},"content":{"rendered":"<p>Comment soutenir le monde m\u00e9dical face \u00e0 une pand\u00e9mie qui n\u2019en finit pas ? Cette question a incit\u00e9 l\u2019Union G\u00e9n\u00e9rale des Infirmier(e)s de Belgique, Attentia et Takeda Belgium \u00e0 lancer conjointement un portail num\u00e9rique mettant \u00e0 disposition des prestataires de soins des conseils et des outils pour soutenir leur bien-\u00eatre mental. Aujourd\u2019hui, en cette fin d\u2019ann\u00e9e 2021, le site web <a href=\"http:\/\/www.jemerecharge.be\">www.jemerecharge.be<\/a> est pertinent pour tous les prestataires de soins dont le bien-\u00eatre mental et physique est au plus bas face \u00e0 la pression engendr\u00e9e par la pand\u00e9mie. Il faut recharger les batteries, pour \u00e9viter qu\u2019ils ne s\u2019\u00e9croulent.<!--more--><\/p>\n<p>Chaque jour, les statistiques t\u00e9moignent de l\u2019\u00e9norme pression exerc\u00e9e par la pand\u00e9mie de COVID-19 sur le syst\u00e8me des soins de sant\u00e9. Les prestataires de soins travaillent sans rel\u00e2che, sont et restent au front. Au fil des mois, la pression n\u2019a pas diminu\u00e9. Alors que les applaudissements ont cess\u00e9, les h\u00e9ros des d\u00e9buts sont en perte de sens et de reconnaissance. La charge mentale demeure quant \u00e0 elle en nette croissance. Pourtant, il est \u00e9vident que sans les m\u00e9decins, infirmiers, pharmaciens, kin\u00e9sith\u00e9rapeutes et autres membres du personnel param\u00e9dical, le syst\u00e8me de soins de sant\u00e9 s&rsquo;effondre.<\/p>\n<p><strong><em>Une initiative pour soutenir et encourager ces h\u00e9ros<\/em><\/strong><\/p>\n<p><a href=\"http:\/\/www.jemerecharge.be\">Le site web,<\/a> disponible gratuitement en fran\u00e7ais et en n\u00e9erlandais, s\u2019adresse \u00e0 tous les prestataires de soins belges, et s\u2019articule autour de quatre th\u00e8mes : le sommeil, la fatigue, le stress et les \u00e9motions. Il a b\u00e9n\u00e9fici\u00e9, pour sa conception, de l\u2019expertise de la Prof. Elke Van Hoof (Vrije Universiteit Brussel), psychologue clinicienne et de Laurent Moor, Coach Mental, Consultant-fatigue.<\/p>\n<p>Ce portail a au cours de ces premiers mois d\u2019utilisation montr\u00e9 son r\u00f4le et son efficacit\u00e9 dans le soutien des prestataires de soins. Dans le contexte actuel qui reste sombre, il est n\u00e9cessaire d\u2019en faire b\u00e9n\u00e9ficier le plus grand nombre. Aujourd\u2019hui plus que jamais, il est crucial d&rsquo;\u00eatre solidaire et d&rsquo;accompagner les soignants pour qu&rsquo;ils puissent \u00e0 nouveau se ressourcer.<\/p>\n<p><em>\u00ab L\u2019UGIB est compos\u00e9e \u00e0 100 % des praticiens de l\u2019art infirmier provenant de tous les secteurs de soins. Nous vivons de l\u2019int\u00e9rieur les difficult\u00e9s refl\u00e9t\u00e9es dans les journaux et r\u00e9seaux sociaux. Nous nous battons pour faire comprendre nos r\u00e9els besoins. Nous savons ce que cela co\u00fbte aux infirmiers et aides-soignants de continuer \u00e0 travailler dans ces mauvaises conditions. Tous les jours, ils font courageusement face \u00e0 chaque d\u00e9fi. Mais nous avons tous nos limites. Il est important de reconna\u00eetre ces signes d\u2019alertes. <a href=\"http:\/\/www.jemerecharge.be\">www.jemerecharge.be<\/a> est un outil pour nous aider \u00e0 ne pas d\u00e9raper, \u00e0 ne pas perdre pied. C\u2019est un outil pour nous (r\u00e9)apprendre \u00e0 prendre soin de nous-m\u00eames. Prenez soins de vous. Nous sommes avec vous. \u00bb <\/em>d\u00e9clare Deniz Avcioglu Coordinatrice de l\u2019UGIB-AUVB-AKVB qui repr\u00e9sente 43 organisations d\u2019infirmiers et infirmi\u00e8res en Belgique.<\/p>\n<p>Attentia, le sp\u00e9cialiste en RH et Well-being, est un des partenaires enthousiastes de ce projet. Evelien Buseyne, responsable du bien-\u00eatre psychosocial chez Attentia: <em>\u00ab\u00a0Au vu du contexte actuel, nous pouvons affirmer que le bien-\u00eatre mental est un point d\u2019attention indispensable dans le secteur des soins de sant\u00e9. Les collaborateurs de ce secteur sont confront\u00e9s \u00e0 beaucoup de pression au travail, sont expos\u00e9s \u00e0 de multiples risques et n\u2019ont souvent que peu, voire pas du tout, de temps pour se reposer de mani\u00e8re optimale. Il est essentiel de communiquer de mani\u00e8re proactive, de sensibiliser les acteurs et d\u2019encourager l\u2019intervention du conseiller en pr\u00e9vention des aspects psychosociaux.\u00a0\u00bb<\/em><\/p>\n<p><em>\u00ab\u00a0La situation que traverse nos soignants est d\u00e9plorable, le besoin de soutien est interpellant. Nous ne pouvions pas rester les bras crois\u00e9s. Il est important pour nous, en tant qu\u2019entreprise pharmaceutique au service des patients, de nous montrer solidaires et reconnaissants. L&rsquo;id\u00e9e de ce projet s\u2019est donc naturellement impos\u00e9e. Un devoir en tant que citoyen, mais aussi et surtout en tant qu\u2019\u00eatre humain.\u00a0\u00bb<\/em> explique Souad Khaled, responsable de projet chez Takeda Belgium.<\/p>\n<p>&nbsp;<\/p>\n<p><em>Source : Union G\u00e9n\u00e9rale des Infirmiers de Belgique, Attentia et Takeda Belgium<\/em><\/p>\n","protected":false},"excerpt":{"rendered":"<p>Comment soutenir le monde m\u00e9dical face \u00e0 une pand\u00e9mie qui n\u2019en finit pas ? Cette question a incit\u00e9 l\u2019Union G\u00e9n\u00e9rale des Infirmier(e)s de Belgique, Attentia et Takeda Belgium \u00e0 lancer conjointement un portail num\u00e9rique mettant \u00e0 disposition des prestataires de [&hellip;]<\/p>\n","protected":false},"author":2,"featured_media":0,"comment_status":"closed","ping_status":"open","sticky":false,"template":"","format":"standard","meta":[],"categories":[65,10],"tags":[96,3547,838,240],"yoast_head":"<!-- This site is optimized with the Yoast SEO plugin v21.0 - https:\/\/yoast.com\/wordpress\/plugins\/seo\/ -->\n<title>Un outil web pour soutenir le personnel m\u00e9dical face au marathon pand\u00e9mique. - Peoplesphere<\/title>\n<meta name=\"robots\" content=\"index, follow, max-snippet:-1, max-image-preview:large, max-video-preview:-1\" \/>\n<link rel=\"canonical\" href=\"https:\/\/peoplesphere.be\/fr\/outil-web-soutenir-personnel-medical-face-marathon-pandemique\/\" \/>\n<meta property=\"og:locale\" content=\"fr_FR\" \/>\n<meta property=\"og:type\" content=\"article\" \/>\n<meta property=\"og:title\" content=\"Un outil web pour soutenir le personnel m\u00e9dical face au marathon pand\u00e9mique. - Peoplesphere\" \/>\n<meta property=\"og:description\" content=\"Comment soutenir le monde m\u00e9dical face \u00e0 une pand\u00e9mie qui n\u2019en finit pas ? Cette question a incit\u00e9 l\u2019Union G\u00e9n\u00e9rale des Infirmier(e)s de Belgique, Attentia et Takeda Belgium \u00e0 lancer conjointement un portail num\u00e9rique mettant \u00e0 disposition des prestataires de [&hellip;]\" \/>\n<meta property=\"og:url\" content=\"https:\/\/peoplesphere.be\/fr\/outil-web-soutenir-personnel-medical-face-marathon-pandemique\/\" \/>\n<meta property=\"og:site_name\" content=\"Peoplesphere\" \/>\n<meta property=\"article:publisher\" content=\"https:\/\/www.facebook.com\/peoplesphere\" \/>\n<meta property=\"article:published_time\" content=\"2021-12-17T05:13:51+00:00\" \/>\n<meta property=\"og:image\" content=\"http:\/\/www.peoplesphere.be\/fr\/wp-content\/uploads\/2016\/07\/facebook-default-posting-1200x628px.jpg\" \/>\n<meta name=\"author\" content=\"Jean-Paul Erhard\" \/>\n<meta name=\"twitter:card\" content=\"summary_large_image\" \/>\n<meta name=\"twitter:creator\" content=\"@PeoplesphereMag\" \/>\n<meta name=\"twitter:site\" content=\"@PeoplesphereMag\" \/>\n<meta name=\"twitter:label1\" content=\"\u00c9crit par\" \/>\n\t<meta name=\"twitter:data1\" content=\"Jean-Paul Erhard\" \/>\n\t<meta name=\"twitter:label2\" content=\"Dur\u00e9e de lecture estim\u00e9e\" \/>\n\t<meta name=\"twitter:data2\" content=\"4 minutes\" \/>\n<script type=\"application\/ld+json\" class=\"yoast-schema-graph\">{\"@context\":\"https:\/\/schema.org\",\"@graph\":[{\"@type\":\"Article\",\"@id\":\"https:\/\/peoplesphere.be\/fr\/outil-web-soutenir-personnel-medical-face-marathon-pandemique\/#article\",\"isPartOf\":{\"@id\":\"https:\/\/peoplesphere.be\/fr\/outil-web-soutenir-personnel-medical-face-marathon-pandemique\/\"},\"author\":{\"name\":\"Jean-Paul Erhard\",\"@id\":\"https:\/\/peoplesphere.be\/fr\/#\/schema\/person\/7976225ff17988604334abb7b3536a7e\"},\"headline\":\"Un outil web pour soutenir le personnel m\u00e9dical face au marathon pand\u00e9mique.\",\"datePublished\":\"2021-12-17T05:13:51+00:00\",\"dateModified\":\"2021-12-17T05:13:51+00:00\",\"mainEntityOfPage\":{\"@id\":\"https:\/\/peoplesphere.be\/fr\/outil-web-soutenir-personnel-medical-face-marathon-pandemique\/\"},\"wordCount\":730,\"publisher\":{\"@id\":\"https:\/\/peoplesphere.be\/fr\/#organization\"},\"keywords\":[\"bien-\u00eatre\",\"personnel soignant\",\"sant\u00e9 mentale\",\"soins de sant\u00e9\"],\"articleSection\":[\"Actualit\u00e9s\",\"Digital\"],\"inLanguage\":\"fr-FR\"},{\"@type\":\"WebPage\",\"@id\":\"https:\/\/peoplesphere.be\/fr\/outil-web-soutenir-personnel-medical-face-marathon-pandemique\/\",\"url\":\"https:\/\/peoplesphere.be\/fr\/outil-web-soutenir-personnel-medical-face-marathon-pandemique\/\",\"name\":\"Un outil web pour soutenir le personnel m\u00e9dical face au marathon pand\u00e9mique. - Peoplesphere\",\"isPartOf\":{\"@id\":\"https:\/\/peoplesphere.be\/fr\/#website\"},\"datePublished\":\"2021-12-17T05:13:51+00:00\",\"dateModified\":\"2021-12-17T05:13:51+00:00\",\"breadcrumb\":{\"@id\":\"https:\/\/peoplesphere.be\/fr\/outil-web-soutenir-personnel-medical-face-marathon-pandemique\/#breadcrumb\"},\"inLanguage\":\"fr-FR\",\"potentialAction\":[{\"@type\":\"ReadAction\",\"target\":[\"https:\/\/peoplesphere.be\/fr\/outil-web-soutenir-personnel-medical-face-marathon-pandemique\/\"]}]},{\"@type\":\"BreadcrumbList\",\"@id\":\"https:\/\/peoplesphere.be\/fr\/outil-web-soutenir-personnel-medical-face-marathon-pandemique\/#breadcrumb\",\"itemListElement\":[{\"@type\":\"ListItem\",\"position\":1,\"name\":\"Accueil\",\"item\":\"https:\/\/peoplesphere.be\/fr\/\"},{\"@type\":\"ListItem\",\"position\":2,\"name\":\"Un outil web pour soutenir le personnel m\u00e9dical face au marathon pand\u00e9mique.\"}]},{\"@type\":\"WebSite\",\"@id\":\"https:\/\/peoplesphere.be\/fr\/#website\",\"url\":\"https:\/\/peoplesphere.be\/fr\/\",\"name\":\"Peoplesphere\",\"description\":\"The People Managers Magazine\",\"publisher\":{\"@id\":\"https:\/\/peoplesphere.be\/fr\/#organization\"},\"potentialAction\":[{\"@type\":\"SearchAction\",\"target\":{\"@type\":\"EntryPoint\",\"urlTemplate\":\"https:\/\/peoplesphere.be\/fr\/?s={search_term_string}\"},\"query-input\":\"required name=search_term_string\"}],\"inLanguage\":\"fr-FR\"},{\"@type\":\"Organization\",\"@id\":\"https:\/\/peoplesphere.be\/fr\/#organization\",\"name\":\"Peoplesphere Company srl\",\"url\":\"https:\/\/peoplesphere.be\/fr\/\",\"logo\":{\"@type\":\"ImageObject\",\"inLanguage\":\"fr-FR\",\"@id\":\"https:\/\/peoplesphere.be\/fr\/#\/schema\/logo\/image\/\",\"url\":\"https:\/\/peoplesphere.be\/fr\/wp-content\/uploads\/2023\/07\/peoplesphere-lgo-new-generik.jpg\",\"contentUrl\":\"https:\/\/peoplesphere.be\/fr\/wp-content\/uploads\/2023\/07\/peoplesphere-lgo-new-generik.jpg\",\"width\":1031,\"height\":1479,\"caption\":\"Peoplesphere Company srl\"},\"image\":{\"@id\":\"https:\/\/peoplesphere.be\/fr\/#\/schema\/logo\/image\/\"},\"sameAs\":[\"https:\/\/www.facebook.com\/peoplesphere\",\"https:\/\/twitter.com\/PeoplesphereMag\",\"https:\/\/www.linkedin.com\/company\/7587361?trk\",\"http:\/\/youtube.com\/peoplesphere\"]},{\"@type\":\"Person\",\"@id\":\"https:\/\/peoplesphere.be\/fr\/#\/schema\/person\/7976225ff17988604334abb7b3536a7e\",\"name\":\"Jean-Paul Erhard\",\"image\":{\"@type\":\"ImageObject\",\"inLanguage\":\"fr-FR\",\"@id\":\"https:\/\/peoplesphere.be\/fr\/#\/schema\/person\/image\/\",\"url\":\"https:\/\/secure.gravatar.com\/avatar\/f941e681460179738071629a51574930?s=96&d=mm&r=g\",\"contentUrl\":\"https:\/\/secure.gravatar.com\/avatar\/f941e681460179738071629a51574930?s=96&d=mm&r=g\",\"caption\":\"Jean-Paul Erhard\"},\"url\":\"https:\/\/peoplesphere.be\/fr\/author\/jpe\/\"}]}<\/script>\n<!-- \/ Yoast SEO plugin. -->","yoast_head_json":{"title":"Un outil web pour soutenir le personnel m\u00e9dical face au marathon pand\u00e9mique. - Peoplesphere","robots":{"index":"index","follow":"follow","max-snippet":"max-snippet:-1","max-image-preview":"max-image-preview:large","max-video-preview":"max-video-preview:-1"},"canonical":"https:\/\/peoplesphere.be\/fr\/outil-web-soutenir-personnel-medical-face-marathon-pandemique\/","og_locale":"fr_FR","og_type":"article","og_title":"Un outil web pour soutenir le personnel m\u00e9dical face au marathon pand\u00e9mique. - Peoplesphere","og_description":"Comment soutenir le monde m\u00e9dical face \u00e0 une pand\u00e9mie qui n\u2019en finit pas ? Cette question a incit\u00e9 l\u2019Union G\u00e9n\u00e9rale des Infirmier(e)s de Belgique, Attentia et Takeda Belgium \u00e0 lancer conjointement un portail num\u00e9rique mettant \u00e0 disposition des prestataires de [&hellip;]","og_url":"https:\/\/peoplesphere.be\/fr\/outil-web-soutenir-personnel-medical-face-marathon-pandemique\/","og_site_name":"Peoplesphere","article_publisher":"https:\/\/www.facebook.com\/peoplesphere","article_published_time":"2021-12-17T05:13:51+00:00","og_image":[{"url":"http:\/\/www.peoplesphere.be\/fr\/wp-content\/uploads\/2016\/07\/facebook-default-posting-1200x628px.jpg"}],"author":"Jean-Paul Erhard","twitter_card":"summary_large_image","twitter_creator":"@PeoplesphereMag","twitter_site":"@PeoplesphereMag","twitter_misc":{"\u00c9crit par":"Jean-Paul Erhard","Dur\u00e9e de lecture estim\u00e9e":"4 minutes"},"schema":{"@context":"https:\/\/schema.org","@graph":[{"@type":"Article","@id":"https:\/\/peoplesphere.be\/fr\/outil-web-soutenir-personnel-medical-face-marathon-pandemique\/#article","isPartOf":{"@id":"https:\/\/peoplesphere.be\/fr\/outil-web-soutenir-personnel-medical-face-marathon-pandemique\/"},"author":{"name":"Jean-Paul Erhard","@id":"https:\/\/peoplesphere.be\/fr\/#\/schema\/person\/7976225ff17988604334abb7b3536a7e"},"headline":"Un outil web pour soutenir le personnel m\u00e9dical face au marathon pand\u00e9mique.","datePublished":"2021-12-17T05:13:51+00:00","dateModified":"2021-12-17T05:13:51+00:00","mainEntityOfPage":{"@id":"https:\/\/peoplesphere.be\/fr\/outil-web-soutenir-personnel-medical-face-marathon-pandemique\/"},"wordCount":730,"publisher":{"@id":"https:\/\/peoplesphere.be\/fr\/#organization"},"keywords":["bien-\u00eatre","personnel soignant","sant\u00e9 mentale","soins de sant\u00e9"],"articleSection":["Actualit\u00e9s","Digital"],"inLanguage":"fr-FR"},{"@type":"WebPage","@id":"https:\/\/peoplesphere.be\/fr\/outil-web-soutenir-personnel-medical-face-marathon-pandemique\/","url":"https:\/\/peoplesphere.be\/fr\/outil-web-soutenir-personnel-medical-face-marathon-pandemique\/","name":"Un outil web pour soutenir le personnel m\u00e9dical face au marathon pand\u00e9mique. - Peoplesphere","isPartOf":{"@id":"https:\/\/peoplesphere.be\/fr\/#website"},"datePublished":"2021-12-17T05:13:51+00:00","dateModified":"2021-12-17T05:13:51+00:00","breadcrumb":{"@id":"https:\/\/peoplesphere.be\/fr\/outil-web-soutenir-personnel-medical-face-marathon-pandemique\/#breadcrumb"},"inLanguage":"fr-FR","potentialAction":[{"@type":"ReadAction","target":["https:\/\/peoplesphere.be\/fr\/outil-web-soutenir-personnel-medical-face-marathon-pandemique\/"]}]},{"@type":"BreadcrumbList","@id":"https:\/\/peoplesphere.be\/fr\/outil-web-soutenir-personnel-medical-face-marathon-pandemique\/#breadcrumb","itemListElement":[{"@type":"ListItem","position":1,"name":"Accueil","item":"https:\/\/peoplesphere.be\/fr\/"},{"@type":"ListItem","position":2,"name":"Un outil web pour soutenir le personnel m\u00e9dical face au marathon pand\u00e9mique."}]},{"@type":"WebSite","@id":"https:\/\/peoplesphere.be\/fr\/#website","url":"https:\/\/peoplesphere.be\/fr\/","name":"Peoplesphere","description":"The People Managers Magazine","publisher":{"@id":"https:\/\/peoplesphere.be\/fr\/#organization"},"potentialAction":[{"@type":"SearchAction","target":{"@type":"EntryPoint","urlTemplate":"https:\/\/peoplesphere.be\/fr\/?s={search_term_string}"},"query-input":"required name=search_term_string"}],"inLanguage":"fr-FR"},{"@type":"Organization","@id":"https:\/\/peoplesphere.be\/fr\/#organization","name":"Peoplesphere Company srl","url":"https:\/\/peoplesphere.be\/fr\/","logo":{"@type":"ImageObject","inLanguage":"fr-FR","@id":"https:\/\/peoplesphere.be\/fr\/#\/schema\/logo\/image\/","url":"https:\/\/peoplesphere.be\/fr\/wp-content\/uploads\/2023\/07\/peoplesphere-lgo-new-generik.jpg","contentUrl":"https:\/\/peoplesphere.be\/fr\/wp-content\/uploads\/2023\/07\/peoplesphere-lgo-new-generik.jpg","width":1031,"height":1479,"caption":"Peoplesphere Company srl"},"image":{"@id":"https:\/\/peoplesphere.be\/fr\/#\/schema\/logo\/image\/"},"sameAs":["https:\/\/www.facebook.com\/peoplesphere","https:\/\/twitter.com\/PeoplesphereMag","https:\/\/www.linkedin.com\/company\/7587361?trk","http:\/\/youtube.com\/peoplesphere"]},{"@type":"Person","@id":"https:\/\/peoplesphere.be\/fr\/#\/schema\/person\/7976225ff17988604334abb7b3536a7e","name":"Jean-Paul Erhard","image":{"@type":"ImageObject","inLanguage":"fr-FR","@id":"https:\/\/peoplesphere.be\/fr\/#\/schema\/person\/image\/","url":"https:\/\/secure.gravatar.com\/avatar\/f941e681460179738071629a51574930?s=96&d=mm&r=g","contentUrl":"https:\/\/secure.gravatar.com\/avatar\/f941e681460179738071629a51574930?s=96&d=mm&r=g","caption":"Jean-Paul Erhard"},"url":"https:\/\/peoplesphere.be\/fr\/author\/jpe\/"}]}},"_links":{"self":[{"href":"https:\/\/peoplesphere.be\/fr\/wp-json\/wp\/v2\/posts\/12249"}],"collection":[{"href":"https:\/\/peoplesphere.be\/fr\/wp-json\/wp\/v2\/posts"}],"about":[{"href":"https:\/\/peoplesphere.be\/fr\/wp-json\/wp\/v2\/types\/post"}],"author":[{"embeddable":true,"href":"https:\/\/peoplesphere.be\/fr\/wp-json\/wp\/v2\/users\/2"}],"replies":[{"embeddable":true,"href":"https:\/\/peoplesphere.be\/fr\/wp-json\/wp\/v2\/comments?post=12249"}],"version-history":[{"count":1,"href":"https:\/\/peoplesphere.be\/fr\/wp-json\/wp\/v2\/posts\/12249\/revisions"}],"predecessor-version":[{"id":12250,"href":"https:\/\/peoplesphere.be\/fr\/wp-json\/wp\/v2\/posts\/12249\/revisions\/12250"}],"wp:attachment":[{"href":"https:\/\/peoplesphere.be\/fr\/wp-json\/wp\/v2\/media?parent=12249"}],"wp:term":[{"taxonomy":"category","embeddable":true,"href":"https:\/\/peoplesphere.be\/fr\/wp-json\/wp\/v2\/categories?post=12249"},{"taxonomy":"post_tag","embeddable":true,"href":"https:\/\/peoplesphere.be\/fr\/wp-json\/wp\/v2\/tags?post=12249"}],"curies":[{"name":"wp","href":"https:\/\/api.w.org\/{rel}","templated":true}]}}